{"id":81372,"date":"2021-05-26T02:18:00","date_gmt":"2021-05-26T02:18:00","guid":{"rendered":"https:\/\/quehacerpolitico.mx\/?p=81372"},"modified":"2021-05-26T02:18:00","modified_gmt":"2021-05-26T02:18:00","slug":"asesinan-alma-rosa-barragan-candidata-la-alcaldia-de-moroleon-guanajuato","status":"publish","type":"post","link":"https:\/\/quehacerpolitico.mx\/?p=81372","title":{"rendered":"Asesinan a Alma Rosa Barrag\u00e1n, candidata a la alcald\u00eda de Morole\u00f3n, Guanajuato"},"content":{"rendered":"<h1 class=\"article_title\">Asesinan a Alma Rosa Barrag\u00e1n, candidata a la alcald\u00eda de Morole\u00f3n, Guanajuato<br \/>\nPor Redacci\u00f3n QP<\/h1>\n<p>Tras el atentado dos personas m\u00e1s resultaron heridas<\/p>\n<p><strong>Asesinan a Alma Rosa Barrag\u00e1n, candidata a la alcald\u00eda de Morole\u00f3n, Guanajuato.<\/strong> Tras el atentado dos personas m\u00e1s resultaron heridas, esta escalada de violencia ocurre a s\u00f3lo unos d\u00edas de las elecciones 2021<\/p>\n<p><span class=\"mrf-detailsMedia mrf-rDetailsMedia mrf-iframe \"><iframe loading=\"lazy\" class=\"mrf-originalHeightIframe\" src=\"https:\/\/www.facebook.com\/plugins\/video.php?height=476&amp;href=https%3A%2F%2Fwww.facebook.com%2FAlmaBarraganSantiago%2Fvideos%2F221275629537884%2F&amp;show_text=false&amp;width=284\" width=\"267\" height=\"476\" data-height=\"476\" data-src=\"https:\/\/www.facebook.com\/plugins\/video.php?height=476&amp;href=https%3A%2F%2Fwww.facebook.com%2FAlmaBarraganSantiago%2Fvideos%2F221275629537884%2F&amp;show_text=false&amp;width=284\" data-width=\"267\" data-lazy-loading-type=\"MEDIA\" data-originalsrc=\"about:blank\" data-media-loaded=\"\" data-mce-fragment=\"1\"><\/iframe><\/span><\/p>\n<p>Movimiento Ciudadano conden\u00f3 el asesinato<\/p>\n<p>El Partido de Movimiento Ciudadano conden\u00f3 el asesinato a trav\u00e9s de su cuenta de Twitter.<\/p>\n<blockquote class=\"twitter-tweet\" data-width=\"550\" data-dnt=\"true\">\n<p lang=\"es\" dir=\"ltr\">Condenamos en\u00e9rgicamente el asesinato de nuestra candidata en Morole\u00f3n, Alma Rosa Barrag\u00e1n. Acompa\u00f1amos a sus familiares y amigos en estos tiempos de dolor.<\/p>\n<p>La violencia en nuestro pa\u00eds tiene que parar, exigimos a las autoridades una investigaci\u00f3n seria y expedita. <a href=\"https:\/\/t.co\/vAEBzh4F1i\">pic.twitter.com\/vAEBzh4F1i<\/a><\/p>\n<p>&mdash; Movimiento Ciudadano | Movimiento Naranja (@MovCiudadanoMX) <a href=\"https:\/\/twitter.com\/MovCiudadanoMX\/status\/1397357559590305793?ref_src=twsrc%5Etfw\">May 26, 2021<\/a><\/p><\/blockquote>\n<p><script async src=\"https:\/\/platform.twitter.com\/widgets.js\" charset=\"utf-8\"><\/script><\/p>\n<p>\u201cCondenamos en\u00e9rgicamente el asesinato de nuestra candidata en Morole\u00f3n, Alma Rosa Barrag\u00e1n. Acompa\u00f1amos a sus familiares y amigos en estos tiempos de dolor\u201d, expres\u00f3 Movimiento Ciudadano en sus redes sociales.<\/p>\n","protected":false},"excerpt":{"rendered":"<p>Asesinan a Alma Rosa Barrag\u00e1n, candidata a la alcald\u00eda de Morole\u00f3n, Guanajuato Por Redacci\u00f3n QP&#8230;<\/p>\n","protected":false},"author":2,"featured_media":81375,"comment_status":"open","ping_status":"open","sticky":false,"template":"","format":"standard","meta":{"_monsterinsights_skip_tracking":false,"_monsterinsights_sitenote_active":false,"_monsterinsights_sitenote_note":"","_monsterinsights_sitenote_category":0,"footnotes":""},"categories":[2],"tags":[],"class_list":["post-81372","post","type-post","status-publish","format-standard","has-post-thumbnail","hentry","category-noticias"],"yoast_head":"<!-- This site is optimized with the Yoast SEO plugin v27.3 - https:\/\/yoast.com\/product\/yoast-seo-wordpress\/ -->\n<title>Asesinan a Alma Rosa Barrag\u00e1n, candidata a la alcald\u00eda de Morole\u00f3n, Guanajuato -<\/title>\n<meta name=\"robots\" content=\"index, follow, max-snippet:-1, max-image-preview:large, max-video-preview:-1\" \/>\n<link rel=\"canonical\" href=\"https:\/\/quehacerpolitico.mx\/?p=81372\" \/>\n<meta property=\"og:locale\" content=\"es_MX\" \/>\n<meta property=\"og:type\" content=\"article\" \/>\n<meta property=\"og:title\" content=\"Asesinan a Alma Rosa Barrag\u00e1n, candidata a la alcald\u00eda de Morole\u00f3n, Guanajuato -\" \/>\n<meta property=\"og:description\" content=\"Asesinan a Alma Rosa Barrag\u00e1n, candidata a la alcald\u00eda de Morole\u00f3n, Guanajuato Por Redacci\u00f3n QP...\" \/>\n<meta property=\"og:url\" content=\"https:\/\/quehacerpolitico.mx\/?p=81372\" \/>\n<meta property=\"article:published_time\" content=\"2021-05-26T02:18:00+00:00\" \/>\n<meta property=\"og:image\" content=\"https:\/\/quehacerpolitico.mx\/wp-content\/uploads\/2021\/05\/89122B24-B37A-41EF-9AB1-FE5FF34D9DE4.png\" \/>\n\t<meta property=\"og:image:width\" content=\"661\" \/>\n\t<meta property=\"og:image:height\" content=\"657\" \/>\n\t<meta property=\"og:image:type\" content=\"image\/png\" \/>\n<meta name=\"author\" content=\"Redacci\u00f3n QP\" \/>\n<meta name=\"twitter:card\" content=\"summary_large_image\" \/>\n<meta name=\"twitter:label1\" content=\"Escrito por\" \/>\n\t<meta name=\"twitter:data1\" content=\"Redacci\u00f3n QP\" \/>\n\t<meta name=\"twitter:label2\" content=\"Tiempo de lectura\" \/>\n\t<meta name=\"twitter:data2\" content=\"1 minuto\" \/>\n<script type=\"application\/ld+json\" class=\"yoast-schema-graph\">{\"@context\":\"https:\\\/\\\/schema.org\",\"@graph\":[{\"@type\":\"Article\",\"@id\":\"https:\\\/\\\/quehacerpolitico.mx\\\/?p=81372#article\",\"isPartOf\":{\"@id\":\"https:\\\/\\\/quehacerpolitico.mx\\\/?p=81372\"},\"author\":{\"name\":\"Redacci\u00f3n QP\",\"@id\":\"https:\\\/\\\/quehacerpolitico.mx\\\/#\\\/schema\\\/person\\\/496d8ad2d1d3f8036101dca7ee39e585\"},\"headline\":\"Asesinan a Alma Rosa Barrag\u00e1n, candidata a la alcald\u00eda de Morole\u00f3n, Guanajuato\",\"datePublished\":\"2021-05-26T02:18:00+00:00\",\"mainEntityOfPage\":{\"@id\":\"https:\\\/\\\/quehacerpolitico.mx\\\/?p=81372\"},\"wordCount\":142,\"commentCount\":0,\"image\":{\"@id\":\"https:\\\/\\\/quehacerpolitico.mx\\\/?p=81372#primaryimage\"},\"thumbnailUrl\":\"https:\\\/\\\/quehacerpolitico.mx\\\/wp-content\\\/uploads\\\/2021\\\/05\\\/89122B24-B37A-41EF-9AB1-FE5FF34D9DE4.png\",\"articleSection\":[\"Noticias\"],\"inLanguage\":\"es\",\"potentialAction\":[{\"@type\":\"CommentAction\",\"name\":\"Comment\",\"target\":[\"https:\\\/\\\/quehacerpolitico.mx\\\/?p=81372#respond\"]}]},{\"@type\":\"WebPage\",\"@id\":\"https:\\\/\\\/quehacerpolitico.mx\\\/?p=81372\",\"url\":\"https:\\\/\\\/quehacerpolitico.mx\\\/?p=81372\",\"name\":\"Asesinan a Alma Rosa Barrag\u00e1n, candidata a la alcald\u00eda de Morole\u00f3n, Guanajuato -\",\"isPartOf\":{\"@id\":\"https:\\\/\\\/quehacerpolitico.mx\\\/#website\"},\"primaryImageOfPage\":{\"@id\":\"https:\\\/\\\/quehacerpolitico.mx\\\/?p=81372#primaryimage\"},\"image\":{\"@id\":\"https:\\\/\\\/quehacerpolitico.mx\\\/?p=81372#primaryimage\"},\"thumbnailUrl\":\"https:\\\/\\\/quehacerpolitico.mx\\\/wp-content\\\/uploads\\\/2021\\\/05\\\/89122B24-B37A-41EF-9AB1-FE5FF34D9DE4.png\",\"datePublished\":\"2021-05-26T02:18:00+00:00\",\"author\":{\"@id\":\"https:\\\/\\\/quehacerpolitico.mx\\\/#\\\/schema\\\/person\\\/496d8ad2d1d3f8036101dca7ee39e585\"},\"breadcrumb\":{\"@id\":\"https:\\\/\\\/quehacerpolitico.mx\\\/?p=81372#breadcrumb\"},\"inLanguage\":\"es\",\"potentialAction\":[{\"@type\":\"ReadAction\",\"target\":[\"https:\\\/\\\/quehacerpolitico.mx\\\/?p=81372\"]}]},{\"@type\":\"ImageObject\",\"inLanguage\":\"es\",\"@id\":\"https:\\\/\\\/quehacerpolitico.mx\\\/?p=81372#primaryimage\",\"url\":\"https:\\\/\\\/quehacerpolitico.mx\\\/wp-content\\\/uploads\\\/2021\\\/05\\\/89122B24-B37A-41EF-9AB1-FE5FF34D9DE4.png\",\"contentUrl\":\"https:\\\/\\\/quehacerpolitico.mx\\\/wp-content\\\/uploads\\\/2021\\\/05\\\/89122B24-B37A-41EF-9AB1-FE5FF34D9DE4.png\",\"width\":661,\"height\":657},{\"@type\":\"BreadcrumbList\",\"@id\":\"https:\\\/\\\/quehacerpolitico.mx\\\/?p=81372#breadcrumb\",\"itemListElement\":[{\"@type\":\"ListItem\",\"position\":1,\"name\":\"Inicio\",\"item\":\"https:\\\/\\\/quehacerpolitico.mx\\\/\"},{\"@type\":\"ListItem\",\"position\":2,\"name\":\"Asesinan a Alma Rosa Barrag\u00e1n, candidata a la alcald\u00eda de Morole\u00f3n, Guanajuato\"}]},{\"@type\":\"WebSite\",\"@id\":\"https:\\\/\\\/quehacerpolitico.mx\\\/#website\",\"url\":\"https:\\\/\\\/quehacerpolitico.mx\\\/\",\"name\":\"\",\"description\":\"\",\"potentialAction\":[{\"@type\":\"SearchAction\",\"target\":{\"@type\":\"EntryPoint\",\"urlTemplate\":\"https:\\\/\\\/quehacerpolitico.mx\\\/?s={search_term_string}\"},\"query-input\":{\"@type\":\"PropertyValueSpecification\",\"valueRequired\":true,\"valueName\":\"search_term_string\"}}],\"inLanguage\":\"es\"},{\"@type\":\"Person\",\"@id\":\"https:\\\/\\\/quehacerpolitico.mx\\\/#\\\/schema\\\/person\\\/496d8ad2d1d3f8036101dca7ee39e585\",\"name\":\"Redacci\u00f3n QP\",\"image\":{\"@type\":\"ImageObject\",\"inLanguage\":\"es\",\"@id\":\"https:\\\/\\\/secure.gravatar.com\\\/avatar\\\/c7164ed6fdec453195284ad24a5ae5b6e1eed2b848477fa2a4787ba9adf39a41?s=96&d=mm&r=g\",\"url\":\"https:\\\/\\\/secure.gravatar.com\\\/avatar\\\/c7164ed6fdec453195284ad24a5ae5b6e1eed2b848477fa2a4787ba9adf39a41?s=96&d=mm&r=g\",\"contentUrl\":\"https:\\\/\\\/secure.gravatar.com\\\/avatar\\\/c7164ed6fdec453195284ad24a5ae5b6e1eed2b848477fa2a4787ba9adf39a41?s=96&d=mm&r=g\",\"caption\":\"Redacci\u00f3n QP\"},\"url\":\"https:\\\/\\\/quehacerpolitico.mx\\\/?author=2\"}]}<\/script>\n<!-- \/ Yoast SEO plugin. -->","yoast_head_json":{"title":"Asesinan a Alma Rosa Barrag\u00e1n, candidata a la alcald\u00eda de Morole\u00f3n, Guanajuato -","robots":{"index":"index","follow":"follow","max-snippet":"max-snippet:-1","max-image-preview":"max-image-preview:large","max-video-preview":"max-video-preview:-1"},"canonical":"https:\/\/quehacerpolitico.mx\/?p=81372","og_locale":"es_MX","og_type":"article","og_title":"Asesinan a Alma Rosa Barrag\u00e1n, candidata a la alcald\u00eda de Morole\u00f3n, Guanajuato -","og_description":"Asesinan a Alma Rosa Barrag\u00e1n, candidata a la alcald\u00eda de Morole\u00f3n, Guanajuato Por Redacci\u00f3n QP...","og_url":"https:\/\/quehacerpolitico.mx\/?p=81372","article_published_time":"2021-05-26T02:18:00+00:00","og_image":[{"width":661,"height":657,"url":"https:\/\/quehacerpolitico.mx\/wp-content\/uploads\/2021\/05\/89122B24-B37A-41EF-9AB1-FE5FF34D9DE4.png","type":"image\/png"}],"author":"Redacci\u00f3n QP","twitter_card":"summary_large_image","twitter_misc":{"Escrito por":"Redacci\u00f3n QP","Tiempo de lectura":"1 minuto"},"schema":{"@context":"https:\/\/schema.org","@graph":[{"@type":"Article","@id":"https:\/\/quehacerpolitico.mx\/?p=81372#article","isPartOf":{"@id":"https:\/\/quehacerpolitico.mx\/?p=81372"},"author":{"name":"Redacci\u00f3n QP","@id":"https:\/\/quehacerpolitico.mx\/#\/schema\/person\/496d8ad2d1d3f8036101dca7ee39e585"},"headline":"Asesinan a Alma Rosa Barrag\u00e1n, candidata a la alcald\u00eda de Morole\u00f3n, Guanajuato","datePublished":"2021-05-26T02:18:00+00:00","mainEntityOfPage":{"@id":"https:\/\/quehacerpolitico.mx\/?p=81372"},"wordCount":142,"commentCount":0,"image":{"@id":"https:\/\/quehacerpolitico.mx\/?p=81372#primaryimage"},"thumbnailUrl":"https:\/\/quehacerpolitico.mx\/wp-content\/uploads\/2021\/05\/89122B24-B37A-41EF-9AB1-FE5FF34D9DE4.png","articleSection":["Noticias"],"inLanguage":"es","potentialAction":[{"@type":"CommentAction","name":"Comment","target":["https:\/\/quehacerpolitico.mx\/?p=81372#respond"]}]},{"@type":"WebPage","@id":"https:\/\/quehacerpolitico.mx\/?p=81372","url":"https:\/\/quehacerpolitico.mx\/?p=81372","name":"Asesinan a Alma Rosa Barrag\u00e1n, candidata a la alcald\u00eda de Morole\u00f3n, Guanajuato -","isPartOf":{"@id":"https:\/\/quehacerpolitico.mx\/#website"},"primaryImageOfPage":{"@id":"https:\/\/quehacerpolitico.mx\/?p=81372#primaryimage"},"image":{"@id":"https:\/\/quehacerpolitico.mx\/?p=81372#primaryimage"},"thumbnailUrl":"https:\/\/quehacerpolitico.mx\/wp-content\/uploads\/2021\/05\/89122B24-B37A-41EF-9AB1-FE5FF34D9DE4.png","datePublished":"2021-05-26T02:18:00+00:00","author":{"@id":"https:\/\/quehacerpolitico.mx\/#\/schema\/person\/496d8ad2d1d3f8036101dca7ee39e585"},"breadcrumb":{"@id":"https:\/\/quehacerpolitico.mx\/?p=81372#breadcrumb"},"inLanguage":"es","potentialAction":[{"@type":"ReadAction","target":["https:\/\/quehacerpolitico.mx\/?p=81372"]}]},{"@type":"ImageObject","inLanguage":"es","@id":"https:\/\/quehacerpolitico.mx\/?p=81372#primaryimage","url":"https:\/\/quehacerpolitico.mx\/wp-content\/uploads\/2021\/05\/89122B24-B37A-41EF-9AB1-FE5FF34D9DE4.png","contentUrl":"https:\/\/quehacerpolitico.mx\/wp-content\/uploads\/2021\/05\/89122B24-B37A-41EF-9AB1-FE5FF34D9DE4.png","width":661,"height":657},{"@type":"BreadcrumbList","@id":"https:\/\/quehacerpolitico.mx\/?p=81372#breadcrumb","itemListElement":[{"@type":"ListItem","position":1,"name":"Inicio","item":"https:\/\/quehacerpolitico.mx\/"},{"@type":"ListItem","position":2,"name":"Asesinan a Alma Rosa Barrag\u00e1n, candidata a la alcald\u00eda de Morole\u00f3n, Guanajuato"}]},{"@type":"WebSite","@id":"https:\/\/quehacerpolitico.mx\/#website","url":"https:\/\/quehacerpolitico.mx\/","name":"","description":"","potentialAction":[{"@type":"SearchAction","target":{"@type":"EntryPoint","urlTemplate":"https:\/\/quehacerpolitico.mx\/?s={search_term_string}"},"query-input":{"@type":"PropertyValueSpecification","valueRequired":true,"valueName":"search_term_string"}}],"inLanguage":"es"},{"@type":"Person","@id":"https:\/\/quehacerpolitico.mx\/#\/schema\/person\/496d8ad2d1d3f8036101dca7ee39e585","name":"Redacci\u00f3n QP","image":{"@type":"ImageObject","inLanguage":"es","@id":"https:\/\/secure.gravatar.com\/avatar\/c7164ed6fdec453195284ad24a5ae5b6e1eed2b848477fa2a4787ba9adf39a41?s=96&d=mm&r=g","url":"https:\/\/secure.gravatar.com\/avatar\/c7164ed6fdec453195284ad24a5ae5b6e1eed2b848477fa2a4787ba9adf39a41?s=96&d=mm&r=g","contentUrl":"https:\/\/secure.gravatar.com\/avatar\/c7164ed6fdec453195284ad24a5ae5b6e1eed2b848477fa2a4787ba9adf39a41?s=96&d=mm&r=g","caption":"Redacci\u00f3n QP"},"url":"https:\/\/quehacerpolitico.mx\/?author=2"}]}},"featured_image_urls":{"full":["https:\/\/quehacerpolitico.mx\/wp-content\/uploads\/2021\/05\/89122B24-B37A-41EF-9AB1-FE5FF34D9DE4.png",661,657,false],"thumbnail":["https:\/\/quehacerpolitico.mx\/wp-content\/uploads\/2021\/05\/89122B24-B37A-41EF-9AB1-FE5FF34D9DE4-150x150.png",150,150,true],"medium":["https:\/\/quehacerpolitico.mx\/wp-content\/uploads\/2021\/05\/89122B24-B37A-41EF-9AB1-FE5FF34D9DE4-300x298.png",300,298,true],"medium_large":["https:\/\/quehacerpolitico.mx\/wp-content\/uploads\/2021\/05\/89122B24-B37A-41EF-9AB1-FE5FF34D9DE4.png",640,636,false],"large":["https:\/\/quehacerpolitico.mx\/wp-content\/uploads\/2021\/05\/89122B24-B37A-41EF-9AB1-FE5FF34D9DE4.png",640,636,false],"1536x1536":["https:\/\/quehacerpolitico.mx\/wp-content\/uploads\/2021\/05\/89122B24-B37A-41EF-9AB1-FE5FF34D9DE4.png",661,657,false],"2048x2048":["https:\/\/quehacerpolitico.mx\/wp-content\/uploads\/2021\/05\/89122B24-B37A-41EF-9AB1-FE5FF34D9DE4.png",661,657,false],"covernews-featured":["https:\/\/quehacerpolitico.mx\/wp-content\/uploads\/2021\/05\/89122B24-B37A-41EF-9AB1-FE5FF34D9DE4.png",661,657,false],"covernews-medium":["https:\/\/quehacerpolitico.mx\/wp-content\/uploads\/2021\/05\/89122B24-B37A-41EF-9AB1-FE5FF34D9DE4.png",342,340,false]},"author_info":{"display_name":"Redacci\u00f3n QP","author_link":"https:\/\/quehacerpolitico.mx\/?author=2"},"category_info":"<a href=\"https:\/\/quehacerpolitico.mx\/?cat=2\" rel=\"category\">Noticias<\/a>","tag_info":"Noticias","comment_count":"0","_links":{"self":[{"href":"https:\/\/quehacerpolitico.mx\/index.php?rest_route=\/wp\/v2\/posts\/81372","targetHints":{"allow":["GET"]}}],"collection":[{"href":"https:\/\/quehacerpolitico.mx\/index.php?rest_route=\/wp\/v2\/posts"}],"about":[{"href":"https:\/\/quehacerpolitico.mx\/index.php?rest_route=\/wp\/v2\/types\/post"}],"author":[{"embeddable":true,"href":"https:\/\/quehacerpolitico.mx\/index.php?rest_route=\/wp\/v2\/users\/2"}],"replies":[{"embeddable":true,"href":"https:\/\/quehacerpolitico.mx\/index.php?rest_route=%2Fwp%2Fv2%2Fcomments&post=81372"}],"version-history":[{"count":0,"href":"https:\/\/quehacerpolitico.mx\/index.php?rest_route=\/wp\/v2\/posts\/81372\/revisions"}],"wp:featuredmedia":[{"embeddable":true,"href":"https:\/\/quehacerpolitico.mx\/index.php?rest_route=\/wp\/v2\/media\/81375"}],"wp:attachment":[{"href":"https:\/\/quehacerpolitico.mx\/index.php?rest_route=%2Fwp%2Fv2%2Fmedia&parent=81372"}],"wp:term":[{"taxonomy":"category","embeddable":true,"href":"https:\/\/quehacerpolitico.mx\/index.php?rest_route=%2Fwp%2Fv2%2Fcategories&post=81372"},{"taxonomy":"post_tag","embeddable":true,"href":"https:\/\/quehacerpolitico.mx\/index.php?rest_route=%2Fwp%2Fv2%2Ftags&post=81372"}],"curies":[{"name":"wp","href":"https:\/\/api.w.org\/{rel}","templated":true}]}}