{"id":81366,"date":"2021-05-26T01:53:36","date_gmt":"2021-05-26T01:53:36","guid":{"rendered":"https:\/\/quehacerpolitico.mx\/?p=81366"},"modified":"2021-05-26T01:53:36","modified_gmt":"2021-05-26T01:53:36","slug":"internacionales-carolina-alonso-romei-biden-y-putin-celebraran-su-primera-cumbre-en-ginebra","status":"publish","type":"post","link":"https:\/\/quehacerpolitico.mx\/?p=81366","title":{"rendered":"Internacionales\/\/\/Carolina Alonso Romei\/\/\/Biden y Putin celebrar\u00e1n su primera cumbre en Ginebra"},"content":{"rendered":"<div class=\"news-header-top  news-header-top--lista\">\n<div class=\"news-data news-data--lista\">\n<h1 class=\"news-title\">Biden y Putin celebrar\u00e1n su primera cumbre en Ginebra<br \/>\nPor Carolina Alonso Romei<\/h1>\n<p>Internacionalista<\/p>\n<p>En su encuentro, los presidentes de Estados Unidos y Rusia buscar\u00e1n restaurar la &#8220;estabilidad&#8221;<\/p>\n<div class=\"news-media-bbd\">\n<figure><img loading=\"lazy\" decoding=\"async\" class=\"webfeedsFeaturedVisual\" src=\"https:\/\/www.informador.mx\/__export\/1621973127161\/sites\/elinformador\/img\/2021\/05\/25\/2putin_crop1621973126184.jpg_788543494.jpg\" alt=\"Biden y Putin se reunir\u00e1n el pr\u00f3ximo 16 de junio. EFE\/ARCHIVO\" width=\"355\" height=\"223\" \/><figcaption class=\"swiper-caption\">Biden y Putin se reunir\u00e1n el pr\u00f3ximo 16 de junio. EFE\/ARCHIVO<\/p>\n<\/figcaption><\/figure>\n<\/div>\n<div class=\"news-body row\">\n<div id=\"div-pos-2\">El presidente de Estados Unidos, <strong>Joe Biden<\/strong>, y el presidente de Rusia, <strong>Vladimir Putin<\/strong>, se reunir\u00e1n el pr\u00f3ximo <strong>16 de junio en la ciudad suiza de Ginebra,<\/strong> seg\u00fan inform\u00f3 hoy\u00a0la portavoz de la Casa Blanca, Jen Psaki.<\/div>\n<div id=\"div-pos-2\">En una rueda de prensa, Psaki explic\u00f3 que ambos l\u00edderes abordar\u00e1n &#8220;una amplia gama de asuntos urgentes&#8221; y, aunque habr\u00e1 desacuerdos, el objetivo es <strong>&#8220;restaurar la previsibilidad y la estabilidad&#8221;<\/strong> de la relaci\u00f3n entre dos de los pa\u00edses m\u00e1s poderosos del mundo.<\/div>\n<div id=\"teads_ad\">\n<div id=\"div-gpt-ad-1548262875188-0\" data-google-query-id=\"CLXJ5P-c5vACFUtO1QodskUIyA\">Actualmente, la \u00a0relaci\u00f3n est\u00e1\u00a0marcada por desacuerdos sobre la soberan\u00eda de <strong>Ucrania<\/strong>, el r\u00e9gimen de Bielorusia y los supuestos ciberataques de Mosc\u00fa.<\/div>\n<div data-google-query-id=\"CLXJ5P-c5vACFUtO1QodskUIyA\">\n<p>La Casa Blanca considera que este encuentro, impulsado por EU, es &#8220;vital&#8221; para defender los intereses del pa\u00eds. &#8220;As\u00ed es como funciona la diplomacia. No nos reunimos solo con la gente con la que estamos de acuerdo&#8221;, dijo la portavoz de la Casa Blanca, Jen Psaki.<\/p>\n<p>Y saliendo tambi\u00e9n al paso de la oposici\u00f3n republicana por este encuentro, a\u00f1adi\u00f3: &#8220;De hecho, es importante reunirse con aquellos l\u00edderes con los que tenemos una amplia gama de desacuerdos, como hacemos como los l\u00edderes rusos&#8221;.<\/p>\n<h4>Ucrania, Bielorrusia y los ciberataques<\/h4>\n<p>Ese listado de desacuerdos empieza por el conflicto en Ucrania y el papel de Rusia, que se anexion\u00f3 la pen\u00ednsula de Crimea en 2014 y lleva a\u00f1os apoyando a los separatistas del este del pa\u00eds, en el Donb\u00e1s, donde adem\u00e1s se han concentrado en los \u00faltimos meses un gran n\u00famero de tropas rusas.<\/p>\n<p>Biden tiene un inter\u00e9s especial en abordar este tema con Putin y su meta es &#8220;destacar el apoyo de EU\u00a0a la soberan\u00eda y a la integridad territorial de Ucrania&#8221;, indic\u00f3 Psaki.<\/p>\n<p>Otro de los temas de la agenda ser\u00e1 el comportamiento del <strong>r\u00e9gimen del presidente bielorruso, Alexandr Lukashenko,<\/strong> aliado de Mosc\u00fa y quien el domingo oblig\u00f3 a un avi\u00f3n de Ryanair a realizar un aterrizaje forzoso en el aeropuerto de Minsk para arrestar al periodista Rom\u00e1n Protasevich.<\/p>\n<p>De momento, EE.UU. se ha mostrado cauto y no ha impuesto sanciones contra Bielorrusia por ese suceso, una medida a la que s\u00ed ha recurrido la Uni\u00f3n Europea (UE). El Gobierno de Biden tampoco ha acusado a Rusia de estar implicada en el incidente, como s\u00ed ha hecho Reino Unido, a pesar de que el Kremlin lo niega.<\/p>\n<p>El tercer tema sobre la mesa ser\u00e1n los <strong>ciberataques <\/strong>que ha sufrido EU\u00a0en los \u00faltimos meses, detall\u00f3 Psaki.<\/p>\n<p>Recientemente, Darkside, un grupo de ciberdelincuentes supuestamente vinculados a Rusia, oblig\u00f3 a suspender operaciones durante varios d\u00edas a la mayor red de oleoductos del pa\u00eds, Colonial Pipeline, y, en 2020, varias agencias del Gobierno y grandes compa\u00f1\u00edas fueron atacadas a trav\u00e9s del programa SolarWinds, un suceso del que Washington responsabiliza a Mosc\u00fa.<\/p>\n<p>M\u00e1s all\u00e1 de las confrontaciones, la cumbre podr\u00eda servir para definir el futuro del desarme nuclear, destac\u00f3 Psaki.<\/p>\n<p>Ya en su primera conversaci\u00f3n telef\u00f3nica en febrero, los dos l\u00edderes acordaron prorrogar el \u00faltimo tratado de desarme nuclear vigente entre Rusia y EE.UU., el Nuevo START, y que el antecesor de Biden, Donald Trump, amenaz\u00f3 con abandonar si China no se integraba en el acuerdo, algo que ese pa\u00eds rechaz\u00f3.<\/p>\n<p>Ginebra fue tambi\u00e9n en 1985 el escenario de una cumbre entre el entonces presidente estadounidense, Ronald Reagan, y el dirigente sovi\u00e9tico, Mija\u00edl Gorbachov, quienes en 1987 firmaron el tratado para la eliminaci\u00f3n de misiles nucleares de medio y corto alcance (INF), del que Trump se sali\u00f3 en 2019.<\/p>\n<p>Iniciativa de Biden<\/p>\n<p>La cumbre ha sido iniciativa de Biden, quien en abril pasado propuso a Putin durante una llamada telef\u00f3nica reunirse pr\u00f3ximamente en un tercer pa\u00eds, a lo que el Kremlin respondi\u00f3 positivamente.<\/p>\n<p>Posteriormente, ha habido varias reuniones de alto nivel para preparar el encuentro, incluyendo una cita la semana pasada en Reikiavik entre los titulares de Exteriores de ambas naciones, Antony Blinken y Sergu\u00e9i Lavrov.<\/p>\n<p>La cumbre entre Putin y Biden se producir\u00e1 <strong>al final del primer viaje al extranjero del mandatario estadounidense<\/strong>, quien tiene previsto viajar en junio a Reino Unido para asistir a la reuni\u00f3n del G-7 y luego se trasladar\u00e1 a Bruselas, donde participar\u00e1 en una cumbre de la OTAN y en un encuentro con la UE.<\/p>\n<p>Con informaci\u00f3n de EFE<\/p>\n<\/div>\n<\/div>\n<\/div>\n<\/div>\n<\/div>\n","protected":false},"excerpt":{"rendered":"<p>Biden y Putin celebrar\u00e1n su primera cumbre en Ginebra Por Carolina Alonso Romei Internacionalista En&#8230;<\/p>\n","protected":false},"author":2,"featured_media":81370,"comment_status":"open","ping_status":"open","sticky":false,"template":"","format":"standard","meta":{"_monsterinsights_skip_tracking":false,"_monsterinsights_sitenote_active":false,"_monsterinsights_sitenote_note":"","_monsterinsights_sitenote_category":0,"footnotes":""},"categories":[1],"tags":[],"class_list":["post-81366","post","type-post","status-publish","format-standard","has-post-thumbnail","hentry","category-sin-categoria"],"yoast_head":"<!-- This site is optimized with the Yoast SEO plugin v27.3 - https:\/\/yoast.com\/product\/yoast-seo-wordpress\/ -->\n<title>Internacionales\/\/\/Carolina Alonso Romei\/\/\/Biden y Putin celebrar\u00e1n su primera cumbre en Ginebra -<\/title>\n<meta name=\"robots\" content=\"index, follow, max-snippet:-1, max-image-preview:large, max-video-preview:-1\" \/>\n<link rel=\"canonical\" href=\"https:\/\/quehacerpolitico.mx\/?p=81366\" \/>\n<meta property=\"og:locale\" content=\"es_MX\" \/>\n<meta property=\"og:type\" content=\"article\" \/>\n<meta property=\"og:title\" content=\"Internacionales\/\/\/Carolina Alonso Romei\/\/\/Biden y Putin celebrar\u00e1n su primera cumbre en Ginebra -\" \/>\n<meta property=\"og:description\" content=\"Biden y Putin celebrar\u00e1n su primera cumbre en Ginebra Por Carolina Alonso Romei Internacionalista En...\" \/>\n<meta property=\"og:url\" content=\"https:\/\/quehacerpolitico.mx\/?p=81366\" \/>\n<meta property=\"article:published_time\" content=\"2021-05-26T01:53:36+00:00\" \/>\n<meta property=\"og:image\" content=\"https:\/\/quehacerpolitico.mx\/wp-content\/uploads\/2021\/05\/5E6455FD-F5E1-4238-BCBE-E4CB662ADABA.jpeg\" \/>\n\t<meta property=\"og:image:width\" content=\"738\" \/>\n\t<meta property=\"og:image:height\" content=\"416\" \/>\n\t<meta property=\"og:image:type\" content=\"image\/jpeg\" \/>\n<meta name=\"author\" content=\"Redacci\u00f3n QP\" \/>\n<meta name=\"twitter:card\" content=\"summary_large_image\" \/>\n<meta name=\"twitter:label1\" content=\"Escrito por\" \/>\n\t<meta name=\"twitter:data1\" content=\"Redacci\u00f3n QP\" \/>\n\t<meta name=\"twitter:label2\" content=\"Tiempo de lectura\" \/>\n\t<meta name=\"twitter:data2\" content=\"4 minutos\" \/>\n<script type=\"application\/ld+json\" class=\"yoast-schema-graph\">{\"@context\":\"https:\\\/\\\/schema.org\",\"@graph\":[{\"@type\":\"Article\",\"@id\":\"https:\\\/\\\/quehacerpolitico.mx\\\/?p=81366#article\",\"isPartOf\":{\"@id\":\"https:\\\/\\\/quehacerpolitico.mx\\\/?p=81366\"},\"author\":{\"name\":\"Redacci\u00f3n QP\",\"@id\":\"https:\\\/\\\/quehacerpolitico.mx\\\/#\\\/schema\\\/person\\\/496d8ad2d1d3f8036101dca7ee39e585\"},\"headline\":\"Internacionales\\\/\\\/\\\/Carolina Alonso Romei\\\/\\\/\\\/Biden y Putin celebrar\u00e1n su primera cumbre en Ginebra\",\"datePublished\":\"2021-05-26T01:53:36+00:00\",\"mainEntityOfPage\":{\"@id\":\"https:\\\/\\\/quehacerpolitico.mx\\\/?p=81366\"},\"wordCount\":795,\"commentCount\":0,\"image\":{\"@id\":\"https:\\\/\\\/quehacerpolitico.mx\\\/?p=81366#primaryimage\"},\"thumbnailUrl\":\"https:\\\/\\\/quehacerpolitico.mx\\\/wp-content\\\/uploads\\\/2021\\\/05\\\/5E6455FD-F5E1-4238-BCBE-E4CB662ADABA.jpeg\",\"articleSection\":[\"Internacionales\"],\"inLanguage\":\"es\",\"potentialAction\":[{\"@type\":\"CommentAction\",\"name\":\"Comment\",\"target\":[\"https:\\\/\\\/quehacerpolitico.mx\\\/?p=81366#respond\"]}]},{\"@type\":\"WebPage\",\"@id\":\"https:\\\/\\\/quehacerpolitico.mx\\\/?p=81366\",\"url\":\"https:\\\/\\\/quehacerpolitico.mx\\\/?p=81366\",\"name\":\"Internacionales\\\/\\\/\\\/Carolina Alonso Romei\\\/\\\/\\\/Biden y Putin celebrar\u00e1n su primera cumbre en Ginebra -\",\"isPartOf\":{\"@id\":\"https:\\\/\\\/quehacerpolitico.mx\\\/#website\"},\"primaryImageOfPage\":{\"@id\":\"https:\\\/\\\/quehacerpolitico.mx\\\/?p=81366#primaryimage\"},\"image\":{\"@id\":\"https:\\\/\\\/quehacerpolitico.mx\\\/?p=81366#primaryimage\"},\"thumbnailUrl\":\"https:\\\/\\\/quehacerpolitico.mx\\\/wp-content\\\/uploads\\\/2021\\\/05\\\/5E6455FD-F5E1-4238-BCBE-E4CB662ADABA.jpeg\",\"datePublished\":\"2021-05-26T01:53:36+00:00\",\"author\":{\"@id\":\"https:\\\/\\\/quehacerpolitico.mx\\\/#\\\/schema\\\/person\\\/496d8ad2d1d3f8036101dca7ee39e585\"},\"breadcrumb\":{\"@id\":\"https:\\\/\\\/quehacerpolitico.mx\\\/?p=81366#breadcrumb\"},\"inLanguage\":\"es\",\"potentialAction\":[{\"@type\":\"ReadAction\",\"target\":[\"https:\\\/\\\/quehacerpolitico.mx\\\/?p=81366\"]}]},{\"@type\":\"ImageObject\",\"inLanguage\":\"es\",\"@id\":\"https:\\\/\\\/quehacerpolitico.mx\\\/?p=81366#primaryimage\",\"url\":\"https:\\\/\\\/quehacerpolitico.mx\\\/wp-content\\\/uploads\\\/2021\\\/05\\\/5E6455FD-F5E1-4238-BCBE-E4CB662ADABA.jpeg\",\"contentUrl\":\"https:\\\/\\\/quehacerpolitico.mx\\\/wp-content\\\/uploads\\\/2021\\\/05\\\/5E6455FD-F5E1-4238-BCBE-E4CB662ADABA.jpeg\",\"width\":738,\"height\":416},{\"@type\":\"BreadcrumbList\",\"@id\":\"https:\\\/\\\/quehacerpolitico.mx\\\/?p=81366#breadcrumb\",\"itemListElement\":[{\"@type\":\"ListItem\",\"position\":1,\"name\":\"Inicio\",\"item\":\"https:\\\/\\\/quehacerpolitico.mx\\\/\"},{\"@type\":\"ListItem\",\"position\":2,\"name\":\"Internacionales\\\/\\\/\\\/Carolina Alonso Romei\\\/\\\/\\\/Biden y Putin celebrar\u00e1n su primera cumbre en Ginebra\"}]},{\"@type\":\"WebSite\",\"@id\":\"https:\\\/\\\/quehacerpolitico.mx\\\/#website\",\"url\":\"https:\\\/\\\/quehacerpolitico.mx\\\/\",\"name\":\"\",\"description\":\"\",\"potentialAction\":[{\"@type\":\"SearchAction\",\"target\":{\"@type\":\"EntryPoint\",\"urlTemplate\":\"https:\\\/\\\/quehacerpolitico.mx\\\/?s={search_term_string}\"},\"query-input\":{\"@type\":\"PropertyValueSpecification\",\"valueRequired\":true,\"valueName\":\"search_term_string\"}}],\"inLanguage\":\"es\"},{\"@type\":\"Person\",\"@id\":\"https:\\\/\\\/quehacerpolitico.mx\\\/#\\\/schema\\\/person\\\/496d8ad2d1d3f8036101dca7ee39e585\",\"name\":\"Redacci\u00f3n QP\",\"image\":{\"@type\":\"ImageObject\",\"inLanguage\":\"es\",\"@id\":\"https:\\\/\\\/secure.gravatar.com\\\/avatar\\\/c7164ed6fdec453195284ad24a5ae5b6e1eed2b848477fa2a4787ba9adf39a41?s=96&d=mm&r=g\",\"url\":\"https:\\\/\\\/secure.gravatar.com\\\/avatar\\\/c7164ed6fdec453195284ad24a5ae5b6e1eed2b848477fa2a4787ba9adf39a41?s=96&d=mm&r=g\",\"contentUrl\":\"https:\\\/\\\/secure.gravatar.com\\\/avatar\\\/c7164ed6fdec453195284ad24a5ae5b6e1eed2b848477fa2a4787ba9adf39a41?s=96&d=mm&r=g\",\"caption\":\"Redacci\u00f3n QP\"},\"url\":\"https:\\\/\\\/quehacerpolitico.mx\\\/?author=2\"}]}<\/script>\n<!-- \/ Yoast SEO plugin. -->","yoast_head_json":{"title":"Internacionales\/\/\/Carolina Alonso Romei\/\/\/Biden y Putin celebrar\u00e1n su primera cumbre en Ginebra -","robots":{"index":"index","follow":"follow","max-snippet":"max-snippet:-1","max-image-preview":"max-image-preview:large","max-video-preview":"max-video-preview:-1"},"canonical":"https:\/\/quehacerpolitico.mx\/?p=81366","og_locale":"es_MX","og_type":"article","og_title":"Internacionales\/\/\/Carolina Alonso Romei\/\/\/Biden y Putin celebrar\u00e1n su primera cumbre en Ginebra -","og_description":"Biden y Putin celebrar\u00e1n su primera cumbre en Ginebra Por Carolina Alonso Romei Internacionalista En...","og_url":"https:\/\/quehacerpolitico.mx\/?p=81366","article_published_time":"2021-05-26T01:53:36+00:00","og_image":[{"width":738,"height":416,"url":"https:\/\/quehacerpolitico.mx\/wp-content\/uploads\/2021\/05\/5E6455FD-F5E1-4238-BCBE-E4CB662ADABA.jpeg","type":"image\/jpeg"}],"author":"Redacci\u00f3n QP","twitter_card":"summary_large_image","twitter_misc":{"Escrito por":"Redacci\u00f3n QP","Tiempo de lectura":"4 minutos"},"schema":{"@context":"https:\/\/schema.org","@graph":[{"@type":"Article","@id":"https:\/\/quehacerpolitico.mx\/?p=81366#article","isPartOf":{"@id":"https:\/\/quehacerpolitico.mx\/?p=81366"},"author":{"name":"Redacci\u00f3n QP","@id":"https:\/\/quehacerpolitico.mx\/#\/schema\/person\/496d8ad2d1d3f8036101dca7ee39e585"},"headline":"Internacionales\/\/\/Carolina Alonso Romei\/\/\/Biden y Putin celebrar\u00e1n su primera cumbre en Ginebra","datePublished":"2021-05-26T01:53:36+00:00","mainEntityOfPage":{"@id":"https:\/\/quehacerpolitico.mx\/?p=81366"},"wordCount":795,"commentCount":0,"image":{"@id":"https:\/\/quehacerpolitico.mx\/?p=81366#primaryimage"},"thumbnailUrl":"https:\/\/quehacerpolitico.mx\/wp-content\/uploads\/2021\/05\/5E6455FD-F5E1-4238-BCBE-E4CB662ADABA.jpeg","articleSection":["Internacionales"],"inLanguage":"es","potentialAction":[{"@type":"CommentAction","name":"Comment","target":["https:\/\/quehacerpolitico.mx\/?p=81366#respond"]}]},{"@type":"WebPage","@id":"https:\/\/quehacerpolitico.mx\/?p=81366","url":"https:\/\/quehacerpolitico.mx\/?p=81366","name":"Internacionales\/\/\/Carolina Alonso Romei\/\/\/Biden y Putin celebrar\u00e1n su primera cumbre en Ginebra -","isPartOf":{"@id":"https:\/\/quehacerpolitico.mx\/#website"},"primaryImageOfPage":{"@id":"https:\/\/quehacerpolitico.mx\/?p=81366#primaryimage"},"image":{"@id":"https:\/\/quehacerpolitico.mx\/?p=81366#primaryimage"},"thumbnailUrl":"https:\/\/quehacerpolitico.mx\/wp-content\/uploads\/2021\/05\/5E6455FD-F5E1-4238-BCBE-E4CB662ADABA.jpeg","datePublished":"2021-05-26T01:53:36+00:00","author":{"@id":"https:\/\/quehacerpolitico.mx\/#\/schema\/person\/496d8ad2d1d3f8036101dca7ee39e585"},"breadcrumb":{"@id":"https:\/\/quehacerpolitico.mx\/?p=81366#breadcrumb"},"inLanguage":"es","potentialAction":[{"@type":"ReadAction","target":["https:\/\/quehacerpolitico.mx\/?p=81366"]}]},{"@type":"ImageObject","inLanguage":"es","@id":"https:\/\/quehacerpolitico.mx\/?p=81366#primaryimage","url":"https:\/\/quehacerpolitico.mx\/wp-content\/uploads\/2021\/05\/5E6455FD-F5E1-4238-BCBE-E4CB662ADABA.jpeg","contentUrl":"https:\/\/quehacerpolitico.mx\/wp-content\/uploads\/2021\/05\/5E6455FD-F5E1-4238-BCBE-E4CB662ADABA.jpeg","width":738,"height":416},{"@type":"BreadcrumbList","@id":"https:\/\/quehacerpolitico.mx\/?p=81366#breadcrumb","itemListElement":[{"@type":"ListItem","position":1,"name":"Inicio","item":"https:\/\/quehacerpolitico.mx\/"},{"@type":"ListItem","position":2,"name":"Internacionales\/\/\/Carolina Alonso Romei\/\/\/Biden y Putin celebrar\u00e1n su primera cumbre en Ginebra"}]},{"@type":"WebSite","@id":"https:\/\/quehacerpolitico.mx\/#website","url":"https:\/\/quehacerpolitico.mx\/","name":"","description":"","potentialAction":[{"@type":"SearchAction","target":{"@type":"EntryPoint","urlTemplate":"https:\/\/quehacerpolitico.mx\/?s={search_term_string}"},"query-input":{"@type":"PropertyValueSpecification","valueRequired":true,"valueName":"search_term_string"}}],"inLanguage":"es"},{"@type":"Person","@id":"https:\/\/quehacerpolitico.mx\/#\/schema\/person\/496d8ad2d1d3f8036101dca7ee39e585","name":"Redacci\u00f3n QP","image":{"@type":"ImageObject","inLanguage":"es","@id":"https:\/\/secure.gravatar.com\/avatar\/c7164ed6fdec453195284ad24a5ae5b6e1eed2b848477fa2a4787ba9adf39a41?s=96&d=mm&r=g","url":"https:\/\/secure.gravatar.com\/avatar\/c7164ed6fdec453195284ad24a5ae5b6e1eed2b848477fa2a4787ba9adf39a41?s=96&d=mm&r=g","contentUrl":"https:\/\/secure.gravatar.com\/avatar\/c7164ed6fdec453195284ad24a5ae5b6e1eed2b848477fa2a4787ba9adf39a41?s=96&d=mm&r=g","caption":"Redacci\u00f3n QP"},"url":"https:\/\/quehacerpolitico.mx\/?author=2"}]}},"featured_image_urls":{"full":["https:\/\/quehacerpolitico.mx\/wp-content\/uploads\/2021\/05\/5E6455FD-F5E1-4238-BCBE-E4CB662ADABA.jpeg",738,416,false],"thumbnail":["https:\/\/quehacerpolitico.mx\/wp-content\/uploads\/2021\/05\/5E6455FD-F5E1-4238-BCBE-E4CB662ADABA-150x150.jpeg",150,150,true],"medium":["https:\/\/quehacerpolitico.mx\/wp-content\/uploads\/2021\/05\/5E6455FD-F5E1-4238-BCBE-E4CB662ADABA-300x169.jpeg",300,169,true],"medium_large":["https:\/\/quehacerpolitico.mx\/wp-content\/uploads\/2021\/05\/5E6455FD-F5E1-4238-BCBE-E4CB662ADABA.jpeg",640,361,false],"large":["https:\/\/quehacerpolitico.mx\/wp-content\/uploads\/2021\/05\/5E6455FD-F5E1-4238-BCBE-E4CB662ADABA.jpeg",640,361,false],"1536x1536":["https:\/\/quehacerpolitico.mx\/wp-content\/uploads\/2021\/05\/5E6455FD-F5E1-4238-BCBE-E4CB662ADABA.jpeg",738,416,false],"2048x2048":["https:\/\/quehacerpolitico.mx\/wp-content\/uploads\/2021\/05\/5E6455FD-F5E1-4238-BCBE-E4CB662ADABA.jpeg",738,416,false],"covernews-featured":["https:\/\/quehacerpolitico.mx\/wp-content\/uploads\/2021\/05\/5E6455FD-F5E1-4238-BCBE-E4CB662ADABA.jpeg",738,416,false],"covernews-medium":["https:\/\/quehacerpolitico.mx\/wp-content\/uploads\/2021\/05\/5E6455FD-F5E1-4238-BCBE-E4CB662ADABA.jpeg",540,304,false]},"author_info":{"display_name":"Redacci\u00f3n QP","author_link":"https:\/\/quehacerpolitico.mx\/?author=2"},"category_info":"<a href=\"https:\/\/quehacerpolitico.mx\/?cat=1\" rel=\"category\">Internacionales<\/a>","tag_info":"Internacionales","comment_count":"0","_links":{"self":[{"href":"https:\/\/quehacerpolitico.mx\/index.php?rest_route=\/wp\/v2\/posts\/81366","targetHints":{"allow":["GET"]}}],"collection":[{"href":"https:\/\/quehacerpolitico.mx\/index.php?rest_route=\/wp\/v2\/posts"}],"about":[{"href":"https:\/\/quehacerpolitico.mx\/index.php?rest_route=\/wp\/v2\/types\/post"}],"author":[{"embeddable":true,"href":"https:\/\/quehacerpolitico.mx\/index.php?rest_route=\/wp\/v2\/users\/2"}],"replies":[{"embeddable":true,"href":"https:\/\/quehacerpolitico.mx\/index.php?rest_route=%2Fwp%2Fv2%2Fcomments&post=81366"}],"version-history":[{"count":0,"href":"https:\/\/quehacerpolitico.mx\/index.php?rest_route=\/wp\/v2\/posts\/81366\/revisions"}],"wp:featuredmedia":[{"embeddable":true,"href":"https:\/\/quehacerpolitico.mx\/index.php?rest_route=\/wp\/v2\/media\/81370"}],"wp:attachment":[{"href":"https:\/\/quehacerpolitico.mx\/index.php?rest_route=%2Fwp%2Fv2%2Fmedia&parent=81366"}],"wp:term":[{"taxonomy":"category","embeddable":true,"href":"https:\/\/quehacerpolitico.mx\/index.php?rest_route=%2Fwp%2Fv2%2Fcategories&post=81366"},{"taxonomy":"post_tag","embeddable":true,"href":"https:\/\/quehacerpolitico.mx\/index.php?rest_route=%2Fwp%2Fv2%2Ftags&post=81366"}],"curies":[{"name":"wp","href":"https:\/\/api.w.org\/{rel}","templated":true}]}}