{"id":81360,"date":"2021-05-26T01:38:23","date_gmt":"2021-05-26T01:38:23","guid":{"rendered":"https:\/\/quehacerpolitico.mx\/?p=81360"},"modified":"2021-05-26T01:38:23","modified_gmt":"2021-05-26T01:38:23","slug":"internacionales-carolina-alonso-romei-familia-de-george-floyd-llama-reformar-la-policia-en-aniversario-de-su-asesinato","status":"publish","type":"post","link":"https:\/\/quehacerpolitico.mx\/?p=81360","title":{"rendered":"Internacionales\/\/\/Carolina Alonso Romei\/\/\/Familia de George Floyd llama a reformar la polic\u00eda en aniversario de su asesinato"},"content":{"rendered":"<h1 class=\"article_title\">Familia de George Floyd llama a reformar la polic\u00eda en aniversario de su asesinato<br \/>\nPor Carolina Alonso Romei<\/h1>\n<p>Internacionalista<\/p>\n<div class=\"article_heading\">\n<p>Biden y Harris recibieron a varios familiares de Floyd en la Casa Blanca<\/p>\n<p>En el primer aniversario del<strong> asesinato del afroestadounidense George Floyd<\/strong> a manos de un <strong>polic\u00eda blanco<\/strong>, su <strong>familia<\/strong> urgi\u00f3 a realizar una <strong>reforma policial<\/strong> radical en ocasi\u00f3n de una reuni\u00f3n este martes 25 de mayo de 2021, con el presidente <strong>Joe Biden <\/strong>y la vicepresidenta <strong>Kamala Harris<\/strong>.<\/p>\n<p><strong>Biden<\/strong> y <strong>Harris<\/strong>, la primera vicemandataria mujer y negra en la historia de <strong>Estados Unidos<\/strong>, recibieron a varios familiares de <strong>Floyd <\/strong>en la <strong>Casa Blanca<\/strong>, quienes antes sostuvieron encuentros con legisladores para presionar por un avance de la <strong>reforma policial<\/strong>, que est\u00e1 atascada en el Senado.<\/p>\n<blockquote><p>\u201cSi puedes hacer leyes federales para proteger a los p\u00e1jaros, al \u00e1guila calva, puedes hacer leyes federales para proteger a las <strong>personas de color<\/strong>\u201c, dijo <strong>Philonise Floyd<\/strong>, el hermano menor de <strong>George<\/strong>, al salir de la reuni\u00f3n a puertas cerradas, que dur\u00f3 m\u00e1s de una hora.<\/p><\/blockquote>\n<p>Terrence, otro de los <strong>hermanos Floyd<\/strong>, dijo que se sinti\u00f3 alentado por la \u201cconversaci\u00f3n productiva\u201d en la que <strong>Biden<\/strong> y <strong>Harris<\/strong> estaban ansiosos por \u201cescuchar nuestras preocupaciones\u201d.<\/p>\n<p>La madre de <strong>Floyd<\/strong>, sus hermanos y su hija Gianna, junto con los abogados de la familia, se reunieron previamente en el <strong>Capitolio<\/strong> con la presidenta de la C\u00e1mara de Representantes, la dem\u00f3crata <strong>Nancy Pelosi<\/strong>, y otros legisladores.<\/p>\n<p><iframe loading=\"lazy\" title=\"Floyd family meets Biden, urges police bill passage\" width=\"640\" height=\"360\" src=\"https:\/\/www.youtube.com\/embed\/yLnT8zW61hc?feature=oembed\" frameborder=\"0\" allow=\"accelerometer; autoplay; clipboard-write; encrypted-media; gyroscope; picture-in-picture; web-share\" referrerpolicy=\"strict-origin-when-cross-origin\" allowfullscreen><\/iframe><\/p>\n<p>Mientras los adultos discut\u00edan sus esperanzas de una reforma policial, fue Gianna, de siete a\u00f1os, quien, abrazando a su madre Roxie Washington, se refiri\u00f3 elocuentemente al legado duradero de su difunto padre, al afirmar que \u00e9l \u201ccambiar\u00eda el mundo\u201d.<\/p>\n<p>\u201cLo hizo\u201d, dijo <strong>Biden<\/strong> en un comunicado tras la reuni\u00f3n. \u201c<strong>La familia Floyd<\/strong> demostr\u00f3 un valor extraordinario, especialmente su peque\u00f1a hija <strong>Gianna<\/strong>, a quien volv\u00ed a ver hoy\u201d, agreg\u00f3 Biden, quien ya se hab\u00eda reunido con ellos antes del funeral de <strong>George<\/strong>.<\/p>\n<p>Asesinado el 25 de mayo de 2020 en <strong>Minneapolis<\/strong> durante su detenci\u00f3n por cuatro agentes de polic\u00eda, <strong>Floyd<\/strong> se convirti\u00f3 en un s\u00edmbolo en <strong>Estados Unidos<\/strong> y m\u00e1s all\u00e1.<\/p>\n<p>En esa ciudad del noreste del pa\u00eds, la tensi\u00f3n se manten\u00eda alta este martes: una persona result\u00f3 herida por disparos en el lugar de la muerte de <strong>Floyd<\/strong>, donde la gente se congreg\u00f3 al cumplirse un a\u00f1o del drama.<\/p>\n<p>Poco antes de las 10:00 locales, varias detonaciones sembraron el p\u00e1nico y la gente corri\u00f3 en busca de refugio, constat\u00f3 un fot\u00f3grafo de AFP. Varias vitrinas fueron destrozadas por balazos.<\/p>\n<p>El asesinato de <strong>Floyd<\/strong> provoc\u00f3 una ola de movilizaciones sin precedentes y su \u201cya no puedo respirar\u201d se convirti\u00f3 en un grito de guerra contra el abuso policial.<\/p>\n<p>La justicia avanza: <strong>Derek Chauvin<\/strong>, el agente que se arrodill\u00f3 sobre el cuello de <strong>Floyd<\/strong>durante casi diez minutos, fue condenado por asesinato.<\/p>\n<p>La sentencia se conocer\u00e1 el 25 de junio, pero los miembros de la familia <strong>Floyd<\/strong>, que se transformaron en portavoces de esta lucha, insisten en que las cosas deben cambiar en profundidad y presionan para que el Congreso apruebe un amplio proyecto de ley de reforma policial que lleva el nombre de <strong>George Floyd<\/strong>.<\/p>\n<p>A pesar de que el proyecto no avanz\u00f3 en los plazos esperados por <strong>Biden<\/strong>, la congresista Karen Bass, coautora del proyecto de reforma titulado <strong>George Floyd<\/strong> Justice in Policing Act, reiter\u00f3 su voluntad de lograr un compromiso entre dem\u00f3cratas y republicanos.<\/p>\n<blockquote><p>\u201cEste proyecto llegar\u00e1 al escritorio del presidente <strong>Biden<\/strong>\u201d para su promulgaci\u00f3n, dijo Bass en la reuni\u00f3n con los <strong>Floyd<\/strong>. \u201cTrabajaremos hasta que la tarea est\u00e9 terminada, se har\u00e1 por consenso\u201d con los republicanos, agreg\u00f3.<\/p><\/blockquote>\n<p>Pero por ahora, el ejecutivo estadounidense busca poner de relieve la empat\u00eda del presidente en lugar de la agenda legislativa, donde las cosas transcurren con mayor lentitud.<\/p>\n<p>La reforma pretende modificar el accionar de las fuerzas policiales, que seg\u00fan los cr\u00edticos son cada vez m\u00e1s violentas en todo el pa\u00eds.<\/p>\n<p><strong>Biden<\/strong> dice que una cultura de impunidad y racismo subyacente hizo que tragedias como la muerte de <strong>Floyd<\/strong> sean cada vez m\u00e1s comunes, aunque los opositores a la reforma creen que la polic\u00eda, que a menudo opera en comunidades fuertemente armadas, es un chivo expiatorio.<\/p>\n<p>En una se\u00f1al de que<strong> Biden<\/strong> quiere enfrentar lo que considera como racismo sist\u00e9mico, la <strong>Casa Blanca<\/strong> anunci\u00f3 que el presidente viajar\u00e1 a Oklahoma el 1 de junio para conmemorar el centenario de la masacre racial de Tulsa, en la que se estima que 300 hombres, mujeres y ni\u00f1os negros fueron asesinados.<\/p>\n<p>El texto de la reforma, adoptado por la C\u00e1mara de Representantes, prev\u00e9 en particular la prohibici\u00f3n del estrangulamiento y tiene como objetivo limitar la amplia inmunidad (\u201cinmunidad calificada\u201d) de la que disfrutan los agentes policiales.<\/p>\n<p>La medida de mayor alcance ser\u00eda poner fin a la protecci\u00f3n legal actual que bloquea demanda civiles contra polic\u00edas acusados de mala conducta.<\/p>\n<p>Si bien nada es f\u00e1cil en un Congreso fuertemente dividido, Bass, el senador dem\u00f3crata Cory Booker y el senador republicano Tim Scott emitieron una declaraci\u00f3n conjunta el lunes citando \u201cavances hacia un compromiso\u201d.<\/p>\n<p><em>Con informaci\u00f3n de AFP<\/em><\/p>\n<\/div>\n","protected":false},"excerpt":{"rendered":"<p>Familia de George Floyd llama a reformar la polic\u00eda en aniversario de su asesinato Por&#8230;<\/p>\n","protected":false},"author":2,"featured_media":81364,"comment_status":"open","ping_status":"open","sticky":false,"template":"","format":"standard","meta":{"_monsterinsights_skip_tracking":false,"_monsterinsights_sitenote_active":false,"_monsterinsights_sitenote_note":"","_monsterinsights_sitenote_category":0,"footnotes":""},"categories":[1],"tags":[],"class_list":["post-81360","post","type-post","status-publish","format-standard","has-post-thumbnail","hentry","category-sin-categoria"],"yoast_head":"<!-- This site is optimized with the Yoast SEO plugin v27.3 - https:\/\/yoast.com\/product\/yoast-seo-wordpress\/ -->\n<title>Internacionales\/\/\/Carolina Alonso Romei\/\/\/Familia de George Floyd llama a reformar la polic\u00eda en aniversario de su asesinato -<\/title>\n<meta name=\"robots\" content=\"index, follow, max-snippet:-1, max-image-preview:large, max-video-preview:-1\" \/>\n<link rel=\"canonical\" href=\"https:\/\/quehacerpolitico.mx\/?p=81360\" \/>\n<meta property=\"og:locale\" content=\"es_MX\" \/>\n<meta property=\"og:type\" content=\"article\" \/>\n<meta property=\"og:title\" content=\"Internacionales\/\/\/Carolina Alonso Romei\/\/\/Familia de George Floyd llama a reformar la polic\u00eda en aniversario de su asesinato -\" \/>\n<meta property=\"og:description\" content=\"Familia de George Floyd llama a reformar la polic\u00eda en aniversario de su asesinato Por...\" \/>\n<meta property=\"og:url\" content=\"https:\/\/quehacerpolitico.mx\/?p=81360\" \/>\n<meta property=\"article:published_time\" content=\"2021-05-26T01:38:23+00:00\" \/>\n<meta property=\"og:image\" content=\"https:\/\/quehacerpolitico.mx\/wp-content\/uploads\/2021\/05\/43748F44-7796-4200-A8E1-344CCAC7D77E.jpeg\" \/>\n\t<meta property=\"og:image:width\" content=\"1242\" \/>\n\t<meta property=\"og:image:height\" content=\"686\" \/>\n\t<meta property=\"og:image:type\" content=\"image\/jpeg\" \/>\n<meta name=\"author\" content=\"Redacci\u00f3n QP\" \/>\n<meta name=\"twitter:card\" content=\"summary_large_image\" \/>\n<meta name=\"twitter:label1\" content=\"Escrito por\" \/>\n\t<meta name=\"twitter:data1\" content=\"Redacci\u00f3n QP\" \/>\n\t<meta name=\"twitter:label2\" content=\"Tiempo de lectura\" \/>\n\t<meta name=\"twitter:data2\" content=\"4 minutos\" \/>\n<script type=\"application\/ld+json\" class=\"yoast-schema-graph\">{\"@context\":\"https:\\\/\\\/schema.org\",\"@graph\":[{\"@type\":\"Article\",\"@id\":\"https:\\\/\\\/quehacerpolitico.mx\\\/?p=81360#article\",\"isPartOf\":{\"@id\":\"https:\\\/\\\/quehacerpolitico.mx\\\/?p=81360\"},\"author\":{\"name\":\"Redacci\u00f3n QP\",\"@id\":\"https:\\\/\\\/quehacerpolitico.mx\\\/#\\\/schema\\\/person\\\/496d8ad2d1d3f8036101dca7ee39e585\"},\"headline\":\"Internacionales\\\/\\\/\\\/Carolina Alonso Romei\\\/\\\/\\\/Familia de George Floyd llama a reformar la polic\u00eda en aniversario de su asesinato\",\"datePublished\":\"2021-05-26T01:38:23+00:00\",\"mainEntityOfPage\":{\"@id\":\"https:\\\/\\\/quehacerpolitico.mx\\\/?p=81360\"},\"wordCount\":901,\"commentCount\":0,\"image\":{\"@id\":\"https:\\\/\\\/quehacerpolitico.mx\\\/?p=81360#primaryimage\"},\"thumbnailUrl\":\"https:\\\/\\\/quehacerpolitico.mx\\\/wp-content\\\/uploads\\\/2021\\\/05\\\/43748F44-7796-4200-A8E1-344CCAC7D77E.jpeg\",\"articleSection\":[\"Internacionales\"],\"inLanguage\":\"es\",\"potentialAction\":[{\"@type\":\"CommentAction\",\"name\":\"Comment\",\"target\":[\"https:\\\/\\\/quehacerpolitico.mx\\\/?p=81360#respond\"]}]},{\"@type\":\"WebPage\",\"@id\":\"https:\\\/\\\/quehacerpolitico.mx\\\/?p=81360\",\"url\":\"https:\\\/\\\/quehacerpolitico.mx\\\/?p=81360\",\"name\":\"Internacionales\\\/\\\/\\\/Carolina Alonso Romei\\\/\\\/\\\/Familia de George Floyd llama a reformar la polic\u00eda en aniversario de su asesinato -\",\"isPartOf\":{\"@id\":\"https:\\\/\\\/quehacerpolitico.mx\\\/#website\"},\"primaryImageOfPage\":{\"@id\":\"https:\\\/\\\/quehacerpolitico.mx\\\/?p=81360#primaryimage\"},\"image\":{\"@id\":\"https:\\\/\\\/quehacerpolitico.mx\\\/?p=81360#primaryimage\"},\"thumbnailUrl\":\"https:\\\/\\\/quehacerpolitico.mx\\\/wp-content\\\/uploads\\\/2021\\\/05\\\/43748F44-7796-4200-A8E1-344CCAC7D77E.jpeg\",\"datePublished\":\"2021-05-26T01:38:23+00:00\",\"author\":{\"@id\":\"https:\\\/\\\/quehacerpolitico.mx\\\/#\\\/schema\\\/person\\\/496d8ad2d1d3f8036101dca7ee39e585\"},\"breadcrumb\":{\"@id\":\"https:\\\/\\\/quehacerpolitico.mx\\\/?p=81360#breadcrumb\"},\"inLanguage\":\"es\",\"potentialAction\":[{\"@type\":\"ReadAction\",\"target\":[\"https:\\\/\\\/quehacerpolitico.mx\\\/?p=81360\"]}]},{\"@type\":\"ImageObject\",\"inLanguage\":\"es\",\"@id\":\"https:\\\/\\\/quehacerpolitico.mx\\\/?p=81360#primaryimage\",\"url\":\"https:\\\/\\\/quehacerpolitico.mx\\\/wp-content\\\/uploads\\\/2021\\\/05\\\/43748F44-7796-4200-A8E1-344CCAC7D77E.jpeg\",\"contentUrl\":\"https:\\\/\\\/quehacerpolitico.mx\\\/wp-content\\\/uploads\\\/2021\\\/05\\\/43748F44-7796-4200-A8E1-344CCAC7D77E.jpeg\",\"width\":1242,\"height\":686},{\"@type\":\"BreadcrumbList\",\"@id\":\"https:\\\/\\\/quehacerpolitico.mx\\\/?p=81360#breadcrumb\",\"itemListElement\":[{\"@type\":\"ListItem\",\"position\":1,\"name\":\"Inicio\",\"item\":\"https:\\\/\\\/quehacerpolitico.mx\\\/\"},{\"@type\":\"ListItem\",\"position\":2,\"name\":\"Internacionales\\\/\\\/\\\/Carolina Alonso Romei\\\/\\\/\\\/Familia de George Floyd llama a reformar la polic\u00eda en aniversario de su asesinato\"}]},{\"@type\":\"WebSite\",\"@id\":\"https:\\\/\\\/quehacerpolitico.mx\\\/#website\",\"url\":\"https:\\\/\\\/quehacerpolitico.mx\\\/\",\"name\":\"\",\"description\":\"\",\"potentialAction\":[{\"@type\":\"SearchAction\",\"target\":{\"@type\":\"EntryPoint\",\"urlTemplate\":\"https:\\\/\\\/quehacerpolitico.mx\\\/?s={search_term_string}\"},\"query-input\":{\"@type\":\"PropertyValueSpecification\",\"valueRequired\":true,\"valueName\":\"search_term_string\"}}],\"inLanguage\":\"es\"},{\"@type\":\"Person\",\"@id\":\"https:\\\/\\\/quehacerpolitico.mx\\\/#\\\/schema\\\/person\\\/496d8ad2d1d3f8036101dca7ee39e585\",\"name\":\"Redacci\u00f3n QP\",\"image\":{\"@type\":\"ImageObject\",\"inLanguage\":\"es\",\"@id\":\"https:\\\/\\\/secure.gravatar.com\\\/avatar\\\/c7164ed6fdec453195284ad24a5ae5b6e1eed2b848477fa2a4787ba9adf39a41?s=96&d=mm&r=g\",\"url\":\"https:\\\/\\\/secure.gravatar.com\\\/avatar\\\/c7164ed6fdec453195284ad24a5ae5b6e1eed2b848477fa2a4787ba9adf39a41?s=96&d=mm&r=g\",\"contentUrl\":\"https:\\\/\\\/secure.gravatar.com\\\/avatar\\\/c7164ed6fdec453195284ad24a5ae5b6e1eed2b848477fa2a4787ba9adf39a41?s=96&d=mm&r=g\",\"caption\":\"Redacci\u00f3n QP\"},\"url\":\"https:\\\/\\\/quehacerpolitico.mx\\\/?author=2\"}]}<\/script>\n<!-- \/ Yoast SEO plugin. -->","yoast_head_json":{"title":"Internacionales\/\/\/Carolina Alonso Romei\/\/\/Familia de George Floyd llama a reformar la polic\u00eda en aniversario de su asesinato -","robots":{"index":"index","follow":"follow","max-snippet":"max-snippet:-1","max-image-preview":"max-image-preview:large","max-video-preview":"max-video-preview:-1"},"canonical":"https:\/\/quehacerpolitico.mx\/?p=81360","og_locale":"es_MX","og_type":"article","og_title":"Internacionales\/\/\/Carolina Alonso Romei\/\/\/Familia de George Floyd llama a reformar la polic\u00eda en aniversario de su asesinato -","og_description":"Familia de George Floyd llama a reformar la polic\u00eda en aniversario de su asesinato Por...","og_url":"https:\/\/quehacerpolitico.mx\/?p=81360","article_published_time":"2021-05-26T01:38:23+00:00","og_image":[{"width":1242,"height":686,"url":"https:\/\/quehacerpolitico.mx\/wp-content\/uploads\/2021\/05\/43748F44-7796-4200-A8E1-344CCAC7D77E.jpeg","type":"image\/jpeg"}],"author":"Redacci\u00f3n QP","twitter_card":"summary_large_image","twitter_misc":{"Escrito por":"Redacci\u00f3n QP","Tiempo de lectura":"4 minutos"},"schema":{"@context":"https:\/\/schema.org","@graph":[{"@type":"Article","@id":"https:\/\/quehacerpolitico.mx\/?p=81360#article","isPartOf":{"@id":"https:\/\/quehacerpolitico.mx\/?p=81360"},"author":{"name":"Redacci\u00f3n QP","@id":"https:\/\/quehacerpolitico.mx\/#\/schema\/person\/496d8ad2d1d3f8036101dca7ee39e585"},"headline":"Internacionales\/\/\/Carolina Alonso Romei\/\/\/Familia de George Floyd llama a reformar la polic\u00eda en aniversario de su asesinato","datePublished":"2021-05-26T01:38:23+00:00","mainEntityOfPage":{"@id":"https:\/\/quehacerpolitico.mx\/?p=81360"},"wordCount":901,"commentCount":0,"image":{"@id":"https:\/\/quehacerpolitico.mx\/?p=81360#primaryimage"},"thumbnailUrl":"https:\/\/quehacerpolitico.mx\/wp-content\/uploads\/2021\/05\/43748F44-7796-4200-A8E1-344CCAC7D77E.jpeg","articleSection":["Internacionales"],"inLanguage":"es","potentialAction":[{"@type":"CommentAction","name":"Comment","target":["https:\/\/quehacerpolitico.mx\/?p=81360#respond"]}]},{"@type":"WebPage","@id":"https:\/\/quehacerpolitico.mx\/?p=81360","url":"https:\/\/quehacerpolitico.mx\/?p=81360","name":"Internacionales\/\/\/Carolina Alonso Romei\/\/\/Familia de George Floyd llama a reformar la polic\u00eda en aniversario de su asesinato -","isPartOf":{"@id":"https:\/\/quehacerpolitico.mx\/#website"},"primaryImageOfPage":{"@id":"https:\/\/quehacerpolitico.mx\/?p=81360#primaryimage"},"image":{"@id":"https:\/\/quehacerpolitico.mx\/?p=81360#primaryimage"},"thumbnailUrl":"https:\/\/quehacerpolitico.mx\/wp-content\/uploads\/2021\/05\/43748F44-7796-4200-A8E1-344CCAC7D77E.jpeg","datePublished":"2021-05-26T01:38:23+00:00","author":{"@id":"https:\/\/quehacerpolitico.mx\/#\/schema\/person\/496d8ad2d1d3f8036101dca7ee39e585"},"breadcrumb":{"@id":"https:\/\/quehacerpolitico.mx\/?p=81360#breadcrumb"},"inLanguage":"es","potentialAction":[{"@type":"ReadAction","target":["https:\/\/quehacerpolitico.mx\/?p=81360"]}]},{"@type":"ImageObject","inLanguage":"es","@id":"https:\/\/quehacerpolitico.mx\/?p=81360#primaryimage","url":"https:\/\/quehacerpolitico.mx\/wp-content\/uploads\/2021\/05\/43748F44-7796-4200-A8E1-344CCAC7D77E.jpeg","contentUrl":"https:\/\/quehacerpolitico.mx\/wp-content\/uploads\/2021\/05\/43748F44-7796-4200-A8E1-344CCAC7D77E.jpeg","width":1242,"height":686},{"@type":"BreadcrumbList","@id":"https:\/\/quehacerpolitico.mx\/?p=81360#breadcrumb","itemListElement":[{"@type":"ListItem","position":1,"name":"Inicio","item":"https:\/\/quehacerpolitico.mx\/"},{"@type":"ListItem","position":2,"name":"Internacionales\/\/\/Carolina Alonso Romei\/\/\/Familia de George Floyd llama a reformar la polic\u00eda en aniversario de su asesinato"}]},{"@type":"WebSite","@id":"https:\/\/quehacerpolitico.mx\/#website","url":"https:\/\/quehacerpolitico.mx\/","name":"","description":"","potentialAction":[{"@type":"SearchAction","target":{"@type":"EntryPoint","urlTemplate":"https:\/\/quehacerpolitico.mx\/?s={search_term_string}"},"query-input":{"@type":"PropertyValueSpecification","valueRequired":true,"valueName":"search_term_string"}}],"inLanguage":"es"},{"@type":"Person","@id":"https:\/\/quehacerpolitico.mx\/#\/schema\/person\/496d8ad2d1d3f8036101dca7ee39e585","name":"Redacci\u00f3n QP","image":{"@type":"ImageObject","inLanguage":"es","@id":"https:\/\/secure.gravatar.com\/avatar\/c7164ed6fdec453195284ad24a5ae5b6e1eed2b848477fa2a4787ba9adf39a41?s=96&d=mm&r=g","url":"https:\/\/secure.gravatar.com\/avatar\/c7164ed6fdec453195284ad24a5ae5b6e1eed2b848477fa2a4787ba9adf39a41?s=96&d=mm&r=g","contentUrl":"https:\/\/secure.gravatar.com\/avatar\/c7164ed6fdec453195284ad24a5ae5b6e1eed2b848477fa2a4787ba9adf39a41?s=96&d=mm&r=g","caption":"Redacci\u00f3n QP"},"url":"https:\/\/quehacerpolitico.mx\/?author=2"}]}},"featured_image_urls":{"full":["https:\/\/quehacerpolitico.mx\/wp-content\/uploads\/2021\/05\/43748F44-7796-4200-A8E1-344CCAC7D77E.jpeg",1242,686,false],"thumbnail":["https:\/\/quehacerpolitico.mx\/wp-content\/uploads\/2021\/05\/43748F44-7796-4200-A8E1-344CCAC7D77E-150x150.jpeg",150,150,true],"medium":["https:\/\/quehacerpolitico.mx\/wp-content\/uploads\/2021\/05\/43748F44-7796-4200-A8E1-344CCAC7D77E-300x166.jpeg",300,166,true],"medium_large":["https:\/\/quehacerpolitico.mx\/wp-content\/uploads\/2021\/05\/43748F44-7796-4200-A8E1-344CCAC7D77E-768x424.jpeg",640,353,true],"large":["https:\/\/quehacerpolitico.mx\/wp-content\/uploads\/2021\/05\/43748F44-7796-4200-A8E1-344CCAC7D77E-1024x566.jpeg",640,354,true],"1536x1536":["https:\/\/quehacerpolitico.mx\/wp-content\/uploads\/2021\/05\/43748F44-7796-4200-A8E1-344CCAC7D77E.jpeg",1242,686,false],"2048x2048":["https:\/\/quehacerpolitico.mx\/wp-content\/uploads\/2021\/05\/43748F44-7796-4200-A8E1-344CCAC7D77E.jpeg",1242,686,false],"covernews-featured":["https:\/\/quehacerpolitico.mx\/wp-content\/uploads\/2021\/05\/43748F44-7796-4200-A8E1-344CCAC7D77E.jpeg",1024,566,false],"covernews-medium":["https:\/\/quehacerpolitico.mx\/wp-content\/uploads\/2021\/05\/43748F44-7796-4200-A8E1-344CCAC7D77E.jpeg",540,298,false]},"author_info":{"display_name":"Redacci\u00f3n QP","author_link":"https:\/\/quehacerpolitico.mx\/?author=2"},"category_info":"<a href=\"https:\/\/quehacerpolitico.mx\/?cat=1\" rel=\"category\">Internacionales<\/a>","tag_info":"Internacionales","comment_count":"0","_links":{"self":[{"href":"https:\/\/quehacerpolitico.mx\/index.php?rest_route=\/wp\/v2\/posts\/81360","targetHints":{"allow":["GET"]}}],"collection":[{"href":"https:\/\/quehacerpolitico.mx\/index.php?rest_route=\/wp\/v2\/posts"}],"about":[{"href":"https:\/\/quehacerpolitico.mx\/index.php?rest_route=\/wp\/v2\/types\/post"}],"author":[{"embeddable":true,"href":"https:\/\/quehacerpolitico.mx\/index.php?rest_route=\/wp\/v2\/users\/2"}],"replies":[{"embeddable":true,"href":"https:\/\/quehacerpolitico.mx\/index.php?rest_route=%2Fwp%2Fv2%2Fcomments&post=81360"}],"version-history":[{"count":0,"href":"https:\/\/quehacerpolitico.mx\/index.php?rest_route=\/wp\/v2\/posts\/81360\/revisions"}],"wp:featuredmedia":[{"embeddable":true,"href":"https:\/\/quehacerpolitico.mx\/index.php?rest_route=\/wp\/v2\/media\/81364"}],"wp:attachment":[{"href":"https:\/\/quehacerpolitico.mx\/index.php?rest_route=%2Fwp%2Fv2%2Fmedia&parent=81360"}],"wp:term":[{"taxonomy":"category","embeddable":true,"href":"https:\/\/quehacerpolitico.mx\/index.php?rest_route=%2Fwp%2Fv2%2Fcategories&post=81360"},{"taxonomy":"post_tag","embeddable":true,"href":"https:\/\/quehacerpolitico.mx\/index.php?rest_route=%2Fwp%2Fv2%2Ftags&post=81360"}],"curies":[{"name":"wp","href":"https:\/\/api.w.org\/{rel}","templated":true}]}}