{"id":81355,"date":"2021-05-26T01:21:51","date_gmt":"2021-05-26T01:21:51","guid":{"rendered":"https:\/\/quehacerpolitico.mx\/?p=81355"},"modified":"2021-05-26T01:21:51","modified_gmt":"2021-05-26T01:21:51","slug":"luchadores-visitan-nino-de-5-anos-que-fue-agredido-por-el-vikingo-en-cdmx","status":"publish","type":"post","link":"https:\/\/quehacerpolitico.mx\/?p=81355","title":{"rendered":"Luchadores visitan a ni\u00f1o de 5 a\u00f1os que fue agredido por \u2018El Vikingo\u2019 en CDMX"},"content":{"rendered":"<h1 class=\"article_title\">Luchadores visitan a ni\u00f1o de 5 a\u00f1os que fue agredido por \u2018El Vikingo\u2019 en CDMX<br \/>\nPor Redacci\u00f3n QP<\/h1>\n<div class=\"article_heading\">\n<p>&#8216;El Vikingo&#8217; fue liberado horas despu\u00e9s tras determinar que las lesiones que le ocasion\u00f3 al menor fueron leves<\/p>\n<p>Esta tarde, <strong>luchadores llegaron a la casa del ni\u00f1o de 5 a\u00f1os<\/strong> que fue agredido por<strong> \u2018El Vikingo\u2019<\/strong> durante un espect\u00e1culo callejero en la alcald\u00eda <strong>Venustiano Carranza,<\/strong> para darle o<strong>bsequios y disculparse por el actuar de su agresor.<\/strong><\/p>\n<p class=\"p1\"><strong>El luchador conocido como \u2018El Vikingo\u2019 fue detenido<\/strong> por varias horas tras aventar a un menor de 5 a\u00f1os, que <strong>presenciaba un espect\u00e1culo callejero de Lucha Libre en la alcald\u00eda Venustiano Carranza<\/strong> y que jugaba con \u00e9l.<\/p>\n<p class=\"p1\">Einar, luchador conocido como <strong>\u2018El Vikingo\u2019, repentinamente tom\u00f3 del brazo y lanz\u00f3 a un ni\u00f1o de 5 a\u00f1os<\/strong> que momentos antes <strong>hab\u00eda acudido, en compa\u00f1\u00eda de su abuelita, a presenciar la funci\u00f3n<\/strong> de lucha libre organizada por un partido pol\u00edtico en calles de la colonia Aviaci\u00f3n Civil.<\/p>\n<p class=\"p1\">El luchador fue acorralado por vecinos que presenciaron la agresi\u00f3n al menor hasta que elementos de la Secretar\u00eda de Seguridad Ciudadana llegaron a detenerlo.<\/p>\n<blockquote>\n<p class=\"p1\"><strong>\u201cEl Vikingo\u201d fue liberado horas despu\u00e9s tras determinar que las lesiones\u00a0<\/strong>que le ocasion\u00f3 al menor fueron leves.<\/p>\n<\/blockquote>\n<p class=\"p1\">La tarde de este lunes, los luchadores Charly Manson, el Cibern\u00e9tico, M\u00e1scara Sagrada y Octag\u00f3n, llegaron a la casa del ni\u00f1o para darle obsequios y disculparse por el actuar de su agresor.<\/p>\n<blockquote class=\"twitter-tweet\" data-width=\"550\" data-dnt=\"true\">\n<p lang=\"es\" dir=\"ltr\">\ud83d\ude0e Cibern\u00e9tico, Octag\u00f3n, Sharlie Rockstar, Marcela, Reina Dorada, Tigre Blanco y Tyson La Bestia visitaron a Mateo, el ni\u00f1o de 5 a\u00f1os agredido por el luchador Vikingo, para quitarle la mala experiencia, regal\u00e1ndole juguetes y m\u00e1scaras. <a href=\"https:\/\/t.co\/9ofLw8HlWk\">pic.twitter.com\/9ofLw8HlWk<\/a><\/p>\n<p>&mdash; Arturo Luna Silva (@ALunaSilva) <a href=\"https:\/\/twitter.com\/ALunaSilva\/status\/1397001933366480899?ref_src=twsrc%5Etfw\">May 25, 2021<\/a><\/p><\/blockquote>\n<p><script async src=\"https:\/\/platform.twitter.com\/widgets.js\" charset=\"utf-8\"><\/script><\/p>\n<blockquote>\n<p class=\"p1\">\u201cDe la manera m\u00e1s humilde y con el coraz\u00f3n en la mano cr\u00e9eme, siento, siento un dolor bien cabr\u00f3n aqu\u00ed por lo que pas\u00f3 Mateo, no quiero que tenga esa impresi\u00f3n de la lucha libre\u201d, dijo el luchador Charly Manson.<\/p>\n<\/blockquote>\n<p class=\"p1\"><em>Con informaci\u00f3n de En Punto<\/em><\/p>\n<\/div>\n","protected":false},"excerpt":{"rendered":"<p>Luchadores visitan a ni\u00f1o de 5 a\u00f1os que fue agredido por \u2018El Vikingo\u2019 en CDMX&#8230;<\/p>\n","protected":false},"author":2,"featured_media":81358,"comment_status":"open","ping_status":"open","sticky":false,"template":"","format":"standard","meta":{"_monsterinsights_skip_tracking":false,"_monsterinsights_sitenote_active":false,"_monsterinsights_sitenote_note":"","_monsterinsights_sitenote_category":0,"footnotes":""},"categories":[54],"tags":[],"class_list":["post-81355","post","type-post","status-publish","format-standard","has-post-thumbnail","hentry","category-deportes"],"yoast_head":"<!-- This site is optimized with the Yoast SEO plugin v27.3 - https:\/\/yoast.com\/product\/yoast-seo-wordpress\/ -->\n<title>Luchadores visitan a ni\u00f1o de 5 a\u00f1os que fue agredido por \u2018El Vikingo\u2019 en CDMX -<\/title>\n<meta name=\"robots\" content=\"index, follow, max-snippet:-1, max-image-preview:large, max-video-preview:-1\" \/>\n<link rel=\"canonical\" href=\"https:\/\/quehacerpolitico.mx\/?p=81355\" \/>\n<meta property=\"og:locale\" content=\"es_MX\" \/>\n<meta property=\"og:type\" content=\"article\" \/>\n<meta property=\"og:title\" content=\"Luchadores visitan a ni\u00f1o de 5 a\u00f1os que fue agredido por \u2018El Vikingo\u2019 en CDMX -\" \/>\n<meta property=\"og:description\" content=\"Luchadores visitan a ni\u00f1o de 5 a\u00f1os que fue agredido por \u2018El Vikingo\u2019 en CDMX...\" \/>\n<meta property=\"og:url\" content=\"https:\/\/quehacerpolitico.mx\/?p=81355\" \/>\n<meta property=\"article:published_time\" content=\"2021-05-26T01:21:51+00:00\" \/>\n<meta property=\"og:image\" content=\"https:\/\/quehacerpolitico.mx\/wp-content\/uploads\/2021\/05\/82E5C909-3EA7-405D-96C1-B240A7AB8E76.jpeg\" \/>\n\t<meta property=\"og:image:width\" content=\"1242\" \/>\n\t<meta property=\"og:image:height\" content=\"1334\" \/>\n\t<meta property=\"og:image:type\" content=\"image\/jpeg\" \/>\n<meta name=\"author\" content=\"Redacci\u00f3n QP\" \/>\n<meta name=\"twitter:card\" content=\"summary_large_image\" \/>\n<meta name=\"twitter:label1\" content=\"Escrito por\" \/>\n\t<meta name=\"twitter:data1\" content=\"Redacci\u00f3n QP\" \/>\n\t<meta name=\"twitter:label2\" content=\"Tiempo de lectura\" \/>\n\t<meta name=\"twitter:data2\" content=\"2 minutos\" \/>\n<script type=\"application\/ld+json\" class=\"yoast-schema-graph\">{\"@context\":\"https:\\\/\\\/schema.org\",\"@graph\":[{\"@type\":\"Article\",\"@id\":\"https:\\\/\\\/quehacerpolitico.mx\\\/?p=81355#article\",\"isPartOf\":{\"@id\":\"https:\\\/\\\/quehacerpolitico.mx\\\/?p=81355\"},\"author\":{\"name\":\"Redacci\u00f3n QP\",\"@id\":\"https:\\\/\\\/quehacerpolitico.mx\\\/#\\\/schema\\\/person\\\/496d8ad2d1d3f8036101dca7ee39e585\"},\"headline\":\"Luchadores visitan a ni\u00f1o de 5 a\u00f1os que fue agredido por \u2018El Vikingo\u2019 en CDMX\",\"datePublished\":\"2021-05-26T01:21:51+00:00\",\"mainEntityOfPage\":{\"@id\":\"https:\\\/\\\/quehacerpolitico.mx\\\/?p=81355\"},\"wordCount\":326,\"commentCount\":0,\"image\":{\"@id\":\"https:\\\/\\\/quehacerpolitico.mx\\\/?p=81355#primaryimage\"},\"thumbnailUrl\":\"https:\\\/\\\/quehacerpolitico.mx\\\/wp-content\\\/uploads\\\/2021\\\/05\\\/82E5C909-3EA7-405D-96C1-B240A7AB8E76.jpeg\",\"articleSection\":[\"Deportes\"],\"inLanguage\":\"es\",\"potentialAction\":[{\"@type\":\"CommentAction\",\"name\":\"Comment\",\"target\":[\"https:\\\/\\\/quehacerpolitico.mx\\\/?p=81355#respond\"]}]},{\"@type\":\"WebPage\",\"@id\":\"https:\\\/\\\/quehacerpolitico.mx\\\/?p=81355\",\"url\":\"https:\\\/\\\/quehacerpolitico.mx\\\/?p=81355\",\"name\":\"Luchadores visitan a ni\u00f1o de 5 a\u00f1os que fue agredido por \u2018El Vikingo\u2019 en CDMX -\",\"isPartOf\":{\"@id\":\"https:\\\/\\\/quehacerpolitico.mx\\\/#website\"},\"primaryImageOfPage\":{\"@id\":\"https:\\\/\\\/quehacerpolitico.mx\\\/?p=81355#primaryimage\"},\"image\":{\"@id\":\"https:\\\/\\\/quehacerpolitico.mx\\\/?p=81355#primaryimage\"},\"thumbnailUrl\":\"https:\\\/\\\/quehacerpolitico.mx\\\/wp-content\\\/uploads\\\/2021\\\/05\\\/82E5C909-3EA7-405D-96C1-B240A7AB8E76.jpeg\",\"datePublished\":\"2021-05-26T01:21:51+00:00\",\"author\":{\"@id\":\"https:\\\/\\\/quehacerpolitico.mx\\\/#\\\/schema\\\/person\\\/496d8ad2d1d3f8036101dca7ee39e585\"},\"breadcrumb\":{\"@id\":\"https:\\\/\\\/quehacerpolitico.mx\\\/?p=81355#breadcrumb\"},\"inLanguage\":\"es\",\"potentialAction\":[{\"@type\":\"ReadAction\",\"target\":[\"https:\\\/\\\/quehacerpolitico.mx\\\/?p=81355\"]}]},{\"@type\":\"ImageObject\",\"inLanguage\":\"es\",\"@id\":\"https:\\\/\\\/quehacerpolitico.mx\\\/?p=81355#primaryimage\",\"url\":\"https:\\\/\\\/quehacerpolitico.mx\\\/wp-content\\\/uploads\\\/2021\\\/05\\\/82E5C909-3EA7-405D-96C1-B240A7AB8E76.jpeg\",\"contentUrl\":\"https:\\\/\\\/quehacerpolitico.mx\\\/wp-content\\\/uploads\\\/2021\\\/05\\\/82E5C909-3EA7-405D-96C1-B240A7AB8E76.jpeg\",\"width\":1242,\"height\":1334},{\"@type\":\"BreadcrumbList\",\"@id\":\"https:\\\/\\\/quehacerpolitico.mx\\\/?p=81355#breadcrumb\",\"itemListElement\":[{\"@type\":\"ListItem\",\"position\":1,\"name\":\"Inicio\",\"item\":\"https:\\\/\\\/quehacerpolitico.mx\\\/\"},{\"@type\":\"ListItem\",\"position\":2,\"name\":\"Luchadores visitan a ni\u00f1o de 5 a\u00f1os que fue agredido por \u2018El Vikingo\u2019 en CDMX\"}]},{\"@type\":\"WebSite\",\"@id\":\"https:\\\/\\\/quehacerpolitico.mx\\\/#website\",\"url\":\"https:\\\/\\\/quehacerpolitico.mx\\\/\",\"name\":\"\",\"description\":\"\",\"potentialAction\":[{\"@type\":\"SearchAction\",\"target\":{\"@type\":\"EntryPoint\",\"urlTemplate\":\"https:\\\/\\\/quehacerpolitico.mx\\\/?s={search_term_string}\"},\"query-input\":{\"@type\":\"PropertyValueSpecification\",\"valueRequired\":true,\"valueName\":\"search_term_string\"}}],\"inLanguage\":\"es\"},{\"@type\":\"Person\",\"@id\":\"https:\\\/\\\/quehacerpolitico.mx\\\/#\\\/schema\\\/person\\\/496d8ad2d1d3f8036101dca7ee39e585\",\"name\":\"Redacci\u00f3n QP\",\"image\":{\"@type\":\"ImageObject\",\"inLanguage\":\"es\",\"@id\":\"https:\\\/\\\/secure.gravatar.com\\\/avatar\\\/c7164ed6fdec453195284ad24a5ae5b6e1eed2b848477fa2a4787ba9adf39a41?s=96&d=mm&r=g\",\"url\":\"https:\\\/\\\/secure.gravatar.com\\\/avatar\\\/c7164ed6fdec453195284ad24a5ae5b6e1eed2b848477fa2a4787ba9adf39a41?s=96&d=mm&r=g\",\"contentUrl\":\"https:\\\/\\\/secure.gravatar.com\\\/avatar\\\/c7164ed6fdec453195284ad24a5ae5b6e1eed2b848477fa2a4787ba9adf39a41?s=96&d=mm&r=g\",\"caption\":\"Redacci\u00f3n QP\"},\"url\":\"https:\\\/\\\/quehacerpolitico.mx\\\/?author=2\"}]}<\/script>\n<!-- \/ Yoast SEO plugin. -->","yoast_head_json":{"title":"Luchadores visitan a ni\u00f1o de 5 a\u00f1os que fue agredido por \u2018El Vikingo\u2019 en CDMX -","robots":{"index":"index","follow":"follow","max-snippet":"max-snippet:-1","max-image-preview":"max-image-preview:large","max-video-preview":"max-video-preview:-1"},"canonical":"https:\/\/quehacerpolitico.mx\/?p=81355","og_locale":"es_MX","og_type":"article","og_title":"Luchadores visitan a ni\u00f1o de 5 a\u00f1os que fue agredido por \u2018El Vikingo\u2019 en CDMX -","og_description":"Luchadores visitan a ni\u00f1o de 5 a\u00f1os que fue agredido por \u2018El Vikingo\u2019 en CDMX...","og_url":"https:\/\/quehacerpolitico.mx\/?p=81355","article_published_time":"2021-05-26T01:21:51+00:00","og_image":[{"width":1242,"height":1334,"url":"https:\/\/quehacerpolitico.mx\/wp-content\/uploads\/2021\/05\/82E5C909-3EA7-405D-96C1-B240A7AB8E76.jpeg","type":"image\/jpeg"}],"author":"Redacci\u00f3n QP","twitter_card":"summary_large_image","twitter_misc":{"Escrito por":"Redacci\u00f3n QP","Tiempo de lectura":"2 minutos"},"schema":{"@context":"https:\/\/schema.org","@graph":[{"@type":"Article","@id":"https:\/\/quehacerpolitico.mx\/?p=81355#article","isPartOf":{"@id":"https:\/\/quehacerpolitico.mx\/?p=81355"},"author":{"name":"Redacci\u00f3n QP","@id":"https:\/\/quehacerpolitico.mx\/#\/schema\/person\/496d8ad2d1d3f8036101dca7ee39e585"},"headline":"Luchadores visitan a ni\u00f1o de 5 a\u00f1os que fue agredido por \u2018El Vikingo\u2019 en CDMX","datePublished":"2021-05-26T01:21:51+00:00","mainEntityOfPage":{"@id":"https:\/\/quehacerpolitico.mx\/?p=81355"},"wordCount":326,"commentCount":0,"image":{"@id":"https:\/\/quehacerpolitico.mx\/?p=81355#primaryimage"},"thumbnailUrl":"https:\/\/quehacerpolitico.mx\/wp-content\/uploads\/2021\/05\/82E5C909-3EA7-405D-96C1-B240A7AB8E76.jpeg","articleSection":["Deportes"],"inLanguage":"es","potentialAction":[{"@type":"CommentAction","name":"Comment","target":["https:\/\/quehacerpolitico.mx\/?p=81355#respond"]}]},{"@type":"WebPage","@id":"https:\/\/quehacerpolitico.mx\/?p=81355","url":"https:\/\/quehacerpolitico.mx\/?p=81355","name":"Luchadores visitan a ni\u00f1o de 5 a\u00f1os que fue agredido por \u2018El Vikingo\u2019 en CDMX -","isPartOf":{"@id":"https:\/\/quehacerpolitico.mx\/#website"},"primaryImageOfPage":{"@id":"https:\/\/quehacerpolitico.mx\/?p=81355#primaryimage"},"image":{"@id":"https:\/\/quehacerpolitico.mx\/?p=81355#primaryimage"},"thumbnailUrl":"https:\/\/quehacerpolitico.mx\/wp-content\/uploads\/2021\/05\/82E5C909-3EA7-405D-96C1-B240A7AB8E76.jpeg","datePublished":"2021-05-26T01:21:51+00:00","author":{"@id":"https:\/\/quehacerpolitico.mx\/#\/schema\/person\/496d8ad2d1d3f8036101dca7ee39e585"},"breadcrumb":{"@id":"https:\/\/quehacerpolitico.mx\/?p=81355#breadcrumb"},"inLanguage":"es","potentialAction":[{"@type":"ReadAction","target":["https:\/\/quehacerpolitico.mx\/?p=81355"]}]},{"@type":"ImageObject","inLanguage":"es","@id":"https:\/\/quehacerpolitico.mx\/?p=81355#primaryimage","url":"https:\/\/quehacerpolitico.mx\/wp-content\/uploads\/2021\/05\/82E5C909-3EA7-405D-96C1-B240A7AB8E76.jpeg","contentUrl":"https:\/\/quehacerpolitico.mx\/wp-content\/uploads\/2021\/05\/82E5C909-3EA7-405D-96C1-B240A7AB8E76.jpeg","width":1242,"height":1334},{"@type":"BreadcrumbList","@id":"https:\/\/quehacerpolitico.mx\/?p=81355#breadcrumb","itemListElement":[{"@type":"ListItem","position":1,"name":"Inicio","item":"https:\/\/quehacerpolitico.mx\/"},{"@type":"ListItem","position":2,"name":"Luchadores visitan a ni\u00f1o de 5 a\u00f1os que fue agredido por \u2018El Vikingo\u2019 en CDMX"}]},{"@type":"WebSite","@id":"https:\/\/quehacerpolitico.mx\/#website","url":"https:\/\/quehacerpolitico.mx\/","name":"","description":"","potentialAction":[{"@type":"SearchAction","target":{"@type":"EntryPoint","urlTemplate":"https:\/\/quehacerpolitico.mx\/?s={search_term_string}"},"query-input":{"@type":"PropertyValueSpecification","valueRequired":true,"valueName":"search_term_string"}}],"inLanguage":"es"},{"@type":"Person","@id":"https:\/\/quehacerpolitico.mx\/#\/schema\/person\/496d8ad2d1d3f8036101dca7ee39e585","name":"Redacci\u00f3n QP","image":{"@type":"ImageObject","inLanguage":"es","@id":"https:\/\/secure.gravatar.com\/avatar\/c7164ed6fdec453195284ad24a5ae5b6e1eed2b848477fa2a4787ba9adf39a41?s=96&d=mm&r=g","url":"https:\/\/secure.gravatar.com\/avatar\/c7164ed6fdec453195284ad24a5ae5b6e1eed2b848477fa2a4787ba9adf39a41?s=96&d=mm&r=g","contentUrl":"https:\/\/secure.gravatar.com\/avatar\/c7164ed6fdec453195284ad24a5ae5b6e1eed2b848477fa2a4787ba9adf39a41?s=96&d=mm&r=g","caption":"Redacci\u00f3n QP"},"url":"https:\/\/quehacerpolitico.mx\/?author=2"}]}},"featured_image_urls":{"full":["https:\/\/quehacerpolitico.mx\/wp-content\/uploads\/2021\/05\/82E5C909-3EA7-405D-96C1-B240A7AB8E76.jpeg",1242,1334,false],"thumbnail":["https:\/\/quehacerpolitico.mx\/wp-content\/uploads\/2021\/05\/82E5C909-3EA7-405D-96C1-B240A7AB8E76-150x150.jpeg",150,150,true],"medium":["https:\/\/quehacerpolitico.mx\/wp-content\/uploads\/2021\/05\/82E5C909-3EA7-405D-96C1-B240A7AB8E76-279x300.jpeg",279,300,true],"medium_large":["https:\/\/quehacerpolitico.mx\/wp-content\/uploads\/2021\/05\/82E5C909-3EA7-405D-96C1-B240A7AB8E76-768x825.jpeg",640,688,true],"large":["https:\/\/quehacerpolitico.mx\/wp-content\/uploads\/2021\/05\/82E5C909-3EA7-405D-96C1-B240A7AB8E76-953x1024.jpeg",640,688,true],"1536x1536":["https:\/\/quehacerpolitico.mx\/wp-content\/uploads\/2021\/05\/82E5C909-3EA7-405D-96C1-B240A7AB8E76.jpeg",1242,1334,false],"2048x2048":["https:\/\/quehacerpolitico.mx\/wp-content\/uploads\/2021\/05\/82E5C909-3EA7-405D-96C1-B240A7AB8E76.jpeg",1242,1334,false],"covernews-featured":["https:\/\/quehacerpolitico.mx\/wp-content\/uploads\/2021\/05\/82E5C909-3EA7-405D-96C1-B240A7AB8E76.jpeg",1024,1100,false],"covernews-medium":["https:\/\/quehacerpolitico.mx\/wp-content\/uploads\/2021\/05\/82E5C909-3EA7-405D-96C1-B240A7AB8E76.jpeg",317,340,false]},"author_info":{"display_name":"Redacci\u00f3n QP","author_link":"https:\/\/quehacerpolitico.mx\/?author=2"},"category_info":"<a href=\"https:\/\/quehacerpolitico.mx\/?cat=54\" rel=\"category\">Deportes<\/a>","tag_info":"Deportes","comment_count":"0","_links":{"self":[{"href":"https:\/\/quehacerpolitico.mx\/index.php?rest_route=\/wp\/v2\/posts\/81355","targetHints":{"allow":["GET"]}}],"collection":[{"href":"https:\/\/quehacerpolitico.mx\/index.php?rest_route=\/wp\/v2\/posts"}],"about":[{"href":"https:\/\/quehacerpolitico.mx\/index.php?rest_route=\/wp\/v2\/types\/post"}],"author":[{"embeddable":true,"href":"https:\/\/quehacerpolitico.mx\/index.php?rest_route=\/wp\/v2\/users\/2"}],"replies":[{"embeddable":true,"href":"https:\/\/quehacerpolitico.mx\/index.php?rest_route=%2Fwp%2Fv2%2Fcomments&post=81355"}],"version-history":[{"count":0,"href":"https:\/\/quehacerpolitico.mx\/index.php?rest_route=\/wp\/v2\/posts\/81355\/revisions"}],"wp:featuredmedia":[{"embeddable":true,"href":"https:\/\/quehacerpolitico.mx\/index.php?rest_route=\/wp\/v2\/media\/81358"}],"wp:attachment":[{"href":"https:\/\/quehacerpolitico.mx\/index.php?rest_route=%2Fwp%2Fv2%2Fmedia&parent=81355"}],"wp:term":[{"taxonomy":"category","embeddable":true,"href":"https:\/\/quehacerpolitico.mx\/index.php?rest_route=%2Fwp%2Fv2%2Fcategories&post=81355"},{"taxonomy":"post_tag","embeddable":true,"href":"https:\/\/quehacerpolitico.mx\/index.php?rest_route=%2Fwp%2Fv2%2Ftags&post=81355"}],"curies":[{"name":"wp","href":"https:\/\/api.w.org\/{rel}","templated":true}]}}