{"id":81350,"date":"2021-05-26T00:56:12","date_gmt":"2021-05-26T00:56:12","guid":{"rendered":"https:\/\/quehacerpolitico.mx\/?p=81350"},"modified":"2021-05-26T00:56:12","modified_gmt":"2021-05-26T00:56:12","slug":"estamos-bien-y-de-buenas-dice-amlo-sobre-el-pago-de-impuestos","status":"publish","type":"post","link":"https:\/\/quehacerpolitico.mx\/?p=81350","title":{"rendered":"\u201cEstamos bien y de buenas\u201d, dice AMLO sobre el pago de impuestos"},"content":{"rendered":"<h1 class=\"article_title\">\u201cEstamos bien y de buenas\u201d, dice AMLO sobre el pago de impuestos<br \/>\nPor Redacci\u00f3n QP<\/h1>\n<div class=\"article_heading\">\n<p>En la reuni\u00f3n recordaron que hoy 25 de mayo de 2021, es el D\u00eda del Contador P\u00fablico<\/p>\n<p>El presidente de <strong>M\u00e9xico<\/strong>, Andr\u00e9s Manuel L\u00f3pez Obrador (<strong>AMLO<\/strong>), inform\u00f3 por medio de sus redes sociales que se reuni\u00f3 en Palacio Nacional con <strong>Raquel Buenrostro<\/strong>, Jefa del Servicio de Administraci\u00f3n Tributaria (SAT) y con otros integrantes de la dependencia.<\/p>\n<blockquote><p>\u201cMe est\u00e1n informando sobre los ingresos del gobierno federal: enero a abril de 2021 y vamos bien, estamos bien y de buenas, la gente nos est\u00e1 dando su confianza y les agradezco mucho porque est\u00e1n contribuyendo, no pagando impuestos, porque as\u00ed es como tenemos presupuesto para impulsar el desarrollo de nuestro pa\u00eds y para garantizar el bienestar de nuestro pueblo\u201d, indic\u00f3 <strong>AMLO<\/strong>.<\/p><\/blockquote>\n<p>En la reuni\u00f3n recordaron que hoy 25 de mayo de 2021, es el <strong>D\u00eda del Contador P\u00fablico<\/strong>.<\/p>\n<blockquote class=\"twitter-tweet\" data-width=\"550\" data-dnt=\"true\">\n<p lang=\"es\" dir=\"ltr\">Felicitaciones a los contadores p\u00fablicos, mujeres y hombres dedicados a la administraci\u00f3n, a los datos, a las cuentas, a los n\u00fameros, al debe y al haber. <a href=\"https:\/\/t.co\/6RLx0Iqv8p\">pic.twitter.com\/6RLx0Iqv8p<\/a><\/p>\n<p>&mdash; Andr\u00e9s Manuel (@lopezobrador_) <a href=\"https:\/\/twitter.com\/lopezobrador_\/status\/1397252002967658501?ref_src=twsrc%5Etfw\">May 25, 2021<\/a><\/p><\/blockquote>\n<p><script async src=\"https:\/\/platform.twitter.com\/widgets.js\" charset=\"utf-8\"><\/script><\/p>\n<blockquote><p>\u201cYo quiero aprovechar para enviar un saludo a todos los contadores p\u00fablicos de M\u00e9xico, mujeres y hombres, auditores, todos los que se dedican a Administraci\u00f3n P\u00fablica y tambi\u00e9n a la administraci\u00f3n privada, a todos los <strong>contadores<\/strong>, un saludo y felicitaciones, un abrazo\u201d, coment\u00f3 el presidente.<\/p><\/blockquote>\n<p>En el encuentro participaron Rosalinda L\u00f3pez Hern\u00e1ndez, Administradora General de Auditor\u00eda Fiscal Federal; Antonio Mart\u00ednez Dagnino, Administrador General de Grandes Contribuyentes; el Procurador Fiscal, Carlos Romero Aranda; y Horacio Duarte, Administrador General de Aduanas.<\/p>\n<\/div>\n","protected":false},"excerpt":{"rendered":"<p>\u201cEstamos bien y de buenas\u201d, dice AMLO sobre el pago de impuestos Por Redacci\u00f3n QP&#8230;<\/p>\n","protected":false},"author":2,"featured_media":81353,"comment_status":"open","ping_status":"open","sticky":false,"template":"","format":"standard","meta":{"_monsterinsights_skip_tracking":false,"_monsterinsights_sitenote_active":false,"_monsterinsights_sitenote_note":"","_monsterinsights_sitenote_category":0,"footnotes":""},"categories":[56],"tags":[],"class_list":["post-81350","post","type-post","status-publish","format-standard","has-post-thumbnail","hentry","category-economia"],"yoast_head":"<!-- This site is optimized with the Yoast SEO plugin v27.3 - https:\/\/yoast.com\/product\/yoast-seo-wordpress\/ -->\n<title>\u201cEstamos bien y de buenas\u201d, dice AMLO sobre el pago de impuestos -<\/title>\n<meta name=\"robots\" content=\"index, follow, max-snippet:-1, max-image-preview:large, max-video-preview:-1\" \/>\n<link rel=\"canonical\" href=\"https:\/\/quehacerpolitico.mx\/?p=81350\" \/>\n<meta property=\"og:locale\" content=\"es_MX\" \/>\n<meta property=\"og:type\" content=\"article\" \/>\n<meta property=\"og:title\" content=\"\u201cEstamos bien y de buenas\u201d, dice AMLO sobre el pago de impuestos -\" \/>\n<meta property=\"og:description\" content=\"\u201cEstamos bien y de buenas\u201d, dice AMLO sobre el pago de impuestos Por Redacci\u00f3n QP...\" \/>\n<meta property=\"og:url\" content=\"https:\/\/quehacerpolitico.mx\/?p=81350\" \/>\n<meta property=\"article:published_time\" content=\"2021-05-26T00:56:12+00:00\" \/>\n<meta property=\"og:image\" content=\"https:\/\/quehacerpolitico.mx\/wp-content\/uploads\/2021\/05\/D22B3C5F-15CC-4847-8B2B-578F85235751.jpeg\" \/>\n\t<meta property=\"og:image:width\" content=\"1242\" \/>\n\t<meta property=\"og:image:height\" content=\"688\" \/>\n\t<meta property=\"og:image:type\" content=\"image\/jpeg\" \/>\n<meta name=\"author\" content=\"Redacci\u00f3n QP\" \/>\n<meta name=\"twitter:card\" content=\"summary_large_image\" \/>\n<meta name=\"twitter:label1\" content=\"Escrito por\" \/>\n\t<meta name=\"twitter:data1\" content=\"Redacci\u00f3n QP\" \/>\n\t<meta name=\"twitter:label2\" content=\"Tiempo de lectura\" \/>\n\t<meta name=\"twitter:data2\" content=\"1 minuto\" \/>\n<script type=\"application\/ld+json\" class=\"yoast-schema-graph\">{\"@context\":\"https:\\\/\\\/schema.org\",\"@graph\":[{\"@type\":\"Article\",\"@id\":\"https:\\\/\\\/quehacerpolitico.mx\\\/?p=81350#article\",\"isPartOf\":{\"@id\":\"https:\\\/\\\/quehacerpolitico.mx\\\/?p=81350\"},\"author\":{\"name\":\"Redacci\u00f3n QP\",\"@id\":\"https:\\\/\\\/quehacerpolitico.mx\\\/#\\\/schema\\\/person\\\/496d8ad2d1d3f8036101dca7ee39e585\"},\"headline\":\"\u201cEstamos bien y de buenas\u201d, dice AMLO sobre el pago de impuestos\",\"datePublished\":\"2021-05-26T00:56:12+00:00\",\"mainEntityOfPage\":{\"@id\":\"https:\\\/\\\/quehacerpolitico.mx\\\/?p=81350\"},\"wordCount\":266,\"commentCount\":0,\"image\":{\"@id\":\"https:\\\/\\\/quehacerpolitico.mx\\\/?p=81350#primaryimage\"},\"thumbnailUrl\":\"https:\\\/\\\/quehacerpolitico.mx\\\/wp-content\\\/uploads\\\/2021\\\/05\\\/D22B3C5F-15CC-4847-8B2B-578F85235751.jpeg\",\"articleSection\":[\"Econom\u00eda\"],\"inLanguage\":\"es\",\"potentialAction\":[{\"@type\":\"CommentAction\",\"name\":\"Comment\",\"target\":[\"https:\\\/\\\/quehacerpolitico.mx\\\/?p=81350#respond\"]}]},{\"@type\":\"WebPage\",\"@id\":\"https:\\\/\\\/quehacerpolitico.mx\\\/?p=81350\",\"url\":\"https:\\\/\\\/quehacerpolitico.mx\\\/?p=81350\",\"name\":\"\u201cEstamos bien y de buenas\u201d, dice AMLO sobre el pago de impuestos -\",\"isPartOf\":{\"@id\":\"https:\\\/\\\/quehacerpolitico.mx\\\/#website\"},\"primaryImageOfPage\":{\"@id\":\"https:\\\/\\\/quehacerpolitico.mx\\\/?p=81350#primaryimage\"},\"image\":{\"@id\":\"https:\\\/\\\/quehacerpolitico.mx\\\/?p=81350#primaryimage\"},\"thumbnailUrl\":\"https:\\\/\\\/quehacerpolitico.mx\\\/wp-content\\\/uploads\\\/2021\\\/05\\\/D22B3C5F-15CC-4847-8B2B-578F85235751.jpeg\",\"datePublished\":\"2021-05-26T00:56:12+00:00\",\"author\":{\"@id\":\"https:\\\/\\\/quehacerpolitico.mx\\\/#\\\/schema\\\/person\\\/496d8ad2d1d3f8036101dca7ee39e585\"},\"breadcrumb\":{\"@id\":\"https:\\\/\\\/quehacerpolitico.mx\\\/?p=81350#breadcrumb\"},\"inLanguage\":\"es\",\"potentialAction\":[{\"@type\":\"ReadAction\",\"target\":[\"https:\\\/\\\/quehacerpolitico.mx\\\/?p=81350\"]}]},{\"@type\":\"ImageObject\",\"inLanguage\":\"es\",\"@id\":\"https:\\\/\\\/quehacerpolitico.mx\\\/?p=81350#primaryimage\",\"url\":\"https:\\\/\\\/quehacerpolitico.mx\\\/wp-content\\\/uploads\\\/2021\\\/05\\\/D22B3C5F-15CC-4847-8B2B-578F85235751.jpeg\",\"contentUrl\":\"https:\\\/\\\/quehacerpolitico.mx\\\/wp-content\\\/uploads\\\/2021\\\/05\\\/D22B3C5F-15CC-4847-8B2B-578F85235751.jpeg\",\"width\":1242,\"height\":688},{\"@type\":\"BreadcrumbList\",\"@id\":\"https:\\\/\\\/quehacerpolitico.mx\\\/?p=81350#breadcrumb\",\"itemListElement\":[{\"@type\":\"ListItem\",\"position\":1,\"name\":\"Inicio\",\"item\":\"https:\\\/\\\/quehacerpolitico.mx\\\/\"},{\"@type\":\"ListItem\",\"position\":2,\"name\":\"\u201cEstamos bien y de buenas\u201d, dice AMLO sobre el pago de impuestos\"}]},{\"@type\":\"WebSite\",\"@id\":\"https:\\\/\\\/quehacerpolitico.mx\\\/#website\",\"url\":\"https:\\\/\\\/quehacerpolitico.mx\\\/\",\"name\":\"\",\"description\":\"\",\"potentialAction\":[{\"@type\":\"SearchAction\",\"target\":{\"@type\":\"EntryPoint\",\"urlTemplate\":\"https:\\\/\\\/quehacerpolitico.mx\\\/?s={search_term_string}\"},\"query-input\":{\"@type\":\"PropertyValueSpecification\",\"valueRequired\":true,\"valueName\":\"search_term_string\"}}],\"inLanguage\":\"es\"},{\"@type\":\"Person\",\"@id\":\"https:\\\/\\\/quehacerpolitico.mx\\\/#\\\/schema\\\/person\\\/496d8ad2d1d3f8036101dca7ee39e585\",\"name\":\"Redacci\u00f3n QP\",\"image\":{\"@type\":\"ImageObject\",\"inLanguage\":\"es\",\"@id\":\"https:\\\/\\\/secure.gravatar.com\\\/avatar\\\/c7164ed6fdec453195284ad24a5ae5b6e1eed2b848477fa2a4787ba9adf39a41?s=96&d=mm&r=g\",\"url\":\"https:\\\/\\\/secure.gravatar.com\\\/avatar\\\/c7164ed6fdec453195284ad24a5ae5b6e1eed2b848477fa2a4787ba9adf39a41?s=96&d=mm&r=g\",\"contentUrl\":\"https:\\\/\\\/secure.gravatar.com\\\/avatar\\\/c7164ed6fdec453195284ad24a5ae5b6e1eed2b848477fa2a4787ba9adf39a41?s=96&d=mm&r=g\",\"caption\":\"Redacci\u00f3n QP\"},\"url\":\"https:\\\/\\\/quehacerpolitico.mx\\\/?author=2\"}]}<\/script>\n<!-- \/ Yoast SEO plugin. -->","yoast_head_json":{"title":"\u201cEstamos bien y de buenas\u201d, dice AMLO sobre el pago de impuestos -","robots":{"index":"index","follow":"follow","max-snippet":"max-snippet:-1","max-image-preview":"max-image-preview:large","max-video-preview":"max-video-preview:-1"},"canonical":"https:\/\/quehacerpolitico.mx\/?p=81350","og_locale":"es_MX","og_type":"article","og_title":"\u201cEstamos bien y de buenas\u201d, dice AMLO sobre el pago de impuestos -","og_description":"\u201cEstamos bien y de buenas\u201d, dice AMLO sobre el pago de impuestos Por Redacci\u00f3n QP...","og_url":"https:\/\/quehacerpolitico.mx\/?p=81350","article_published_time":"2021-05-26T00:56:12+00:00","og_image":[{"width":1242,"height":688,"url":"https:\/\/quehacerpolitico.mx\/wp-content\/uploads\/2021\/05\/D22B3C5F-15CC-4847-8B2B-578F85235751.jpeg","type":"image\/jpeg"}],"author":"Redacci\u00f3n QP","twitter_card":"summary_large_image","twitter_misc":{"Escrito por":"Redacci\u00f3n QP","Tiempo de lectura":"1 minuto"},"schema":{"@context":"https:\/\/schema.org","@graph":[{"@type":"Article","@id":"https:\/\/quehacerpolitico.mx\/?p=81350#article","isPartOf":{"@id":"https:\/\/quehacerpolitico.mx\/?p=81350"},"author":{"name":"Redacci\u00f3n QP","@id":"https:\/\/quehacerpolitico.mx\/#\/schema\/person\/496d8ad2d1d3f8036101dca7ee39e585"},"headline":"\u201cEstamos bien y de buenas\u201d, dice AMLO sobre el pago de impuestos","datePublished":"2021-05-26T00:56:12+00:00","mainEntityOfPage":{"@id":"https:\/\/quehacerpolitico.mx\/?p=81350"},"wordCount":266,"commentCount":0,"image":{"@id":"https:\/\/quehacerpolitico.mx\/?p=81350#primaryimage"},"thumbnailUrl":"https:\/\/quehacerpolitico.mx\/wp-content\/uploads\/2021\/05\/D22B3C5F-15CC-4847-8B2B-578F85235751.jpeg","articleSection":["Econom\u00eda"],"inLanguage":"es","potentialAction":[{"@type":"CommentAction","name":"Comment","target":["https:\/\/quehacerpolitico.mx\/?p=81350#respond"]}]},{"@type":"WebPage","@id":"https:\/\/quehacerpolitico.mx\/?p=81350","url":"https:\/\/quehacerpolitico.mx\/?p=81350","name":"\u201cEstamos bien y de buenas\u201d, dice AMLO sobre el pago de impuestos -","isPartOf":{"@id":"https:\/\/quehacerpolitico.mx\/#website"},"primaryImageOfPage":{"@id":"https:\/\/quehacerpolitico.mx\/?p=81350#primaryimage"},"image":{"@id":"https:\/\/quehacerpolitico.mx\/?p=81350#primaryimage"},"thumbnailUrl":"https:\/\/quehacerpolitico.mx\/wp-content\/uploads\/2021\/05\/D22B3C5F-15CC-4847-8B2B-578F85235751.jpeg","datePublished":"2021-05-26T00:56:12+00:00","author":{"@id":"https:\/\/quehacerpolitico.mx\/#\/schema\/person\/496d8ad2d1d3f8036101dca7ee39e585"},"breadcrumb":{"@id":"https:\/\/quehacerpolitico.mx\/?p=81350#breadcrumb"},"inLanguage":"es","potentialAction":[{"@type":"ReadAction","target":["https:\/\/quehacerpolitico.mx\/?p=81350"]}]},{"@type":"ImageObject","inLanguage":"es","@id":"https:\/\/quehacerpolitico.mx\/?p=81350#primaryimage","url":"https:\/\/quehacerpolitico.mx\/wp-content\/uploads\/2021\/05\/D22B3C5F-15CC-4847-8B2B-578F85235751.jpeg","contentUrl":"https:\/\/quehacerpolitico.mx\/wp-content\/uploads\/2021\/05\/D22B3C5F-15CC-4847-8B2B-578F85235751.jpeg","width":1242,"height":688},{"@type":"BreadcrumbList","@id":"https:\/\/quehacerpolitico.mx\/?p=81350#breadcrumb","itemListElement":[{"@type":"ListItem","position":1,"name":"Inicio","item":"https:\/\/quehacerpolitico.mx\/"},{"@type":"ListItem","position":2,"name":"\u201cEstamos bien y de buenas\u201d, dice AMLO sobre el pago de impuestos"}]},{"@type":"WebSite","@id":"https:\/\/quehacerpolitico.mx\/#website","url":"https:\/\/quehacerpolitico.mx\/","name":"","description":"","potentialAction":[{"@type":"SearchAction","target":{"@type":"EntryPoint","urlTemplate":"https:\/\/quehacerpolitico.mx\/?s={search_term_string}"},"query-input":{"@type":"PropertyValueSpecification","valueRequired":true,"valueName":"search_term_string"}}],"inLanguage":"es"},{"@type":"Person","@id":"https:\/\/quehacerpolitico.mx\/#\/schema\/person\/496d8ad2d1d3f8036101dca7ee39e585","name":"Redacci\u00f3n QP","image":{"@type":"ImageObject","inLanguage":"es","@id":"https:\/\/secure.gravatar.com\/avatar\/c7164ed6fdec453195284ad24a5ae5b6e1eed2b848477fa2a4787ba9adf39a41?s=96&d=mm&r=g","url":"https:\/\/secure.gravatar.com\/avatar\/c7164ed6fdec453195284ad24a5ae5b6e1eed2b848477fa2a4787ba9adf39a41?s=96&d=mm&r=g","contentUrl":"https:\/\/secure.gravatar.com\/avatar\/c7164ed6fdec453195284ad24a5ae5b6e1eed2b848477fa2a4787ba9adf39a41?s=96&d=mm&r=g","caption":"Redacci\u00f3n QP"},"url":"https:\/\/quehacerpolitico.mx\/?author=2"}]}},"featured_image_urls":{"full":["https:\/\/quehacerpolitico.mx\/wp-content\/uploads\/2021\/05\/D22B3C5F-15CC-4847-8B2B-578F85235751.jpeg",1242,688,false],"thumbnail":["https:\/\/quehacerpolitico.mx\/wp-content\/uploads\/2021\/05\/D22B3C5F-15CC-4847-8B2B-578F85235751-150x150.jpeg",150,150,true],"medium":["https:\/\/quehacerpolitico.mx\/wp-content\/uploads\/2021\/05\/D22B3C5F-15CC-4847-8B2B-578F85235751-300x166.jpeg",300,166,true],"medium_large":["https:\/\/quehacerpolitico.mx\/wp-content\/uploads\/2021\/05\/D22B3C5F-15CC-4847-8B2B-578F85235751-768x425.jpeg",640,354,true],"large":["https:\/\/quehacerpolitico.mx\/wp-content\/uploads\/2021\/05\/D22B3C5F-15CC-4847-8B2B-578F85235751-1024x567.jpeg",640,354,true],"1536x1536":["https:\/\/quehacerpolitico.mx\/wp-content\/uploads\/2021\/05\/D22B3C5F-15CC-4847-8B2B-578F85235751.jpeg",1242,688,false],"2048x2048":["https:\/\/quehacerpolitico.mx\/wp-content\/uploads\/2021\/05\/D22B3C5F-15CC-4847-8B2B-578F85235751.jpeg",1242,688,false],"covernews-featured":["https:\/\/quehacerpolitico.mx\/wp-content\/uploads\/2021\/05\/D22B3C5F-15CC-4847-8B2B-578F85235751.jpeg",1024,567,false],"covernews-medium":["https:\/\/quehacerpolitico.mx\/wp-content\/uploads\/2021\/05\/D22B3C5F-15CC-4847-8B2B-578F85235751.jpeg",540,299,false]},"author_info":{"display_name":"Redacci\u00f3n QP","author_link":"https:\/\/quehacerpolitico.mx\/?author=2"},"category_info":"<a href=\"https:\/\/quehacerpolitico.mx\/?cat=56\" rel=\"category\">Econom\u00eda<\/a>","tag_info":"Econom\u00eda","comment_count":"0","_links":{"self":[{"href":"https:\/\/quehacerpolitico.mx\/index.php?rest_route=\/wp\/v2\/posts\/81350","targetHints":{"allow":["GET"]}}],"collection":[{"href":"https:\/\/quehacerpolitico.mx\/index.php?rest_route=\/wp\/v2\/posts"}],"about":[{"href":"https:\/\/quehacerpolitico.mx\/index.php?rest_route=\/wp\/v2\/types\/post"}],"author":[{"embeddable":true,"href":"https:\/\/quehacerpolitico.mx\/index.php?rest_route=\/wp\/v2\/users\/2"}],"replies":[{"embeddable":true,"href":"https:\/\/quehacerpolitico.mx\/index.php?rest_route=%2Fwp%2Fv2%2Fcomments&post=81350"}],"version-history":[{"count":0,"href":"https:\/\/quehacerpolitico.mx\/index.php?rest_route=\/wp\/v2\/posts\/81350\/revisions"}],"wp:featuredmedia":[{"embeddable":true,"href":"https:\/\/quehacerpolitico.mx\/index.php?rest_route=\/wp\/v2\/media\/81353"}],"wp:attachment":[{"href":"https:\/\/quehacerpolitico.mx\/index.php?rest_route=%2Fwp%2Fv2%2Fmedia&parent=81350"}],"wp:term":[{"taxonomy":"category","embeddable":true,"href":"https:\/\/quehacerpolitico.mx\/index.php?rest_route=%2Fwp%2Fv2%2Fcategories&post=81350"},{"taxonomy":"post_tag","embeddable":true,"href":"https:\/\/quehacerpolitico.mx\/index.php?rest_route=%2Fwp%2Fv2%2Ftags&post=81350"}],"curies":[{"name":"wp","href":"https:\/\/api.w.org\/{rel}","templated":true}]}}