{"id":81333,"date":"2021-05-25T03:46:44","date_gmt":"2021-05-25T03:46:44","guid":{"rendered":"https:\/\/quehacerpolitico.mx\/?p=81333"},"modified":"2021-05-25T03:46:44","modified_gmt":"2021-05-25T03:46:44","slug":"analizan-caja-negra-del-tren-siniestrado-en-la-linea-12-del-metro-de-la-cdmx","status":"publish","type":"post","link":"https:\/\/quehacerpolitico.mx\/?p=81333","title":{"rendered":"Analizan &#8220;caja negra&#8221; del tren siniestrado en la L\u00ednea 12 del Metro de la CDMX"},"content":{"rendered":"<h1 class=\"news-title\">Analizan &#8220;caja negra&#8221; del tren siniestrado en la L\u00ednea 12 del Metro de la CDMX<br \/>\nPor Redacci\u00f3n QP<\/h1>\n<div class=\"news-subtitle\">\n<p>La Fiscal\u00eda General de Ciudad de M\u00e9xico (FGJ-CDMX) dio a conocer que concluy\u00f3 el levantamiento y recolecci\u00f3n de indicios<\/p>\n<\/div>\n<div class=\"news-authors-list\">\n<div class=\"news-media-bbd\">\n<figure><img loading=\"lazy\" decoding=\"async\" class=\"webfeedsFeaturedVisual\" src=\"https:\/\/www.informador.mx\/__export\/1621900692456\/sites\/elinformador\/img\/2021\/05\/24\/imagen_nac_metro_cdmx_120521_ap_01_cmyk_crop1621900689613.jpg_788543494.jpg\" alt=\"El veh\u00edculo aplastado por la trabe colapsada tambi\u00e9n ya fue retirado del lugar. AP \/ ARCHIVO\" width=\"355\" height=\"223\" \/><figcaption class=\"swiper-caption\">El veh\u00edculo aplastado por la trabe colapsada tambi\u00e9n ya fue retirado del lugar. AP \/ ARCHIVO<\/p>\n<\/figcaption><\/figure>\n<\/div>\n<div class=\"news-body row\">\n<div id=\"div-pos-2\">La Fiscal\u00eda General de Ciudad de M\u00e9xico (FGJ-CDMX) dio a conocer que concluy\u00f3 el levantamiento y recolecci\u00f3n de indicios, as\u00ed como la toma de muestras en el lugar donde a principios de mes se registr\u00f3 el accidente de la L\u00ednea-12 que dej\u00f3 un saldo de 26 personas sin vida y m\u00e1s de 90 lesionados, con la finalidad de llevar a cabo los dict\u00e1menes periciales correspondientes.<\/div>\n<p>En conferencia de prensa el vocero de la instituci\u00f3n, Ulises Lara, explic\u00f3 que todos los indicios localizados y muestras obtenidas se embalan adecuadamente y se agregan al registro de cadena de custodia respectivo. Lo anterior, dijo, en plena coordinaci\u00f3n con autoridades del Gobierno de la Ciudad, particularmente las Secretar\u00edas de Obras, as\u00ed como de Gesti\u00f3n Integral de Riesgos y Protecci\u00f3n Civil, y con la presencia de notario p\u00fablico, para dar fe de todo lo realizado.<\/p>\n<p><iframe loading=\"lazy\" title=\"Analizan \u201ccaja negra\u201d del tren siniestrado en la L\u00ednea-12 del Metro\" width=\"640\" height=\"360\" src=\"https:\/\/www.youtube.com\/embed\/uU4wlk0NUjk?feature=oembed\" frameborder=\"0\" allow=\"accelerometer; autoplay; clipboard-write; encrypted-media; gyroscope; picture-in-picture; web-share\" referrerpolicy=\"strict-origin-when-cross-origin\" allowfullscreen><\/iframe><\/p>\n<p>El funcionario inform\u00f3 que dicha informaci\u00f3n fue enviada a la coordinaci\u00f3n general de Investigaci\u00f3n Forense y Servicios Periciales para su an\u00e1lisis donde participan especialistas en puentes, seguridad estructural, ingenier\u00eda y arquitectura, as\u00ed como otros expertos de la FGJ llevaron a cabo la extracci\u00f3n de 60 muestras llamadas tambi\u00e9n &#8220;corazones de concreto&#8221;, as\u00ed como elementos met\u00e1licos en el tramo colapsado, mismos que se trasladaron a los talleres de la estaci\u00f3n Tl\u00e1huac, de la Linea 12, para su investigaci\u00f3n con la respectiva Cadena de custodia.<\/p>\n<p>&#8220;Especialistas en topograf\u00eda, video y fotograf\u00eda forense, as\u00ed como seguridad industrial y criminal\u00edstica de campo de la FGJ en coordinaci\u00f3n con especialistas del Instituto Mexicano del Concreto y el Cemento y los consultores mexicanos de Ingenieros CMI, llevaron a cabo la extracci\u00f3n de cerca de 60 muestras identificadas como corazones de concreto.<\/p>\n<p>&#8220;Para esta semana se inician los trabajos de marcaje y corte para el desmantelamiento de las estructuras, a efecto de realizar pruebas de laboratorio de los elementos met\u00e1licos especialmente acero, que contienen dichas estructuras del tramo colapsado&#8221;, se\u00f1al\u00f3 el tambi\u00e9n coordinador de asesores.<\/p>\n<p>El funcionario inform\u00f3 que de igual forma contin\u00faa la investigaci\u00f3n documental, luego de que el Ministerio P\u00fablico se alleg\u00f3 de planos documentales y de la construcci\u00f3n, particularmente del tramo afectado, as\u00ed como de la informaci\u00f3n relacionada con contratos y supervisi\u00f3n de obra.<br \/>\nAgreg\u00f3 que tambi\u00e9n se revisar\u00e1n la informaci\u00f3n contenida en los trabajos periciales de fotograf\u00eda, video e inform\u00e1tica forense practicados en la zona cero.<\/p>\n<p>Tambi\u00e9n se\u00f1al\u00f3 que el veh\u00edculo aplastado por la trabe colapsada, ya fue retirado del lugar y se traslad\u00f3 a uno de los corralones de la Fiscal\u00eda General de Justicia de la Ciudad de M\u00e9xico.<\/p>\n<p>Con informaci\u00f3n de SUN<\/p>\n<\/div>\n<\/div>\n","protected":false},"excerpt":{"rendered":"<p>Analizan &#8220;caja negra&#8221; del tren siniestrado en la L\u00ednea 12 del Metro de la CDMX&#8230;<\/p>\n","protected":false},"author":2,"featured_media":81336,"comment_status":"open","ping_status":"open","sticky":false,"template":"","format":"standard","meta":{"_monsterinsights_skip_tracking":false,"_monsterinsights_sitenote_active":false,"_monsterinsights_sitenote_note":"","_monsterinsights_sitenote_category":0,"footnotes":""},"categories":[55],"tags":[],"class_list":["post-81333","post","type-post","status-publish","format-standard","has-post-thumbnail","hentry","category-cdmx"],"yoast_head":"<!-- This site is optimized with the Yoast SEO plugin v27.3 - https:\/\/yoast.com\/product\/yoast-seo-wordpress\/ -->\n<title>Analizan &quot;caja negra&quot; del tren siniestrado en la L\u00ednea 12 del Metro de la CDMX -<\/title>\n<meta name=\"robots\" content=\"index, follow, max-snippet:-1, max-image-preview:large, max-video-preview:-1\" \/>\n<link rel=\"canonical\" href=\"https:\/\/quehacerpolitico.mx\/?p=81333\" \/>\n<meta property=\"og:locale\" content=\"es_MX\" \/>\n<meta property=\"og:type\" content=\"article\" \/>\n<meta property=\"og:title\" content=\"Analizan &quot;caja negra&quot; del tren siniestrado en la L\u00ednea 12 del Metro de la CDMX -\" \/>\n<meta property=\"og:description\" content=\"Analizan &#8220;caja negra&#8221; del tren siniestrado en la L\u00ednea 12 del Metro de la CDMX...\" \/>\n<meta property=\"og:url\" content=\"https:\/\/quehacerpolitico.mx\/?p=81333\" \/>\n<meta property=\"article:published_time\" content=\"2021-05-25T03:46:44+00:00\" \/>\n<meta property=\"og:image\" content=\"https:\/\/quehacerpolitico.mx\/wp-content\/uploads\/2021\/05\/F254EC4F-5A4E-43E7-89E3-787CC1982E32.jpeg\" \/>\n\t<meta property=\"og:image:width\" content=\"1073\" \/>\n\t<meta property=\"og:image:height\" content=\"694\" \/>\n\t<meta property=\"og:image:type\" content=\"image\/jpeg\" \/>\n<meta name=\"author\" content=\"Redacci\u00f3n QP\" \/>\n<meta name=\"twitter:card\" content=\"summary_large_image\" \/>\n<meta name=\"twitter:label1\" content=\"Escrito por\" \/>\n\t<meta name=\"twitter:data1\" content=\"Redacci\u00f3n QP\" \/>\n\t<meta name=\"twitter:label2\" content=\"Tiempo de lectura\" \/>\n\t<meta name=\"twitter:data2\" content=\"3 minutos\" \/>\n<script type=\"application\/ld+json\" class=\"yoast-schema-graph\">{\"@context\":\"https:\\\/\\\/schema.org\",\"@graph\":[{\"@type\":\"Article\",\"@id\":\"https:\\\/\\\/quehacerpolitico.mx\\\/?p=81333#article\",\"isPartOf\":{\"@id\":\"https:\\\/\\\/quehacerpolitico.mx\\\/?p=81333\"},\"author\":{\"name\":\"Redacci\u00f3n QP\",\"@id\":\"https:\\\/\\\/quehacerpolitico.mx\\\/#\\\/schema\\\/person\\\/496d8ad2d1d3f8036101dca7ee39e585\"},\"headline\":\"Analizan &#8220;caja negra&#8221; del tren siniestrado en la L\u00ednea 12 del Metro de la CDMX\",\"datePublished\":\"2021-05-25T03:46:44+00:00\",\"mainEntityOfPage\":{\"@id\":\"https:\\\/\\\/quehacerpolitico.mx\\\/?p=81333\"},\"wordCount\":543,\"commentCount\":0,\"image\":{\"@id\":\"https:\\\/\\\/quehacerpolitico.mx\\\/?p=81333#primaryimage\"},\"thumbnailUrl\":\"https:\\\/\\\/quehacerpolitico.mx\\\/wp-content\\\/uploads\\\/2021\\\/05\\\/F254EC4F-5A4E-43E7-89E3-787CC1982E32.jpeg\",\"articleSection\":[\"CDMX\"],\"inLanguage\":\"es\",\"potentialAction\":[{\"@type\":\"CommentAction\",\"name\":\"Comment\",\"target\":[\"https:\\\/\\\/quehacerpolitico.mx\\\/?p=81333#respond\"]}]},{\"@type\":\"WebPage\",\"@id\":\"https:\\\/\\\/quehacerpolitico.mx\\\/?p=81333\",\"url\":\"https:\\\/\\\/quehacerpolitico.mx\\\/?p=81333\",\"name\":\"Analizan \\\"caja negra\\\" del tren siniestrado en la L\u00ednea 12 del Metro de la CDMX -\",\"isPartOf\":{\"@id\":\"https:\\\/\\\/quehacerpolitico.mx\\\/#website\"},\"primaryImageOfPage\":{\"@id\":\"https:\\\/\\\/quehacerpolitico.mx\\\/?p=81333#primaryimage\"},\"image\":{\"@id\":\"https:\\\/\\\/quehacerpolitico.mx\\\/?p=81333#primaryimage\"},\"thumbnailUrl\":\"https:\\\/\\\/quehacerpolitico.mx\\\/wp-content\\\/uploads\\\/2021\\\/05\\\/F254EC4F-5A4E-43E7-89E3-787CC1982E32.jpeg\",\"datePublished\":\"2021-05-25T03:46:44+00:00\",\"author\":{\"@id\":\"https:\\\/\\\/quehacerpolitico.mx\\\/#\\\/schema\\\/person\\\/496d8ad2d1d3f8036101dca7ee39e585\"},\"breadcrumb\":{\"@id\":\"https:\\\/\\\/quehacerpolitico.mx\\\/?p=81333#breadcrumb\"},\"inLanguage\":\"es\",\"potentialAction\":[{\"@type\":\"ReadAction\",\"target\":[\"https:\\\/\\\/quehacerpolitico.mx\\\/?p=81333\"]}]},{\"@type\":\"ImageObject\",\"inLanguage\":\"es\",\"@id\":\"https:\\\/\\\/quehacerpolitico.mx\\\/?p=81333#primaryimage\",\"url\":\"https:\\\/\\\/quehacerpolitico.mx\\\/wp-content\\\/uploads\\\/2021\\\/05\\\/F254EC4F-5A4E-43E7-89E3-787CC1982E32.jpeg\",\"contentUrl\":\"https:\\\/\\\/quehacerpolitico.mx\\\/wp-content\\\/uploads\\\/2021\\\/05\\\/F254EC4F-5A4E-43E7-89E3-787CC1982E32.jpeg\",\"width\":1073,\"height\":694},{\"@type\":\"BreadcrumbList\",\"@id\":\"https:\\\/\\\/quehacerpolitico.mx\\\/?p=81333#breadcrumb\",\"itemListElement\":[{\"@type\":\"ListItem\",\"position\":1,\"name\":\"Inicio\",\"item\":\"https:\\\/\\\/quehacerpolitico.mx\\\/\"},{\"@type\":\"ListItem\",\"position\":2,\"name\":\"Analizan &#8220;caja negra&#8221; del tren siniestrado en la L\u00ednea 12 del Metro de la CDMX\"}]},{\"@type\":\"WebSite\",\"@id\":\"https:\\\/\\\/quehacerpolitico.mx\\\/#website\",\"url\":\"https:\\\/\\\/quehacerpolitico.mx\\\/\",\"name\":\"\",\"description\":\"\",\"potentialAction\":[{\"@type\":\"SearchAction\",\"target\":{\"@type\":\"EntryPoint\",\"urlTemplate\":\"https:\\\/\\\/quehacerpolitico.mx\\\/?s={search_term_string}\"},\"query-input\":{\"@type\":\"PropertyValueSpecification\",\"valueRequired\":true,\"valueName\":\"search_term_string\"}}],\"inLanguage\":\"es\"},{\"@type\":\"Person\",\"@id\":\"https:\\\/\\\/quehacerpolitico.mx\\\/#\\\/schema\\\/person\\\/496d8ad2d1d3f8036101dca7ee39e585\",\"name\":\"Redacci\u00f3n QP\",\"image\":{\"@type\":\"ImageObject\",\"inLanguage\":\"es\",\"@id\":\"https:\\\/\\\/secure.gravatar.com\\\/avatar\\\/c7164ed6fdec453195284ad24a5ae5b6e1eed2b848477fa2a4787ba9adf39a41?s=96&d=mm&r=g\",\"url\":\"https:\\\/\\\/secure.gravatar.com\\\/avatar\\\/c7164ed6fdec453195284ad24a5ae5b6e1eed2b848477fa2a4787ba9adf39a41?s=96&d=mm&r=g\",\"contentUrl\":\"https:\\\/\\\/secure.gravatar.com\\\/avatar\\\/c7164ed6fdec453195284ad24a5ae5b6e1eed2b848477fa2a4787ba9adf39a41?s=96&d=mm&r=g\",\"caption\":\"Redacci\u00f3n QP\"},\"url\":\"https:\\\/\\\/quehacerpolitico.mx\\\/?author=2\"}]}<\/script>\n<!-- \/ Yoast SEO plugin. -->","yoast_head_json":{"title":"Analizan \"caja negra\" del tren siniestrado en la L\u00ednea 12 del Metro de la CDMX -","robots":{"index":"index","follow":"follow","max-snippet":"max-snippet:-1","max-image-preview":"max-image-preview:large","max-video-preview":"max-video-preview:-1"},"canonical":"https:\/\/quehacerpolitico.mx\/?p=81333","og_locale":"es_MX","og_type":"article","og_title":"Analizan \"caja negra\" del tren siniestrado en la L\u00ednea 12 del Metro de la CDMX -","og_description":"Analizan &#8220;caja negra&#8221; del tren siniestrado en la L\u00ednea 12 del Metro de la CDMX...","og_url":"https:\/\/quehacerpolitico.mx\/?p=81333","article_published_time":"2021-05-25T03:46:44+00:00","og_image":[{"width":1073,"height":694,"url":"https:\/\/quehacerpolitico.mx\/wp-content\/uploads\/2021\/05\/F254EC4F-5A4E-43E7-89E3-787CC1982E32.jpeg","type":"image\/jpeg"}],"author":"Redacci\u00f3n QP","twitter_card":"summary_large_image","twitter_misc":{"Escrito por":"Redacci\u00f3n QP","Tiempo de lectura":"3 minutos"},"schema":{"@context":"https:\/\/schema.org","@graph":[{"@type":"Article","@id":"https:\/\/quehacerpolitico.mx\/?p=81333#article","isPartOf":{"@id":"https:\/\/quehacerpolitico.mx\/?p=81333"},"author":{"name":"Redacci\u00f3n QP","@id":"https:\/\/quehacerpolitico.mx\/#\/schema\/person\/496d8ad2d1d3f8036101dca7ee39e585"},"headline":"Analizan &#8220;caja negra&#8221; del tren siniestrado en la L\u00ednea 12 del Metro de la CDMX","datePublished":"2021-05-25T03:46:44+00:00","mainEntityOfPage":{"@id":"https:\/\/quehacerpolitico.mx\/?p=81333"},"wordCount":543,"commentCount":0,"image":{"@id":"https:\/\/quehacerpolitico.mx\/?p=81333#primaryimage"},"thumbnailUrl":"https:\/\/quehacerpolitico.mx\/wp-content\/uploads\/2021\/05\/F254EC4F-5A4E-43E7-89E3-787CC1982E32.jpeg","articleSection":["CDMX"],"inLanguage":"es","potentialAction":[{"@type":"CommentAction","name":"Comment","target":["https:\/\/quehacerpolitico.mx\/?p=81333#respond"]}]},{"@type":"WebPage","@id":"https:\/\/quehacerpolitico.mx\/?p=81333","url":"https:\/\/quehacerpolitico.mx\/?p=81333","name":"Analizan \"caja negra\" del tren siniestrado en la L\u00ednea 12 del Metro de la CDMX -","isPartOf":{"@id":"https:\/\/quehacerpolitico.mx\/#website"},"primaryImageOfPage":{"@id":"https:\/\/quehacerpolitico.mx\/?p=81333#primaryimage"},"image":{"@id":"https:\/\/quehacerpolitico.mx\/?p=81333#primaryimage"},"thumbnailUrl":"https:\/\/quehacerpolitico.mx\/wp-content\/uploads\/2021\/05\/F254EC4F-5A4E-43E7-89E3-787CC1982E32.jpeg","datePublished":"2021-05-25T03:46:44+00:00","author":{"@id":"https:\/\/quehacerpolitico.mx\/#\/schema\/person\/496d8ad2d1d3f8036101dca7ee39e585"},"breadcrumb":{"@id":"https:\/\/quehacerpolitico.mx\/?p=81333#breadcrumb"},"inLanguage":"es","potentialAction":[{"@type":"ReadAction","target":["https:\/\/quehacerpolitico.mx\/?p=81333"]}]},{"@type":"ImageObject","inLanguage":"es","@id":"https:\/\/quehacerpolitico.mx\/?p=81333#primaryimage","url":"https:\/\/quehacerpolitico.mx\/wp-content\/uploads\/2021\/05\/F254EC4F-5A4E-43E7-89E3-787CC1982E32.jpeg","contentUrl":"https:\/\/quehacerpolitico.mx\/wp-content\/uploads\/2021\/05\/F254EC4F-5A4E-43E7-89E3-787CC1982E32.jpeg","width":1073,"height":694},{"@type":"BreadcrumbList","@id":"https:\/\/quehacerpolitico.mx\/?p=81333#breadcrumb","itemListElement":[{"@type":"ListItem","position":1,"name":"Inicio","item":"https:\/\/quehacerpolitico.mx\/"},{"@type":"ListItem","position":2,"name":"Analizan &#8220;caja negra&#8221; del tren siniestrado en la L\u00ednea 12 del Metro de la CDMX"}]},{"@type":"WebSite","@id":"https:\/\/quehacerpolitico.mx\/#website","url":"https:\/\/quehacerpolitico.mx\/","name":"","description":"","potentialAction":[{"@type":"SearchAction","target":{"@type":"EntryPoint","urlTemplate":"https:\/\/quehacerpolitico.mx\/?s={search_term_string}"},"query-input":{"@type":"PropertyValueSpecification","valueRequired":true,"valueName":"search_term_string"}}],"inLanguage":"es"},{"@type":"Person","@id":"https:\/\/quehacerpolitico.mx\/#\/schema\/person\/496d8ad2d1d3f8036101dca7ee39e585","name":"Redacci\u00f3n QP","image":{"@type":"ImageObject","inLanguage":"es","@id":"https:\/\/secure.gravatar.com\/avatar\/c7164ed6fdec453195284ad24a5ae5b6e1eed2b848477fa2a4787ba9adf39a41?s=96&d=mm&r=g","url":"https:\/\/secure.gravatar.com\/avatar\/c7164ed6fdec453195284ad24a5ae5b6e1eed2b848477fa2a4787ba9adf39a41?s=96&d=mm&r=g","contentUrl":"https:\/\/secure.gravatar.com\/avatar\/c7164ed6fdec453195284ad24a5ae5b6e1eed2b848477fa2a4787ba9adf39a41?s=96&d=mm&r=g","caption":"Redacci\u00f3n QP"},"url":"https:\/\/quehacerpolitico.mx\/?author=2"}]}},"featured_image_urls":{"full":["https:\/\/quehacerpolitico.mx\/wp-content\/uploads\/2021\/05\/F254EC4F-5A4E-43E7-89E3-787CC1982E32.jpeg",1073,694,false],"thumbnail":["https:\/\/quehacerpolitico.mx\/wp-content\/uploads\/2021\/05\/F254EC4F-5A4E-43E7-89E3-787CC1982E32-150x150.jpeg",150,150,true],"medium":["https:\/\/quehacerpolitico.mx\/wp-content\/uploads\/2021\/05\/F254EC4F-5A4E-43E7-89E3-787CC1982E32-300x194.jpeg",300,194,true],"medium_large":["https:\/\/quehacerpolitico.mx\/wp-content\/uploads\/2021\/05\/F254EC4F-5A4E-43E7-89E3-787CC1982E32-768x497.jpeg",640,414,true],"large":["https:\/\/quehacerpolitico.mx\/wp-content\/uploads\/2021\/05\/F254EC4F-5A4E-43E7-89E3-787CC1982E32-1024x662.jpeg",640,414,true],"1536x1536":["https:\/\/quehacerpolitico.mx\/wp-content\/uploads\/2021\/05\/F254EC4F-5A4E-43E7-89E3-787CC1982E32.jpeg",1073,694,false],"2048x2048":["https:\/\/quehacerpolitico.mx\/wp-content\/uploads\/2021\/05\/F254EC4F-5A4E-43E7-89E3-787CC1982E32.jpeg",1073,694,false],"covernews-featured":["https:\/\/quehacerpolitico.mx\/wp-content\/uploads\/2021\/05\/F254EC4F-5A4E-43E7-89E3-787CC1982E32.jpeg",1024,662,false],"covernews-medium":["https:\/\/quehacerpolitico.mx\/wp-content\/uploads\/2021\/05\/F254EC4F-5A4E-43E7-89E3-787CC1982E32.jpeg",526,340,false]},"author_info":{"display_name":"Redacci\u00f3n QP","author_link":"https:\/\/quehacerpolitico.mx\/?author=2"},"category_info":"<a href=\"https:\/\/quehacerpolitico.mx\/?cat=55\" rel=\"category\">CDMX<\/a>","tag_info":"CDMX","comment_count":"0","_links":{"self":[{"href":"https:\/\/quehacerpolitico.mx\/index.php?rest_route=\/wp\/v2\/posts\/81333","targetHints":{"allow":["GET"]}}],"collection":[{"href":"https:\/\/quehacerpolitico.mx\/index.php?rest_route=\/wp\/v2\/posts"}],"about":[{"href":"https:\/\/quehacerpolitico.mx\/index.php?rest_route=\/wp\/v2\/types\/post"}],"author":[{"embeddable":true,"href":"https:\/\/quehacerpolitico.mx\/index.php?rest_route=\/wp\/v2\/users\/2"}],"replies":[{"embeddable":true,"href":"https:\/\/quehacerpolitico.mx\/index.php?rest_route=%2Fwp%2Fv2%2Fcomments&post=81333"}],"version-history":[{"count":0,"href":"https:\/\/quehacerpolitico.mx\/index.php?rest_route=\/wp\/v2\/posts\/81333\/revisions"}],"wp:featuredmedia":[{"embeddable":true,"href":"https:\/\/quehacerpolitico.mx\/index.php?rest_route=\/wp\/v2\/media\/81336"}],"wp:attachment":[{"href":"https:\/\/quehacerpolitico.mx\/index.php?rest_route=%2Fwp%2Fv2%2Fmedia&parent=81333"}],"wp:term":[{"taxonomy":"category","embeddable":true,"href":"https:\/\/quehacerpolitico.mx\/index.php?rest_route=%2Fwp%2Fv2%2Fcategories&post=81333"},{"taxonomy":"post_tag","embeddable":true,"href":"https:\/\/quehacerpolitico.mx\/index.php?rest_route=%2Fwp%2Fv2%2Ftags&post=81333"}],"curies":[{"name":"wp","href":"https:\/\/api.w.org\/{rel}","templated":true}]}}