{"id":81326,"date":"2021-05-25T02:49:19","date_gmt":"2021-05-25T02:49:19","guid":{"rendered":"https:\/\/quehacerpolitico.mx\/?p=81326"},"modified":"2021-05-25T02:49:19","modified_gmt":"2021-05-25T02:49:19","slug":"el-arte-latinoamericano-presente-en-morton-subastas","status":"publish","type":"post","link":"https:\/\/quehacerpolitico.mx\/?p=81326","title":{"rendered":"El Arte Latinoamericano presente en Morton Subastas"},"content":{"rendered":"<div class=\"field-title-style\">\n<p>El Arte Latinoamericano presente en Morton Subastas<br \/>\nPor Redacci\u00f3n QP<\/p>\n<p>El pr\u00f3ximo 27 de mayo Morton Subastas prepara un lote excepcional de 187 piezas de artistas latinos de M\u00e9xico, Cuba, Colombia, Argentina entre otros.<\/p>\n<div class=\"entity entity-paragraphs-item paragraphs-item-image-paragraph\">\n<div class=\"content\">\n<div class=\"field-image-paragraph\"><img decoding=\"async\" class=\"i-amphtml-fill-content i-amphtml-replaced-content\" src=\"https:\/\/image.telediario.mx\/sites\/default\/files\/styles\/amp_metadata_content_image_min_696px_wide\/public\/artemorton.jpg\" \/><\/div>\n<\/div>\n<\/div>\n<div class=\"paragraphs-items paragraphs-items-field-paragraphs paragraphs-items-field-paragraphs-amp paragraphs-items-amp\">\n<div class=\"field-paragraphs\">\n<div class=\"entity entity-paragraphs-item paragraphs-item-text-paragraph\">\n<div class=\"content\">\n<div class=\"field-text-paragraph\">\n<p>Lleg\u00f3 uno de los fines de semana m\u00e1s esperados del a\u00f1o para <strong>Morton Subastas<\/strong>. Con 187 piezas de Arte Latinoamericano, este 27 de mayo se dar\u00e1 una de las subastas m\u00e1s importantes del 2021 con artistas de M\u00e9xico, Cuba, Guatemala, El Salvador, Nicaragua, Costa Rica, Colombia, Venezuela, Ecuador, Per\u00fa, Uruguay y Argentina.<\/p>\n<p>Con prestigiosos artistas como Fernando de Szyszlo, Conchita Kuny Mena, H\u00e9ctor Moln\u00e9, Carlos R\u00edos, Ren\u00e9 Mart\u00edn, Maikel Mart\u00ednez. Adem\u00e1s, Nelson Dom\u00ednguez, Jos\u00e9 Bedia, Ofill Echevarr\u00eda y Kcho, adem\u00e1s de Ricardo Mart\u00ednez, Rodolfo Morales, David Alfaro Siqueiros, Rufino Tamayo, Francisco Toledo, Vicente Rojo y Alfredo Alcalde Garc\u00eda, entre muchos otros. Morton Subastas le da el lugar que merece a la expresi\u00f3n art\u00edstica latinoamericana.<\/p>\n<p>Pero entre tanta maravillosa colecci\u00f3n, hay un par que destacan sobre el resto. En esta entrega lo hacen un acr\u00edlico sobre tela de Fernando de Szyszlo, uno de los representantes m\u00e1s importantes del Arte Latinoamericano del siglo XX y la presentada por Conchita Kuny Mena. Notable pintora del neosimbolismo salvadore\u00f1o.<\/p>\n<h2>Las obras de Fernando de Szyszlo y Conchita Kuny Mena.<\/h2>\n<p>La obra titulada Mar de Lur\u00edn est\u00e1 inspirada en un paisaje costero de Per\u00fa que Szyszlo plasm\u00f3 en varias obras realizadas a finales de los a\u00f1os ochenta y principio de los noventa. La obra de Szyszlo transita entre el arte abstracto europeo y prehisp\u00e1nico, est\u00e1 influenciada tambi\u00e9n por corrientes art\u00edsticas como el claroscuro renacentista, vanguardias como el surrealismo, el cubismo, entre otros.<\/p>\n<p>En cuanto a Conchita Kuny Mena. La obra en subasta es un delicado aguacate resguardado en suntuosas telas, de la explosi\u00f3n de un volc\u00e1n que se encuentra al fondo. En ella podemos ver uno de los s\u00edmbolos m\u00e1s recurrentes en su trabajo: el aguacate, en ellos simboliza la riqueza, el poder y la indiferencia hacia lo cotidiano. El volc\u00e1n es un claro s\u00edmbolo de su pa\u00eds, pues en El Salvador se encuentran m\u00e1s de 170 volcanes y entre los cuales la vida de los salvadore\u00f1os se ha desarrollado.<\/p>\n<div class=\"entity entity-paragraphs-item paragraphs-item-text-paragraph\">\n<div class=\"content\">\n<div class=\"field-text-paragraph\">\n<h2>M\u00e9xico presente en la Subasta de Arte Latinoamericano<\/h2>\n<p>Asimismo, se incluyen obras de grandes artistas mexicanos, como una piroxilina realizada por David Alfaro Siqueiros, donde con excepcional dinamismo retrata una vista de la Bah\u00eda de Puerto Marqu\u00e9s en Acapulco.Y la obra de Rodolfo Morales junto con otros dos grandes artistas como Rufino Tamayo y Francisco Toledo.<\/p>\n<p>Esta subasta fue capaz de reunir una gran selecci\u00f3n de representantes de arte cubano. Expresionistas como H\u00e9ctor Moln\u00e9, paisajistas como Carlos R\u00edos, Ren\u00e9 Mart\u00edn y Maikel Mart\u00ednez. Otros extraordinarios artistas que componen esta subasta son Jorge Gonz\u00e1lez Camarena, Rodolfo Nieto, Ignacio Iturria, Carlos Cruz-Diez, Francisco Toledo, Gustavo Aceves, entre muchos otros.<\/p>\n<p>Con informaci\u00f3n de Multimedios Digital<\/p>\n<\/div>\n<\/div>\n<\/div>\n<\/div>\n<\/div>\n<\/div>\n<\/div>\n<\/div>\n<\/div>\n","protected":false},"excerpt":{"rendered":"<p>El Arte Latinoamericano presente en Morton Subastas Por Redacci\u00f3n QP El pr\u00f3ximo 27 de mayo&#8230;<\/p>\n","protected":false},"author":2,"featured_media":81329,"comment_status":"open","ping_status":"open","sticky":false,"template":"","format":"standard","meta":{"_monsterinsights_skip_tracking":false,"_monsterinsights_sitenote_active":false,"_monsterinsights_sitenote_note":"","_monsterinsights_sitenote_category":0,"footnotes":""},"categories":[58],"tags":[],"class_list":["post-81326","post","type-post","status-publish","format-standard","has-post-thumbnail","hentry","category-cultura"],"yoast_head":"<!-- This site is optimized with the Yoast SEO plugin v27.3 - https:\/\/yoast.com\/product\/yoast-seo-wordpress\/ -->\n<title>El Arte Latinoamericano presente en Morton Subastas -<\/title>\n<meta name=\"robots\" content=\"index, follow, max-snippet:-1, max-image-preview:large, max-video-preview:-1\" \/>\n<link rel=\"canonical\" href=\"https:\/\/quehacerpolitico.mx\/?p=81326\" \/>\n<meta property=\"og:locale\" content=\"es_MX\" \/>\n<meta property=\"og:type\" content=\"article\" \/>\n<meta property=\"og:title\" content=\"El Arte Latinoamericano presente en Morton Subastas -\" \/>\n<meta property=\"og:description\" content=\"El Arte Latinoamericano presente en Morton Subastas Por Redacci\u00f3n QP El pr\u00f3ximo 27 de mayo...\" \/>\n<meta property=\"og:url\" content=\"https:\/\/quehacerpolitico.mx\/?p=81326\" \/>\n<meta property=\"article:published_time\" content=\"2021-05-25T02:49:19+00:00\" \/>\n<meta property=\"og:image\" content=\"https:\/\/quehacerpolitico.mx\/wp-content\/uploads\/2021\/05\/995B604A-7BF4-4F27-B8BC-DD7996E2EC33.jpeg\" \/>\n\t<meta property=\"og:image:width\" content=\"696\" \/>\n\t<meta property=\"og:image:height\" content=\"456\" \/>\n\t<meta property=\"og:image:type\" content=\"image\/jpeg\" \/>\n<meta name=\"author\" content=\"Redacci\u00f3n QP\" \/>\n<meta name=\"twitter:card\" content=\"summary_large_image\" \/>\n<meta name=\"twitter:label1\" content=\"Escrito por\" \/>\n\t<meta name=\"twitter:data1\" content=\"Redacci\u00f3n QP\" \/>\n\t<meta name=\"twitter:label2\" content=\"Tiempo de lectura\" \/>\n\t<meta name=\"twitter:data2\" content=\"3 minutos\" \/>\n<script type=\"application\/ld+json\" class=\"yoast-schema-graph\">{\"@context\":\"https:\\\/\\\/schema.org\",\"@graph\":[{\"@type\":\"Article\",\"@id\":\"https:\\\/\\\/quehacerpolitico.mx\\\/?p=81326#article\",\"isPartOf\":{\"@id\":\"https:\\\/\\\/quehacerpolitico.mx\\\/?p=81326\"},\"author\":{\"name\":\"Redacci\u00f3n QP\",\"@id\":\"https:\\\/\\\/quehacerpolitico.mx\\\/#\\\/schema\\\/person\\\/496d8ad2d1d3f8036101dca7ee39e585\"},\"headline\":\"El Arte Latinoamericano presente en Morton Subastas\",\"datePublished\":\"2021-05-25T02:49:19+00:00\",\"mainEntityOfPage\":{\"@id\":\"https:\\\/\\\/quehacerpolitico.mx\\\/?p=81326\"},\"wordCount\":519,\"commentCount\":0,\"image\":{\"@id\":\"https:\\\/\\\/quehacerpolitico.mx\\\/?p=81326#primaryimage\"},\"thumbnailUrl\":\"https:\\\/\\\/quehacerpolitico.mx\\\/wp-content\\\/uploads\\\/2021\\\/05\\\/995B604A-7BF4-4F27-B8BC-DD7996E2EC33.jpeg\",\"articleSection\":[\"Cultura y Entretenimiento\"],\"inLanguage\":\"es\",\"potentialAction\":[{\"@type\":\"CommentAction\",\"name\":\"Comment\",\"target\":[\"https:\\\/\\\/quehacerpolitico.mx\\\/?p=81326#respond\"]}]},{\"@type\":\"WebPage\",\"@id\":\"https:\\\/\\\/quehacerpolitico.mx\\\/?p=81326\",\"url\":\"https:\\\/\\\/quehacerpolitico.mx\\\/?p=81326\",\"name\":\"El Arte Latinoamericano presente en Morton Subastas -\",\"isPartOf\":{\"@id\":\"https:\\\/\\\/quehacerpolitico.mx\\\/#website\"},\"primaryImageOfPage\":{\"@id\":\"https:\\\/\\\/quehacerpolitico.mx\\\/?p=81326#primaryimage\"},\"image\":{\"@id\":\"https:\\\/\\\/quehacerpolitico.mx\\\/?p=81326#primaryimage\"},\"thumbnailUrl\":\"https:\\\/\\\/quehacerpolitico.mx\\\/wp-content\\\/uploads\\\/2021\\\/05\\\/995B604A-7BF4-4F27-B8BC-DD7996E2EC33.jpeg\",\"datePublished\":\"2021-05-25T02:49:19+00:00\",\"author\":{\"@id\":\"https:\\\/\\\/quehacerpolitico.mx\\\/#\\\/schema\\\/person\\\/496d8ad2d1d3f8036101dca7ee39e585\"},\"breadcrumb\":{\"@id\":\"https:\\\/\\\/quehacerpolitico.mx\\\/?p=81326#breadcrumb\"},\"inLanguage\":\"es\",\"potentialAction\":[{\"@type\":\"ReadAction\",\"target\":[\"https:\\\/\\\/quehacerpolitico.mx\\\/?p=81326\"]}]},{\"@type\":\"ImageObject\",\"inLanguage\":\"es\",\"@id\":\"https:\\\/\\\/quehacerpolitico.mx\\\/?p=81326#primaryimage\",\"url\":\"https:\\\/\\\/quehacerpolitico.mx\\\/wp-content\\\/uploads\\\/2021\\\/05\\\/995B604A-7BF4-4F27-B8BC-DD7996E2EC33.jpeg\",\"contentUrl\":\"https:\\\/\\\/quehacerpolitico.mx\\\/wp-content\\\/uploads\\\/2021\\\/05\\\/995B604A-7BF4-4F27-B8BC-DD7996E2EC33.jpeg\",\"width\":696,\"height\":456},{\"@type\":\"BreadcrumbList\",\"@id\":\"https:\\\/\\\/quehacerpolitico.mx\\\/?p=81326#breadcrumb\",\"itemListElement\":[{\"@type\":\"ListItem\",\"position\":1,\"name\":\"Inicio\",\"item\":\"https:\\\/\\\/quehacerpolitico.mx\\\/\"},{\"@type\":\"ListItem\",\"position\":2,\"name\":\"El Arte Latinoamericano presente en Morton Subastas\"}]},{\"@type\":\"WebSite\",\"@id\":\"https:\\\/\\\/quehacerpolitico.mx\\\/#website\",\"url\":\"https:\\\/\\\/quehacerpolitico.mx\\\/\",\"name\":\"\",\"description\":\"\",\"potentialAction\":[{\"@type\":\"SearchAction\",\"target\":{\"@type\":\"EntryPoint\",\"urlTemplate\":\"https:\\\/\\\/quehacerpolitico.mx\\\/?s={search_term_string}\"},\"query-input\":{\"@type\":\"PropertyValueSpecification\",\"valueRequired\":true,\"valueName\":\"search_term_string\"}}],\"inLanguage\":\"es\"},{\"@type\":\"Person\",\"@id\":\"https:\\\/\\\/quehacerpolitico.mx\\\/#\\\/schema\\\/person\\\/496d8ad2d1d3f8036101dca7ee39e585\",\"name\":\"Redacci\u00f3n QP\",\"image\":{\"@type\":\"ImageObject\",\"inLanguage\":\"es\",\"@id\":\"https:\\\/\\\/secure.gravatar.com\\\/avatar\\\/c7164ed6fdec453195284ad24a5ae5b6e1eed2b848477fa2a4787ba9adf39a41?s=96&d=mm&r=g\",\"url\":\"https:\\\/\\\/secure.gravatar.com\\\/avatar\\\/c7164ed6fdec453195284ad24a5ae5b6e1eed2b848477fa2a4787ba9adf39a41?s=96&d=mm&r=g\",\"contentUrl\":\"https:\\\/\\\/secure.gravatar.com\\\/avatar\\\/c7164ed6fdec453195284ad24a5ae5b6e1eed2b848477fa2a4787ba9adf39a41?s=96&d=mm&r=g\",\"caption\":\"Redacci\u00f3n QP\"},\"url\":\"https:\\\/\\\/quehacerpolitico.mx\\\/?author=2\"}]}<\/script>\n<!-- \/ Yoast SEO plugin. -->","yoast_head_json":{"title":"El Arte Latinoamericano presente en Morton Subastas -","robots":{"index":"index","follow":"follow","max-snippet":"max-snippet:-1","max-image-preview":"max-image-preview:large","max-video-preview":"max-video-preview:-1"},"canonical":"https:\/\/quehacerpolitico.mx\/?p=81326","og_locale":"es_MX","og_type":"article","og_title":"El Arte Latinoamericano presente en Morton Subastas -","og_description":"El Arte Latinoamericano presente en Morton Subastas Por Redacci\u00f3n QP El pr\u00f3ximo 27 de mayo...","og_url":"https:\/\/quehacerpolitico.mx\/?p=81326","article_published_time":"2021-05-25T02:49:19+00:00","og_image":[{"width":696,"height":456,"url":"https:\/\/quehacerpolitico.mx\/wp-content\/uploads\/2021\/05\/995B604A-7BF4-4F27-B8BC-DD7996E2EC33.jpeg","type":"image\/jpeg"}],"author":"Redacci\u00f3n QP","twitter_card":"summary_large_image","twitter_misc":{"Escrito por":"Redacci\u00f3n QP","Tiempo de lectura":"3 minutos"},"schema":{"@context":"https:\/\/schema.org","@graph":[{"@type":"Article","@id":"https:\/\/quehacerpolitico.mx\/?p=81326#article","isPartOf":{"@id":"https:\/\/quehacerpolitico.mx\/?p=81326"},"author":{"name":"Redacci\u00f3n QP","@id":"https:\/\/quehacerpolitico.mx\/#\/schema\/person\/496d8ad2d1d3f8036101dca7ee39e585"},"headline":"El Arte Latinoamericano presente en Morton Subastas","datePublished":"2021-05-25T02:49:19+00:00","mainEntityOfPage":{"@id":"https:\/\/quehacerpolitico.mx\/?p=81326"},"wordCount":519,"commentCount":0,"image":{"@id":"https:\/\/quehacerpolitico.mx\/?p=81326#primaryimage"},"thumbnailUrl":"https:\/\/quehacerpolitico.mx\/wp-content\/uploads\/2021\/05\/995B604A-7BF4-4F27-B8BC-DD7996E2EC33.jpeg","articleSection":["Cultura y Entretenimiento"],"inLanguage":"es","potentialAction":[{"@type":"CommentAction","name":"Comment","target":["https:\/\/quehacerpolitico.mx\/?p=81326#respond"]}]},{"@type":"WebPage","@id":"https:\/\/quehacerpolitico.mx\/?p=81326","url":"https:\/\/quehacerpolitico.mx\/?p=81326","name":"El Arte Latinoamericano presente en Morton Subastas -","isPartOf":{"@id":"https:\/\/quehacerpolitico.mx\/#website"},"primaryImageOfPage":{"@id":"https:\/\/quehacerpolitico.mx\/?p=81326#primaryimage"},"image":{"@id":"https:\/\/quehacerpolitico.mx\/?p=81326#primaryimage"},"thumbnailUrl":"https:\/\/quehacerpolitico.mx\/wp-content\/uploads\/2021\/05\/995B604A-7BF4-4F27-B8BC-DD7996E2EC33.jpeg","datePublished":"2021-05-25T02:49:19+00:00","author":{"@id":"https:\/\/quehacerpolitico.mx\/#\/schema\/person\/496d8ad2d1d3f8036101dca7ee39e585"},"breadcrumb":{"@id":"https:\/\/quehacerpolitico.mx\/?p=81326#breadcrumb"},"inLanguage":"es","potentialAction":[{"@type":"ReadAction","target":["https:\/\/quehacerpolitico.mx\/?p=81326"]}]},{"@type":"ImageObject","inLanguage":"es","@id":"https:\/\/quehacerpolitico.mx\/?p=81326#primaryimage","url":"https:\/\/quehacerpolitico.mx\/wp-content\/uploads\/2021\/05\/995B604A-7BF4-4F27-B8BC-DD7996E2EC33.jpeg","contentUrl":"https:\/\/quehacerpolitico.mx\/wp-content\/uploads\/2021\/05\/995B604A-7BF4-4F27-B8BC-DD7996E2EC33.jpeg","width":696,"height":456},{"@type":"BreadcrumbList","@id":"https:\/\/quehacerpolitico.mx\/?p=81326#breadcrumb","itemListElement":[{"@type":"ListItem","position":1,"name":"Inicio","item":"https:\/\/quehacerpolitico.mx\/"},{"@type":"ListItem","position":2,"name":"El Arte Latinoamericano presente en Morton Subastas"}]},{"@type":"WebSite","@id":"https:\/\/quehacerpolitico.mx\/#website","url":"https:\/\/quehacerpolitico.mx\/","name":"","description":"","potentialAction":[{"@type":"SearchAction","target":{"@type":"EntryPoint","urlTemplate":"https:\/\/quehacerpolitico.mx\/?s={search_term_string}"},"query-input":{"@type":"PropertyValueSpecification","valueRequired":true,"valueName":"search_term_string"}}],"inLanguage":"es"},{"@type":"Person","@id":"https:\/\/quehacerpolitico.mx\/#\/schema\/person\/496d8ad2d1d3f8036101dca7ee39e585","name":"Redacci\u00f3n QP","image":{"@type":"ImageObject","inLanguage":"es","@id":"https:\/\/secure.gravatar.com\/avatar\/c7164ed6fdec453195284ad24a5ae5b6e1eed2b848477fa2a4787ba9adf39a41?s=96&d=mm&r=g","url":"https:\/\/secure.gravatar.com\/avatar\/c7164ed6fdec453195284ad24a5ae5b6e1eed2b848477fa2a4787ba9adf39a41?s=96&d=mm&r=g","contentUrl":"https:\/\/secure.gravatar.com\/avatar\/c7164ed6fdec453195284ad24a5ae5b6e1eed2b848477fa2a4787ba9adf39a41?s=96&d=mm&r=g","caption":"Redacci\u00f3n QP"},"url":"https:\/\/quehacerpolitico.mx\/?author=2"}]}},"featured_image_urls":{"full":["https:\/\/quehacerpolitico.mx\/wp-content\/uploads\/2021\/05\/995B604A-7BF4-4F27-B8BC-DD7996E2EC33.jpeg",696,456,false],"thumbnail":["https:\/\/quehacerpolitico.mx\/wp-content\/uploads\/2021\/05\/995B604A-7BF4-4F27-B8BC-DD7996E2EC33-150x150.jpeg",150,150,true],"medium":["https:\/\/quehacerpolitico.mx\/wp-content\/uploads\/2021\/05\/995B604A-7BF4-4F27-B8BC-DD7996E2EC33-300x197.jpeg",300,197,true],"medium_large":["https:\/\/quehacerpolitico.mx\/wp-content\/uploads\/2021\/05\/995B604A-7BF4-4F27-B8BC-DD7996E2EC33.jpeg",640,419,false],"large":["https:\/\/quehacerpolitico.mx\/wp-content\/uploads\/2021\/05\/995B604A-7BF4-4F27-B8BC-DD7996E2EC33.jpeg",640,419,false],"1536x1536":["https:\/\/quehacerpolitico.mx\/wp-content\/uploads\/2021\/05\/995B604A-7BF4-4F27-B8BC-DD7996E2EC33.jpeg",696,456,false],"2048x2048":["https:\/\/quehacerpolitico.mx\/wp-content\/uploads\/2021\/05\/995B604A-7BF4-4F27-B8BC-DD7996E2EC33.jpeg",696,456,false],"covernews-featured":["https:\/\/quehacerpolitico.mx\/wp-content\/uploads\/2021\/05\/995B604A-7BF4-4F27-B8BC-DD7996E2EC33.jpeg",696,456,false],"covernews-medium":["https:\/\/quehacerpolitico.mx\/wp-content\/uploads\/2021\/05\/995B604A-7BF4-4F27-B8BC-DD7996E2EC33.jpeg",519,340,false]},"author_info":{"display_name":"Redacci\u00f3n QP","author_link":"https:\/\/quehacerpolitico.mx\/?author=2"},"category_info":"<a href=\"https:\/\/quehacerpolitico.mx\/?cat=58\" rel=\"category\">Cultura y Entretenimiento<\/a>","tag_info":"Cultura y Entretenimiento","comment_count":"0","_links":{"self":[{"href":"https:\/\/quehacerpolitico.mx\/index.php?rest_route=\/wp\/v2\/posts\/81326","targetHints":{"allow":["GET"]}}],"collection":[{"href":"https:\/\/quehacerpolitico.mx\/index.php?rest_route=\/wp\/v2\/posts"}],"about":[{"href":"https:\/\/quehacerpolitico.mx\/index.php?rest_route=\/wp\/v2\/types\/post"}],"author":[{"embeddable":true,"href":"https:\/\/quehacerpolitico.mx\/index.php?rest_route=\/wp\/v2\/users\/2"}],"replies":[{"embeddable":true,"href":"https:\/\/quehacerpolitico.mx\/index.php?rest_route=%2Fwp%2Fv2%2Fcomments&post=81326"}],"version-history":[{"count":0,"href":"https:\/\/quehacerpolitico.mx\/index.php?rest_route=\/wp\/v2\/posts\/81326\/revisions"}],"wp:featuredmedia":[{"embeddable":true,"href":"https:\/\/quehacerpolitico.mx\/index.php?rest_route=\/wp\/v2\/media\/81329"}],"wp:attachment":[{"href":"https:\/\/quehacerpolitico.mx\/index.php?rest_route=%2Fwp%2Fv2%2Fmedia&parent=81326"}],"wp:term":[{"taxonomy":"category","embeddable":true,"href":"https:\/\/quehacerpolitico.mx\/index.php?rest_route=%2Fwp%2Fv2%2Fcategories&post=81326"},{"taxonomy":"post_tag","embeddable":true,"href":"https:\/\/quehacerpolitico.mx\/index.php?rest_route=%2Fwp%2Fv2%2Ftags&post=81326"}],"curies":[{"name":"wp","href":"https:\/\/api.w.org\/{rel}","templated":true}]}}