{"id":81315,"date":"2021-05-25T01:56:33","date_gmt":"2021-05-25T01:56:33","guid":{"rendered":"https:\/\/quehacerpolitico.mx\/?p=81315"},"modified":"2021-05-25T01:56:33","modified_gmt":"2021-05-25T01:56:33","slug":"amlo-anuncia-la-compra-de-la-refineria-deer-park-en-houston-texas","status":"publish","type":"post","link":"https:\/\/quehacerpolitico.mx\/?p=81315","title":{"rendered":"AMLO anuncia la compra de la refiner\u00eda Deer Park, en Houston, Texas"},"content":{"rendered":"<h1 class=\"article_title\">AMLO anuncia la compra de la refiner\u00eda Deer Park, en Houston, Texas<br \/>\nPor Redacci\u00f3n QP<\/h1>\n<p>Pemex tendr\u00e1 el 100% de las acciones de la refiner\u00eda, anuncia el presidente de M\u00e9xico en Twitter<\/p>\n<p>El presidente de M\u00e9xico, Andres Manuel L\u00f3pez Obrador, anunci\u00f3 este lunes 24 de mayo de 2021 la compra de la refiner\u00eda <strong>Deer Park<\/strong> de Houston, Texas, propiedad de Shell.<\/p>\n<blockquote class=\"twitter-tweet\" data-width=\"550\" data-dnt=\"true\">\n<p lang=\"es\" dir=\"ltr\">Hoy cerramos la operaci\u00f3n para comprar la refiner\u00eda Deer Park de Houston, Texas, propiedad de Shell. Ahora Pemex tendr\u00e1 el 100% de las acciones. Lo m\u00e1s importante es que en 2023 seremos autosuficientes en gasolinas y di\u00e9sel; no habr\u00e1 aumentos en los precios de los combustibles. <a href=\"https:\/\/t.co\/TUpi8mcjb6\">pic.twitter.com\/TUpi8mcjb6<\/a><\/p>\n<p>&mdash; Andr\u00e9s Manuel (@lopezobrador_) <a href=\"https:\/\/twitter.com\/lopezobrador_\/status\/1396889997924503552?ref_src=twsrc%5Etfw\">May 24, 2021<\/a><\/p><\/blockquote>\n<p><script async src=\"https:\/\/platform.twitter.com\/widgets.js\" charset=\"utf-8\"><\/script><\/p>\n<blockquote><p>\u201cHoy cerramos la operaci\u00f3n para comprar la refiner\u00eda Deer Park de Houston, Texas, propiedad de Shell. Ahora Pemex tendr\u00e1 el 100% de las acciones. Lo m\u00e1s importante es que en 2023 seremos autosuficientes en gasolinas y di\u00e9sel; no habr\u00e1 aumentos en los precios de los combustibles\u201d, public\u00f3 el mandatario en Twitter.<\/p><\/blockquote>\n<p>En un video publicado junto con su mensaje, el presidente dijo que se compr\u00f3 el 50% de las acciones, porque el otro 50% ya era de Petr\u00f3leos Mexicanos (Pemex) y de esta manera M\u00e9xico cuenta ya con una nueva refiner\u00eda.<\/p>\n<p>Dijo que la refiner\u00eda en Houston, Texas, tiene capacidad para procesar 340 mil barriles diarios.<\/p>\n<blockquote><p>\u201cVamos a producir gasolinas, di\u00e9sel y es igual que la nueva refiner\u00eda de Dos Bocas, que estamos construyendo, que tambi\u00e9n va a tener capacidad de refinar 340 mil barriles diarios de combustibles\u201d.<\/p><\/blockquote>\n<p>Destac\u00f3 que su gobierno recibi\u00f3 seis refiner\u00edas en mal estado, que se est\u00e1n modernizando y se est\u00e1 reiniciando tambi\u00e9n la coquizadora de Tula para ampliar su capacidad de refinaci\u00f3n, adem\u00e1s de dos refiner\u00edas m\u00e1s.<\/p>\n<blockquote><p>\u201cRecibimos seis refiner\u00edas y vamos a entregar ocho\u201d, destac\u00f3.<\/p><\/blockquote>\n<p>El presidente L\u00f3pez Obrador sentenci\u00f3 que de esta manera se dejar\u00e1n de comprar las gasolinas y los combustibles en el extranjero.<\/p>\n<p>Dijo que Pemex va a procesar y a convertir todo el petr\u00f3leo crudo en gasolinas y di\u00e9sel.<\/p>\n<blockquote><p>\u201cVamos a ser autosuficientes, esto para 2023\u201d.<\/p><\/blockquote>\n<p>Explic\u00f3 que la compra del 50% de las acciones cost\u00f3 al gobierno 600 millones de d\u00f3lares, alrededor de 12 mil millones de pesos; dijo que no se trat\u00f3 de un cr\u00e9dito y que no hay deuda, sino que se logr\u00f3 con los ahorros del gobierno por no permitir la corrupci\u00f3n, por ser un gobierno austero y sin lujos.<\/p>\n<p>Finalmente, se\u00f1al\u00f3 que se dar\u00eda informaci\u00f3n detallada al respecto y que el consejo de administraci\u00f3n de Pemex aprob\u00f3 la compra por unanimidad<\/p>\n<blockquote class=\"twitter-tweet\" data-width=\"550\" data-dnt=\"true\">\n<p lang=\"es\" dir=\"ltr\">\ud83d\udccc <a href=\"https:\/\/twitter.com\/hashtag\/PEMEX?src=hash&amp;ref_src=twsrc%5Etfw\">#PEMEX<\/a> firma acuerdo para la compra total de la Refiner\u00eda Deer Park.<a href=\"https:\/\/t.co\/ocdhwDTN9r\">https:\/\/t.co\/ocdhwDTN9r<\/a> <a href=\"https:\/\/t.co\/0zcBSnbDP3\">pic.twitter.com\/0zcBSnbDP3<\/a><\/p>\n<p>&mdash; Petr\u00f3leos Mexicanos (@Pemex) <a href=\"https:\/\/twitter.com\/Pemex\/status\/1396890098231390211?ref_src=twsrc%5Etfw\">May 24, 2021<\/a><\/p><\/blockquote>\n<p><script async src=\"https:\/\/platform.twitter.com\/widgets.js\" charset=\"utf-8\"><\/script><\/p>\n<p>Con informaci\u00f3n de Presidencia<\/p>\n","protected":false},"excerpt":{"rendered":"<p>AMLO anuncia la compra de la refiner\u00eda Deer Park, en Houston, Texas Por Redacci\u00f3n QP&#8230;<\/p>\n","protected":false},"author":2,"featured_media":81319,"comment_status":"open","ping_status":"open","sticky":false,"template":"","format":"standard","meta":{"_monsterinsights_skip_tracking":false,"_monsterinsights_sitenote_active":false,"_monsterinsights_sitenote_note":"","_monsterinsights_sitenote_category":0,"footnotes":""},"categories":[56],"tags":[],"class_list":["post-81315","post","type-post","status-publish","format-standard","has-post-thumbnail","hentry","category-economia"],"yoast_head":"<!-- This site is optimized with the Yoast SEO plugin v27.3 - https:\/\/yoast.com\/product\/yoast-seo-wordpress\/ -->\n<title>AMLO anuncia la compra de la refiner\u00eda Deer Park, en Houston, Texas -<\/title>\n<meta name=\"robots\" content=\"index, follow, max-snippet:-1, max-image-preview:large, max-video-preview:-1\" \/>\n<link rel=\"canonical\" href=\"https:\/\/quehacerpolitico.mx\/?p=81315\" \/>\n<meta property=\"og:locale\" content=\"es_MX\" \/>\n<meta property=\"og:type\" content=\"article\" \/>\n<meta property=\"og:title\" content=\"AMLO anuncia la compra de la refiner\u00eda Deer Park, en Houston, Texas -\" \/>\n<meta property=\"og:description\" content=\"AMLO anuncia la compra de la refiner\u00eda Deer Park, en Houston, Texas Por Redacci\u00f3n QP...\" \/>\n<meta property=\"og:url\" content=\"https:\/\/quehacerpolitico.mx\/?p=81315\" \/>\n<meta property=\"article:published_time\" content=\"2021-05-25T01:56:33+00:00\" \/>\n<meta property=\"og:image\" content=\"https:\/\/quehacerpolitico.mx\/wp-content\/uploads\/2021\/05\/214BECF9-6653-4C11-8B09-4A6DE3C2442C.jpeg\" \/>\n\t<meta property=\"og:image:width\" content=\"1242\" \/>\n\t<meta property=\"og:image:height\" content=\"670\" \/>\n\t<meta property=\"og:image:type\" content=\"image\/jpeg\" \/>\n<meta name=\"author\" content=\"Redacci\u00f3n QP\" \/>\n<meta name=\"twitter:card\" content=\"summary_large_image\" \/>\n<meta name=\"twitter:label1\" content=\"Escrito por\" \/>\n\t<meta name=\"twitter:data1\" content=\"Redacci\u00f3n QP\" \/>\n\t<meta name=\"twitter:label2\" content=\"Tiempo de lectura\" \/>\n\t<meta name=\"twitter:data2\" content=\"2 minutos\" \/>\n<script type=\"application\/ld+json\" class=\"yoast-schema-graph\">{\"@context\":\"https:\\\/\\\/schema.org\",\"@graph\":[{\"@type\":\"Article\",\"@id\":\"https:\\\/\\\/quehacerpolitico.mx\\\/?p=81315#article\",\"isPartOf\":{\"@id\":\"https:\\\/\\\/quehacerpolitico.mx\\\/?p=81315\"},\"author\":{\"name\":\"Redacci\u00f3n QP\",\"@id\":\"https:\\\/\\\/quehacerpolitico.mx\\\/#\\\/schema\\\/person\\\/496d8ad2d1d3f8036101dca7ee39e585\"},\"headline\":\"AMLO anuncia la compra de la refiner\u00eda Deer Park, en Houston, Texas\",\"datePublished\":\"2021-05-25T01:56:33+00:00\",\"mainEntityOfPage\":{\"@id\":\"https:\\\/\\\/quehacerpolitico.mx\\\/?p=81315\"},\"wordCount\":421,\"commentCount\":0,\"image\":{\"@id\":\"https:\\\/\\\/quehacerpolitico.mx\\\/?p=81315#primaryimage\"},\"thumbnailUrl\":\"https:\\\/\\\/quehacerpolitico.mx\\\/wp-content\\\/uploads\\\/2021\\\/05\\\/214BECF9-6653-4C11-8B09-4A6DE3C2442C.jpeg\",\"articleSection\":[\"Econom\u00eda\"],\"inLanguage\":\"es\",\"potentialAction\":[{\"@type\":\"CommentAction\",\"name\":\"Comment\",\"target\":[\"https:\\\/\\\/quehacerpolitico.mx\\\/?p=81315#respond\"]}]},{\"@type\":\"WebPage\",\"@id\":\"https:\\\/\\\/quehacerpolitico.mx\\\/?p=81315\",\"url\":\"https:\\\/\\\/quehacerpolitico.mx\\\/?p=81315\",\"name\":\"AMLO anuncia la compra de la refiner\u00eda Deer Park, en Houston, Texas -\",\"isPartOf\":{\"@id\":\"https:\\\/\\\/quehacerpolitico.mx\\\/#website\"},\"primaryImageOfPage\":{\"@id\":\"https:\\\/\\\/quehacerpolitico.mx\\\/?p=81315#primaryimage\"},\"image\":{\"@id\":\"https:\\\/\\\/quehacerpolitico.mx\\\/?p=81315#primaryimage\"},\"thumbnailUrl\":\"https:\\\/\\\/quehacerpolitico.mx\\\/wp-content\\\/uploads\\\/2021\\\/05\\\/214BECF9-6653-4C11-8B09-4A6DE3C2442C.jpeg\",\"datePublished\":\"2021-05-25T01:56:33+00:00\",\"author\":{\"@id\":\"https:\\\/\\\/quehacerpolitico.mx\\\/#\\\/schema\\\/person\\\/496d8ad2d1d3f8036101dca7ee39e585\"},\"breadcrumb\":{\"@id\":\"https:\\\/\\\/quehacerpolitico.mx\\\/?p=81315#breadcrumb\"},\"inLanguage\":\"es\",\"potentialAction\":[{\"@type\":\"ReadAction\",\"target\":[\"https:\\\/\\\/quehacerpolitico.mx\\\/?p=81315\"]}]},{\"@type\":\"ImageObject\",\"inLanguage\":\"es\",\"@id\":\"https:\\\/\\\/quehacerpolitico.mx\\\/?p=81315#primaryimage\",\"url\":\"https:\\\/\\\/quehacerpolitico.mx\\\/wp-content\\\/uploads\\\/2021\\\/05\\\/214BECF9-6653-4C11-8B09-4A6DE3C2442C.jpeg\",\"contentUrl\":\"https:\\\/\\\/quehacerpolitico.mx\\\/wp-content\\\/uploads\\\/2021\\\/05\\\/214BECF9-6653-4C11-8B09-4A6DE3C2442C.jpeg\",\"width\":1242,\"height\":670},{\"@type\":\"BreadcrumbList\",\"@id\":\"https:\\\/\\\/quehacerpolitico.mx\\\/?p=81315#breadcrumb\",\"itemListElement\":[{\"@type\":\"ListItem\",\"position\":1,\"name\":\"Inicio\",\"item\":\"https:\\\/\\\/quehacerpolitico.mx\\\/\"},{\"@type\":\"ListItem\",\"position\":2,\"name\":\"AMLO anuncia la compra de la refiner\u00eda Deer Park, en Houston, Texas\"}]},{\"@type\":\"WebSite\",\"@id\":\"https:\\\/\\\/quehacerpolitico.mx\\\/#website\",\"url\":\"https:\\\/\\\/quehacerpolitico.mx\\\/\",\"name\":\"\",\"description\":\"\",\"potentialAction\":[{\"@type\":\"SearchAction\",\"target\":{\"@type\":\"EntryPoint\",\"urlTemplate\":\"https:\\\/\\\/quehacerpolitico.mx\\\/?s={search_term_string}\"},\"query-input\":{\"@type\":\"PropertyValueSpecification\",\"valueRequired\":true,\"valueName\":\"search_term_string\"}}],\"inLanguage\":\"es\"},{\"@type\":\"Person\",\"@id\":\"https:\\\/\\\/quehacerpolitico.mx\\\/#\\\/schema\\\/person\\\/496d8ad2d1d3f8036101dca7ee39e585\",\"name\":\"Redacci\u00f3n QP\",\"image\":{\"@type\":\"ImageObject\",\"inLanguage\":\"es\",\"@id\":\"https:\\\/\\\/secure.gravatar.com\\\/avatar\\\/c7164ed6fdec453195284ad24a5ae5b6e1eed2b848477fa2a4787ba9adf39a41?s=96&d=mm&r=g\",\"url\":\"https:\\\/\\\/secure.gravatar.com\\\/avatar\\\/c7164ed6fdec453195284ad24a5ae5b6e1eed2b848477fa2a4787ba9adf39a41?s=96&d=mm&r=g\",\"contentUrl\":\"https:\\\/\\\/secure.gravatar.com\\\/avatar\\\/c7164ed6fdec453195284ad24a5ae5b6e1eed2b848477fa2a4787ba9adf39a41?s=96&d=mm&r=g\",\"caption\":\"Redacci\u00f3n QP\"},\"url\":\"https:\\\/\\\/quehacerpolitico.mx\\\/?author=2\"}]}<\/script>\n<!-- \/ Yoast SEO plugin. -->","yoast_head_json":{"title":"AMLO anuncia la compra de la refiner\u00eda Deer Park, en Houston, Texas -","robots":{"index":"index","follow":"follow","max-snippet":"max-snippet:-1","max-image-preview":"max-image-preview:large","max-video-preview":"max-video-preview:-1"},"canonical":"https:\/\/quehacerpolitico.mx\/?p=81315","og_locale":"es_MX","og_type":"article","og_title":"AMLO anuncia la compra de la refiner\u00eda Deer Park, en Houston, Texas -","og_description":"AMLO anuncia la compra de la refiner\u00eda Deer Park, en Houston, Texas Por Redacci\u00f3n QP...","og_url":"https:\/\/quehacerpolitico.mx\/?p=81315","article_published_time":"2021-05-25T01:56:33+00:00","og_image":[{"width":1242,"height":670,"url":"https:\/\/quehacerpolitico.mx\/wp-content\/uploads\/2021\/05\/214BECF9-6653-4C11-8B09-4A6DE3C2442C.jpeg","type":"image\/jpeg"}],"author":"Redacci\u00f3n QP","twitter_card":"summary_large_image","twitter_misc":{"Escrito por":"Redacci\u00f3n QP","Tiempo de lectura":"2 minutos"},"schema":{"@context":"https:\/\/schema.org","@graph":[{"@type":"Article","@id":"https:\/\/quehacerpolitico.mx\/?p=81315#article","isPartOf":{"@id":"https:\/\/quehacerpolitico.mx\/?p=81315"},"author":{"name":"Redacci\u00f3n QP","@id":"https:\/\/quehacerpolitico.mx\/#\/schema\/person\/496d8ad2d1d3f8036101dca7ee39e585"},"headline":"AMLO anuncia la compra de la refiner\u00eda Deer Park, en Houston, Texas","datePublished":"2021-05-25T01:56:33+00:00","mainEntityOfPage":{"@id":"https:\/\/quehacerpolitico.mx\/?p=81315"},"wordCount":421,"commentCount":0,"image":{"@id":"https:\/\/quehacerpolitico.mx\/?p=81315#primaryimage"},"thumbnailUrl":"https:\/\/quehacerpolitico.mx\/wp-content\/uploads\/2021\/05\/214BECF9-6653-4C11-8B09-4A6DE3C2442C.jpeg","articleSection":["Econom\u00eda"],"inLanguage":"es","potentialAction":[{"@type":"CommentAction","name":"Comment","target":["https:\/\/quehacerpolitico.mx\/?p=81315#respond"]}]},{"@type":"WebPage","@id":"https:\/\/quehacerpolitico.mx\/?p=81315","url":"https:\/\/quehacerpolitico.mx\/?p=81315","name":"AMLO anuncia la compra de la refiner\u00eda Deer Park, en Houston, Texas -","isPartOf":{"@id":"https:\/\/quehacerpolitico.mx\/#website"},"primaryImageOfPage":{"@id":"https:\/\/quehacerpolitico.mx\/?p=81315#primaryimage"},"image":{"@id":"https:\/\/quehacerpolitico.mx\/?p=81315#primaryimage"},"thumbnailUrl":"https:\/\/quehacerpolitico.mx\/wp-content\/uploads\/2021\/05\/214BECF9-6653-4C11-8B09-4A6DE3C2442C.jpeg","datePublished":"2021-05-25T01:56:33+00:00","author":{"@id":"https:\/\/quehacerpolitico.mx\/#\/schema\/person\/496d8ad2d1d3f8036101dca7ee39e585"},"breadcrumb":{"@id":"https:\/\/quehacerpolitico.mx\/?p=81315#breadcrumb"},"inLanguage":"es","potentialAction":[{"@type":"ReadAction","target":["https:\/\/quehacerpolitico.mx\/?p=81315"]}]},{"@type":"ImageObject","inLanguage":"es","@id":"https:\/\/quehacerpolitico.mx\/?p=81315#primaryimage","url":"https:\/\/quehacerpolitico.mx\/wp-content\/uploads\/2021\/05\/214BECF9-6653-4C11-8B09-4A6DE3C2442C.jpeg","contentUrl":"https:\/\/quehacerpolitico.mx\/wp-content\/uploads\/2021\/05\/214BECF9-6653-4C11-8B09-4A6DE3C2442C.jpeg","width":1242,"height":670},{"@type":"BreadcrumbList","@id":"https:\/\/quehacerpolitico.mx\/?p=81315#breadcrumb","itemListElement":[{"@type":"ListItem","position":1,"name":"Inicio","item":"https:\/\/quehacerpolitico.mx\/"},{"@type":"ListItem","position":2,"name":"AMLO anuncia la compra de la refiner\u00eda Deer Park, en Houston, Texas"}]},{"@type":"WebSite","@id":"https:\/\/quehacerpolitico.mx\/#website","url":"https:\/\/quehacerpolitico.mx\/","name":"","description":"","potentialAction":[{"@type":"SearchAction","target":{"@type":"EntryPoint","urlTemplate":"https:\/\/quehacerpolitico.mx\/?s={search_term_string}"},"query-input":{"@type":"PropertyValueSpecification","valueRequired":true,"valueName":"search_term_string"}}],"inLanguage":"es"},{"@type":"Person","@id":"https:\/\/quehacerpolitico.mx\/#\/schema\/person\/496d8ad2d1d3f8036101dca7ee39e585","name":"Redacci\u00f3n QP","image":{"@type":"ImageObject","inLanguage":"es","@id":"https:\/\/secure.gravatar.com\/avatar\/c7164ed6fdec453195284ad24a5ae5b6e1eed2b848477fa2a4787ba9adf39a41?s=96&d=mm&r=g","url":"https:\/\/secure.gravatar.com\/avatar\/c7164ed6fdec453195284ad24a5ae5b6e1eed2b848477fa2a4787ba9adf39a41?s=96&d=mm&r=g","contentUrl":"https:\/\/secure.gravatar.com\/avatar\/c7164ed6fdec453195284ad24a5ae5b6e1eed2b848477fa2a4787ba9adf39a41?s=96&d=mm&r=g","caption":"Redacci\u00f3n QP"},"url":"https:\/\/quehacerpolitico.mx\/?author=2"}]}},"featured_image_urls":{"full":["https:\/\/quehacerpolitico.mx\/wp-content\/uploads\/2021\/05\/214BECF9-6653-4C11-8B09-4A6DE3C2442C.jpeg",1242,670,false],"thumbnail":["https:\/\/quehacerpolitico.mx\/wp-content\/uploads\/2021\/05\/214BECF9-6653-4C11-8B09-4A6DE3C2442C-150x150.jpeg",150,150,true],"medium":["https:\/\/quehacerpolitico.mx\/wp-content\/uploads\/2021\/05\/214BECF9-6653-4C11-8B09-4A6DE3C2442C-300x162.jpeg",300,162,true],"medium_large":["https:\/\/quehacerpolitico.mx\/wp-content\/uploads\/2021\/05\/214BECF9-6653-4C11-8B09-4A6DE3C2442C-768x414.jpeg",640,345,true],"large":["https:\/\/quehacerpolitico.mx\/wp-content\/uploads\/2021\/05\/214BECF9-6653-4C11-8B09-4A6DE3C2442C-1024x552.jpeg",640,345,true],"1536x1536":["https:\/\/quehacerpolitico.mx\/wp-content\/uploads\/2021\/05\/214BECF9-6653-4C11-8B09-4A6DE3C2442C.jpeg",1242,670,false],"2048x2048":["https:\/\/quehacerpolitico.mx\/wp-content\/uploads\/2021\/05\/214BECF9-6653-4C11-8B09-4A6DE3C2442C.jpeg",1242,670,false],"covernews-featured":["https:\/\/quehacerpolitico.mx\/wp-content\/uploads\/2021\/05\/214BECF9-6653-4C11-8B09-4A6DE3C2442C.jpeg",1024,552,false],"covernews-medium":["https:\/\/quehacerpolitico.mx\/wp-content\/uploads\/2021\/05\/214BECF9-6653-4C11-8B09-4A6DE3C2442C.jpeg",540,291,false]},"author_info":{"display_name":"Redacci\u00f3n QP","author_link":"https:\/\/quehacerpolitico.mx\/?author=2"},"category_info":"<a href=\"https:\/\/quehacerpolitico.mx\/?cat=56\" rel=\"category\">Econom\u00eda<\/a>","tag_info":"Econom\u00eda","comment_count":"0","_links":{"self":[{"href":"https:\/\/quehacerpolitico.mx\/index.php?rest_route=\/wp\/v2\/posts\/81315","targetHints":{"allow":["GET"]}}],"collection":[{"href":"https:\/\/quehacerpolitico.mx\/index.php?rest_route=\/wp\/v2\/posts"}],"about":[{"href":"https:\/\/quehacerpolitico.mx\/index.php?rest_route=\/wp\/v2\/types\/post"}],"author":[{"embeddable":true,"href":"https:\/\/quehacerpolitico.mx\/index.php?rest_route=\/wp\/v2\/users\/2"}],"replies":[{"embeddable":true,"href":"https:\/\/quehacerpolitico.mx\/index.php?rest_route=%2Fwp%2Fv2%2Fcomments&post=81315"}],"version-history":[{"count":0,"href":"https:\/\/quehacerpolitico.mx\/index.php?rest_route=\/wp\/v2\/posts\/81315\/revisions"}],"wp:featuredmedia":[{"embeddable":true,"href":"https:\/\/quehacerpolitico.mx\/index.php?rest_route=\/wp\/v2\/media\/81319"}],"wp:attachment":[{"href":"https:\/\/quehacerpolitico.mx\/index.php?rest_route=%2Fwp%2Fv2%2Fmedia&parent=81315"}],"wp:term":[{"taxonomy":"category","embeddable":true,"href":"https:\/\/quehacerpolitico.mx\/index.php?rest_route=%2Fwp%2Fv2%2Fcategories&post=81315"},{"taxonomy":"post_tag","embeddable":true,"href":"https:\/\/quehacerpolitico.mx\/index.php?rest_route=%2Fwp%2Fv2%2Ftags&post=81315"}],"curies":[{"name":"wp","href":"https:\/\/api.w.org\/{rel}","templated":true}]}}