{"id":81246,"date":"2021-05-22T03:31:53","date_gmt":"2021-05-22T03:31:53","guid":{"rendered":"https:\/\/quehacerpolitico.mx\/?p=81246"},"modified":"2021-05-22T03:31:53","modified_gmt":"2021-05-22T03:31:53","slug":"internacionales-carolina-alonso-romei-joe-biden-pide-detener-la-violencia-entre-comunidades-en-jerusalen","status":"publish","type":"post","link":"https:\/\/quehacerpolitico.mx\/?p=81246","title":{"rendered":"Internacionales\/\/\/Carolina Alonso Romei\/\/\/Joe Biden pide detener la violencia entre comunidades en Jerusal\u00e9n"},"content":{"rendered":"<h1 class=\"news-title\">Joe Biden pide detener la violencia entre comunidades en Jerusal\u00e9n<br \/>\nPor Carolina Alonso Romei<\/h1>\n<p>Internacionalista<\/p>\n<p>El presidente de EU aborda el tema durante una rueda de prensa en la Casa Blanca con su hom\u00f3logo surcoreano, Moon Jae-in<\/p>\n<p><iframe loading=\"lazy\" title=\"Biden: &#039;no shift&#039; in commitment to Israel&#039;s security\" width=\"640\" height=\"360\" src=\"https:\/\/www.youtube.com\/embed\/dwB8zgFrvRI?feature=oembed\" frameborder=\"0\" allow=\"accelerometer; autoplay; clipboard-write; encrypted-media; gyroscope; picture-in-picture; web-share\" referrerpolicy=\"strict-origin-when-cross-origin\" allowfullscreen><\/iframe><\/p>\n<p>El presidente de Estados Unidos, Joe Biden, inst\u00f3 este viernes a detener la violencia entre las comunidades israel\u00ed y \u00e1rabe en Jerusal\u00e9n, que ha vuelto a estallar tras la entrada en vigor de la tregua entre Israel y las milicias palestinas de la Franja de Gaza.<\/p>\n<div id=\"div-pos-2\">&#8220;Pienso que es muy importante que en Jerusal\u00e9n se detenga esta violencia entre comunidades, entre los extremistas de los dos lados, debe detenerse&#8221;<\/div>\n<p>&#8220;Pienso que es muy importante que en Jerusal\u00e9n se detenga esta violencia entre comunidades, entre los extremistas de los dos lados, debe detenerse&#8221;, dijo Biden en una rueda de prensa en la Casa Blanca con su hom\u00f3logo surcoreano, Moon Jae-in.<\/p>\n<p>Pese a la tregua entre Israel y Ham\u00e1s, <strong>este viernes se han repetido los enfrentamientos entre polic\u00edas israel\u00edes y fieles palestinos en la Explanada de las Mezquitas<\/strong>, ubicada en la Ciudad Vieja de Jerusal\u00e9n, en el este ocupado de la ciudad.<\/p>\n<p>Preguntado por las cr\u00edticas que ha recibido de los sectores m\u00e1s izquierdistas del Partido Dem\u00f3crata, que quieren que sea m\u00e1s duro hacia el Estado israel\u00ed, Biden respondi\u00f3 que no ha cambiado su compromiso hacia Israel<\/p>\n<p>&#8220;Es un compromiso con la seguridad de Israel, punto, ning\u00fan cambio en absoluto&#8221;, afirm\u00f3 el mandatario, quien acto seguido defendi\u00f3 la soluci\u00f3n de dos Estados -uno palestino y otro israel\u00ed- como la \u00fanica salida al conflicto de Oriente Medio.<\/p>\n<p>Agreg\u00f3 que durante una llamada con el presidente de la Autoridad Nacional Palestina (ANP), Mahmud Ab\u00e1s, dej\u00f3 claro que <strong>EU va a garantizar que haya seguridad en Cisjordania y un desarrollo econ\u00f3mico.<\/strong><\/p>\n<p>Por otro lado, Biden adelant\u00f3 que va a intentar presentar un gran &#8220;paquete&#8221; junto a otras naciones que quieran colaborar para la reconstrucci\u00f3n de la franja de Gaza &#8220;sin darle a Ham\u00e1s la oportunidad de reparar sus sistemas de armas&#8221;.<\/p>\n<p>Subray\u00f3 que Netanyahu le dio su palabra de que respetar\u00eda el alto el fuego y que el primer ministro israel\u00ed &#8220;nunca ha roto&#8221; sus promesas ante \u00e9l.<\/p>\n<p>&#8220;Pero es esencial que los palestinos de Cisjordania est\u00e9n seguros, que Ab\u00e1s sea reconocido como l\u00edder del pueblo palestino. Ham\u00e1s es una organizaci\u00f3n terrorista, hemos reconocido eso, pero no significa que no debamos estar en Gaza, reconstruyendo Gaza para toda esa gente inocente&#8221;, indic\u00f3.<\/p>\n<p>Con informaci\u00f3n de EFE<\/p>\n","protected":false},"excerpt":{"rendered":"<p>Joe Biden pide detener la violencia entre comunidades en Jerusal\u00e9n Por Carolina Alonso Romei Internacionalista&#8230;<\/p>\n","protected":false},"author":2,"featured_media":81250,"comment_status":"open","ping_status":"open","sticky":false,"template":"","format":"standard","meta":{"_monsterinsights_skip_tracking":false,"_monsterinsights_sitenote_active":false,"_monsterinsights_sitenote_note":"","_monsterinsights_sitenote_category":0,"footnotes":""},"categories":[1],"tags":[],"class_list":["post-81246","post","type-post","status-publish","format-standard","has-post-thumbnail","hentry","category-sin-categoria"],"yoast_head":"<!-- This site is optimized with the Yoast SEO plugin v27.3 - https:\/\/yoast.com\/product\/yoast-seo-wordpress\/ -->\n<title>Internacionales\/\/\/Carolina Alonso Romei\/\/\/Joe Biden pide detener la violencia entre comunidades en Jerusal\u00e9n -<\/title>\n<meta name=\"robots\" content=\"index, follow, max-snippet:-1, max-image-preview:large, max-video-preview:-1\" \/>\n<link rel=\"canonical\" href=\"https:\/\/quehacerpolitico.mx\/?p=81246\" \/>\n<meta property=\"og:locale\" content=\"es_MX\" \/>\n<meta property=\"og:type\" content=\"article\" \/>\n<meta property=\"og:title\" content=\"Internacionales\/\/\/Carolina Alonso Romei\/\/\/Joe Biden pide detener la violencia entre comunidades en Jerusal\u00e9n -\" \/>\n<meta property=\"og:description\" content=\"Joe Biden pide detener la violencia entre comunidades en Jerusal\u00e9n Por Carolina Alonso Romei Internacionalista...\" \/>\n<meta property=\"og:url\" content=\"https:\/\/quehacerpolitico.mx\/?p=81246\" \/>\n<meta property=\"article:published_time\" content=\"2021-05-22T03:31:53+00:00\" \/>\n<meta property=\"og:image\" content=\"https:\/\/quehacerpolitico.mx\/wp-content\/uploads\/2021\/05\/2697F6BF-EE3C-4525-82E6-E0B1BF70AF25.jpeg\" \/>\n\t<meta property=\"og:image:width\" content=\"355\" \/>\n\t<meta property=\"og:image:height\" content=\"223\" \/>\n\t<meta property=\"og:image:type\" content=\"image\/jpeg\" \/>\n<meta name=\"author\" content=\"Redacci\u00f3n QP\" \/>\n<meta name=\"twitter:card\" content=\"summary_large_image\" \/>\n<meta name=\"twitter:label1\" content=\"Escrito por\" \/>\n\t<meta name=\"twitter:data1\" content=\"Redacci\u00f3n QP\" \/>\n\t<meta name=\"twitter:label2\" content=\"Tiempo de lectura\" \/>\n\t<meta name=\"twitter:data2\" content=\"2 minutos\" \/>\n<script type=\"application\/ld+json\" class=\"yoast-schema-graph\">{\"@context\":\"https:\\\/\\\/schema.org\",\"@graph\":[{\"@type\":\"Article\",\"@id\":\"https:\\\/\\\/quehacerpolitico.mx\\\/?p=81246#article\",\"isPartOf\":{\"@id\":\"https:\\\/\\\/quehacerpolitico.mx\\\/?p=81246\"},\"author\":{\"name\":\"Redacci\u00f3n QP\",\"@id\":\"https:\\\/\\\/quehacerpolitico.mx\\\/#\\\/schema\\\/person\\\/496d8ad2d1d3f8036101dca7ee39e585\"},\"headline\":\"Internacionales\\\/\\\/\\\/Carolina Alonso Romei\\\/\\\/\\\/Joe Biden pide detener la violencia entre comunidades en Jerusal\u00e9n\",\"datePublished\":\"2021-05-22T03:31:53+00:00\",\"mainEntityOfPage\":{\"@id\":\"https:\\\/\\\/quehacerpolitico.mx\\\/?p=81246\"},\"wordCount\":456,\"commentCount\":0,\"image\":{\"@id\":\"https:\\\/\\\/quehacerpolitico.mx\\\/?p=81246#primaryimage\"},\"thumbnailUrl\":\"https:\\\/\\\/quehacerpolitico.mx\\\/wp-content\\\/uploads\\\/2021\\\/05\\\/2697F6BF-EE3C-4525-82E6-E0B1BF70AF25.jpeg\",\"articleSection\":[\"Internacionales\"],\"inLanguage\":\"es\",\"potentialAction\":[{\"@type\":\"CommentAction\",\"name\":\"Comment\",\"target\":[\"https:\\\/\\\/quehacerpolitico.mx\\\/?p=81246#respond\"]}]},{\"@type\":\"WebPage\",\"@id\":\"https:\\\/\\\/quehacerpolitico.mx\\\/?p=81246\",\"url\":\"https:\\\/\\\/quehacerpolitico.mx\\\/?p=81246\",\"name\":\"Internacionales\\\/\\\/\\\/Carolina Alonso Romei\\\/\\\/\\\/Joe Biden pide detener la violencia entre comunidades en Jerusal\u00e9n -\",\"isPartOf\":{\"@id\":\"https:\\\/\\\/quehacerpolitico.mx\\\/#website\"},\"primaryImageOfPage\":{\"@id\":\"https:\\\/\\\/quehacerpolitico.mx\\\/?p=81246#primaryimage\"},\"image\":{\"@id\":\"https:\\\/\\\/quehacerpolitico.mx\\\/?p=81246#primaryimage\"},\"thumbnailUrl\":\"https:\\\/\\\/quehacerpolitico.mx\\\/wp-content\\\/uploads\\\/2021\\\/05\\\/2697F6BF-EE3C-4525-82E6-E0B1BF70AF25.jpeg\",\"datePublished\":\"2021-05-22T03:31:53+00:00\",\"author\":{\"@id\":\"https:\\\/\\\/quehacerpolitico.mx\\\/#\\\/schema\\\/person\\\/496d8ad2d1d3f8036101dca7ee39e585\"},\"breadcrumb\":{\"@id\":\"https:\\\/\\\/quehacerpolitico.mx\\\/?p=81246#breadcrumb\"},\"inLanguage\":\"es\",\"potentialAction\":[{\"@type\":\"ReadAction\",\"target\":[\"https:\\\/\\\/quehacerpolitico.mx\\\/?p=81246\"]}]},{\"@type\":\"ImageObject\",\"inLanguage\":\"es\",\"@id\":\"https:\\\/\\\/quehacerpolitico.mx\\\/?p=81246#primaryimage\",\"url\":\"https:\\\/\\\/quehacerpolitico.mx\\\/wp-content\\\/uploads\\\/2021\\\/05\\\/2697F6BF-EE3C-4525-82E6-E0B1BF70AF25.jpeg\",\"contentUrl\":\"https:\\\/\\\/quehacerpolitico.mx\\\/wp-content\\\/uploads\\\/2021\\\/05\\\/2697F6BF-EE3C-4525-82E6-E0B1BF70AF25.jpeg\",\"width\":355,\"height\":223},{\"@type\":\"BreadcrumbList\",\"@id\":\"https:\\\/\\\/quehacerpolitico.mx\\\/?p=81246#breadcrumb\",\"itemListElement\":[{\"@type\":\"ListItem\",\"position\":1,\"name\":\"Inicio\",\"item\":\"https:\\\/\\\/quehacerpolitico.mx\\\/\"},{\"@type\":\"ListItem\",\"position\":2,\"name\":\"Internacionales\\\/\\\/\\\/Carolina Alonso Romei\\\/\\\/\\\/Joe Biden pide detener la violencia entre comunidades en Jerusal\u00e9n\"}]},{\"@type\":\"WebSite\",\"@id\":\"https:\\\/\\\/quehacerpolitico.mx\\\/#website\",\"url\":\"https:\\\/\\\/quehacerpolitico.mx\\\/\",\"name\":\"\",\"description\":\"\",\"potentialAction\":[{\"@type\":\"SearchAction\",\"target\":{\"@type\":\"EntryPoint\",\"urlTemplate\":\"https:\\\/\\\/quehacerpolitico.mx\\\/?s={search_term_string}\"},\"query-input\":{\"@type\":\"PropertyValueSpecification\",\"valueRequired\":true,\"valueName\":\"search_term_string\"}}],\"inLanguage\":\"es\"},{\"@type\":\"Person\",\"@id\":\"https:\\\/\\\/quehacerpolitico.mx\\\/#\\\/schema\\\/person\\\/496d8ad2d1d3f8036101dca7ee39e585\",\"name\":\"Redacci\u00f3n QP\",\"image\":{\"@type\":\"ImageObject\",\"inLanguage\":\"es\",\"@id\":\"https:\\\/\\\/secure.gravatar.com\\\/avatar\\\/c7164ed6fdec453195284ad24a5ae5b6e1eed2b848477fa2a4787ba9adf39a41?s=96&d=mm&r=g\",\"url\":\"https:\\\/\\\/secure.gravatar.com\\\/avatar\\\/c7164ed6fdec453195284ad24a5ae5b6e1eed2b848477fa2a4787ba9adf39a41?s=96&d=mm&r=g\",\"contentUrl\":\"https:\\\/\\\/secure.gravatar.com\\\/avatar\\\/c7164ed6fdec453195284ad24a5ae5b6e1eed2b848477fa2a4787ba9adf39a41?s=96&d=mm&r=g\",\"caption\":\"Redacci\u00f3n QP\"},\"url\":\"https:\\\/\\\/quehacerpolitico.mx\\\/?author=2\"}]}<\/script>\n<!-- \/ Yoast SEO plugin. -->","yoast_head_json":{"title":"Internacionales\/\/\/Carolina Alonso Romei\/\/\/Joe Biden pide detener la violencia entre comunidades en Jerusal\u00e9n -","robots":{"index":"index","follow":"follow","max-snippet":"max-snippet:-1","max-image-preview":"max-image-preview:large","max-video-preview":"max-video-preview:-1"},"canonical":"https:\/\/quehacerpolitico.mx\/?p=81246","og_locale":"es_MX","og_type":"article","og_title":"Internacionales\/\/\/Carolina Alonso Romei\/\/\/Joe Biden pide detener la violencia entre comunidades en Jerusal\u00e9n -","og_description":"Joe Biden pide detener la violencia entre comunidades en Jerusal\u00e9n Por Carolina Alonso Romei Internacionalista...","og_url":"https:\/\/quehacerpolitico.mx\/?p=81246","article_published_time":"2021-05-22T03:31:53+00:00","og_image":[{"width":355,"height":223,"url":"https:\/\/quehacerpolitico.mx\/wp-content\/uploads\/2021\/05\/2697F6BF-EE3C-4525-82E6-E0B1BF70AF25.jpeg","type":"image\/jpeg"}],"author":"Redacci\u00f3n QP","twitter_card":"summary_large_image","twitter_misc":{"Escrito por":"Redacci\u00f3n QP","Tiempo de lectura":"2 minutos"},"schema":{"@context":"https:\/\/schema.org","@graph":[{"@type":"Article","@id":"https:\/\/quehacerpolitico.mx\/?p=81246#article","isPartOf":{"@id":"https:\/\/quehacerpolitico.mx\/?p=81246"},"author":{"name":"Redacci\u00f3n QP","@id":"https:\/\/quehacerpolitico.mx\/#\/schema\/person\/496d8ad2d1d3f8036101dca7ee39e585"},"headline":"Internacionales\/\/\/Carolina Alonso Romei\/\/\/Joe Biden pide detener la violencia entre comunidades en Jerusal\u00e9n","datePublished":"2021-05-22T03:31:53+00:00","mainEntityOfPage":{"@id":"https:\/\/quehacerpolitico.mx\/?p=81246"},"wordCount":456,"commentCount":0,"image":{"@id":"https:\/\/quehacerpolitico.mx\/?p=81246#primaryimage"},"thumbnailUrl":"https:\/\/quehacerpolitico.mx\/wp-content\/uploads\/2021\/05\/2697F6BF-EE3C-4525-82E6-E0B1BF70AF25.jpeg","articleSection":["Internacionales"],"inLanguage":"es","potentialAction":[{"@type":"CommentAction","name":"Comment","target":["https:\/\/quehacerpolitico.mx\/?p=81246#respond"]}]},{"@type":"WebPage","@id":"https:\/\/quehacerpolitico.mx\/?p=81246","url":"https:\/\/quehacerpolitico.mx\/?p=81246","name":"Internacionales\/\/\/Carolina Alonso Romei\/\/\/Joe Biden pide detener la violencia entre comunidades en Jerusal\u00e9n -","isPartOf":{"@id":"https:\/\/quehacerpolitico.mx\/#website"},"primaryImageOfPage":{"@id":"https:\/\/quehacerpolitico.mx\/?p=81246#primaryimage"},"image":{"@id":"https:\/\/quehacerpolitico.mx\/?p=81246#primaryimage"},"thumbnailUrl":"https:\/\/quehacerpolitico.mx\/wp-content\/uploads\/2021\/05\/2697F6BF-EE3C-4525-82E6-E0B1BF70AF25.jpeg","datePublished":"2021-05-22T03:31:53+00:00","author":{"@id":"https:\/\/quehacerpolitico.mx\/#\/schema\/person\/496d8ad2d1d3f8036101dca7ee39e585"},"breadcrumb":{"@id":"https:\/\/quehacerpolitico.mx\/?p=81246#breadcrumb"},"inLanguage":"es","potentialAction":[{"@type":"ReadAction","target":["https:\/\/quehacerpolitico.mx\/?p=81246"]}]},{"@type":"ImageObject","inLanguage":"es","@id":"https:\/\/quehacerpolitico.mx\/?p=81246#primaryimage","url":"https:\/\/quehacerpolitico.mx\/wp-content\/uploads\/2021\/05\/2697F6BF-EE3C-4525-82E6-E0B1BF70AF25.jpeg","contentUrl":"https:\/\/quehacerpolitico.mx\/wp-content\/uploads\/2021\/05\/2697F6BF-EE3C-4525-82E6-E0B1BF70AF25.jpeg","width":355,"height":223},{"@type":"BreadcrumbList","@id":"https:\/\/quehacerpolitico.mx\/?p=81246#breadcrumb","itemListElement":[{"@type":"ListItem","position":1,"name":"Inicio","item":"https:\/\/quehacerpolitico.mx\/"},{"@type":"ListItem","position":2,"name":"Internacionales\/\/\/Carolina Alonso Romei\/\/\/Joe Biden pide detener la violencia entre comunidades en Jerusal\u00e9n"}]},{"@type":"WebSite","@id":"https:\/\/quehacerpolitico.mx\/#website","url":"https:\/\/quehacerpolitico.mx\/","name":"","description":"","potentialAction":[{"@type":"SearchAction","target":{"@type":"EntryPoint","urlTemplate":"https:\/\/quehacerpolitico.mx\/?s={search_term_string}"},"query-input":{"@type":"PropertyValueSpecification","valueRequired":true,"valueName":"search_term_string"}}],"inLanguage":"es"},{"@type":"Person","@id":"https:\/\/quehacerpolitico.mx\/#\/schema\/person\/496d8ad2d1d3f8036101dca7ee39e585","name":"Redacci\u00f3n QP","image":{"@type":"ImageObject","inLanguage":"es","@id":"https:\/\/secure.gravatar.com\/avatar\/c7164ed6fdec453195284ad24a5ae5b6e1eed2b848477fa2a4787ba9adf39a41?s=96&d=mm&r=g","url":"https:\/\/secure.gravatar.com\/avatar\/c7164ed6fdec453195284ad24a5ae5b6e1eed2b848477fa2a4787ba9adf39a41?s=96&d=mm&r=g","contentUrl":"https:\/\/secure.gravatar.com\/avatar\/c7164ed6fdec453195284ad24a5ae5b6e1eed2b848477fa2a4787ba9adf39a41?s=96&d=mm&r=g","caption":"Redacci\u00f3n QP"},"url":"https:\/\/quehacerpolitico.mx\/?author=2"}]}},"featured_image_urls":{"full":["https:\/\/quehacerpolitico.mx\/wp-content\/uploads\/2021\/05\/2697F6BF-EE3C-4525-82E6-E0B1BF70AF25.jpeg",355,223,false],"thumbnail":["https:\/\/quehacerpolitico.mx\/wp-content\/uploads\/2021\/05\/2697F6BF-EE3C-4525-82E6-E0B1BF70AF25-150x150.jpeg",150,150,true],"medium":["https:\/\/quehacerpolitico.mx\/wp-content\/uploads\/2021\/05\/2697F6BF-EE3C-4525-82E6-E0B1BF70AF25-300x188.jpeg",300,188,true],"medium_large":["https:\/\/quehacerpolitico.mx\/wp-content\/uploads\/2021\/05\/2697F6BF-EE3C-4525-82E6-E0B1BF70AF25.jpeg",355,223,false],"large":["https:\/\/quehacerpolitico.mx\/wp-content\/uploads\/2021\/05\/2697F6BF-EE3C-4525-82E6-E0B1BF70AF25.jpeg",355,223,false],"1536x1536":["https:\/\/quehacerpolitico.mx\/wp-content\/uploads\/2021\/05\/2697F6BF-EE3C-4525-82E6-E0B1BF70AF25.jpeg",355,223,false],"2048x2048":["https:\/\/quehacerpolitico.mx\/wp-content\/uploads\/2021\/05\/2697F6BF-EE3C-4525-82E6-E0B1BF70AF25.jpeg",355,223,false],"covernews-featured":["https:\/\/quehacerpolitico.mx\/wp-content\/uploads\/2021\/05\/2697F6BF-EE3C-4525-82E6-E0B1BF70AF25.jpeg",355,223,false],"covernews-medium":["https:\/\/quehacerpolitico.mx\/wp-content\/uploads\/2021\/05\/2697F6BF-EE3C-4525-82E6-E0B1BF70AF25.jpeg",355,223,false]},"author_info":{"display_name":"Redacci\u00f3n QP","author_link":"https:\/\/quehacerpolitico.mx\/?author=2"},"category_info":"<a href=\"https:\/\/quehacerpolitico.mx\/?cat=1\" rel=\"category\">Internacionales<\/a>","tag_info":"Internacionales","comment_count":"0","_links":{"self":[{"href":"https:\/\/quehacerpolitico.mx\/index.php?rest_route=\/wp\/v2\/posts\/81246","targetHints":{"allow":["GET"]}}],"collection":[{"href":"https:\/\/quehacerpolitico.mx\/index.php?rest_route=\/wp\/v2\/posts"}],"about":[{"href":"https:\/\/quehacerpolitico.mx\/index.php?rest_route=\/wp\/v2\/types\/post"}],"author":[{"embeddable":true,"href":"https:\/\/quehacerpolitico.mx\/index.php?rest_route=\/wp\/v2\/users\/2"}],"replies":[{"embeddable":true,"href":"https:\/\/quehacerpolitico.mx\/index.php?rest_route=%2Fwp%2Fv2%2Fcomments&post=81246"}],"version-history":[{"count":0,"href":"https:\/\/quehacerpolitico.mx\/index.php?rest_route=\/wp\/v2\/posts\/81246\/revisions"}],"wp:featuredmedia":[{"embeddable":true,"href":"https:\/\/quehacerpolitico.mx\/index.php?rest_route=\/wp\/v2\/media\/81250"}],"wp:attachment":[{"href":"https:\/\/quehacerpolitico.mx\/index.php?rest_route=%2Fwp%2Fv2%2Fmedia&parent=81246"}],"wp:term":[{"taxonomy":"category","embeddable":true,"href":"https:\/\/quehacerpolitico.mx\/index.php?rest_route=%2Fwp%2Fv2%2Fcategories&post=81246"},{"taxonomy":"post_tag","embeddable":true,"href":"https:\/\/quehacerpolitico.mx\/index.php?rest_route=%2Fwp%2Fv2%2Ftags&post=81246"}],"curies":[{"name":"wp","href":"https:\/\/api.w.org\/{rel}","templated":true}]}}