{"id":81215,"date":"2021-05-21T23:46:30","date_gmt":"2021-05-21T23:46:30","guid":{"rendered":"https:\/\/quehacerpolitico.mx\/?p=81215"},"modified":"2021-05-21T23:46:30","modified_gmt":"2021-05-21T23:46:30","slug":"pacquiao-anuncia-su-regreso-al-ring-en-agosto-ante-spence-jr","status":"publish","type":"post","link":"https:\/\/quehacerpolitico.mx\/?p=81215","title":{"rendered":"Pacquiao anuncia su regreso al ring en agosto ante Spence Jr."},"content":{"rendered":"<h1 class=\"article_title\">Pacquiao anuncia su regreso al ring en agosto ante Spence Jr.<br \/>\nPor Redacci\u00f3n QP<\/h1>\n<p>El filipino inform\u00f3 de la pelea publicando un cartel promocional en su cuenta de Twitter, sin ofrecer m\u00e1s detalles.<\/p>\n<blockquote class=\"twitter-tweet\" data-width=\"550\" data-dnt=\"true\">\n<p lang=\"zxx\" dir=\"ltr\"><a href=\"https:\/\/t.co\/lgwAS5J8c2\">pic.twitter.com\/lgwAS5J8c2<\/a><\/p>\n<p>&mdash; Manny Pacquiao (@MannyPacquiao) <a href=\"https:\/\/twitter.com\/MannyPacquiao\/status\/1395842435448668164?ref_src=twsrc%5Etfw\">May 21, 2021<\/a><\/p><\/blockquote>\n<p><script async src=\"https:\/\/platform.twitter.com\/widgets.js\" charset=\"utf-8\"><\/script><\/p>\n<p>El boxeador filipino <strong>Manny Pacquiao,<\/strong> de 42 a\u00f1os, anunci\u00f3 que subir\u00e1 por primera vez al ring desde 2019 para enfrentar al invicto estadounidense <strong>Errol Spence Jr.<\/strong> el pr\u00f3ximo 21 de agosto en Las Vegas Nevada<\/p>\n<p>De acuerdo con el medio digital The Athletic, Pacquiao ya firm\u00f3 el contrato para esta pelea en la que estar\u00e1n en juego t\u00edtulos de peso welter.<\/p>\n<p>Spence Jr, de 31 a\u00f1os, posee los cinturones del <strong>Consejo Mundial de Boxeo (CMB)<\/strong> y de la <strong>Federaci\u00f3n Internacional de Boxeo (FIB)<\/strong>mientras que Pacquiao consigui\u00f3 el de la Asociaci\u00f3n Mundial de Boxeo (WBA) al derrotar a <strong>Keith Thurman<\/strong> en su \u00faltima pelea en julio de 2019 en <strong>Las Vegas.<\/strong><\/p>\n<p>Pacquiao, ocho veces campe\u00f3n mundial, tiene un balance de 62 victorias (39 nocauts) con 7 derrotas y 2 nulos en una carrera profesional de 26 a\u00f1os mientras Spence Jr suma 27 victorias (21 nocauts) y ninguna derrota<\/p>\n","protected":false},"excerpt":{"rendered":"<p>Pacquiao anuncia su regreso al ring en agosto ante Spence Jr. Por Redacci\u00f3n QP El&#8230;<\/p>\n","protected":false},"author":2,"featured_media":81219,"comment_status":"open","ping_status":"open","sticky":false,"template":"","format":"standard","meta":{"_monsterinsights_skip_tracking":false,"_monsterinsights_sitenote_active":false,"_monsterinsights_sitenote_note":"","_monsterinsights_sitenote_category":0,"footnotes":""},"categories":[54],"tags":[],"class_list":["post-81215","post","type-post","status-publish","format-standard","has-post-thumbnail","hentry","category-deportes"],"yoast_head":"<!-- This site is optimized with the Yoast SEO plugin v27.3 - https:\/\/yoast.com\/product\/yoast-seo-wordpress\/ -->\n<title>Pacquiao anuncia su regreso al ring en agosto ante Spence Jr. -<\/title>\n<meta name=\"robots\" content=\"index, follow, max-snippet:-1, max-image-preview:large, max-video-preview:-1\" \/>\n<link rel=\"canonical\" href=\"https:\/\/quehacerpolitico.mx\/?p=81215\" \/>\n<meta property=\"og:locale\" content=\"es_MX\" \/>\n<meta property=\"og:type\" content=\"article\" \/>\n<meta property=\"og:title\" content=\"Pacquiao anuncia su regreso al ring en agosto ante Spence Jr. -\" \/>\n<meta property=\"og:description\" content=\"Pacquiao anuncia su regreso al ring en agosto ante Spence Jr. Por Redacci\u00f3n QP El...\" \/>\n<meta property=\"og:url\" content=\"https:\/\/quehacerpolitico.mx\/?p=81215\" \/>\n<meta property=\"article:published_time\" content=\"2021-05-21T23:46:30+00:00\" \/>\n<meta property=\"og:image\" content=\"https:\/\/quehacerpolitico.mx\/wp-content\/uploads\/2021\/05\/B0E80C9C-E0F8-4B91-8C7C-025B604D21BD.jpeg\" \/>\n\t<meta property=\"og:image:width\" content=\"1075\" \/>\n\t<meta property=\"og:image:height\" content=\"927\" \/>\n\t<meta property=\"og:image:type\" content=\"image\/jpeg\" \/>\n<meta name=\"author\" content=\"Redacci\u00f3n QP\" \/>\n<meta name=\"twitter:card\" content=\"summary_large_image\" \/>\n<meta name=\"twitter:label1\" content=\"Escrito por\" \/>\n\t<meta name=\"twitter:data1\" content=\"Redacci\u00f3n QP\" \/>\n\t<meta name=\"twitter:label2\" content=\"Tiempo de lectura\" \/>\n\t<meta name=\"twitter:data2\" content=\"1 minuto\" \/>\n<script type=\"application\/ld+json\" class=\"yoast-schema-graph\">{\"@context\":\"https:\\\/\\\/schema.org\",\"@graph\":[{\"@type\":\"Article\",\"@id\":\"https:\\\/\\\/quehacerpolitico.mx\\\/?p=81215#article\",\"isPartOf\":{\"@id\":\"https:\\\/\\\/quehacerpolitico.mx\\\/?p=81215\"},\"author\":{\"name\":\"Redacci\u00f3n QP\",\"@id\":\"https:\\\/\\\/quehacerpolitico.mx\\\/#\\\/schema\\\/person\\\/496d8ad2d1d3f8036101dca7ee39e585\"},\"headline\":\"Pacquiao anuncia su regreso al ring en agosto ante Spence Jr.\",\"datePublished\":\"2021-05-21T23:46:30+00:00\",\"mainEntityOfPage\":{\"@id\":\"https:\\\/\\\/quehacerpolitico.mx\\\/?p=81215\"},\"wordCount\":197,\"commentCount\":0,\"image\":{\"@id\":\"https:\\\/\\\/quehacerpolitico.mx\\\/?p=81215#primaryimage\"},\"thumbnailUrl\":\"https:\\\/\\\/quehacerpolitico.mx\\\/wp-content\\\/uploads\\\/2021\\\/05\\\/B0E80C9C-E0F8-4B91-8C7C-025B604D21BD.jpeg\",\"articleSection\":[\"Deportes\"],\"inLanguage\":\"es\",\"potentialAction\":[{\"@type\":\"CommentAction\",\"name\":\"Comment\",\"target\":[\"https:\\\/\\\/quehacerpolitico.mx\\\/?p=81215#respond\"]}]},{\"@type\":\"WebPage\",\"@id\":\"https:\\\/\\\/quehacerpolitico.mx\\\/?p=81215\",\"url\":\"https:\\\/\\\/quehacerpolitico.mx\\\/?p=81215\",\"name\":\"Pacquiao anuncia su regreso al ring en agosto ante Spence Jr. -\",\"isPartOf\":{\"@id\":\"https:\\\/\\\/quehacerpolitico.mx\\\/#website\"},\"primaryImageOfPage\":{\"@id\":\"https:\\\/\\\/quehacerpolitico.mx\\\/?p=81215#primaryimage\"},\"image\":{\"@id\":\"https:\\\/\\\/quehacerpolitico.mx\\\/?p=81215#primaryimage\"},\"thumbnailUrl\":\"https:\\\/\\\/quehacerpolitico.mx\\\/wp-content\\\/uploads\\\/2021\\\/05\\\/B0E80C9C-E0F8-4B91-8C7C-025B604D21BD.jpeg\",\"datePublished\":\"2021-05-21T23:46:30+00:00\",\"author\":{\"@id\":\"https:\\\/\\\/quehacerpolitico.mx\\\/#\\\/schema\\\/person\\\/496d8ad2d1d3f8036101dca7ee39e585\"},\"breadcrumb\":{\"@id\":\"https:\\\/\\\/quehacerpolitico.mx\\\/?p=81215#breadcrumb\"},\"inLanguage\":\"es\",\"potentialAction\":[{\"@type\":\"ReadAction\",\"target\":[\"https:\\\/\\\/quehacerpolitico.mx\\\/?p=81215\"]}]},{\"@type\":\"ImageObject\",\"inLanguage\":\"es\",\"@id\":\"https:\\\/\\\/quehacerpolitico.mx\\\/?p=81215#primaryimage\",\"url\":\"https:\\\/\\\/quehacerpolitico.mx\\\/wp-content\\\/uploads\\\/2021\\\/05\\\/B0E80C9C-E0F8-4B91-8C7C-025B604D21BD.jpeg\",\"contentUrl\":\"https:\\\/\\\/quehacerpolitico.mx\\\/wp-content\\\/uploads\\\/2021\\\/05\\\/B0E80C9C-E0F8-4B91-8C7C-025B604D21BD.jpeg\",\"width\":1075,\"height\":927},{\"@type\":\"BreadcrumbList\",\"@id\":\"https:\\\/\\\/quehacerpolitico.mx\\\/?p=81215#breadcrumb\",\"itemListElement\":[{\"@type\":\"ListItem\",\"position\":1,\"name\":\"Inicio\",\"item\":\"https:\\\/\\\/quehacerpolitico.mx\\\/\"},{\"@type\":\"ListItem\",\"position\":2,\"name\":\"Pacquiao anuncia su regreso al ring en agosto ante Spence Jr.\"}]},{\"@type\":\"WebSite\",\"@id\":\"https:\\\/\\\/quehacerpolitico.mx\\\/#website\",\"url\":\"https:\\\/\\\/quehacerpolitico.mx\\\/\",\"name\":\"\",\"description\":\"\",\"potentialAction\":[{\"@type\":\"SearchAction\",\"target\":{\"@type\":\"EntryPoint\",\"urlTemplate\":\"https:\\\/\\\/quehacerpolitico.mx\\\/?s={search_term_string}\"},\"query-input\":{\"@type\":\"PropertyValueSpecification\",\"valueRequired\":true,\"valueName\":\"search_term_string\"}}],\"inLanguage\":\"es\"},{\"@type\":\"Person\",\"@id\":\"https:\\\/\\\/quehacerpolitico.mx\\\/#\\\/schema\\\/person\\\/496d8ad2d1d3f8036101dca7ee39e585\",\"name\":\"Redacci\u00f3n QP\",\"image\":{\"@type\":\"ImageObject\",\"inLanguage\":\"es\",\"@id\":\"https:\\\/\\\/secure.gravatar.com\\\/avatar\\\/c7164ed6fdec453195284ad24a5ae5b6e1eed2b848477fa2a4787ba9adf39a41?s=96&d=mm&r=g\",\"url\":\"https:\\\/\\\/secure.gravatar.com\\\/avatar\\\/c7164ed6fdec453195284ad24a5ae5b6e1eed2b848477fa2a4787ba9adf39a41?s=96&d=mm&r=g\",\"contentUrl\":\"https:\\\/\\\/secure.gravatar.com\\\/avatar\\\/c7164ed6fdec453195284ad24a5ae5b6e1eed2b848477fa2a4787ba9adf39a41?s=96&d=mm&r=g\",\"caption\":\"Redacci\u00f3n QP\"},\"url\":\"https:\\\/\\\/quehacerpolitico.mx\\\/?author=2\"}]}<\/script>\n<!-- \/ Yoast SEO plugin. -->","yoast_head_json":{"title":"Pacquiao anuncia su regreso al ring en agosto ante Spence Jr. -","robots":{"index":"index","follow":"follow","max-snippet":"max-snippet:-1","max-image-preview":"max-image-preview:large","max-video-preview":"max-video-preview:-1"},"canonical":"https:\/\/quehacerpolitico.mx\/?p=81215","og_locale":"es_MX","og_type":"article","og_title":"Pacquiao anuncia su regreso al ring en agosto ante Spence Jr. -","og_description":"Pacquiao anuncia su regreso al ring en agosto ante Spence Jr. Por Redacci\u00f3n QP El...","og_url":"https:\/\/quehacerpolitico.mx\/?p=81215","article_published_time":"2021-05-21T23:46:30+00:00","og_image":[{"width":1075,"height":927,"url":"https:\/\/quehacerpolitico.mx\/wp-content\/uploads\/2021\/05\/B0E80C9C-E0F8-4B91-8C7C-025B604D21BD.jpeg","type":"image\/jpeg"}],"author":"Redacci\u00f3n QP","twitter_card":"summary_large_image","twitter_misc":{"Escrito por":"Redacci\u00f3n QP","Tiempo de lectura":"1 minuto"},"schema":{"@context":"https:\/\/schema.org","@graph":[{"@type":"Article","@id":"https:\/\/quehacerpolitico.mx\/?p=81215#article","isPartOf":{"@id":"https:\/\/quehacerpolitico.mx\/?p=81215"},"author":{"name":"Redacci\u00f3n QP","@id":"https:\/\/quehacerpolitico.mx\/#\/schema\/person\/496d8ad2d1d3f8036101dca7ee39e585"},"headline":"Pacquiao anuncia su regreso al ring en agosto ante Spence Jr.","datePublished":"2021-05-21T23:46:30+00:00","mainEntityOfPage":{"@id":"https:\/\/quehacerpolitico.mx\/?p=81215"},"wordCount":197,"commentCount":0,"image":{"@id":"https:\/\/quehacerpolitico.mx\/?p=81215#primaryimage"},"thumbnailUrl":"https:\/\/quehacerpolitico.mx\/wp-content\/uploads\/2021\/05\/B0E80C9C-E0F8-4B91-8C7C-025B604D21BD.jpeg","articleSection":["Deportes"],"inLanguage":"es","potentialAction":[{"@type":"CommentAction","name":"Comment","target":["https:\/\/quehacerpolitico.mx\/?p=81215#respond"]}]},{"@type":"WebPage","@id":"https:\/\/quehacerpolitico.mx\/?p=81215","url":"https:\/\/quehacerpolitico.mx\/?p=81215","name":"Pacquiao anuncia su regreso al ring en agosto ante Spence Jr. -","isPartOf":{"@id":"https:\/\/quehacerpolitico.mx\/#website"},"primaryImageOfPage":{"@id":"https:\/\/quehacerpolitico.mx\/?p=81215#primaryimage"},"image":{"@id":"https:\/\/quehacerpolitico.mx\/?p=81215#primaryimage"},"thumbnailUrl":"https:\/\/quehacerpolitico.mx\/wp-content\/uploads\/2021\/05\/B0E80C9C-E0F8-4B91-8C7C-025B604D21BD.jpeg","datePublished":"2021-05-21T23:46:30+00:00","author":{"@id":"https:\/\/quehacerpolitico.mx\/#\/schema\/person\/496d8ad2d1d3f8036101dca7ee39e585"},"breadcrumb":{"@id":"https:\/\/quehacerpolitico.mx\/?p=81215#breadcrumb"},"inLanguage":"es","potentialAction":[{"@type":"ReadAction","target":["https:\/\/quehacerpolitico.mx\/?p=81215"]}]},{"@type":"ImageObject","inLanguage":"es","@id":"https:\/\/quehacerpolitico.mx\/?p=81215#primaryimage","url":"https:\/\/quehacerpolitico.mx\/wp-content\/uploads\/2021\/05\/B0E80C9C-E0F8-4B91-8C7C-025B604D21BD.jpeg","contentUrl":"https:\/\/quehacerpolitico.mx\/wp-content\/uploads\/2021\/05\/B0E80C9C-E0F8-4B91-8C7C-025B604D21BD.jpeg","width":1075,"height":927},{"@type":"BreadcrumbList","@id":"https:\/\/quehacerpolitico.mx\/?p=81215#breadcrumb","itemListElement":[{"@type":"ListItem","position":1,"name":"Inicio","item":"https:\/\/quehacerpolitico.mx\/"},{"@type":"ListItem","position":2,"name":"Pacquiao anuncia su regreso al ring en agosto ante Spence Jr."}]},{"@type":"WebSite","@id":"https:\/\/quehacerpolitico.mx\/#website","url":"https:\/\/quehacerpolitico.mx\/","name":"","description":"","potentialAction":[{"@type":"SearchAction","target":{"@type":"EntryPoint","urlTemplate":"https:\/\/quehacerpolitico.mx\/?s={search_term_string}"},"query-input":{"@type":"PropertyValueSpecification","valueRequired":true,"valueName":"search_term_string"}}],"inLanguage":"es"},{"@type":"Person","@id":"https:\/\/quehacerpolitico.mx\/#\/schema\/person\/496d8ad2d1d3f8036101dca7ee39e585","name":"Redacci\u00f3n QP","image":{"@type":"ImageObject","inLanguage":"es","@id":"https:\/\/secure.gravatar.com\/avatar\/c7164ed6fdec453195284ad24a5ae5b6e1eed2b848477fa2a4787ba9adf39a41?s=96&d=mm&r=g","url":"https:\/\/secure.gravatar.com\/avatar\/c7164ed6fdec453195284ad24a5ae5b6e1eed2b848477fa2a4787ba9adf39a41?s=96&d=mm&r=g","contentUrl":"https:\/\/secure.gravatar.com\/avatar\/c7164ed6fdec453195284ad24a5ae5b6e1eed2b848477fa2a4787ba9adf39a41?s=96&d=mm&r=g","caption":"Redacci\u00f3n QP"},"url":"https:\/\/quehacerpolitico.mx\/?author=2"}]}},"featured_image_urls":{"full":["https:\/\/quehacerpolitico.mx\/wp-content\/uploads\/2021\/05\/B0E80C9C-E0F8-4B91-8C7C-025B604D21BD.jpeg",1075,927,false],"thumbnail":["https:\/\/quehacerpolitico.mx\/wp-content\/uploads\/2021\/05\/B0E80C9C-E0F8-4B91-8C7C-025B604D21BD-150x150.jpeg",150,150,true],"medium":["https:\/\/quehacerpolitico.mx\/wp-content\/uploads\/2021\/05\/B0E80C9C-E0F8-4B91-8C7C-025B604D21BD-300x259.jpeg",300,259,true],"medium_large":["https:\/\/quehacerpolitico.mx\/wp-content\/uploads\/2021\/05\/B0E80C9C-E0F8-4B91-8C7C-025B604D21BD-768x662.jpeg",640,552,true],"large":["https:\/\/quehacerpolitico.mx\/wp-content\/uploads\/2021\/05\/B0E80C9C-E0F8-4B91-8C7C-025B604D21BD-1024x883.jpeg",640,552,true],"1536x1536":["https:\/\/quehacerpolitico.mx\/wp-content\/uploads\/2021\/05\/B0E80C9C-E0F8-4B91-8C7C-025B604D21BD.jpeg",1075,927,false],"2048x2048":["https:\/\/quehacerpolitico.mx\/wp-content\/uploads\/2021\/05\/B0E80C9C-E0F8-4B91-8C7C-025B604D21BD.jpeg",1075,927,false],"covernews-featured":["https:\/\/quehacerpolitico.mx\/wp-content\/uploads\/2021\/05\/B0E80C9C-E0F8-4B91-8C7C-025B604D21BD.jpeg",1024,883,false],"covernews-medium":["https:\/\/quehacerpolitico.mx\/wp-content\/uploads\/2021\/05\/B0E80C9C-E0F8-4B91-8C7C-025B604D21BD.jpeg",394,340,false]},"author_info":{"display_name":"Redacci\u00f3n QP","author_link":"https:\/\/quehacerpolitico.mx\/?author=2"},"category_info":"<a href=\"https:\/\/quehacerpolitico.mx\/?cat=54\" rel=\"category\">Deportes<\/a>","tag_info":"Deportes","comment_count":"0","_links":{"self":[{"href":"https:\/\/quehacerpolitico.mx\/index.php?rest_route=\/wp\/v2\/posts\/81215","targetHints":{"allow":["GET"]}}],"collection":[{"href":"https:\/\/quehacerpolitico.mx\/index.php?rest_route=\/wp\/v2\/posts"}],"about":[{"href":"https:\/\/quehacerpolitico.mx\/index.php?rest_route=\/wp\/v2\/types\/post"}],"author":[{"embeddable":true,"href":"https:\/\/quehacerpolitico.mx\/index.php?rest_route=\/wp\/v2\/users\/2"}],"replies":[{"embeddable":true,"href":"https:\/\/quehacerpolitico.mx\/index.php?rest_route=%2Fwp%2Fv2%2Fcomments&post=81215"}],"version-history":[{"count":0,"href":"https:\/\/quehacerpolitico.mx\/index.php?rest_route=\/wp\/v2\/posts\/81215\/revisions"}],"wp:featuredmedia":[{"embeddable":true,"href":"https:\/\/quehacerpolitico.mx\/index.php?rest_route=\/wp\/v2\/media\/81219"}],"wp:attachment":[{"href":"https:\/\/quehacerpolitico.mx\/index.php?rest_route=%2Fwp%2Fv2%2Fmedia&parent=81215"}],"wp:term":[{"taxonomy":"category","embeddable":true,"href":"https:\/\/quehacerpolitico.mx\/index.php?rest_route=%2Fwp%2Fv2%2Fcategories&post=81215"},{"taxonomy":"post_tag","embeddable":true,"href":"https:\/\/quehacerpolitico.mx\/index.php?rest_route=%2Fwp%2Fv2%2Ftags&post=81215"}],"curies":[{"name":"wp","href":"https:\/\/api.w.org\/{rel}","templated":true}]}}