{"id":81207,"date":"2021-05-21T23:24:04","date_gmt":"2021-05-21T23:24:04","guid":{"rendered":"https:\/\/quehacerpolitico.mx\/?p=81207"},"modified":"2021-05-21T23:24:04","modified_gmt":"2021-05-21T23:24:04","slug":"feminicida-serial-de-atizapan-esto-es-todo-lo-que-se-sabe-del-caso","status":"publish","type":"post","link":"https:\/\/quehacerpolitico.mx\/?p=81207","title":{"rendered":"Feminicida serial de Atizap\u00e1n: Esto es todo lo que se sabe del caso"},"content":{"rendered":"<h1 class=\"article_title\">Feminicida serial de Atizap\u00e1n: Esto es todo lo que se sabe del caso<br \/>\nPor Redacci\u00f3n QP<\/h1>\n<p>El propio Andr\u00e9s &#8220;N&#8221; hab\u00eda dicho a polic\u00edas que el n\u00famero de v\u00edctimas que el recordaba era de al menos 15 personas.<\/p>\n<p>La tarde del martes 18 de mayo de 2021 se dio a conocer la detenci\u00f3n de un hombre identificado como <strong>Andr\u00e9s \u201cN\u201d, <\/strong>quien fue detenido en Atizapan de Zaragoza\u00a0<strong>Estado de M\u00e9xico<\/strong>, por el delito de Feminicidio;\u00a0sin embargo, lo encontrado en su casa, hace pensar que podr\u00eda tratarse de un feminicida serial. A continuaci\u00f3n presentamos todo lo que se sabe hasta el momento del caso.<\/p>\n<p>Elementos de la <strong>Fiscal\u00eda General del Estado de M\u00e9xico<\/strong> detuvieron a Andr\u00e9s \u201cN\u201d, de <strong>72 a\u00f1os,<\/strong> quien era investigado por su presunta participaci\u00f3n en el feminicidio de una mujer de nombre <strong>Reyna Gonz\u00e1lez<\/strong>, de 34 a\u00f1os, en el municipio mexiquense.<\/p>\n<p>Los restos de la mujer, esposa de un polic\u00eda municipal, fueron encontrados en la propia casa del hombre, ubicada en la colonia <strong>Lomas de<\/strong> <strong>San Miguel.<\/strong> Ah\u00ed, el sujeto habr\u00eda asesinado y desmembrado a su v\u00edctima, con la que hab\u00eda quedado de verse el pasado <strong>14 de mayo<\/strong> para ir al Centro, a comprar mercancia, pero no regres\u00f3 a su casa.<\/p>\n<p>Sin embargo, esto fue apenas la punta de un iceberg que estaba por ser descubierto.<\/p>\n<p>Durante el cateo realizado en el <strong>domicilio<\/strong> de Andr\u00e9s \u201cN\u201d, tambi\u00e9n fueron encontrados <strong>restos \u00f3seos, credenciales de elector, calzado, ropa<\/strong> y <strong>bolsos de mujer,<\/strong> adem\u00e1s de <strong>libretas<\/strong> con nombres, <strong>casetes<\/strong> de video y <strong>maquillaje,<\/strong> evidencia que ya est\u00e1 en manos de las autoridades donde ser\u00e1n estudiados por peritos, para as\u00ed iniciar las carpetas de investigaci\u00f3n correspondientes, as\u00ed lo confirm\u00f3 <strong>Dilcya Garc\u00eda,<\/strong> fiscal central para la investigaci\u00f3n de delitos de g\u00e9nero en el Estado de M\u00e9xico<\/p>\n<p><iframe loading=\"lazy\" title=\"\u201cLe quit\u00e9 la piel del rostro porque estaba muy guapa\u201d\" width=\"640\" height=\"360\" src=\"https:\/\/www.youtube.com\/embed\/HDc_gHsJ9wY?feature=oembed\" frameborder=\"0\" allow=\"accelerometer; autoplay; clipboard-write; encrypted-media; gyroscope; picture-in-picture; web-share\" referrerpolicy=\"strict-origin-when-cross-origin\" allowfullscreen><\/iframe><\/p>\n<p>Tras su detenci\u00f3n, el presunto femenicida serial de Atizap\u00e1n fue ingresado al <strong>Centro Penitenciario y de Reinserci\u00f3n Social de Tlalnepantla,\u00a0<\/strong>tambi\u00e9n conocido como <strong>penal de Barrientos.<\/strong><\/p>\n<p>Por su parte, tras la detenci\u00f3n de <strong>Andr\u00e9s \u201cN\u201d<\/strong>, la casa de un solo nivel y de fachada en obra negra fue acordonada, al igual que los dos inmuebles aleda\u00f1os a esta. En el domicilio tambi\u00e9n se est\u00e1n realizando excavaciones para detectar m\u00e1s pruebas posibles.<\/p>\n<p>Cabe destacar que una de las casas de al lado cuenta con dos c\u00e1maras de seguridad, mismas que podr\u00edan ser analizadas en el caso de que cuenten con material que ayude a la investigaci\u00f3n en proceso.<\/p>\n<p>La <strong>Fiscal\u00eda General del Estado de M\u00e9xico<\/strong>se\u00f1al\u00f3 que no se han identificado m\u00e1s v\u00edctimas de este presunto femenicida serial y, si bien se hallaron restos \u00f3seos u otros objetos como credenciales, ropa o bolsos, el respectivo an\u00e1lisis de ADN para determinar a quien corresponden (podr\u00edan ser hombres o mujeres) tardar\u00eda d\u00edas o semanas.<\/p>\n<p>Para este <strong>jueves<\/strong> <strong>20 de mayo, <\/strong>a las <strong>8:30 de la ma\u00f1ana<\/strong>, se realiz\u00f3 la primera <strong>audiencia<\/strong> de <strong>Andr\u00e9s \u201cN\u201d <\/strong>y posteriormente fue vinculado a proceso en\u00a0penal de Barrientos. En la audiencia, el inculpado se reserv\u00f3 su derecho a declarar.<\/p>\n<p>Durante este jueves tambi\u00e9n se detall\u00f3 que, en la vivienda donde fue detenido el sujeto, este <strong>rentaba habitaciones.<\/strong> Una era ocupada por una<strong> pareja con dos hijos<\/strong> y la otra por <strong>Fernando \u201cN\u201d<\/strong>, un doctor que dijo estar en shock por lo sucedido, ya que nunca se dio cuenta lo ocurr\u00eda en el domicilio.<\/p>\n<p>Dentro de las <strong>identificaciones<\/strong> encontradas en la vivienda se hall\u00f3 una a nombre de <strong>Flor Ninive Vizcaino,<\/strong> de 38 a\u00f1os, quien el 16 de octubre de 2016 sali\u00f3 de su casa a tomar un caf\u00e9 y no regres\u00f3. Tambi\u00e9n se encontr\u00f3 un documento a nombre de <strong>Rubicela Gallegos Castillo<\/strong>, quien desapareci\u00f3 en julio de 2019.<\/p>\n<p>De acuerdo a la <strong>Fiscal\u00eda,<\/strong> el hombre <strong>no ten\u00eda antecedentes penales<\/strong> y en la comunidad era conocido por ser part\u00edcipe en temas pol\u00edticos. Entre sus <strong>vecinos,<\/strong> <strong>Andr\u00e9s \u201cN\u201d<\/strong> era considerado como una persona que <strong>ayudaba<\/strong>en temas de problemas de <strong>bacheo, alumbrado p\u00fablico<\/strong> y aspectos de <strong>seguridad.<\/strong><\/p>\n<p>El hombre tambi\u00e9n fue presidente de su colonia <strong>Lomas<\/strong> <strong>de San Miguel<\/strong> e integrante del comit\u00e9 de participaci\u00f3n ciudadana. Adem\u00e1s, era visitado de manera recurrente por su sobrina y hermanas.<\/p>\n<p>Tambi\u00e9n se report\u00f3 que, en la <strong>libreta encontrada<\/strong> en el domicilio, fueron descubiertos un total de <strong>29 nombres<\/strong> de diferentes personas y, de\u00a0acuerdo a la fiscal <strong>Garc\u00eda,<\/strong> se han hallado pertenencias que podr\u00edan ser de al menos cinco personas diferentes.<\/p>\n<p>De acuerdo a los <strong>\u00faltimos reportes,<\/strong> personal de la fiscal\u00eda se mantiene en el domicilio trabajando para encontrar m\u00e1s indicios y <strong>restos humanos,<\/strong> los cuales se tienen que analizar gen\u00e9ticamente para saber si coinciden con las identificaciones oficiales encontradas en el lugar.<\/p>\n<blockquote><p>\u201cYo lo que identifico es que esta persona es controlador, calculadora, es una persona que muy probablemente traiga dentro de su historia de vida, estos engranajes mis\u00f3ginos y que finalmente yo creo que es una persona que puede tener cierto dato de inteligencia y que es compartido con otros seriales\u201d, dijo la fiscal <strong>Dilcya Garc\u00eda<\/strong><\/p><\/blockquote>\n<p>El propio Andr\u00e9s \u201cN\u201d hab\u00eda dicho a polic\u00edas que el n\u00famero de v\u00edctimas que el recordaba era de al menos 15 personas.<\/p>\n<p>Con informaci\u00f3n de Noticieros Televisa<\/p>\n","protected":false},"excerpt":{"rendered":"<p>Feminicida serial de Atizap\u00e1n: Esto es todo lo que se sabe del caso Por Redacci\u00f3n&#8230;<\/p>\n","protected":false},"author":2,"featured_media":81212,"comment_status":"open","ping_status":"open","sticky":false,"template":"","format":"standard","meta":{"_monsterinsights_skip_tracking":false,"_monsterinsights_sitenote_active":false,"_monsterinsights_sitenote_note":"","_monsterinsights_sitenote_category":0,"footnotes":""},"categories":[2],"tags":[],"class_list":["post-81207","post","type-post","status-publish","format-standard","has-post-thumbnail","hentry","category-noticias"],"yoast_head":"<!-- This site is optimized with the Yoast SEO plugin v27.3 - https:\/\/yoast.com\/product\/yoast-seo-wordpress\/ -->\n<title>Feminicida serial de Atizap\u00e1n: Esto es todo lo que se sabe del caso -<\/title>\n<meta name=\"robots\" content=\"index, follow, max-snippet:-1, max-image-preview:large, max-video-preview:-1\" \/>\n<link rel=\"canonical\" href=\"https:\/\/quehacerpolitico.mx\/?p=81207\" \/>\n<meta property=\"og:locale\" content=\"es_MX\" \/>\n<meta property=\"og:type\" content=\"article\" \/>\n<meta property=\"og:title\" content=\"Feminicida serial de Atizap\u00e1n: Esto es todo lo que se sabe del caso -\" \/>\n<meta property=\"og:description\" content=\"Feminicida serial de Atizap\u00e1n: Esto es todo lo que se sabe del caso Por Redacci\u00f3n...\" \/>\n<meta property=\"og:url\" content=\"https:\/\/quehacerpolitico.mx\/?p=81207\" \/>\n<meta property=\"article:published_time\" content=\"2021-05-21T23:24:04+00:00\" \/>\n<meta property=\"og:image\" content=\"https:\/\/quehacerpolitico.mx\/wp-content\/uploads\/2021\/05\/2AFABAC9-66A3-4DE8-AEDE-FFC0C0AAA200.jpeg\" \/>\n\t<meta property=\"og:image:width\" content=\"1280\" \/>\n\t<meta property=\"og:image:height\" content=\"738\" \/>\n\t<meta property=\"og:image:type\" content=\"image\/jpeg\" \/>\n<meta name=\"author\" content=\"Redacci\u00f3n QP\" \/>\n<meta name=\"twitter:card\" content=\"summary_large_image\" \/>\n<meta name=\"twitter:label1\" content=\"Escrito por\" \/>\n\t<meta name=\"twitter:data1\" content=\"Redacci\u00f3n QP\" \/>\n\t<meta name=\"twitter:label2\" content=\"Tiempo de lectura\" \/>\n\t<meta name=\"twitter:data2\" content=\"5 minutos\" \/>\n<script type=\"application\/ld+json\" class=\"yoast-schema-graph\">{\"@context\":\"https:\\\/\\\/schema.org\",\"@graph\":[{\"@type\":\"Article\",\"@id\":\"https:\\\/\\\/quehacerpolitico.mx\\\/?p=81207#article\",\"isPartOf\":{\"@id\":\"https:\\\/\\\/quehacerpolitico.mx\\\/?p=81207\"},\"author\":{\"name\":\"Redacci\u00f3n QP\",\"@id\":\"https:\\\/\\\/quehacerpolitico.mx\\\/#\\\/schema\\\/person\\\/496d8ad2d1d3f8036101dca7ee39e585\"},\"headline\":\"Feminicida serial de Atizap\u00e1n: Esto es todo lo que se sabe del caso\",\"datePublished\":\"2021-05-21T23:24:04+00:00\",\"mainEntityOfPage\":{\"@id\":\"https:\\\/\\\/quehacerpolitico.mx\\\/?p=81207\"},\"wordCount\":935,\"commentCount\":0,\"image\":{\"@id\":\"https:\\\/\\\/quehacerpolitico.mx\\\/?p=81207#primaryimage\"},\"thumbnailUrl\":\"https:\\\/\\\/quehacerpolitico.mx\\\/wp-content\\\/uploads\\\/2021\\\/05\\\/2AFABAC9-66A3-4DE8-AEDE-FFC0C0AAA200.jpeg\",\"articleSection\":[\"Noticias\"],\"inLanguage\":\"es\",\"potentialAction\":[{\"@type\":\"CommentAction\",\"name\":\"Comment\",\"target\":[\"https:\\\/\\\/quehacerpolitico.mx\\\/?p=81207#respond\"]}]},{\"@type\":\"WebPage\",\"@id\":\"https:\\\/\\\/quehacerpolitico.mx\\\/?p=81207\",\"url\":\"https:\\\/\\\/quehacerpolitico.mx\\\/?p=81207\",\"name\":\"Feminicida serial de Atizap\u00e1n: Esto es todo lo que se sabe del caso -\",\"isPartOf\":{\"@id\":\"https:\\\/\\\/quehacerpolitico.mx\\\/#website\"},\"primaryImageOfPage\":{\"@id\":\"https:\\\/\\\/quehacerpolitico.mx\\\/?p=81207#primaryimage\"},\"image\":{\"@id\":\"https:\\\/\\\/quehacerpolitico.mx\\\/?p=81207#primaryimage\"},\"thumbnailUrl\":\"https:\\\/\\\/quehacerpolitico.mx\\\/wp-content\\\/uploads\\\/2021\\\/05\\\/2AFABAC9-66A3-4DE8-AEDE-FFC0C0AAA200.jpeg\",\"datePublished\":\"2021-05-21T23:24:04+00:00\",\"author\":{\"@id\":\"https:\\\/\\\/quehacerpolitico.mx\\\/#\\\/schema\\\/person\\\/496d8ad2d1d3f8036101dca7ee39e585\"},\"breadcrumb\":{\"@id\":\"https:\\\/\\\/quehacerpolitico.mx\\\/?p=81207#breadcrumb\"},\"inLanguage\":\"es\",\"potentialAction\":[{\"@type\":\"ReadAction\",\"target\":[\"https:\\\/\\\/quehacerpolitico.mx\\\/?p=81207\"]}]},{\"@type\":\"ImageObject\",\"inLanguage\":\"es\",\"@id\":\"https:\\\/\\\/quehacerpolitico.mx\\\/?p=81207#primaryimage\",\"url\":\"https:\\\/\\\/quehacerpolitico.mx\\\/wp-content\\\/uploads\\\/2021\\\/05\\\/2AFABAC9-66A3-4DE8-AEDE-FFC0C0AAA200.jpeg\",\"contentUrl\":\"https:\\\/\\\/quehacerpolitico.mx\\\/wp-content\\\/uploads\\\/2021\\\/05\\\/2AFABAC9-66A3-4DE8-AEDE-FFC0C0AAA200.jpeg\",\"width\":1280,\"height\":738},{\"@type\":\"BreadcrumbList\",\"@id\":\"https:\\\/\\\/quehacerpolitico.mx\\\/?p=81207#breadcrumb\",\"itemListElement\":[{\"@type\":\"ListItem\",\"position\":1,\"name\":\"Inicio\",\"item\":\"https:\\\/\\\/quehacerpolitico.mx\\\/\"},{\"@type\":\"ListItem\",\"position\":2,\"name\":\"Feminicida serial de Atizap\u00e1n: Esto es todo lo que se sabe del caso\"}]},{\"@type\":\"WebSite\",\"@id\":\"https:\\\/\\\/quehacerpolitico.mx\\\/#website\",\"url\":\"https:\\\/\\\/quehacerpolitico.mx\\\/\",\"name\":\"\",\"description\":\"\",\"potentialAction\":[{\"@type\":\"SearchAction\",\"target\":{\"@type\":\"EntryPoint\",\"urlTemplate\":\"https:\\\/\\\/quehacerpolitico.mx\\\/?s={search_term_string}\"},\"query-input\":{\"@type\":\"PropertyValueSpecification\",\"valueRequired\":true,\"valueName\":\"search_term_string\"}}],\"inLanguage\":\"es\"},{\"@type\":\"Person\",\"@id\":\"https:\\\/\\\/quehacerpolitico.mx\\\/#\\\/schema\\\/person\\\/496d8ad2d1d3f8036101dca7ee39e585\",\"name\":\"Redacci\u00f3n QP\",\"image\":{\"@type\":\"ImageObject\",\"inLanguage\":\"es\",\"@id\":\"https:\\\/\\\/secure.gravatar.com\\\/avatar\\\/c7164ed6fdec453195284ad24a5ae5b6e1eed2b848477fa2a4787ba9adf39a41?s=96&d=mm&r=g\",\"url\":\"https:\\\/\\\/secure.gravatar.com\\\/avatar\\\/c7164ed6fdec453195284ad24a5ae5b6e1eed2b848477fa2a4787ba9adf39a41?s=96&d=mm&r=g\",\"contentUrl\":\"https:\\\/\\\/secure.gravatar.com\\\/avatar\\\/c7164ed6fdec453195284ad24a5ae5b6e1eed2b848477fa2a4787ba9adf39a41?s=96&d=mm&r=g\",\"caption\":\"Redacci\u00f3n QP\"},\"url\":\"https:\\\/\\\/quehacerpolitico.mx\\\/?author=2\"}]}<\/script>\n<!-- \/ Yoast SEO plugin. -->","yoast_head_json":{"title":"Feminicida serial de Atizap\u00e1n: Esto es todo lo que se sabe del caso -","robots":{"index":"index","follow":"follow","max-snippet":"max-snippet:-1","max-image-preview":"max-image-preview:large","max-video-preview":"max-video-preview:-1"},"canonical":"https:\/\/quehacerpolitico.mx\/?p=81207","og_locale":"es_MX","og_type":"article","og_title":"Feminicida serial de Atizap\u00e1n: Esto es todo lo que se sabe del caso -","og_description":"Feminicida serial de Atizap\u00e1n: Esto es todo lo que se sabe del caso Por Redacci\u00f3n...","og_url":"https:\/\/quehacerpolitico.mx\/?p=81207","article_published_time":"2021-05-21T23:24:04+00:00","og_image":[{"width":1280,"height":738,"url":"https:\/\/quehacerpolitico.mx\/wp-content\/uploads\/2021\/05\/2AFABAC9-66A3-4DE8-AEDE-FFC0C0AAA200.jpeg","type":"image\/jpeg"}],"author":"Redacci\u00f3n QP","twitter_card":"summary_large_image","twitter_misc":{"Escrito por":"Redacci\u00f3n QP","Tiempo de lectura":"5 minutos"},"schema":{"@context":"https:\/\/schema.org","@graph":[{"@type":"Article","@id":"https:\/\/quehacerpolitico.mx\/?p=81207#article","isPartOf":{"@id":"https:\/\/quehacerpolitico.mx\/?p=81207"},"author":{"name":"Redacci\u00f3n QP","@id":"https:\/\/quehacerpolitico.mx\/#\/schema\/person\/496d8ad2d1d3f8036101dca7ee39e585"},"headline":"Feminicida serial de Atizap\u00e1n: Esto es todo lo que se sabe del caso","datePublished":"2021-05-21T23:24:04+00:00","mainEntityOfPage":{"@id":"https:\/\/quehacerpolitico.mx\/?p=81207"},"wordCount":935,"commentCount":0,"image":{"@id":"https:\/\/quehacerpolitico.mx\/?p=81207#primaryimage"},"thumbnailUrl":"https:\/\/quehacerpolitico.mx\/wp-content\/uploads\/2021\/05\/2AFABAC9-66A3-4DE8-AEDE-FFC0C0AAA200.jpeg","articleSection":["Noticias"],"inLanguage":"es","potentialAction":[{"@type":"CommentAction","name":"Comment","target":["https:\/\/quehacerpolitico.mx\/?p=81207#respond"]}]},{"@type":"WebPage","@id":"https:\/\/quehacerpolitico.mx\/?p=81207","url":"https:\/\/quehacerpolitico.mx\/?p=81207","name":"Feminicida serial de Atizap\u00e1n: Esto es todo lo que se sabe del caso -","isPartOf":{"@id":"https:\/\/quehacerpolitico.mx\/#website"},"primaryImageOfPage":{"@id":"https:\/\/quehacerpolitico.mx\/?p=81207#primaryimage"},"image":{"@id":"https:\/\/quehacerpolitico.mx\/?p=81207#primaryimage"},"thumbnailUrl":"https:\/\/quehacerpolitico.mx\/wp-content\/uploads\/2021\/05\/2AFABAC9-66A3-4DE8-AEDE-FFC0C0AAA200.jpeg","datePublished":"2021-05-21T23:24:04+00:00","author":{"@id":"https:\/\/quehacerpolitico.mx\/#\/schema\/person\/496d8ad2d1d3f8036101dca7ee39e585"},"breadcrumb":{"@id":"https:\/\/quehacerpolitico.mx\/?p=81207#breadcrumb"},"inLanguage":"es","potentialAction":[{"@type":"ReadAction","target":["https:\/\/quehacerpolitico.mx\/?p=81207"]}]},{"@type":"ImageObject","inLanguage":"es","@id":"https:\/\/quehacerpolitico.mx\/?p=81207#primaryimage","url":"https:\/\/quehacerpolitico.mx\/wp-content\/uploads\/2021\/05\/2AFABAC9-66A3-4DE8-AEDE-FFC0C0AAA200.jpeg","contentUrl":"https:\/\/quehacerpolitico.mx\/wp-content\/uploads\/2021\/05\/2AFABAC9-66A3-4DE8-AEDE-FFC0C0AAA200.jpeg","width":1280,"height":738},{"@type":"BreadcrumbList","@id":"https:\/\/quehacerpolitico.mx\/?p=81207#breadcrumb","itemListElement":[{"@type":"ListItem","position":1,"name":"Inicio","item":"https:\/\/quehacerpolitico.mx\/"},{"@type":"ListItem","position":2,"name":"Feminicida serial de Atizap\u00e1n: Esto es todo lo que se sabe del caso"}]},{"@type":"WebSite","@id":"https:\/\/quehacerpolitico.mx\/#website","url":"https:\/\/quehacerpolitico.mx\/","name":"","description":"","potentialAction":[{"@type":"SearchAction","target":{"@type":"EntryPoint","urlTemplate":"https:\/\/quehacerpolitico.mx\/?s={search_term_string}"},"query-input":{"@type":"PropertyValueSpecification","valueRequired":true,"valueName":"search_term_string"}}],"inLanguage":"es"},{"@type":"Person","@id":"https:\/\/quehacerpolitico.mx\/#\/schema\/person\/496d8ad2d1d3f8036101dca7ee39e585","name":"Redacci\u00f3n QP","image":{"@type":"ImageObject","inLanguage":"es","@id":"https:\/\/secure.gravatar.com\/avatar\/c7164ed6fdec453195284ad24a5ae5b6e1eed2b848477fa2a4787ba9adf39a41?s=96&d=mm&r=g","url":"https:\/\/secure.gravatar.com\/avatar\/c7164ed6fdec453195284ad24a5ae5b6e1eed2b848477fa2a4787ba9adf39a41?s=96&d=mm&r=g","contentUrl":"https:\/\/secure.gravatar.com\/avatar\/c7164ed6fdec453195284ad24a5ae5b6e1eed2b848477fa2a4787ba9adf39a41?s=96&d=mm&r=g","caption":"Redacci\u00f3n QP"},"url":"https:\/\/quehacerpolitico.mx\/?author=2"}]}},"featured_image_urls":{"full":["https:\/\/quehacerpolitico.mx\/wp-content\/uploads\/2021\/05\/2AFABAC9-66A3-4DE8-AEDE-FFC0C0AAA200.jpeg",1280,738,false],"thumbnail":["https:\/\/quehacerpolitico.mx\/wp-content\/uploads\/2021\/05\/2AFABAC9-66A3-4DE8-AEDE-FFC0C0AAA200-150x150.jpeg",150,150,true],"medium":["https:\/\/quehacerpolitico.mx\/wp-content\/uploads\/2021\/05\/2AFABAC9-66A3-4DE8-AEDE-FFC0C0AAA200-300x173.jpeg",300,173,true],"medium_large":["https:\/\/quehacerpolitico.mx\/wp-content\/uploads\/2021\/05\/2AFABAC9-66A3-4DE8-AEDE-FFC0C0AAA200-768x443.jpeg",640,369,true],"large":["https:\/\/quehacerpolitico.mx\/wp-content\/uploads\/2021\/05\/2AFABAC9-66A3-4DE8-AEDE-FFC0C0AAA200-1024x590.jpeg",640,369,true],"1536x1536":["https:\/\/quehacerpolitico.mx\/wp-content\/uploads\/2021\/05\/2AFABAC9-66A3-4DE8-AEDE-FFC0C0AAA200.jpeg",1280,738,false],"2048x2048":["https:\/\/quehacerpolitico.mx\/wp-content\/uploads\/2021\/05\/2AFABAC9-66A3-4DE8-AEDE-FFC0C0AAA200.jpeg",1280,738,false],"covernews-featured":["https:\/\/quehacerpolitico.mx\/wp-content\/uploads\/2021\/05\/2AFABAC9-66A3-4DE8-AEDE-FFC0C0AAA200.jpeg",1024,590,false],"covernews-medium":["https:\/\/quehacerpolitico.mx\/wp-content\/uploads\/2021\/05\/2AFABAC9-66A3-4DE8-AEDE-FFC0C0AAA200.jpeg",540,311,false]},"author_info":{"display_name":"Redacci\u00f3n QP","author_link":"https:\/\/quehacerpolitico.mx\/?author=2"},"category_info":"<a href=\"https:\/\/quehacerpolitico.mx\/?cat=2\" rel=\"category\">Noticias<\/a>","tag_info":"Noticias","comment_count":"0","_links":{"self":[{"href":"https:\/\/quehacerpolitico.mx\/index.php?rest_route=\/wp\/v2\/posts\/81207","targetHints":{"allow":["GET"]}}],"collection":[{"href":"https:\/\/quehacerpolitico.mx\/index.php?rest_route=\/wp\/v2\/posts"}],"about":[{"href":"https:\/\/quehacerpolitico.mx\/index.php?rest_route=\/wp\/v2\/types\/post"}],"author":[{"embeddable":true,"href":"https:\/\/quehacerpolitico.mx\/index.php?rest_route=\/wp\/v2\/users\/2"}],"replies":[{"embeddable":true,"href":"https:\/\/quehacerpolitico.mx\/index.php?rest_route=%2Fwp%2Fv2%2Fcomments&post=81207"}],"version-history":[{"count":0,"href":"https:\/\/quehacerpolitico.mx\/index.php?rest_route=\/wp\/v2\/posts\/81207\/revisions"}],"wp:featuredmedia":[{"embeddable":true,"href":"https:\/\/quehacerpolitico.mx\/index.php?rest_route=\/wp\/v2\/media\/81212"}],"wp:attachment":[{"href":"https:\/\/quehacerpolitico.mx\/index.php?rest_route=%2Fwp%2Fv2%2Fmedia&parent=81207"}],"wp:term":[{"taxonomy":"category","embeddable":true,"href":"https:\/\/quehacerpolitico.mx\/index.php?rest_route=%2Fwp%2Fv2%2Fcategories&post=81207"},{"taxonomy":"post_tag","embeddable":true,"href":"https:\/\/quehacerpolitico.mx\/index.php?rest_route=%2Fwp%2Fv2%2Ftags&post=81207"}],"curies":[{"name":"wp","href":"https:\/\/api.w.org\/{rel}","templated":true}]}}