{"id":81201,"date":"2021-05-21T22:47:52","date_gmt":"2021-05-21T22:47:52","guid":{"rendered":"https:\/\/quehacerpolitico.mx\/?p=81201"},"modified":"2021-05-21T22:47:52","modified_gmt":"2021-05-21T22:47:52","slug":"amlo-se-reune-con-ministros-de-scjn-para-defender-reformas","status":"publish","type":"post","link":"https:\/\/quehacerpolitico.mx\/?p=81201","title":{"rendered":"AMLO se re\u00fane con ministros de SCJN para defender reformas"},"content":{"rendered":"<h1 class=\"article_title\">AMLO se re\u00fane con ministros de SCJN para defender reformas<br \/>\nPor Redacci\u00f3n QP<\/h1>\n<div class=\"article_heading\">\n<p>AMLO reconoci\u00f3 haberse reunido en el Palacio Nacional con los ministros Arturo Zald\u00edvar, Jos\u00e9 Luis Gonz\u00e1lez Alc\u00e1ntara y Yasm\u00edn Esquivel<\/p>\n<p>El presidente de M\u00e9xico, Andres Manuel L\u00f3pez Obrador reconoci\u00f3 que se reuni\u00f3 con el presidente de la Suprema Corte de Justicia de la Naci\u00f3n (SCJN), Arturo Zald\u00edvar, y otros dos ministros que \u00e9l nombr\u00f3, para defender sus <strong>reformas energ\u00e9ticas<\/strong>.<\/p>\n<blockquote><p>\u201cA nosotros nos importa mucho que ellos conozcan de manera directa el porqu\u00e9 de nuestra actuaci\u00f3n, por ejemplo, nos importa mucho que sepan por qu\u00e9 la ley el\u00e9ctrica o por qu\u00e9 la ley de hidrocarburos\u201d, indic\u00f3 el mandatario en su rueda de prensa matutina.<\/p><\/blockquote>\n<p>L\u00f3pez Obrador reconoci\u00f3 haberse reunido en el Palacio Nacional con Zald\u00edvar, acusado de ser cercano a su Gobierno, y con<strong> Jos\u00e9 Luis Gonz\u00e1lez Alc\u00e1ntara<\/strong> y <strong>Yasm\u00edn Esquivel<\/strong>, ministros que \u00e9l propuso en 2018 y 2019, respectivamente.<\/p>\n<p>El presidente defendi\u00f3 sus recientes reformas a la <strong>Ley de la Industria El\u00e9ctrica<\/strong> y a la <strong>Ley de Hidrocarburos<\/strong>, promulgadas en marzo y mayo, para rescatar a las empresas del Estado, Petr\u00f3leos Mexicanos (Pemex) y la Comisi\u00f3n Federal de Electricidad (CFE), del \u201csaqueo\u201d.<\/p>\n<blockquote class=\"twitter-tweet\" data-width=\"550\" data-dnt=\"true\">\n<p lang=\"es\" dir=\"ltr\">El presidente <a href=\"https:\/\/twitter.com\/lopezobrador_?ref_src=twsrc%5Etfw\">@lopezobrador_<\/a> se reuni\u00f3 ayer con ministros de la <a href=\"https:\/\/twitter.com\/SCJN?ref_src=twsrc%5Etfw\">@SCJN<\/a> <\/p>\n<p>Asegura que son poderes distintos, pero hay temas que trabajan en conjunto.<\/p>\n<p>&quot;Nos importa mucho que sepan por qu\u00e9 la ley el\u00e9ctrica, por qu\u00e9 la ley de hidrocarburos&quot; <a href=\"https:\/\/t.co\/116Pqg84o8\">pic.twitter.com\/116Pqg84o8<\/a><\/p>\n<p>&mdash; Ruido en la Red (@RuidoEnLaRed) <a href=\"https:\/\/twitter.com\/RuidoEnLaRed\/status\/1395728198663499782?ref_src=twsrc%5Etfw\">May 21, 2021<\/a><\/p><\/blockquote>\n<p><script async src=\"https:\/\/platform.twitter.com\/widgets.js\" charset=\"utf-8\"><\/script><\/p>\n<p>Jueces federales han suspendido de forma indefinida las reformas hasta que el <strong>Poder Judicial<\/strong> se pronuncie sobre su constitucionalidad, por lo que el mandatario ha acusado a los juristas de estar al servicio de los \u201cintereses privados\u201d.<\/p>\n<blockquote><p>\u201cNos rechazaron una ley para la seguridad de las l\u00edneas de transmisi\u00f3n, y lo hicieron, no estos ministros, otros, sin tener todos los elementos, yo dir\u00eda beneficiando, privilegiando el inter\u00e9s personal, el inter\u00e9s individual, el inter\u00e9s privado\u201d, critic\u00f3 el presidente.<\/p><\/blockquote>\n<p>L\u00f3pez Obrador defendi\u00f3 las <strong>reuniones privadas<\/strong> al argumentar que pertenecen a \u201cpoderes independientes y aut\u00f3nomos\u201d, pero que ambos \u201cforman parte del Estado\u201d, por lo que incluso se reunir\u00e1 con los otros ocho ministros, aunque algunos \u201cno lo ven con buenos ojos\u201d.<\/p>\n<blockquote><p>\u201cLo voy a hacer poco a poco, de acuerdo a la agenda, aun cuando sostengo que mantienen una postura conservadora y contraria al proceso de transformaci\u00f3n que se ha iniciado en el pa\u00eds\u201d, manifest\u00f3.<\/p><\/blockquote>\n<p>Aunque el presidente no habl\u00f3 del tema con los ministros, tambi\u00e9n pidi\u00f3 aclarar el desafuero del gobernador de Tamaulipas, <strong>Francisco Garc\u00eda Cabeza de Vaca<\/strong>, que afronta una orden de arresto de la <strong>Fiscal\u00eda General de la Rep\u00fablica (FGR)<\/strong> por delincuencia organizada y lavado.<\/p>\n<blockquote class=\"twitter-tweet\" data-width=\"550\" data-dnt=\"true\">\n<p lang=\"es\" dir=\"ltr\">El presidente asegur\u00f3 que la <a href=\"https:\/\/twitter.com\/FGRMexico?ref_src=twsrc%5Etfw\">@FGRMexico<\/a> es independiente y aut\u00f3noma, por lo que no dio la orden de detener al gobernador de Tamaulipas, Francisco Garc\u00eda Cabeza de Vaca.<a href=\"https:\/\/t.co\/Br91Z1cJkC\">pic.twitter.com\/Br91Z1cJkC<\/a><\/p>\n<p>&mdash; Ruido en la Red (@RuidoEnLaRed) <a href=\"https:\/\/twitter.com\/RuidoEnLaRed\/status\/1395635972994445313?ref_src=twsrc%5Etfw\">May 21, 2021<\/a><\/p><\/blockquote>\n<p><script async src=\"https:\/\/platform.twitter.com\/widgets.js\" charset=\"utf-8\"><\/script><\/p>\n<p>El mandatario defendi\u00f3 sus declaraciones sobre la Suprema Corte al justificar que \u00e9l \u201cprefiere informar\u201d.<\/p>\n<blockquote><p>\u201cEso deber\u00eda ser el trabajo, la funci\u00f3n b\u00e1sica de todos los servidores p\u00fablicos, la justicia, <strong>Suprema Corte de Justicia<\/strong>, no Suprema Corte del derecho y mucho menos Suprema Corte del cohecho, o de lo chueco\u201d, sostuvo.<\/p><\/blockquote>\n<p>Con informaci\u00f3n de EFE.<\/p>\n<\/div>\n","protected":false},"excerpt":{"rendered":"<p>AMLO se re\u00fane con ministros de SCJN para defender reformas Por Redacci\u00f3n QP AMLO reconoci\u00f3&#8230;<\/p>\n","protected":false},"author":2,"featured_media":81205,"comment_status":"open","ping_status":"open","sticky":false,"template":"","format":"standard","meta":{"_monsterinsights_skip_tracking":false,"_monsterinsights_sitenote_active":false,"_monsterinsights_sitenote_note":"","_monsterinsights_sitenote_category":0,"footnotes":""},"categories":[2],"tags":[],"class_list":["post-81201","post","type-post","status-publish","format-standard","has-post-thumbnail","hentry","category-noticias"],"yoast_head":"<!-- This site is optimized with the Yoast SEO plugin v27.3 - https:\/\/yoast.com\/product\/yoast-seo-wordpress\/ -->\n<title>AMLO se re\u00fane con ministros de SCJN para defender reformas -<\/title>\n<meta name=\"robots\" content=\"index, follow, max-snippet:-1, max-image-preview:large, max-video-preview:-1\" \/>\n<link rel=\"canonical\" href=\"https:\/\/quehacerpolitico.mx\/?p=81201\" \/>\n<meta property=\"og:locale\" content=\"es_MX\" \/>\n<meta property=\"og:type\" content=\"article\" \/>\n<meta property=\"og:title\" content=\"AMLO se re\u00fane con ministros de SCJN para defender reformas -\" \/>\n<meta property=\"og:description\" content=\"AMLO se re\u00fane con ministros de SCJN para defender reformas Por Redacci\u00f3n QP AMLO reconoci\u00f3...\" \/>\n<meta property=\"og:url\" content=\"https:\/\/quehacerpolitico.mx\/?p=81201\" \/>\n<meta property=\"article:published_time\" content=\"2021-05-21T22:47:52+00:00\" \/>\n<meta property=\"og:image\" content=\"https:\/\/quehacerpolitico.mx\/wp-content\/uploads\/2021\/05\/CF401EC5-D791-440C-9573-520E309FFC76.jpeg\" \/>\n\t<meta property=\"og:image:width\" content=\"1242\" \/>\n\t<meta property=\"og:image:height\" content=\"682\" \/>\n\t<meta property=\"og:image:type\" content=\"image\/jpeg\" \/>\n<meta name=\"author\" content=\"Redacci\u00f3n QP\" \/>\n<meta name=\"twitter:card\" content=\"summary_large_image\" \/>\n<meta name=\"twitter:label1\" content=\"Escrito por\" \/>\n\t<meta name=\"twitter:data1\" content=\"Redacci\u00f3n QP\" \/>\n\t<meta name=\"twitter:label2\" content=\"Tiempo de lectura\" \/>\n\t<meta name=\"twitter:data2\" content=\"2 minutos\" \/>\n<script type=\"application\/ld+json\" class=\"yoast-schema-graph\">{\"@context\":\"https:\\\/\\\/schema.org\",\"@graph\":[{\"@type\":\"Article\",\"@id\":\"https:\\\/\\\/quehacerpolitico.mx\\\/?p=81201#article\",\"isPartOf\":{\"@id\":\"https:\\\/\\\/quehacerpolitico.mx\\\/?p=81201\"},\"author\":{\"name\":\"Redacci\u00f3n QP\",\"@id\":\"https:\\\/\\\/quehacerpolitico.mx\\\/#\\\/schema\\\/person\\\/496d8ad2d1d3f8036101dca7ee39e585\"},\"headline\":\"AMLO se re\u00fane con ministros de SCJN para defender reformas\",\"datePublished\":\"2021-05-21T22:47:52+00:00\",\"mainEntityOfPage\":{\"@id\":\"https:\\\/\\\/quehacerpolitico.mx\\\/?p=81201\"},\"wordCount\":506,\"commentCount\":0,\"image\":{\"@id\":\"https:\\\/\\\/quehacerpolitico.mx\\\/?p=81201#primaryimage\"},\"thumbnailUrl\":\"https:\\\/\\\/quehacerpolitico.mx\\\/wp-content\\\/uploads\\\/2021\\\/05\\\/CF401EC5-D791-440C-9573-520E309FFC76.jpeg\",\"articleSection\":[\"Noticias\"],\"inLanguage\":\"es\",\"potentialAction\":[{\"@type\":\"CommentAction\",\"name\":\"Comment\",\"target\":[\"https:\\\/\\\/quehacerpolitico.mx\\\/?p=81201#respond\"]}]},{\"@type\":\"WebPage\",\"@id\":\"https:\\\/\\\/quehacerpolitico.mx\\\/?p=81201\",\"url\":\"https:\\\/\\\/quehacerpolitico.mx\\\/?p=81201\",\"name\":\"AMLO se re\u00fane con ministros de SCJN para defender reformas -\",\"isPartOf\":{\"@id\":\"https:\\\/\\\/quehacerpolitico.mx\\\/#website\"},\"primaryImageOfPage\":{\"@id\":\"https:\\\/\\\/quehacerpolitico.mx\\\/?p=81201#primaryimage\"},\"image\":{\"@id\":\"https:\\\/\\\/quehacerpolitico.mx\\\/?p=81201#primaryimage\"},\"thumbnailUrl\":\"https:\\\/\\\/quehacerpolitico.mx\\\/wp-content\\\/uploads\\\/2021\\\/05\\\/CF401EC5-D791-440C-9573-520E309FFC76.jpeg\",\"datePublished\":\"2021-05-21T22:47:52+00:00\",\"author\":{\"@id\":\"https:\\\/\\\/quehacerpolitico.mx\\\/#\\\/schema\\\/person\\\/496d8ad2d1d3f8036101dca7ee39e585\"},\"breadcrumb\":{\"@id\":\"https:\\\/\\\/quehacerpolitico.mx\\\/?p=81201#breadcrumb\"},\"inLanguage\":\"es\",\"potentialAction\":[{\"@type\":\"ReadAction\",\"target\":[\"https:\\\/\\\/quehacerpolitico.mx\\\/?p=81201\"]}]},{\"@type\":\"ImageObject\",\"inLanguage\":\"es\",\"@id\":\"https:\\\/\\\/quehacerpolitico.mx\\\/?p=81201#primaryimage\",\"url\":\"https:\\\/\\\/quehacerpolitico.mx\\\/wp-content\\\/uploads\\\/2021\\\/05\\\/CF401EC5-D791-440C-9573-520E309FFC76.jpeg\",\"contentUrl\":\"https:\\\/\\\/quehacerpolitico.mx\\\/wp-content\\\/uploads\\\/2021\\\/05\\\/CF401EC5-D791-440C-9573-520E309FFC76.jpeg\",\"width\":1242,\"height\":682},{\"@type\":\"BreadcrumbList\",\"@id\":\"https:\\\/\\\/quehacerpolitico.mx\\\/?p=81201#breadcrumb\",\"itemListElement\":[{\"@type\":\"ListItem\",\"position\":1,\"name\":\"Inicio\",\"item\":\"https:\\\/\\\/quehacerpolitico.mx\\\/\"},{\"@type\":\"ListItem\",\"position\":2,\"name\":\"AMLO se re\u00fane con ministros de SCJN para defender reformas\"}]},{\"@type\":\"WebSite\",\"@id\":\"https:\\\/\\\/quehacerpolitico.mx\\\/#website\",\"url\":\"https:\\\/\\\/quehacerpolitico.mx\\\/\",\"name\":\"\",\"description\":\"\",\"potentialAction\":[{\"@type\":\"SearchAction\",\"target\":{\"@type\":\"EntryPoint\",\"urlTemplate\":\"https:\\\/\\\/quehacerpolitico.mx\\\/?s={search_term_string}\"},\"query-input\":{\"@type\":\"PropertyValueSpecification\",\"valueRequired\":true,\"valueName\":\"search_term_string\"}}],\"inLanguage\":\"es\"},{\"@type\":\"Person\",\"@id\":\"https:\\\/\\\/quehacerpolitico.mx\\\/#\\\/schema\\\/person\\\/496d8ad2d1d3f8036101dca7ee39e585\",\"name\":\"Redacci\u00f3n QP\",\"image\":{\"@type\":\"ImageObject\",\"inLanguage\":\"es\",\"@id\":\"https:\\\/\\\/secure.gravatar.com\\\/avatar\\\/c7164ed6fdec453195284ad24a5ae5b6e1eed2b848477fa2a4787ba9adf39a41?s=96&d=mm&r=g\",\"url\":\"https:\\\/\\\/secure.gravatar.com\\\/avatar\\\/c7164ed6fdec453195284ad24a5ae5b6e1eed2b848477fa2a4787ba9adf39a41?s=96&d=mm&r=g\",\"contentUrl\":\"https:\\\/\\\/secure.gravatar.com\\\/avatar\\\/c7164ed6fdec453195284ad24a5ae5b6e1eed2b848477fa2a4787ba9adf39a41?s=96&d=mm&r=g\",\"caption\":\"Redacci\u00f3n QP\"},\"url\":\"https:\\\/\\\/quehacerpolitico.mx\\\/?author=2\"}]}<\/script>\n<!-- \/ Yoast SEO plugin. -->","yoast_head_json":{"title":"AMLO se re\u00fane con ministros de SCJN para defender reformas -","robots":{"index":"index","follow":"follow","max-snippet":"max-snippet:-1","max-image-preview":"max-image-preview:large","max-video-preview":"max-video-preview:-1"},"canonical":"https:\/\/quehacerpolitico.mx\/?p=81201","og_locale":"es_MX","og_type":"article","og_title":"AMLO se re\u00fane con ministros de SCJN para defender reformas -","og_description":"AMLO se re\u00fane con ministros de SCJN para defender reformas Por Redacci\u00f3n QP AMLO reconoci\u00f3...","og_url":"https:\/\/quehacerpolitico.mx\/?p=81201","article_published_time":"2021-05-21T22:47:52+00:00","og_image":[{"width":1242,"height":682,"url":"https:\/\/quehacerpolitico.mx\/wp-content\/uploads\/2021\/05\/CF401EC5-D791-440C-9573-520E309FFC76.jpeg","type":"image\/jpeg"}],"author":"Redacci\u00f3n QP","twitter_card":"summary_large_image","twitter_misc":{"Escrito por":"Redacci\u00f3n QP","Tiempo de lectura":"2 minutos"},"schema":{"@context":"https:\/\/schema.org","@graph":[{"@type":"Article","@id":"https:\/\/quehacerpolitico.mx\/?p=81201#article","isPartOf":{"@id":"https:\/\/quehacerpolitico.mx\/?p=81201"},"author":{"name":"Redacci\u00f3n QP","@id":"https:\/\/quehacerpolitico.mx\/#\/schema\/person\/496d8ad2d1d3f8036101dca7ee39e585"},"headline":"AMLO se re\u00fane con ministros de SCJN para defender reformas","datePublished":"2021-05-21T22:47:52+00:00","mainEntityOfPage":{"@id":"https:\/\/quehacerpolitico.mx\/?p=81201"},"wordCount":506,"commentCount":0,"image":{"@id":"https:\/\/quehacerpolitico.mx\/?p=81201#primaryimage"},"thumbnailUrl":"https:\/\/quehacerpolitico.mx\/wp-content\/uploads\/2021\/05\/CF401EC5-D791-440C-9573-520E309FFC76.jpeg","articleSection":["Noticias"],"inLanguage":"es","potentialAction":[{"@type":"CommentAction","name":"Comment","target":["https:\/\/quehacerpolitico.mx\/?p=81201#respond"]}]},{"@type":"WebPage","@id":"https:\/\/quehacerpolitico.mx\/?p=81201","url":"https:\/\/quehacerpolitico.mx\/?p=81201","name":"AMLO se re\u00fane con ministros de SCJN para defender reformas -","isPartOf":{"@id":"https:\/\/quehacerpolitico.mx\/#website"},"primaryImageOfPage":{"@id":"https:\/\/quehacerpolitico.mx\/?p=81201#primaryimage"},"image":{"@id":"https:\/\/quehacerpolitico.mx\/?p=81201#primaryimage"},"thumbnailUrl":"https:\/\/quehacerpolitico.mx\/wp-content\/uploads\/2021\/05\/CF401EC5-D791-440C-9573-520E309FFC76.jpeg","datePublished":"2021-05-21T22:47:52+00:00","author":{"@id":"https:\/\/quehacerpolitico.mx\/#\/schema\/person\/496d8ad2d1d3f8036101dca7ee39e585"},"breadcrumb":{"@id":"https:\/\/quehacerpolitico.mx\/?p=81201#breadcrumb"},"inLanguage":"es","potentialAction":[{"@type":"ReadAction","target":["https:\/\/quehacerpolitico.mx\/?p=81201"]}]},{"@type":"ImageObject","inLanguage":"es","@id":"https:\/\/quehacerpolitico.mx\/?p=81201#primaryimage","url":"https:\/\/quehacerpolitico.mx\/wp-content\/uploads\/2021\/05\/CF401EC5-D791-440C-9573-520E309FFC76.jpeg","contentUrl":"https:\/\/quehacerpolitico.mx\/wp-content\/uploads\/2021\/05\/CF401EC5-D791-440C-9573-520E309FFC76.jpeg","width":1242,"height":682},{"@type":"BreadcrumbList","@id":"https:\/\/quehacerpolitico.mx\/?p=81201#breadcrumb","itemListElement":[{"@type":"ListItem","position":1,"name":"Inicio","item":"https:\/\/quehacerpolitico.mx\/"},{"@type":"ListItem","position":2,"name":"AMLO se re\u00fane con ministros de SCJN para defender reformas"}]},{"@type":"WebSite","@id":"https:\/\/quehacerpolitico.mx\/#website","url":"https:\/\/quehacerpolitico.mx\/","name":"","description":"","potentialAction":[{"@type":"SearchAction","target":{"@type":"EntryPoint","urlTemplate":"https:\/\/quehacerpolitico.mx\/?s={search_term_string}"},"query-input":{"@type":"PropertyValueSpecification","valueRequired":true,"valueName":"search_term_string"}}],"inLanguage":"es"},{"@type":"Person","@id":"https:\/\/quehacerpolitico.mx\/#\/schema\/person\/496d8ad2d1d3f8036101dca7ee39e585","name":"Redacci\u00f3n QP","image":{"@type":"ImageObject","inLanguage":"es","@id":"https:\/\/secure.gravatar.com\/avatar\/c7164ed6fdec453195284ad24a5ae5b6e1eed2b848477fa2a4787ba9adf39a41?s=96&d=mm&r=g","url":"https:\/\/secure.gravatar.com\/avatar\/c7164ed6fdec453195284ad24a5ae5b6e1eed2b848477fa2a4787ba9adf39a41?s=96&d=mm&r=g","contentUrl":"https:\/\/secure.gravatar.com\/avatar\/c7164ed6fdec453195284ad24a5ae5b6e1eed2b848477fa2a4787ba9adf39a41?s=96&d=mm&r=g","caption":"Redacci\u00f3n QP"},"url":"https:\/\/quehacerpolitico.mx\/?author=2"}]}},"featured_image_urls":{"full":["https:\/\/quehacerpolitico.mx\/wp-content\/uploads\/2021\/05\/CF401EC5-D791-440C-9573-520E309FFC76.jpeg",1242,682,false],"thumbnail":["https:\/\/quehacerpolitico.mx\/wp-content\/uploads\/2021\/05\/CF401EC5-D791-440C-9573-520E309FFC76-150x150.jpeg",150,150,true],"medium":["https:\/\/quehacerpolitico.mx\/wp-content\/uploads\/2021\/05\/CF401EC5-D791-440C-9573-520E309FFC76-300x165.jpeg",300,165,true],"medium_large":["https:\/\/quehacerpolitico.mx\/wp-content\/uploads\/2021\/05\/CF401EC5-D791-440C-9573-520E309FFC76-768x422.jpeg",640,352,true],"large":["https:\/\/quehacerpolitico.mx\/wp-content\/uploads\/2021\/05\/CF401EC5-D791-440C-9573-520E309FFC76-1024x562.jpeg",640,351,true],"1536x1536":["https:\/\/quehacerpolitico.mx\/wp-content\/uploads\/2021\/05\/CF401EC5-D791-440C-9573-520E309FFC76.jpeg",1242,682,false],"2048x2048":["https:\/\/quehacerpolitico.mx\/wp-content\/uploads\/2021\/05\/CF401EC5-D791-440C-9573-520E309FFC76.jpeg",1242,682,false],"covernews-featured":["https:\/\/quehacerpolitico.mx\/wp-content\/uploads\/2021\/05\/CF401EC5-D791-440C-9573-520E309FFC76.jpeg",1024,562,false],"covernews-medium":["https:\/\/quehacerpolitico.mx\/wp-content\/uploads\/2021\/05\/CF401EC5-D791-440C-9573-520E309FFC76.jpeg",540,297,false]},"author_info":{"display_name":"Redacci\u00f3n QP","author_link":"https:\/\/quehacerpolitico.mx\/?author=2"},"category_info":"<a href=\"https:\/\/quehacerpolitico.mx\/?cat=2\" rel=\"category\">Noticias<\/a>","tag_info":"Noticias","comment_count":"0","_links":{"self":[{"href":"https:\/\/quehacerpolitico.mx\/index.php?rest_route=\/wp\/v2\/posts\/81201","targetHints":{"allow":["GET"]}}],"collection":[{"href":"https:\/\/quehacerpolitico.mx\/index.php?rest_route=\/wp\/v2\/posts"}],"about":[{"href":"https:\/\/quehacerpolitico.mx\/index.php?rest_route=\/wp\/v2\/types\/post"}],"author":[{"embeddable":true,"href":"https:\/\/quehacerpolitico.mx\/index.php?rest_route=\/wp\/v2\/users\/2"}],"replies":[{"embeddable":true,"href":"https:\/\/quehacerpolitico.mx\/index.php?rest_route=%2Fwp%2Fv2%2Fcomments&post=81201"}],"version-history":[{"count":0,"href":"https:\/\/quehacerpolitico.mx\/index.php?rest_route=\/wp\/v2\/posts\/81201\/revisions"}],"wp:featuredmedia":[{"embeddable":true,"href":"https:\/\/quehacerpolitico.mx\/index.php?rest_route=\/wp\/v2\/media\/81205"}],"wp:attachment":[{"href":"https:\/\/quehacerpolitico.mx\/index.php?rest_route=%2Fwp%2Fv2%2Fmedia&parent=81201"}],"wp:term":[{"taxonomy":"category","embeddable":true,"href":"https:\/\/quehacerpolitico.mx\/index.php?rest_route=%2Fwp%2Fv2%2Fcategories&post=81201"},{"taxonomy":"post_tag","embeddable":true,"href":"https:\/\/quehacerpolitico.mx\/index.php?rest_route=%2Fwp%2Fv2%2Ftags&post=81201"}],"curies":[{"name":"wp","href":"https:\/\/api.w.org\/{rel}","templated":true}]}}