{"id":81172,"date":"2021-05-20T16:48:26","date_gmt":"2021-05-20T16:48:26","guid":{"rendered":"https:\/\/quehacerpolitico.mx\/?p=81172"},"modified":"2021-05-20T16:48:26","modified_gmt":"2021-05-20T16:48:26","slug":"amlo-pide-banxico-explicar-que-hace-con-sus-reservas","status":"publish","type":"post","link":"https:\/\/quehacerpolitico.mx\/?p=81172","title":{"rendered":"AMLO pide a Banxico explicar qu\u00e9 hace con sus reservas"},"content":{"rendered":"<h1 class=\"article_title\">AMLO pide a Banxico explicar qu\u00e9 hace con sus reservas<br \/>\nPor Redacci\u00f3n QP<\/h1>\n<div class=\"article_heading\">\n<p>El presidente Andr\u00e9s Manuel L\u00f3pez Obrador dijo que ser\u00eda importante saber qui\u00e9n maneja esas reservas y cu\u00e1nto cobran por manejarlas<\/p>\n<p>El <strong>presidente <\/strong><strong>Andr\u00e9s Manuel L\u00f3pez Obrador (AMLO) <\/strong>pidi\u00f3 en su conferencia de prensa matutina de hoy, 20 de mayo de 2021, al <strong>Banco de M\u00e9xico (Banxico)<\/strong> explicar qu\u00e9 hace con sus<strong> reservas<\/strong> de 190.000 millones de d\u00f3lares, despu\u00e9s que la instituci\u00f3n descartara entregar este a\u00f1o remanentes al Gobierno.<\/p>\n<blockquote><p>\u201cDebemos respetar la autonom\u00eda del Banco de M\u00e9xico, sin que esto signifique que sean una especie de casta divina. S\u00ed hay una falta de informaci\u00f3n al pueblo de lo que hace el Banco de M\u00e9xico\u201d, opin\u00f3 AMLO desde Palacio Nacional.<\/p><\/blockquote>\n<p><strong>L\u00f3pez Obrador<\/strong> explic\u00f3 que el <strong>Banco de M\u00e9xico<\/strong> cuenta con reservas de 190.000 millones de d\u00f3lares y opin\u00f3 que \u201cser\u00eda importante saber qui\u00e9n maneja esas reservas y cu\u00e1nto cobran por manejarlas\u201d.<\/p>\n<p><iframe loading=\"lazy\" title=\"AMLO pide a Banxico explicar c\u00f3mo maneja las reservas internacionales\" width=\"640\" height=\"360\" src=\"https:\/\/www.youtube.com\/embed\/UWLixN2yyQk?feature=oembed\" frameborder=\"0\" allow=\"accelerometer; autoplay; clipboard-write; encrypted-media; gyroscope; picture-in-picture; web-share\" referrerpolicy=\"strict-origin-when-cross-origin\" allowfullscreen><\/iframe><\/p>\n<p>El presidente de M\u00e9xico sugiri\u00f3 que los consejeros del banco central \u201cpudieron destinar una parte del remanente a ayudar para comprar vacunas\u201d, pero matiz\u00f3 que el Gobierno no requiere ese dinero.<\/p>\n<blockquote><p>\u201cAfortunadamente tenemos finanzas p\u00fablicas sanas y no necesitamos del Banco de M\u00e9xico y no le vamos a pedir que nos den de las reservas, si acaso que informen los c\u00f3mo manejan estos fondos\u201d, expres\u00f3 el presidente.<\/p><\/blockquote>\n<p><strong>L\u00f3pez Obrador<\/strong> mantiene una cruzada en contra de organismos aut\u00f3nomos que el Gobierno no controla, como el Instituto Nacional Electoral (INE), aunque siempre ha dejado fuera al Banco de M\u00e9xico, pues defiende su autonom\u00eda.<\/p>\n<p><em>Con informaci\u00f3n de EFE<\/em><\/p>\n<\/div>\n","protected":false},"excerpt":{"rendered":"<p>AMLO pide a Banxico explicar qu\u00e9 hace con sus reservas Por Redacci\u00f3n QP El presidente&#8230;<\/p>\n","protected":false},"author":2,"featured_media":81176,"comment_status":"open","ping_status":"open","sticky":false,"template":"","format":"standard","meta":{"_monsterinsights_skip_tracking":false,"_monsterinsights_sitenote_active":false,"_monsterinsights_sitenote_note":"","_monsterinsights_sitenote_category":0,"footnotes":""},"categories":[56],"tags":[],"class_list":["post-81172","post","type-post","status-publish","format-standard","has-post-thumbnail","hentry","category-economia"],"yoast_head":"<!-- This site is optimized with the Yoast SEO plugin v27.3 - https:\/\/yoast.com\/product\/yoast-seo-wordpress\/ -->\n<title>AMLO pide a Banxico explicar qu\u00e9 hace con sus reservas -<\/title>\n<meta name=\"robots\" content=\"index, follow, max-snippet:-1, max-image-preview:large, max-video-preview:-1\" \/>\n<link rel=\"canonical\" href=\"https:\/\/quehacerpolitico.mx\/?p=81172\" \/>\n<meta property=\"og:locale\" content=\"es_MX\" \/>\n<meta property=\"og:type\" content=\"article\" \/>\n<meta property=\"og:title\" content=\"AMLO pide a Banxico explicar qu\u00e9 hace con sus reservas -\" \/>\n<meta property=\"og:description\" content=\"AMLO pide a Banxico explicar qu\u00e9 hace con sus reservas Por Redacci\u00f3n QP El presidente...\" \/>\n<meta property=\"og:url\" content=\"https:\/\/quehacerpolitico.mx\/?p=81172\" \/>\n<meta property=\"article:published_time\" content=\"2021-05-20T16:48:26+00:00\" \/>\n<meta property=\"og:image\" content=\"https:\/\/quehacerpolitico.mx\/wp-content\/uploads\/2021\/05\/5E29BC9A-5452-4BBD-B4F8-679A8AAFBC9B.jpeg\" \/>\n\t<meta property=\"og:image:width\" content=\"678\" \/>\n\t<meta property=\"og:image:height\" content=\"452\" \/>\n\t<meta property=\"og:image:type\" content=\"image\/jpeg\" \/>\n<meta name=\"author\" content=\"Redacci\u00f3n QP\" \/>\n<meta name=\"twitter:card\" content=\"summary_large_image\" \/>\n<meta name=\"twitter:label1\" content=\"Escrito por\" \/>\n\t<meta name=\"twitter:data1\" content=\"Redacci\u00f3n QP\" \/>\n\t<meta name=\"twitter:label2\" content=\"Tiempo de lectura\" \/>\n\t<meta name=\"twitter:data2\" content=\"1 minuto\" \/>\n<script type=\"application\/ld+json\" class=\"yoast-schema-graph\">{\"@context\":\"https:\\\/\\\/schema.org\",\"@graph\":[{\"@type\":\"Article\",\"@id\":\"https:\\\/\\\/quehacerpolitico.mx\\\/?p=81172#article\",\"isPartOf\":{\"@id\":\"https:\\\/\\\/quehacerpolitico.mx\\\/?p=81172\"},\"author\":{\"name\":\"Redacci\u00f3n QP\",\"@id\":\"https:\\\/\\\/quehacerpolitico.mx\\\/#\\\/schema\\\/person\\\/496d8ad2d1d3f8036101dca7ee39e585\"},\"headline\":\"AMLO pide a Banxico explicar qu\u00e9 hace con sus reservas\",\"datePublished\":\"2021-05-20T16:48:26+00:00\",\"mainEntityOfPage\":{\"@id\":\"https:\\\/\\\/quehacerpolitico.mx\\\/?p=81172\"},\"wordCount\":300,\"commentCount\":0,\"image\":{\"@id\":\"https:\\\/\\\/quehacerpolitico.mx\\\/?p=81172#primaryimage\"},\"thumbnailUrl\":\"https:\\\/\\\/quehacerpolitico.mx\\\/wp-content\\\/uploads\\\/2021\\\/05\\\/5E29BC9A-5452-4BBD-B4F8-679A8AAFBC9B.jpeg\",\"articleSection\":[\"Econom\u00eda\"],\"inLanguage\":\"es\",\"potentialAction\":[{\"@type\":\"CommentAction\",\"name\":\"Comment\",\"target\":[\"https:\\\/\\\/quehacerpolitico.mx\\\/?p=81172#respond\"]}]},{\"@type\":\"WebPage\",\"@id\":\"https:\\\/\\\/quehacerpolitico.mx\\\/?p=81172\",\"url\":\"https:\\\/\\\/quehacerpolitico.mx\\\/?p=81172\",\"name\":\"AMLO pide a Banxico explicar qu\u00e9 hace con sus reservas -\",\"isPartOf\":{\"@id\":\"https:\\\/\\\/quehacerpolitico.mx\\\/#website\"},\"primaryImageOfPage\":{\"@id\":\"https:\\\/\\\/quehacerpolitico.mx\\\/?p=81172#primaryimage\"},\"image\":{\"@id\":\"https:\\\/\\\/quehacerpolitico.mx\\\/?p=81172#primaryimage\"},\"thumbnailUrl\":\"https:\\\/\\\/quehacerpolitico.mx\\\/wp-content\\\/uploads\\\/2021\\\/05\\\/5E29BC9A-5452-4BBD-B4F8-679A8AAFBC9B.jpeg\",\"datePublished\":\"2021-05-20T16:48:26+00:00\",\"author\":{\"@id\":\"https:\\\/\\\/quehacerpolitico.mx\\\/#\\\/schema\\\/person\\\/496d8ad2d1d3f8036101dca7ee39e585\"},\"breadcrumb\":{\"@id\":\"https:\\\/\\\/quehacerpolitico.mx\\\/?p=81172#breadcrumb\"},\"inLanguage\":\"es\",\"potentialAction\":[{\"@type\":\"ReadAction\",\"target\":[\"https:\\\/\\\/quehacerpolitico.mx\\\/?p=81172\"]}]},{\"@type\":\"ImageObject\",\"inLanguage\":\"es\",\"@id\":\"https:\\\/\\\/quehacerpolitico.mx\\\/?p=81172#primaryimage\",\"url\":\"https:\\\/\\\/quehacerpolitico.mx\\\/wp-content\\\/uploads\\\/2021\\\/05\\\/5E29BC9A-5452-4BBD-B4F8-679A8AAFBC9B.jpeg\",\"contentUrl\":\"https:\\\/\\\/quehacerpolitico.mx\\\/wp-content\\\/uploads\\\/2021\\\/05\\\/5E29BC9A-5452-4BBD-B4F8-679A8AAFBC9B.jpeg\",\"width\":678,\"height\":452},{\"@type\":\"BreadcrumbList\",\"@id\":\"https:\\\/\\\/quehacerpolitico.mx\\\/?p=81172#breadcrumb\",\"itemListElement\":[{\"@type\":\"ListItem\",\"position\":1,\"name\":\"Inicio\",\"item\":\"https:\\\/\\\/quehacerpolitico.mx\\\/\"},{\"@type\":\"ListItem\",\"position\":2,\"name\":\"AMLO pide a Banxico explicar qu\u00e9 hace con sus reservas\"}]},{\"@type\":\"WebSite\",\"@id\":\"https:\\\/\\\/quehacerpolitico.mx\\\/#website\",\"url\":\"https:\\\/\\\/quehacerpolitico.mx\\\/\",\"name\":\"\",\"description\":\"\",\"potentialAction\":[{\"@type\":\"SearchAction\",\"target\":{\"@type\":\"EntryPoint\",\"urlTemplate\":\"https:\\\/\\\/quehacerpolitico.mx\\\/?s={search_term_string}\"},\"query-input\":{\"@type\":\"PropertyValueSpecification\",\"valueRequired\":true,\"valueName\":\"search_term_string\"}}],\"inLanguage\":\"es\"},{\"@type\":\"Person\",\"@id\":\"https:\\\/\\\/quehacerpolitico.mx\\\/#\\\/schema\\\/person\\\/496d8ad2d1d3f8036101dca7ee39e585\",\"name\":\"Redacci\u00f3n QP\",\"image\":{\"@type\":\"ImageObject\",\"inLanguage\":\"es\",\"@id\":\"https:\\\/\\\/secure.gravatar.com\\\/avatar\\\/c7164ed6fdec453195284ad24a5ae5b6e1eed2b848477fa2a4787ba9adf39a41?s=96&d=mm&r=g\",\"url\":\"https:\\\/\\\/secure.gravatar.com\\\/avatar\\\/c7164ed6fdec453195284ad24a5ae5b6e1eed2b848477fa2a4787ba9adf39a41?s=96&d=mm&r=g\",\"contentUrl\":\"https:\\\/\\\/secure.gravatar.com\\\/avatar\\\/c7164ed6fdec453195284ad24a5ae5b6e1eed2b848477fa2a4787ba9adf39a41?s=96&d=mm&r=g\",\"caption\":\"Redacci\u00f3n QP\"},\"url\":\"https:\\\/\\\/quehacerpolitico.mx\\\/?author=2\"}]}<\/script>\n<!-- \/ Yoast SEO plugin. -->","yoast_head_json":{"title":"AMLO pide a Banxico explicar qu\u00e9 hace con sus reservas -","robots":{"index":"index","follow":"follow","max-snippet":"max-snippet:-1","max-image-preview":"max-image-preview:large","max-video-preview":"max-video-preview:-1"},"canonical":"https:\/\/quehacerpolitico.mx\/?p=81172","og_locale":"es_MX","og_type":"article","og_title":"AMLO pide a Banxico explicar qu\u00e9 hace con sus reservas -","og_description":"AMLO pide a Banxico explicar qu\u00e9 hace con sus reservas Por Redacci\u00f3n QP El presidente...","og_url":"https:\/\/quehacerpolitico.mx\/?p=81172","article_published_time":"2021-05-20T16:48:26+00:00","og_image":[{"width":678,"height":452,"url":"https:\/\/quehacerpolitico.mx\/wp-content\/uploads\/2021\/05\/5E29BC9A-5452-4BBD-B4F8-679A8AAFBC9B.jpeg","type":"image\/jpeg"}],"author":"Redacci\u00f3n QP","twitter_card":"summary_large_image","twitter_misc":{"Escrito por":"Redacci\u00f3n QP","Tiempo de lectura":"1 minuto"},"schema":{"@context":"https:\/\/schema.org","@graph":[{"@type":"Article","@id":"https:\/\/quehacerpolitico.mx\/?p=81172#article","isPartOf":{"@id":"https:\/\/quehacerpolitico.mx\/?p=81172"},"author":{"name":"Redacci\u00f3n QP","@id":"https:\/\/quehacerpolitico.mx\/#\/schema\/person\/496d8ad2d1d3f8036101dca7ee39e585"},"headline":"AMLO pide a Banxico explicar qu\u00e9 hace con sus reservas","datePublished":"2021-05-20T16:48:26+00:00","mainEntityOfPage":{"@id":"https:\/\/quehacerpolitico.mx\/?p=81172"},"wordCount":300,"commentCount":0,"image":{"@id":"https:\/\/quehacerpolitico.mx\/?p=81172#primaryimage"},"thumbnailUrl":"https:\/\/quehacerpolitico.mx\/wp-content\/uploads\/2021\/05\/5E29BC9A-5452-4BBD-B4F8-679A8AAFBC9B.jpeg","articleSection":["Econom\u00eda"],"inLanguage":"es","potentialAction":[{"@type":"CommentAction","name":"Comment","target":["https:\/\/quehacerpolitico.mx\/?p=81172#respond"]}]},{"@type":"WebPage","@id":"https:\/\/quehacerpolitico.mx\/?p=81172","url":"https:\/\/quehacerpolitico.mx\/?p=81172","name":"AMLO pide a Banxico explicar qu\u00e9 hace con sus reservas -","isPartOf":{"@id":"https:\/\/quehacerpolitico.mx\/#website"},"primaryImageOfPage":{"@id":"https:\/\/quehacerpolitico.mx\/?p=81172#primaryimage"},"image":{"@id":"https:\/\/quehacerpolitico.mx\/?p=81172#primaryimage"},"thumbnailUrl":"https:\/\/quehacerpolitico.mx\/wp-content\/uploads\/2021\/05\/5E29BC9A-5452-4BBD-B4F8-679A8AAFBC9B.jpeg","datePublished":"2021-05-20T16:48:26+00:00","author":{"@id":"https:\/\/quehacerpolitico.mx\/#\/schema\/person\/496d8ad2d1d3f8036101dca7ee39e585"},"breadcrumb":{"@id":"https:\/\/quehacerpolitico.mx\/?p=81172#breadcrumb"},"inLanguage":"es","potentialAction":[{"@type":"ReadAction","target":["https:\/\/quehacerpolitico.mx\/?p=81172"]}]},{"@type":"ImageObject","inLanguage":"es","@id":"https:\/\/quehacerpolitico.mx\/?p=81172#primaryimage","url":"https:\/\/quehacerpolitico.mx\/wp-content\/uploads\/2021\/05\/5E29BC9A-5452-4BBD-B4F8-679A8AAFBC9B.jpeg","contentUrl":"https:\/\/quehacerpolitico.mx\/wp-content\/uploads\/2021\/05\/5E29BC9A-5452-4BBD-B4F8-679A8AAFBC9B.jpeg","width":678,"height":452},{"@type":"BreadcrumbList","@id":"https:\/\/quehacerpolitico.mx\/?p=81172#breadcrumb","itemListElement":[{"@type":"ListItem","position":1,"name":"Inicio","item":"https:\/\/quehacerpolitico.mx\/"},{"@type":"ListItem","position":2,"name":"AMLO pide a Banxico explicar qu\u00e9 hace con sus reservas"}]},{"@type":"WebSite","@id":"https:\/\/quehacerpolitico.mx\/#website","url":"https:\/\/quehacerpolitico.mx\/","name":"","description":"","potentialAction":[{"@type":"SearchAction","target":{"@type":"EntryPoint","urlTemplate":"https:\/\/quehacerpolitico.mx\/?s={search_term_string}"},"query-input":{"@type":"PropertyValueSpecification","valueRequired":true,"valueName":"search_term_string"}}],"inLanguage":"es"},{"@type":"Person","@id":"https:\/\/quehacerpolitico.mx\/#\/schema\/person\/496d8ad2d1d3f8036101dca7ee39e585","name":"Redacci\u00f3n QP","image":{"@type":"ImageObject","inLanguage":"es","@id":"https:\/\/secure.gravatar.com\/avatar\/c7164ed6fdec453195284ad24a5ae5b6e1eed2b848477fa2a4787ba9adf39a41?s=96&d=mm&r=g","url":"https:\/\/secure.gravatar.com\/avatar\/c7164ed6fdec453195284ad24a5ae5b6e1eed2b848477fa2a4787ba9adf39a41?s=96&d=mm&r=g","contentUrl":"https:\/\/secure.gravatar.com\/avatar\/c7164ed6fdec453195284ad24a5ae5b6e1eed2b848477fa2a4787ba9adf39a41?s=96&d=mm&r=g","caption":"Redacci\u00f3n QP"},"url":"https:\/\/quehacerpolitico.mx\/?author=2"}]}},"featured_image_urls":{"full":["https:\/\/quehacerpolitico.mx\/wp-content\/uploads\/2021\/05\/5E29BC9A-5452-4BBD-B4F8-679A8AAFBC9B.jpeg",678,452,false],"thumbnail":["https:\/\/quehacerpolitico.mx\/wp-content\/uploads\/2021\/05\/5E29BC9A-5452-4BBD-B4F8-679A8AAFBC9B-150x150.jpeg",150,150,true],"medium":["https:\/\/quehacerpolitico.mx\/wp-content\/uploads\/2021\/05\/5E29BC9A-5452-4BBD-B4F8-679A8AAFBC9B-300x200.jpeg",300,200,true],"medium_large":["https:\/\/quehacerpolitico.mx\/wp-content\/uploads\/2021\/05\/5E29BC9A-5452-4BBD-B4F8-679A8AAFBC9B.jpeg",640,427,false],"large":["https:\/\/quehacerpolitico.mx\/wp-content\/uploads\/2021\/05\/5E29BC9A-5452-4BBD-B4F8-679A8AAFBC9B.jpeg",640,427,false],"1536x1536":["https:\/\/quehacerpolitico.mx\/wp-content\/uploads\/2021\/05\/5E29BC9A-5452-4BBD-B4F8-679A8AAFBC9B.jpeg",678,452,false],"2048x2048":["https:\/\/quehacerpolitico.mx\/wp-content\/uploads\/2021\/05\/5E29BC9A-5452-4BBD-B4F8-679A8AAFBC9B.jpeg",678,452,false],"covernews-featured":["https:\/\/quehacerpolitico.mx\/wp-content\/uploads\/2021\/05\/5E29BC9A-5452-4BBD-B4F8-679A8AAFBC9B.jpeg",678,452,false],"covernews-medium":["https:\/\/quehacerpolitico.mx\/wp-content\/uploads\/2021\/05\/5E29BC9A-5452-4BBD-B4F8-679A8AAFBC9B.jpeg",510,340,false]},"author_info":{"display_name":"Redacci\u00f3n QP","author_link":"https:\/\/quehacerpolitico.mx\/?author=2"},"category_info":"<a href=\"https:\/\/quehacerpolitico.mx\/?cat=56\" rel=\"category\">Econom\u00eda<\/a>","tag_info":"Econom\u00eda","comment_count":"0","_links":{"self":[{"href":"https:\/\/quehacerpolitico.mx\/index.php?rest_route=\/wp\/v2\/posts\/81172","targetHints":{"allow":["GET"]}}],"collection":[{"href":"https:\/\/quehacerpolitico.mx\/index.php?rest_route=\/wp\/v2\/posts"}],"about":[{"href":"https:\/\/quehacerpolitico.mx\/index.php?rest_route=\/wp\/v2\/types\/post"}],"author":[{"embeddable":true,"href":"https:\/\/quehacerpolitico.mx\/index.php?rest_route=\/wp\/v2\/users\/2"}],"replies":[{"embeddable":true,"href":"https:\/\/quehacerpolitico.mx\/index.php?rest_route=%2Fwp%2Fv2%2Fcomments&post=81172"}],"version-history":[{"count":0,"href":"https:\/\/quehacerpolitico.mx\/index.php?rest_route=\/wp\/v2\/posts\/81172\/revisions"}],"wp:featuredmedia":[{"embeddable":true,"href":"https:\/\/quehacerpolitico.mx\/index.php?rest_route=\/wp\/v2\/media\/81176"}],"wp:attachment":[{"href":"https:\/\/quehacerpolitico.mx\/index.php?rest_route=%2Fwp%2Fv2%2Fmedia&parent=81172"}],"wp:term":[{"taxonomy":"category","embeddable":true,"href":"https:\/\/quehacerpolitico.mx\/index.php?rest_route=%2Fwp%2Fv2%2Fcategories&post=81172"},{"taxonomy":"post_tag","embeddable":true,"href":"https:\/\/quehacerpolitico.mx\/index.php?rest_route=%2Fwp%2Fv2%2Ftags&post=81172"}],"curies":[{"name":"wp","href":"https:\/\/api.w.org\/{rel}","templated":true}]}}