{"id":81165,"date":"2021-05-20T16:32:55","date_gmt":"2021-05-20T16:32:55","guid":{"rendered":"https:\/\/quehacerpolitico.mx\/?p=81165"},"modified":"2021-05-20T16:32:55","modified_gmt":"2021-05-20T16:32:55","slug":"presenta-amlo-carta-de-eeuu-solicitando-informacion-de-cabeza-de-vaca","status":"publish","type":"post","link":"https:\/\/quehacerpolitico.mx\/?p=81165","title":{"rendered":"Presenta AMLO carta de EEUU solicitando informaci\u00f3n de Cabeza de Vaca"},"content":{"rendered":"<h1 class=\"article_title\">Presenta AMLO carta de EEUU solicitando informaci\u00f3n de Cabeza de Vaca<br \/>\nPor Redacci\u00f3n QP<\/h1>\n<p>AMLO dijo que Santiago Nieto tomar\u00e1 &#8220;medidas&#8221; en el asunto a trav\u00e9s de la Unidad de Inteligencia Financiera<\/p>\n<p>El presidente Andres Manuel L\u00f3pez Obrador divulg\u00f3 el oficio enviado por la Embajada de Estados Unidos en M\u00e9xico que informaba sobre la investigaci\u00f3n sobre lavado de dinero del gobernador de Tamaulipas, Francisco Garc\u00eda Cabeza de Vaca<\/p>\n<p>En la conferencia de prensa en Palacio Nacional, L\u00f3pez Obrador divulg\u00f3 el oficio enviado hace unos d\u00edas, pese a reconocer que esto no era \u201cpol\u00edticamente correcto\u201d o \u201cjur\u00eddicamente correcto\u201d.<\/p>\n<p>El vocero del presidente, Jes\u00fas Ram\u00edrez Cuevas, ley\u00f3 la carta, que fue dirigida a Santiago Nieto, titular de la <strong>Unidad de Inteligencia Financiera (UIF)<\/strong> de la Secretar\u00eda de Hacienda y Cr\u00e9dito P\u00fablico del gobierno federal.<\/p>\n<p>En esta misiva se habla de una \u201cinvestigaci\u00f3n preliminar\u201d por parte de la Oficina del Agregado Jur\u00eddico y el <strong>FBI<\/strong> en la que se identifican viajes internacionales a Estados Unidos y otros pa\u00edses por parte de una cuarentena de \u201cindividuos\u201d y \u201centidades corporativas\u201d.<\/p>\n<blockquote class=\"twitter-tweet\" data-width=\"550\" data-dnt=\"true\">\n<p lang=\"es\" dir=\"ltr\">Responde el presidente <a href=\"https:\/\/twitter.com\/lopezobrador_?ref_src=twsrc%5Etfw\">@lopezobrador_<\/a> a los se\u00f1alamientos del gobernador de Tamaulipas, <a href=\"https:\/\/twitter.com\/fgcabezadevaca?ref_src=twsrc%5Etfw\">@fgcabezadevaca<\/a> <\/p>\n<p>&quot;La <a href=\"https:\/\/twitter.com\/FGRMexico?ref_src=twsrc%5Etfw\">@FGRMexico<\/a> es independiente y aut\u00f3noma, yo no estoy dando instrucciones&quot;. <a href=\"https:\/\/t.co\/Br91Z1cJkC\">pic.twitter.com\/Br91Z1cJkC<\/a><\/p>\n<p>&mdash; Ruido en la Red (@RuidoEnLaRed) <a href=\"https:\/\/twitter.com\/RuidoEnLaRed\/status\/1395381713740746756?ref_src=twsrc%5Etfw\">May 20, 2021<\/a><\/p><\/blockquote>\n<p><script async src=\"https:\/\/platform.twitter.com\/widgets.js\" charset=\"utf-8\"><\/script><\/p>\n<blockquote class=\"twitter-tweet\" data-width=\"550\" data-dnt=\"true\">\n<p lang=\"es\" dir=\"ltr\">Presentan en la <a href=\"https:\/\/twitter.com\/hashtag\/ma%C3%B1anera?src=hash&amp;ref_src=twsrc%5Etfw\">#ma\u00f1anera<\/a> el oficio que envi\u00f3 el Departamento de Justicia de Estados Unidos a Santiago Nieto, titular de la UIF, sobre el caso de Francisco Garc\u00eda Cabeza de Vaca. <a href=\"https:\/\/t.co\/AYxA0nAjwd\">pic.twitter.com\/AYxA0nAjwd<\/a><\/p>\n<p>&mdash; Ruido en la Red (@RuidoEnLaRed) <a href=\"https:\/\/twitter.com\/RuidoEnLaRed\/status\/1395383481992101892?ref_src=twsrc%5Etfw\">May 20, 2021<\/a><\/p><\/blockquote>\n<p><script async src=\"https:\/\/platform.twitter.com\/widgets.js\" charset=\"utf-8\"><\/script><\/p>\n<p>Entre estos nombres, se encuentra Francisco Garc\u00eda Cabeza de Vaca, contra quien un juez mexicano emiti\u00f3 el mi\u00e9rcoles una orden de arresto a solicitud de la Fiscal\u00eda General de la Rep\u00fablica (FGR), y se encuentra en paradero desconocido.<\/p>\n<p>L\u00f3pez Obrador dijo que Santiago Nieto tomar\u00e1 \u201cmedidas\u201d en el asunto a trav\u00e9s de la UIF, por lo que es muy probable que ya haya enviado su investigaci\u00f3n a la FGR.<\/p>\n<blockquote><p>\u201cNo queremos ser el hazmerre\u00edr de nadie\u201d, dijo el mandatario, convencido de que en el pa\u00eds ya no hay impunidad.<\/p><\/blockquote>\n<p>Por ello dijo que no hay que quedarse \u201ccallados\u201d ante sucesos de este tipo.<\/p>\n<blockquote><p>\u201cYo no estoy dando instrucciones. No es mi fuerte la venganza. No soy hip\u00f3crita. No soy de dos caras como lo son los conservadores\u201d, arremeti\u00f3 el mandatario.<\/p><\/blockquote>\n<p>Aunque dijo que no es \u201ctapadera\u201d de nadie, no puede \u201cencubrir\u201d a nadie, y por ello dio a conocer la misiva de la embajada estadounidense.<\/p>\n<h2>LOS ANTECEDENTES<\/h2>\n<p>El pasado 10 de mayo, la FGR inform\u00f3 que recibi\u00f3 informaci\u00f3n que el <strong>Departamento de Justicia de Estados Unidos<\/strong> sobre \u201cposibles responsabilidades penales\u201d del <strong>gobernador de<\/strong> <strong>Tamaulipas,<\/strong> acusado de corrupci\u00f3n y crimen organizado.<\/p>\n<p>Y este mismo mi\u00e9rcoles, la FGR obtuvo una orden de arresto contra Garc\u00eda Cabeza de Vaca, pese a que hab\u00eda dudas sobre si todav\u00eda el gobernador gozaba de fuero y por ende no pod\u00eda ser detenido.<\/p>\n<p>Adem\u00e1s, el titular de UIF, Santiago Nieto, anunci\u00f3 \u201cel <strong>congelamiento de cuentas<\/strong> de la red\u201d del gobernador, por presuntas operaciones con <strong>recursos de procedencia il\u00edcita<\/strong>.<\/p>\n<p>M\u00e1s tarde, el Instituto Nacional de Migraci\u00f3n (INM) inform\u00f3 que emiti\u00f3 una alerta migratoria a nombre de Garc\u00eda Cabeza de Vaca, a solicitud de la FGR.<\/p>\n<p>Por su parte, Garc\u00eda Cabeza de Vaca, que se presupone est\u00e1 en Estados Unidos, dijo que en el Gobierno de Andr\u00e9s Manuel L\u00f3pez Obrador \u201cse usa la justicia para perseguir y amedrentar a los opositores y a los ciudadanos cr\u00edticos a la gesti\u00f3n de su gobierno, sobre todo cuando la preferencia electoral de los ciudadanos va en franco declive\u201d.<\/p>\n<p>Con informaci\u00f3n de EFE.<\/p>\n","protected":false},"excerpt":{"rendered":"<p>Presenta AMLO carta de EEUU solicitando informaci\u00f3n de Cabeza de Vaca Por Redacci\u00f3n QP AMLO&#8230;<\/p>\n","protected":false},"author":2,"featured_media":81170,"comment_status":"open","ping_status":"open","sticky":false,"template":"","format":"standard","meta":{"_monsterinsights_skip_tracking":false,"_monsterinsights_sitenote_active":false,"_monsterinsights_sitenote_note":"","_monsterinsights_sitenote_category":0,"footnotes":""},"categories":[2],"tags":[],"class_list":["post-81165","post","type-post","status-publish","format-standard","has-post-thumbnail","hentry","category-noticias"],"yoast_head":"<!-- This site is optimized with the Yoast SEO plugin v27.3 - https:\/\/yoast.com\/product\/yoast-seo-wordpress\/ -->\n<title>Presenta AMLO carta de EEUU solicitando informaci\u00f3n de Cabeza de Vaca -<\/title>\n<meta name=\"robots\" content=\"index, follow, max-snippet:-1, max-image-preview:large, max-video-preview:-1\" \/>\n<link rel=\"canonical\" href=\"https:\/\/quehacerpolitico.mx\/?p=81165\" \/>\n<meta property=\"og:locale\" content=\"es_MX\" \/>\n<meta property=\"og:type\" content=\"article\" \/>\n<meta property=\"og:title\" content=\"Presenta AMLO carta de EEUU solicitando informaci\u00f3n de Cabeza de Vaca -\" \/>\n<meta property=\"og:description\" content=\"Presenta AMLO carta de EEUU solicitando informaci\u00f3n de Cabeza de Vaca Por Redacci\u00f3n QP AMLO...\" \/>\n<meta property=\"og:url\" content=\"https:\/\/quehacerpolitico.mx\/?p=81165\" \/>\n<meta property=\"article:published_time\" content=\"2021-05-20T16:32:55+00:00\" \/>\n<meta property=\"og:image\" content=\"https:\/\/quehacerpolitico.mx\/wp-content\/uploads\/2021\/05\/E1355A13-1E9B-4E8A-ADA6-85B68E56B3D5.jpeg\" \/>\n\t<meta property=\"og:image:width\" content=\"1242\" \/>\n\t<meta property=\"og:image:height\" content=\"682\" \/>\n\t<meta property=\"og:image:type\" content=\"image\/jpeg\" \/>\n<meta name=\"author\" content=\"Redacci\u00f3n QP\" \/>\n<meta name=\"twitter:card\" content=\"summary_large_image\" \/>\n<meta name=\"twitter:label1\" content=\"Escrito por\" \/>\n\t<meta name=\"twitter:data1\" content=\"Redacci\u00f3n QP\" \/>\n\t<meta name=\"twitter:label2\" content=\"Tiempo de lectura\" \/>\n\t<meta name=\"twitter:data2\" content=\"3 minutos\" \/>\n<script type=\"application\/ld+json\" class=\"yoast-schema-graph\">{\"@context\":\"https:\\\/\\\/schema.org\",\"@graph\":[{\"@type\":\"Article\",\"@id\":\"https:\\\/\\\/quehacerpolitico.mx\\\/?p=81165#article\",\"isPartOf\":{\"@id\":\"https:\\\/\\\/quehacerpolitico.mx\\\/?p=81165\"},\"author\":{\"name\":\"Redacci\u00f3n QP\",\"@id\":\"https:\\\/\\\/quehacerpolitico.mx\\\/#\\\/schema\\\/person\\\/496d8ad2d1d3f8036101dca7ee39e585\"},\"headline\":\"Presenta AMLO carta de EEUU solicitando informaci\u00f3n de Cabeza de Vaca\",\"datePublished\":\"2021-05-20T16:32:55+00:00\",\"mainEntityOfPage\":{\"@id\":\"https:\\\/\\\/quehacerpolitico.mx\\\/?p=81165\"},\"wordCount\":585,\"commentCount\":0,\"image\":{\"@id\":\"https:\\\/\\\/quehacerpolitico.mx\\\/?p=81165#primaryimage\"},\"thumbnailUrl\":\"https:\\\/\\\/quehacerpolitico.mx\\\/wp-content\\\/uploads\\\/2021\\\/05\\\/E1355A13-1E9B-4E8A-ADA6-85B68E56B3D5.jpeg\",\"articleSection\":[\"Noticias\"],\"inLanguage\":\"es\",\"potentialAction\":[{\"@type\":\"CommentAction\",\"name\":\"Comment\",\"target\":[\"https:\\\/\\\/quehacerpolitico.mx\\\/?p=81165#respond\"]}]},{\"@type\":\"WebPage\",\"@id\":\"https:\\\/\\\/quehacerpolitico.mx\\\/?p=81165\",\"url\":\"https:\\\/\\\/quehacerpolitico.mx\\\/?p=81165\",\"name\":\"Presenta AMLO carta de EEUU solicitando informaci\u00f3n de Cabeza de Vaca -\",\"isPartOf\":{\"@id\":\"https:\\\/\\\/quehacerpolitico.mx\\\/#website\"},\"primaryImageOfPage\":{\"@id\":\"https:\\\/\\\/quehacerpolitico.mx\\\/?p=81165#primaryimage\"},\"image\":{\"@id\":\"https:\\\/\\\/quehacerpolitico.mx\\\/?p=81165#primaryimage\"},\"thumbnailUrl\":\"https:\\\/\\\/quehacerpolitico.mx\\\/wp-content\\\/uploads\\\/2021\\\/05\\\/E1355A13-1E9B-4E8A-ADA6-85B68E56B3D5.jpeg\",\"datePublished\":\"2021-05-20T16:32:55+00:00\",\"author\":{\"@id\":\"https:\\\/\\\/quehacerpolitico.mx\\\/#\\\/schema\\\/person\\\/496d8ad2d1d3f8036101dca7ee39e585\"},\"breadcrumb\":{\"@id\":\"https:\\\/\\\/quehacerpolitico.mx\\\/?p=81165#breadcrumb\"},\"inLanguage\":\"es\",\"potentialAction\":[{\"@type\":\"ReadAction\",\"target\":[\"https:\\\/\\\/quehacerpolitico.mx\\\/?p=81165\"]}]},{\"@type\":\"ImageObject\",\"inLanguage\":\"es\",\"@id\":\"https:\\\/\\\/quehacerpolitico.mx\\\/?p=81165#primaryimage\",\"url\":\"https:\\\/\\\/quehacerpolitico.mx\\\/wp-content\\\/uploads\\\/2021\\\/05\\\/E1355A13-1E9B-4E8A-ADA6-85B68E56B3D5.jpeg\",\"contentUrl\":\"https:\\\/\\\/quehacerpolitico.mx\\\/wp-content\\\/uploads\\\/2021\\\/05\\\/E1355A13-1E9B-4E8A-ADA6-85B68E56B3D5.jpeg\",\"width\":1242,\"height\":682},{\"@type\":\"BreadcrumbList\",\"@id\":\"https:\\\/\\\/quehacerpolitico.mx\\\/?p=81165#breadcrumb\",\"itemListElement\":[{\"@type\":\"ListItem\",\"position\":1,\"name\":\"Inicio\",\"item\":\"https:\\\/\\\/quehacerpolitico.mx\\\/\"},{\"@type\":\"ListItem\",\"position\":2,\"name\":\"Presenta AMLO carta de EEUU solicitando informaci\u00f3n de Cabeza de Vaca\"}]},{\"@type\":\"WebSite\",\"@id\":\"https:\\\/\\\/quehacerpolitico.mx\\\/#website\",\"url\":\"https:\\\/\\\/quehacerpolitico.mx\\\/\",\"name\":\"\",\"description\":\"\",\"potentialAction\":[{\"@type\":\"SearchAction\",\"target\":{\"@type\":\"EntryPoint\",\"urlTemplate\":\"https:\\\/\\\/quehacerpolitico.mx\\\/?s={search_term_string}\"},\"query-input\":{\"@type\":\"PropertyValueSpecification\",\"valueRequired\":true,\"valueName\":\"search_term_string\"}}],\"inLanguage\":\"es\"},{\"@type\":\"Person\",\"@id\":\"https:\\\/\\\/quehacerpolitico.mx\\\/#\\\/schema\\\/person\\\/496d8ad2d1d3f8036101dca7ee39e585\",\"name\":\"Redacci\u00f3n QP\",\"image\":{\"@type\":\"ImageObject\",\"inLanguage\":\"es\",\"@id\":\"https:\\\/\\\/secure.gravatar.com\\\/avatar\\\/c7164ed6fdec453195284ad24a5ae5b6e1eed2b848477fa2a4787ba9adf39a41?s=96&d=mm&r=g\",\"url\":\"https:\\\/\\\/secure.gravatar.com\\\/avatar\\\/c7164ed6fdec453195284ad24a5ae5b6e1eed2b848477fa2a4787ba9adf39a41?s=96&d=mm&r=g\",\"contentUrl\":\"https:\\\/\\\/secure.gravatar.com\\\/avatar\\\/c7164ed6fdec453195284ad24a5ae5b6e1eed2b848477fa2a4787ba9adf39a41?s=96&d=mm&r=g\",\"caption\":\"Redacci\u00f3n QP\"},\"url\":\"https:\\\/\\\/quehacerpolitico.mx\\\/?author=2\"}]}<\/script>\n<!-- \/ Yoast SEO plugin. -->","yoast_head_json":{"title":"Presenta AMLO carta de EEUU solicitando informaci\u00f3n de Cabeza de Vaca -","robots":{"index":"index","follow":"follow","max-snippet":"max-snippet:-1","max-image-preview":"max-image-preview:large","max-video-preview":"max-video-preview:-1"},"canonical":"https:\/\/quehacerpolitico.mx\/?p=81165","og_locale":"es_MX","og_type":"article","og_title":"Presenta AMLO carta de EEUU solicitando informaci\u00f3n de Cabeza de Vaca -","og_description":"Presenta AMLO carta de EEUU solicitando informaci\u00f3n de Cabeza de Vaca Por Redacci\u00f3n QP AMLO...","og_url":"https:\/\/quehacerpolitico.mx\/?p=81165","article_published_time":"2021-05-20T16:32:55+00:00","og_image":[{"width":1242,"height":682,"url":"https:\/\/quehacerpolitico.mx\/wp-content\/uploads\/2021\/05\/E1355A13-1E9B-4E8A-ADA6-85B68E56B3D5.jpeg","type":"image\/jpeg"}],"author":"Redacci\u00f3n QP","twitter_card":"summary_large_image","twitter_misc":{"Escrito por":"Redacci\u00f3n QP","Tiempo de lectura":"3 minutos"},"schema":{"@context":"https:\/\/schema.org","@graph":[{"@type":"Article","@id":"https:\/\/quehacerpolitico.mx\/?p=81165#article","isPartOf":{"@id":"https:\/\/quehacerpolitico.mx\/?p=81165"},"author":{"name":"Redacci\u00f3n QP","@id":"https:\/\/quehacerpolitico.mx\/#\/schema\/person\/496d8ad2d1d3f8036101dca7ee39e585"},"headline":"Presenta AMLO carta de EEUU solicitando informaci\u00f3n de Cabeza de Vaca","datePublished":"2021-05-20T16:32:55+00:00","mainEntityOfPage":{"@id":"https:\/\/quehacerpolitico.mx\/?p=81165"},"wordCount":585,"commentCount":0,"image":{"@id":"https:\/\/quehacerpolitico.mx\/?p=81165#primaryimage"},"thumbnailUrl":"https:\/\/quehacerpolitico.mx\/wp-content\/uploads\/2021\/05\/E1355A13-1E9B-4E8A-ADA6-85B68E56B3D5.jpeg","articleSection":["Noticias"],"inLanguage":"es","potentialAction":[{"@type":"CommentAction","name":"Comment","target":["https:\/\/quehacerpolitico.mx\/?p=81165#respond"]}]},{"@type":"WebPage","@id":"https:\/\/quehacerpolitico.mx\/?p=81165","url":"https:\/\/quehacerpolitico.mx\/?p=81165","name":"Presenta AMLO carta de EEUU solicitando informaci\u00f3n de Cabeza de Vaca -","isPartOf":{"@id":"https:\/\/quehacerpolitico.mx\/#website"},"primaryImageOfPage":{"@id":"https:\/\/quehacerpolitico.mx\/?p=81165#primaryimage"},"image":{"@id":"https:\/\/quehacerpolitico.mx\/?p=81165#primaryimage"},"thumbnailUrl":"https:\/\/quehacerpolitico.mx\/wp-content\/uploads\/2021\/05\/E1355A13-1E9B-4E8A-ADA6-85B68E56B3D5.jpeg","datePublished":"2021-05-20T16:32:55+00:00","author":{"@id":"https:\/\/quehacerpolitico.mx\/#\/schema\/person\/496d8ad2d1d3f8036101dca7ee39e585"},"breadcrumb":{"@id":"https:\/\/quehacerpolitico.mx\/?p=81165#breadcrumb"},"inLanguage":"es","potentialAction":[{"@type":"ReadAction","target":["https:\/\/quehacerpolitico.mx\/?p=81165"]}]},{"@type":"ImageObject","inLanguage":"es","@id":"https:\/\/quehacerpolitico.mx\/?p=81165#primaryimage","url":"https:\/\/quehacerpolitico.mx\/wp-content\/uploads\/2021\/05\/E1355A13-1E9B-4E8A-ADA6-85B68E56B3D5.jpeg","contentUrl":"https:\/\/quehacerpolitico.mx\/wp-content\/uploads\/2021\/05\/E1355A13-1E9B-4E8A-ADA6-85B68E56B3D5.jpeg","width":1242,"height":682},{"@type":"BreadcrumbList","@id":"https:\/\/quehacerpolitico.mx\/?p=81165#breadcrumb","itemListElement":[{"@type":"ListItem","position":1,"name":"Inicio","item":"https:\/\/quehacerpolitico.mx\/"},{"@type":"ListItem","position":2,"name":"Presenta AMLO carta de EEUU solicitando informaci\u00f3n de Cabeza de Vaca"}]},{"@type":"WebSite","@id":"https:\/\/quehacerpolitico.mx\/#website","url":"https:\/\/quehacerpolitico.mx\/","name":"","description":"","potentialAction":[{"@type":"SearchAction","target":{"@type":"EntryPoint","urlTemplate":"https:\/\/quehacerpolitico.mx\/?s={search_term_string}"},"query-input":{"@type":"PropertyValueSpecification","valueRequired":true,"valueName":"search_term_string"}}],"inLanguage":"es"},{"@type":"Person","@id":"https:\/\/quehacerpolitico.mx\/#\/schema\/person\/496d8ad2d1d3f8036101dca7ee39e585","name":"Redacci\u00f3n QP","image":{"@type":"ImageObject","inLanguage":"es","@id":"https:\/\/secure.gravatar.com\/avatar\/c7164ed6fdec453195284ad24a5ae5b6e1eed2b848477fa2a4787ba9adf39a41?s=96&d=mm&r=g","url":"https:\/\/secure.gravatar.com\/avatar\/c7164ed6fdec453195284ad24a5ae5b6e1eed2b848477fa2a4787ba9adf39a41?s=96&d=mm&r=g","contentUrl":"https:\/\/secure.gravatar.com\/avatar\/c7164ed6fdec453195284ad24a5ae5b6e1eed2b848477fa2a4787ba9adf39a41?s=96&d=mm&r=g","caption":"Redacci\u00f3n QP"},"url":"https:\/\/quehacerpolitico.mx\/?author=2"}]}},"featured_image_urls":{"full":["https:\/\/quehacerpolitico.mx\/wp-content\/uploads\/2021\/05\/E1355A13-1E9B-4E8A-ADA6-85B68E56B3D5.jpeg",1242,682,false],"thumbnail":["https:\/\/quehacerpolitico.mx\/wp-content\/uploads\/2021\/05\/E1355A13-1E9B-4E8A-ADA6-85B68E56B3D5-150x150.jpeg",150,150,true],"medium":["https:\/\/quehacerpolitico.mx\/wp-content\/uploads\/2021\/05\/E1355A13-1E9B-4E8A-ADA6-85B68E56B3D5-300x165.jpeg",300,165,true],"medium_large":["https:\/\/quehacerpolitico.mx\/wp-content\/uploads\/2021\/05\/E1355A13-1E9B-4E8A-ADA6-85B68E56B3D5-768x422.jpeg",640,352,true],"large":["https:\/\/quehacerpolitico.mx\/wp-content\/uploads\/2021\/05\/E1355A13-1E9B-4E8A-ADA6-85B68E56B3D5-1024x562.jpeg",640,351,true],"1536x1536":["https:\/\/quehacerpolitico.mx\/wp-content\/uploads\/2021\/05\/E1355A13-1E9B-4E8A-ADA6-85B68E56B3D5.jpeg",1242,682,false],"2048x2048":["https:\/\/quehacerpolitico.mx\/wp-content\/uploads\/2021\/05\/E1355A13-1E9B-4E8A-ADA6-85B68E56B3D5.jpeg",1242,682,false],"covernews-featured":["https:\/\/quehacerpolitico.mx\/wp-content\/uploads\/2021\/05\/E1355A13-1E9B-4E8A-ADA6-85B68E56B3D5.jpeg",1024,562,false],"covernews-medium":["https:\/\/quehacerpolitico.mx\/wp-content\/uploads\/2021\/05\/E1355A13-1E9B-4E8A-ADA6-85B68E56B3D5.jpeg",540,297,false]},"author_info":{"display_name":"Redacci\u00f3n QP","author_link":"https:\/\/quehacerpolitico.mx\/?author=2"},"category_info":"<a href=\"https:\/\/quehacerpolitico.mx\/?cat=2\" rel=\"category\">Noticias<\/a>","tag_info":"Noticias","comment_count":"0","_links":{"self":[{"href":"https:\/\/quehacerpolitico.mx\/index.php?rest_route=\/wp\/v2\/posts\/81165","targetHints":{"allow":["GET"]}}],"collection":[{"href":"https:\/\/quehacerpolitico.mx\/index.php?rest_route=\/wp\/v2\/posts"}],"about":[{"href":"https:\/\/quehacerpolitico.mx\/index.php?rest_route=\/wp\/v2\/types\/post"}],"author":[{"embeddable":true,"href":"https:\/\/quehacerpolitico.mx\/index.php?rest_route=\/wp\/v2\/users\/2"}],"replies":[{"embeddable":true,"href":"https:\/\/quehacerpolitico.mx\/index.php?rest_route=%2Fwp%2Fv2%2Fcomments&post=81165"}],"version-history":[{"count":0,"href":"https:\/\/quehacerpolitico.mx\/index.php?rest_route=\/wp\/v2\/posts\/81165\/revisions"}],"wp:featuredmedia":[{"embeddable":true,"href":"https:\/\/quehacerpolitico.mx\/index.php?rest_route=\/wp\/v2\/media\/81170"}],"wp:attachment":[{"href":"https:\/\/quehacerpolitico.mx\/index.php?rest_route=%2Fwp%2Fv2%2Fmedia&parent=81165"}],"wp:term":[{"taxonomy":"category","embeddable":true,"href":"https:\/\/quehacerpolitico.mx\/index.php?rest_route=%2Fwp%2Fv2%2Fcategories&post=81165"},{"taxonomy":"post_tag","embeddable":true,"href":"https:\/\/quehacerpolitico.mx\/index.php?rest_route=%2Fwp%2Fv2%2Ftags&post=81165"}],"curies":[{"name":"wp","href":"https:\/\/api.w.org\/{rel}","templated":true}]}}