{"id":81157,"date":"2021-05-20T15:22:55","date_gmt":"2021-05-20T15:22:55","guid":{"rendered":"https:\/\/quehacerpolitico.mx\/?p=81157"},"modified":"2021-05-20T15:22:55","modified_gmt":"2021-05-20T15:22:55","slug":"anuncia-amlo-creacion-de-carrera-para-la-formacion-de-tecnicos-en-deporte","status":"publish","type":"post","link":"https:\/\/quehacerpolitico.mx\/?p=81157","title":{"rendered":"Anuncia AMLO creaci\u00f3n de carrera para la formaci\u00f3n de t\u00e9cnicos en deporte"},"content":{"rendered":"<h1 class=\"article_title\">Anuncia AMLO creaci\u00f3n de carrera para la formaci\u00f3n de t\u00e9cnicos en deporte<br \/>\nPor Redacci\u00f3n QP<\/h1>\n<p>AMLO detall\u00f3 que se trata de un plan que permite a los j\u00f3venes que concluyen la escuela secundaria, optar por una carrera t\u00e9cnica dedicada al deporte<\/p>\n<p>El presidente de M\u00e9xico, Andres Manuel L\u00f3pez Obrador<strong>,<\/strong> anunci\u00f3 la creaci\u00f3n de una <strong>carrera<\/strong> para la formaci\u00f3n de <strong>t\u00e9cnicos en deportes.<\/strong><\/p>\n<blockquote><p>\u201cVamos a crear una carrera, una profesi\u00f3n en nivel medio superior para la formaci\u00f3n de t\u00e9cnicos en deporte, pero al mismo tiempo van a hacer escuelas para <strong>atletismo<\/strong>, box y besisbol, que ya han empezado a construirse y ya van a comenzar a funcionar en distintas partes del pa\u00eds\u201d, inform\u00f3 el mandatario mexicano en su conferencia matutina desde Palacio Nacional.<\/p><\/blockquote>\n<blockquote class=\"twitter-tweet\" data-width=\"550\" data-dnt=\"true\">\n<p lang=\"es\" dir=\"ltr\">Lo que todo M\u00e9xico esperaba: un bachillerato tecnol\u00f3gico de educaci\u00f3n y promoci\u00f3n deportiva. Y s\u00ed, s\u00ed habr\u00e1 b\u00e9isbol.<\/p>\n<p>Cada bachillerato ofrecer\u00e1 dos de las cuatro opciones de carreras t\u00e9cnicas:<\/p>\n<p>B\u00e9isbol<br \/>Boxeo<br \/>Atletismo <br \/>Fisioterapia deportiva <a href=\"https:\/\/t.co\/gWDLBmTht3\">pic.twitter.com\/gWDLBmTht3<\/a><\/p>\n<p>&mdash; Ruido en la Red (@RuidoEnLaRed) <a href=\"https:\/\/twitter.com\/RuidoEnLaRed\/status\/1395360430651060225?ref_src=twsrc%5Etfw\">May 20, 2021<\/a><\/p><\/blockquote>\n<p><script async src=\"https:\/\/platform.twitter.com\/widgets.js\" charset=\"utf-8\"><\/script><\/p>\n<p>L\u00f3pez Obrador detall\u00f3 que se trata de un plan que permite a los j\u00f3venes que concluyen la escuela secundaria, optar por una <strong>carrera t\u00e9cnica<\/strong> dedicada al deporte y tambi\u00e9n a <strong>practicar el deporte<\/strong> que les gusta.<\/p>\n<blockquote><p>\u201cEn tres a\u00f1os pueden salir muy buenos deportistas, pueden avanzar en el deporte y tambi\u00e9n terminar su carrera\u201d, explic\u00f3 el Jefe del Ejecutivo Federal.<\/p><\/blockquote>\n<blockquote class=\"twitter-tweet\" data-width=\"550\" data-dnt=\"true\">\n<p lang=\"es\" dir=\"ltr\">Para el programa de bachillerato tecnol\u00f3gico se est\u00e1n rehabilitando y creando estadios, canchas, pistas de atletismo. <\/p>\n<p>Exbeisbolistas profesionales estar\u00e1n a cargo. <a href=\"https:\/\/t.co\/ICQPmmpMM1\">pic.twitter.com\/ICQPmmpMM1<\/a><\/p>\n<p>&mdash; Ruido en la Red (@RuidoEnLaRed) <a href=\"https:\/\/twitter.com\/RuidoEnLaRed\/status\/1395364673889964042?ref_src=twsrc%5Etfw\">May 20, 2021<\/a><\/p><\/blockquote>\n<p><script async src=\"https:\/\/platform.twitter.com\/widgets.js\" charset=\"utf-8\"><\/script><\/p>\n<p>\u00d3scar Flores Jim\u00e9nez, titular de Administraci\u00f3n y Finanzas de la Secretar\u00eda de Educaci\u00f3n P\u00fablica, explic\u00f3 que esta oferta acad\u00e9mica tendr\u00e1 cuatro <strong>carreras t\u00e9cnicas<\/strong>para cursarse.<\/p>\n<ul>\n<li>Entrenamiento integral de b\u00e9isbol<\/li>\n<li>Entrenamiento integral de <strong>box<\/strong><\/li>\n<li>Entrenamiento integral de atletismo de medio fondo y fondo (800, 1,500, 5 mil y 10 mil metros planos)<\/li>\n<li><strong>Fisioterapia<\/strong> deportiva<\/li>\n<\/ul>\n<p>Estas carreras de bachillerato tendr\u00e1n la modalidad de ser estudios de tiempo completo, en tres a\u00f1os se concluye, y tendr\u00e1 dos categor\u00edas (con residencia o sin residencia), adem\u00e1s contar\u00e1 con validez oficial en la <strong>Secretar\u00eda de Educaci\u00f3n P\u00fablica (SEP)<\/strong> y titulaci\u00f3n.<\/p>\n<p>El periodo escolar iniciar\u00e1 en agosto del 2021 con una primera generaci\u00f3n de 70 alumnos por plantel, la cual ir\u00e1 aumentando hasta concluir en el a\u00f1o 2024 con una capacidad m\u00e1xima de 210 estudiantes por colegio.<\/p>\n<p>Detall\u00f3 que las sedes para la especialidad en b\u00e9isbol estar\u00e1n en Cajeme, Hermosillo, Boca del R\u00edo, Campeche y Texcoco; para la especialidad de atletismo la sede estar\u00e1 en el Parque Nacional La Malinche (Tlaxcala) y la especialidad en boxeo estar\u00e1 en el barrio de Tepito, alcald\u00eda de Cuauht\u00e9moc, Ciudad de M\u00e9xico.<\/p>\n<p>Los beneficios que tendr\u00e1n los j\u00f3venes que cursen estos bachilleratos t\u00e9cnicos son: <strong>seguro de salud<\/strong>, beca universal, al terminar sus estudios tendr\u00e1n opci\u00f3n de una plaza en el Subsistema de Educaci\u00f3n Superior, contar\u00e1n con residencia y <strong>manutenci\u00f3n completa<\/strong><\/p>\n<p>Adem\u00e1s, obtendr\u00e1n su t\u00edtulo para continuar con sus <strong>estudios de nivel superior<\/strong>, para aquellos que as\u00ed lo deseen, y aspirar a la docencia en el sistema educativo nacional o tener una carrera de deportista de alto rendimiento, para aquellos que no logren esta parte podr\u00e1n tener oportunidad en el \u00e1mbito p\u00fablico y privado en el mercado laboral.<\/p>\n","protected":false},"excerpt":{"rendered":"<p>Anuncia AMLO creaci\u00f3n de carrera para la formaci\u00f3n de t\u00e9cnicos en deporte Por Redacci\u00f3n QP&#8230;<\/p>\n","protected":false},"author":2,"featured_media":81160,"comment_status":"open","ping_status":"open","sticky":false,"template":"","format":"standard","meta":{"_monsterinsights_skip_tracking":false,"_monsterinsights_sitenote_active":false,"_monsterinsights_sitenote_note":"","_monsterinsights_sitenote_category":0,"footnotes":""},"categories":[2],"tags":[],"class_list":["post-81157","post","type-post","status-publish","format-standard","has-post-thumbnail","hentry","category-noticias"],"yoast_head":"<!-- This site is optimized with the Yoast SEO plugin v27.3 - https:\/\/yoast.com\/product\/yoast-seo-wordpress\/ -->\n<title>Anuncia AMLO creaci\u00f3n de carrera para la formaci\u00f3n de t\u00e9cnicos en deporte -<\/title>\n<meta name=\"robots\" content=\"index, follow, max-snippet:-1, max-image-preview:large, max-video-preview:-1\" \/>\n<link rel=\"canonical\" href=\"https:\/\/quehacerpolitico.mx\/?p=81157\" \/>\n<meta property=\"og:locale\" content=\"es_MX\" \/>\n<meta property=\"og:type\" content=\"article\" \/>\n<meta property=\"og:title\" content=\"Anuncia AMLO creaci\u00f3n de carrera para la formaci\u00f3n de t\u00e9cnicos en deporte -\" \/>\n<meta property=\"og:description\" content=\"Anuncia AMLO creaci\u00f3n de carrera para la formaci\u00f3n de t\u00e9cnicos en deporte Por Redacci\u00f3n QP...\" \/>\n<meta property=\"og:url\" content=\"https:\/\/quehacerpolitico.mx\/?p=81157\" \/>\n<meta property=\"article:published_time\" content=\"2021-05-20T15:22:55+00:00\" \/>\n<meta property=\"og:image\" content=\"https:\/\/quehacerpolitico.mx\/wp-content\/uploads\/2021\/05\/BF0B6301-397B-4F16-90DE-81D9167E025A.jpeg\" \/>\n\t<meta property=\"og:image:width\" content=\"1242\" \/>\n\t<meta property=\"og:image:height\" content=\"672\" \/>\n\t<meta property=\"og:image:type\" content=\"image\/jpeg\" \/>\n<meta name=\"author\" content=\"Redacci\u00f3n QP\" \/>\n<meta name=\"twitter:card\" content=\"summary_large_image\" \/>\n<meta name=\"twitter:label1\" content=\"Escrito por\" \/>\n\t<meta name=\"twitter:data1\" content=\"Redacci\u00f3n QP\" \/>\n\t<meta name=\"twitter:label2\" content=\"Tiempo de lectura\" \/>\n\t<meta name=\"twitter:data2\" content=\"3 minutos\" \/>\n<script type=\"application\/ld+json\" class=\"yoast-schema-graph\">{\"@context\":\"https:\\\/\\\/schema.org\",\"@graph\":[{\"@type\":\"Article\",\"@id\":\"https:\\\/\\\/quehacerpolitico.mx\\\/?p=81157#article\",\"isPartOf\":{\"@id\":\"https:\\\/\\\/quehacerpolitico.mx\\\/?p=81157\"},\"author\":{\"name\":\"Redacci\u00f3n QP\",\"@id\":\"https:\\\/\\\/quehacerpolitico.mx\\\/#\\\/schema\\\/person\\\/496d8ad2d1d3f8036101dca7ee39e585\"},\"headline\":\"Anuncia AMLO creaci\u00f3n de carrera para la formaci\u00f3n de t\u00e9cnicos en deporte\",\"datePublished\":\"2021-05-20T15:22:55+00:00\",\"mainEntityOfPage\":{\"@id\":\"https:\\\/\\\/quehacerpolitico.mx\\\/?p=81157\"},\"wordCount\":535,\"commentCount\":0,\"image\":{\"@id\":\"https:\\\/\\\/quehacerpolitico.mx\\\/?p=81157#primaryimage\"},\"thumbnailUrl\":\"https:\\\/\\\/quehacerpolitico.mx\\\/wp-content\\\/uploads\\\/2021\\\/05\\\/BF0B6301-397B-4F16-90DE-81D9167E025A.jpeg\",\"articleSection\":[\"Noticias\"],\"inLanguage\":\"es\",\"potentialAction\":[{\"@type\":\"CommentAction\",\"name\":\"Comment\",\"target\":[\"https:\\\/\\\/quehacerpolitico.mx\\\/?p=81157#respond\"]}]},{\"@type\":\"WebPage\",\"@id\":\"https:\\\/\\\/quehacerpolitico.mx\\\/?p=81157\",\"url\":\"https:\\\/\\\/quehacerpolitico.mx\\\/?p=81157\",\"name\":\"Anuncia AMLO creaci\u00f3n de carrera para la formaci\u00f3n de t\u00e9cnicos en deporte -\",\"isPartOf\":{\"@id\":\"https:\\\/\\\/quehacerpolitico.mx\\\/#website\"},\"primaryImageOfPage\":{\"@id\":\"https:\\\/\\\/quehacerpolitico.mx\\\/?p=81157#primaryimage\"},\"image\":{\"@id\":\"https:\\\/\\\/quehacerpolitico.mx\\\/?p=81157#primaryimage\"},\"thumbnailUrl\":\"https:\\\/\\\/quehacerpolitico.mx\\\/wp-content\\\/uploads\\\/2021\\\/05\\\/BF0B6301-397B-4F16-90DE-81D9167E025A.jpeg\",\"datePublished\":\"2021-05-20T15:22:55+00:00\",\"author\":{\"@id\":\"https:\\\/\\\/quehacerpolitico.mx\\\/#\\\/schema\\\/person\\\/496d8ad2d1d3f8036101dca7ee39e585\"},\"breadcrumb\":{\"@id\":\"https:\\\/\\\/quehacerpolitico.mx\\\/?p=81157#breadcrumb\"},\"inLanguage\":\"es\",\"potentialAction\":[{\"@type\":\"ReadAction\",\"target\":[\"https:\\\/\\\/quehacerpolitico.mx\\\/?p=81157\"]}]},{\"@type\":\"ImageObject\",\"inLanguage\":\"es\",\"@id\":\"https:\\\/\\\/quehacerpolitico.mx\\\/?p=81157#primaryimage\",\"url\":\"https:\\\/\\\/quehacerpolitico.mx\\\/wp-content\\\/uploads\\\/2021\\\/05\\\/BF0B6301-397B-4F16-90DE-81D9167E025A.jpeg\",\"contentUrl\":\"https:\\\/\\\/quehacerpolitico.mx\\\/wp-content\\\/uploads\\\/2021\\\/05\\\/BF0B6301-397B-4F16-90DE-81D9167E025A.jpeg\",\"width\":1242,\"height\":672},{\"@type\":\"BreadcrumbList\",\"@id\":\"https:\\\/\\\/quehacerpolitico.mx\\\/?p=81157#breadcrumb\",\"itemListElement\":[{\"@type\":\"ListItem\",\"position\":1,\"name\":\"Inicio\",\"item\":\"https:\\\/\\\/quehacerpolitico.mx\\\/\"},{\"@type\":\"ListItem\",\"position\":2,\"name\":\"Anuncia AMLO creaci\u00f3n de carrera para la formaci\u00f3n de t\u00e9cnicos en deporte\"}]},{\"@type\":\"WebSite\",\"@id\":\"https:\\\/\\\/quehacerpolitico.mx\\\/#website\",\"url\":\"https:\\\/\\\/quehacerpolitico.mx\\\/\",\"name\":\"\",\"description\":\"\",\"potentialAction\":[{\"@type\":\"SearchAction\",\"target\":{\"@type\":\"EntryPoint\",\"urlTemplate\":\"https:\\\/\\\/quehacerpolitico.mx\\\/?s={search_term_string}\"},\"query-input\":{\"@type\":\"PropertyValueSpecification\",\"valueRequired\":true,\"valueName\":\"search_term_string\"}}],\"inLanguage\":\"es\"},{\"@type\":\"Person\",\"@id\":\"https:\\\/\\\/quehacerpolitico.mx\\\/#\\\/schema\\\/person\\\/496d8ad2d1d3f8036101dca7ee39e585\",\"name\":\"Redacci\u00f3n QP\",\"image\":{\"@type\":\"ImageObject\",\"inLanguage\":\"es\",\"@id\":\"https:\\\/\\\/secure.gravatar.com\\\/avatar\\\/c7164ed6fdec453195284ad24a5ae5b6e1eed2b848477fa2a4787ba9adf39a41?s=96&d=mm&r=g\",\"url\":\"https:\\\/\\\/secure.gravatar.com\\\/avatar\\\/c7164ed6fdec453195284ad24a5ae5b6e1eed2b848477fa2a4787ba9adf39a41?s=96&d=mm&r=g\",\"contentUrl\":\"https:\\\/\\\/secure.gravatar.com\\\/avatar\\\/c7164ed6fdec453195284ad24a5ae5b6e1eed2b848477fa2a4787ba9adf39a41?s=96&d=mm&r=g\",\"caption\":\"Redacci\u00f3n QP\"},\"url\":\"https:\\\/\\\/quehacerpolitico.mx\\\/?author=2\"}]}<\/script>\n<!-- \/ Yoast SEO plugin. -->","yoast_head_json":{"title":"Anuncia AMLO creaci\u00f3n de carrera para la formaci\u00f3n de t\u00e9cnicos en deporte -","robots":{"index":"index","follow":"follow","max-snippet":"max-snippet:-1","max-image-preview":"max-image-preview:large","max-video-preview":"max-video-preview:-1"},"canonical":"https:\/\/quehacerpolitico.mx\/?p=81157","og_locale":"es_MX","og_type":"article","og_title":"Anuncia AMLO creaci\u00f3n de carrera para la formaci\u00f3n de t\u00e9cnicos en deporte -","og_description":"Anuncia AMLO creaci\u00f3n de carrera para la formaci\u00f3n de t\u00e9cnicos en deporte Por Redacci\u00f3n QP...","og_url":"https:\/\/quehacerpolitico.mx\/?p=81157","article_published_time":"2021-05-20T15:22:55+00:00","og_image":[{"width":1242,"height":672,"url":"https:\/\/quehacerpolitico.mx\/wp-content\/uploads\/2021\/05\/BF0B6301-397B-4F16-90DE-81D9167E025A.jpeg","type":"image\/jpeg"}],"author":"Redacci\u00f3n QP","twitter_card":"summary_large_image","twitter_misc":{"Escrito por":"Redacci\u00f3n QP","Tiempo de lectura":"3 minutos"},"schema":{"@context":"https:\/\/schema.org","@graph":[{"@type":"Article","@id":"https:\/\/quehacerpolitico.mx\/?p=81157#article","isPartOf":{"@id":"https:\/\/quehacerpolitico.mx\/?p=81157"},"author":{"name":"Redacci\u00f3n QP","@id":"https:\/\/quehacerpolitico.mx\/#\/schema\/person\/496d8ad2d1d3f8036101dca7ee39e585"},"headline":"Anuncia AMLO creaci\u00f3n de carrera para la formaci\u00f3n de t\u00e9cnicos en deporte","datePublished":"2021-05-20T15:22:55+00:00","mainEntityOfPage":{"@id":"https:\/\/quehacerpolitico.mx\/?p=81157"},"wordCount":535,"commentCount":0,"image":{"@id":"https:\/\/quehacerpolitico.mx\/?p=81157#primaryimage"},"thumbnailUrl":"https:\/\/quehacerpolitico.mx\/wp-content\/uploads\/2021\/05\/BF0B6301-397B-4F16-90DE-81D9167E025A.jpeg","articleSection":["Noticias"],"inLanguage":"es","potentialAction":[{"@type":"CommentAction","name":"Comment","target":["https:\/\/quehacerpolitico.mx\/?p=81157#respond"]}]},{"@type":"WebPage","@id":"https:\/\/quehacerpolitico.mx\/?p=81157","url":"https:\/\/quehacerpolitico.mx\/?p=81157","name":"Anuncia AMLO creaci\u00f3n de carrera para la formaci\u00f3n de t\u00e9cnicos en deporte -","isPartOf":{"@id":"https:\/\/quehacerpolitico.mx\/#website"},"primaryImageOfPage":{"@id":"https:\/\/quehacerpolitico.mx\/?p=81157#primaryimage"},"image":{"@id":"https:\/\/quehacerpolitico.mx\/?p=81157#primaryimage"},"thumbnailUrl":"https:\/\/quehacerpolitico.mx\/wp-content\/uploads\/2021\/05\/BF0B6301-397B-4F16-90DE-81D9167E025A.jpeg","datePublished":"2021-05-20T15:22:55+00:00","author":{"@id":"https:\/\/quehacerpolitico.mx\/#\/schema\/person\/496d8ad2d1d3f8036101dca7ee39e585"},"breadcrumb":{"@id":"https:\/\/quehacerpolitico.mx\/?p=81157#breadcrumb"},"inLanguage":"es","potentialAction":[{"@type":"ReadAction","target":["https:\/\/quehacerpolitico.mx\/?p=81157"]}]},{"@type":"ImageObject","inLanguage":"es","@id":"https:\/\/quehacerpolitico.mx\/?p=81157#primaryimage","url":"https:\/\/quehacerpolitico.mx\/wp-content\/uploads\/2021\/05\/BF0B6301-397B-4F16-90DE-81D9167E025A.jpeg","contentUrl":"https:\/\/quehacerpolitico.mx\/wp-content\/uploads\/2021\/05\/BF0B6301-397B-4F16-90DE-81D9167E025A.jpeg","width":1242,"height":672},{"@type":"BreadcrumbList","@id":"https:\/\/quehacerpolitico.mx\/?p=81157#breadcrumb","itemListElement":[{"@type":"ListItem","position":1,"name":"Inicio","item":"https:\/\/quehacerpolitico.mx\/"},{"@type":"ListItem","position":2,"name":"Anuncia AMLO creaci\u00f3n de carrera para la formaci\u00f3n de t\u00e9cnicos en deporte"}]},{"@type":"WebSite","@id":"https:\/\/quehacerpolitico.mx\/#website","url":"https:\/\/quehacerpolitico.mx\/","name":"","description":"","potentialAction":[{"@type":"SearchAction","target":{"@type":"EntryPoint","urlTemplate":"https:\/\/quehacerpolitico.mx\/?s={search_term_string}"},"query-input":{"@type":"PropertyValueSpecification","valueRequired":true,"valueName":"search_term_string"}}],"inLanguage":"es"},{"@type":"Person","@id":"https:\/\/quehacerpolitico.mx\/#\/schema\/person\/496d8ad2d1d3f8036101dca7ee39e585","name":"Redacci\u00f3n QP","image":{"@type":"ImageObject","inLanguage":"es","@id":"https:\/\/secure.gravatar.com\/avatar\/c7164ed6fdec453195284ad24a5ae5b6e1eed2b848477fa2a4787ba9adf39a41?s=96&d=mm&r=g","url":"https:\/\/secure.gravatar.com\/avatar\/c7164ed6fdec453195284ad24a5ae5b6e1eed2b848477fa2a4787ba9adf39a41?s=96&d=mm&r=g","contentUrl":"https:\/\/secure.gravatar.com\/avatar\/c7164ed6fdec453195284ad24a5ae5b6e1eed2b848477fa2a4787ba9adf39a41?s=96&d=mm&r=g","caption":"Redacci\u00f3n QP"},"url":"https:\/\/quehacerpolitico.mx\/?author=2"}]}},"featured_image_urls":{"full":["https:\/\/quehacerpolitico.mx\/wp-content\/uploads\/2021\/05\/BF0B6301-397B-4F16-90DE-81D9167E025A.jpeg",1242,672,false],"thumbnail":["https:\/\/quehacerpolitico.mx\/wp-content\/uploads\/2021\/05\/BF0B6301-397B-4F16-90DE-81D9167E025A-150x150.jpeg",150,150,true],"medium":["https:\/\/quehacerpolitico.mx\/wp-content\/uploads\/2021\/05\/BF0B6301-397B-4F16-90DE-81D9167E025A-300x162.jpeg",300,162,true],"medium_large":["https:\/\/quehacerpolitico.mx\/wp-content\/uploads\/2021\/05\/BF0B6301-397B-4F16-90DE-81D9167E025A-768x416.jpeg",640,347,true],"large":["https:\/\/quehacerpolitico.mx\/wp-content\/uploads\/2021\/05\/BF0B6301-397B-4F16-90DE-81D9167E025A-1024x554.jpeg",640,346,true],"1536x1536":["https:\/\/quehacerpolitico.mx\/wp-content\/uploads\/2021\/05\/BF0B6301-397B-4F16-90DE-81D9167E025A.jpeg",1242,672,false],"2048x2048":["https:\/\/quehacerpolitico.mx\/wp-content\/uploads\/2021\/05\/BF0B6301-397B-4F16-90DE-81D9167E025A.jpeg",1242,672,false],"covernews-featured":["https:\/\/quehacerpolitico.mx\/wp-content\/uploads\/2021\/05\/BF0B6301-397B-4F16-90DE-81D9167E025A.jpeg",1024,554,false],"covernews-medium":["https:\/\/quehacerpolitico.mx\/wp-content\/uploads\/2021\/05\/BF0B6301-397B-4F16-90DE-81D9167E025A.jpeg",540,292,false]},"author_info":{"display_name":"Redacci\u00f3n QP","author_link":"https:\/\/quehacerpolitico.mx\/?author=2"},"category_info":"<a href=\"https:\/\/quehacerpolitico.mx\/?cat=2\" rel=\"category\">Noticias<\/a>","tag_info":"Noticias","comment_count":"0","_links":{"self":[{"href":"https:\/\/quehacerpolitico.mx\/index.php?rest_route=\/wp\/v2\/posts\/81157","targetHints":{"allow":["GET"]}}],"collection":[{"href":"https:\/\/quehacerpolitico.mx\/index.php?rest_route=\/wp\/v2\/posts"}],"about":[{"href":"https:\/\/quehacerpolitico.mx\/index.php?rest_route=\/wp\/v2\/types\/post"}],"author":[{"embeddable":true,"href":"https:\/\/quehacerpolitico.mx\/index.php?rest_route=\/wp\/v2\/users\/2"}],"replies":[{"embeddable":true,"href":"https:\/\/quehacerpolitico.mx\/index.php?rest_route=%2Fwp%2Fv2%2Fcomments&post=81157"}],"version-history":[{"count":0,"href":"https:\/\/quehacerpolitico.mx\/index.php?rest_route=\/wp\/v2\/posts\/81157\/revisions"}],"wp:featuredmedia":[{"embeddable":true,"href":"https:\/\/quehacerpolitico.mx\/index.php?rest_route=\/wp\/v2\/media\/81160"}],"wp:attachment":[{"href":"https:\/\/quehacerpolitico.mx\/index.php?rest_route=%2Fwp%2Fv2%2Fmedia&parent=81157"}],"wp:term":[{"taxonomy":"category","embeddable":true,"href":"https:\/\/quehacerpolitico.mx\/index.php?rest_route=%2Fwp%2Fv2%2Fcategories&post=81157"},{"taxonomy":"post_tag","embeddable":true,"href":"https:\/\/quehacerpolitico.mx\/index.php?rest_route=%2Fwp%2Fv2%2Ftags&post=81157"}],"curies":[{"name":"wp","href":"https:\/\/api.w.org\/{rel}","templated":true}]}}