{"id":8109,"date":"2018-10-31T00:46:44","date_gmt":"2018-10-31T00:46:44","guid":{"rendered":"http:\/\/quehacerpolitico.mx\/epn-arrastra-a-la-suprema-corte-al-desprestigio-como-lo-hizo-con-su-propia-administracion-corral\/"},"modified":"2018-10-31T00:46:44","modified_gmt":"2018-10-31T00:46:44","slug":"epn-arrastra-a-la-suprema-corte-al-desprestigio-como-lo-hizo-con-su-propia-administracion-corral","status":"publish","type":"post","link":"https:\/\/quehacerpolitico.mx\/?p=8109","title":{"rendered":"EPN arrastra a la Suprema Corte al desprestigio, como lo hizo con su propia administraci\u00f3n: Corral"},"content":{"rendered":"<h1>EPN arrastra a la Suprema Corte al desprestigio, como lo hizo con su propia administraci\u00f3n: Corral<\/h1>\n<p>Por Redacci\u00f3n QP<\/p>\n<p>El Gobierno de Chihuahua, a cargo de <strong>Javier Corral Jurado<\/strong>, anunci\u00f3 que presentar\u00e1 un recurso de <strong>impugnaci\u00f3n<\/strong> ante el <strong>fallo<\/strong> de la Suprema Corte de Justicia de la Naci\u00f3n (<strong>SCJN<\/strong>) que <strong>ampara<\/strong> al Presidente <strong>Enrique Pe\u00f1a Nieto<\/strong> y a su <strong>Gabinete<\/strong> ante las investigaciones que la entidad lleva contra el ex Secretario general del PRI, Alejandro Guti\u00e9rrez.<\/p>\n<blockquote>\n<p>\u201cEl Gobierno del Estado presentar\u00e1 un recurso de impugnaci\u00f3n por la improcedencia de la suspensi\u00f3n y uno de queja por la violaci\u00f3n a la secrec\u00eda de las investigaciones; ministros deben asumir la revisi\u00f3n de lo que ha hecho el presidente de la Segunda Sala de la Suprema Corte\u201d, inform\u00f3 en un comunicado.<\/p>\n<\/blockquote>\n<p>Javier Corral calific\u00f3 de \u201cvergonzoso y escandaloso\u201d, que el Ministro Eduardo Tom\u00e1s Medina Mora Icaza emitiera un acuerdo de suspensi\u00f3n contra el combate a la corrupci\u00f3n y que ordenara a la Fiscal\u00eda del Estado entregar las investigaciones que se realizan, pues, dijo, con ello vulnera la secrec\u00eda que debe reinar en los procesos judiciales.<\/p>\n<p>Corral tambi\u00e9n consider\u00f3 que con ese fallo se busca un \u201cpaso m\u00e1s del plan de impunidad trasexenal\u201d.<\/p>\n<blockquote>\n<p>\u201cLo que se est\u00e1 buscando es un paso m\u00e1s del plan de impunidad trasexenal, conocer las investigaciones. Est\u00e1 aqu\u00ed en toda su dimensi\u00f3n un acto de protecci\u00f3n personal, donde el Presidente de la Rep\u00fablica utiliza los instrumentos de gobierno para blindarse e intentar arrastrar a la Suprema Corte, en su desesperaci\u00f3n, al desprestigio en el que se sumi\u00f3 el Gobierno que encabeza\u201d, se\u00f1al\u00f3.<\/p>\n<p>La SCJN admiti\u00f3 ayer la controversia promovida por el Presidente Enrique Pe\u00f1a Nieto y su Gabinete con la que buscaban blindarse ante la investigaci\u00f3n que el Gobierno de Chihuahua tiene abierta en contra del ex Secretario general del Partido Revolucionario Institucional (PRI), Alejandro Guti\u00e9rrez Guti\u00e9rrez por el desv\u00edo de 270 millones de pesos a las campa\u00f1as pol\u00edticas del Tricolor.<\/p>\n<p>El Ministro Eduardo Medina Mora, quien fue ex Procurador General de la Rep\u00fablica y quien lleg\u00f3 al M\u00e1ximo Tribunal propuesto por el Presidente Pe\u00f1a Nieto, admiti\u00f3 la Controversia que present\u00f3 el Consejero Jur\u00eddico de la Presidencia.<\/p>\n<p>Con ello, la SCJN orden\u00f3 suspender de forma provisional la investigaci\u00f3n del Gobierno de Chihuahua en contra de Alejandro Guti\u00e9rrez y contra cualquier funcionario federal. Tambi\u00e9n le orden\u00f3 a la Fiscal\u00eda de la entidad que env\u00ede copias de su investigaci\u00f3n declaradas como invalidas.<\/p>\n<blockquote>\n<p>\u201cSe otorg\u00f3 la suspensi\u00f3n en contra de los actos de investigaci\u00f3n y procesamiento, ya que de no suspenderse se podr\u00eda generar una situaci\u00f3n grave de impunidad generalizada, al no tener certeza de cu\u00e1les son los fiscales y jueces competentes para procesar las investigaciones en contra de los funcionarios federales\u201d, inform\u00f3 la SCJN en un comunicado.<\/p>\n<p>El fallo de la Corte deja sin efecto cualquier citatorio, comparecencia u orden de aprehensi\u00f3n contra cualquiera de los funcionarios federales.<\/p>\n<p>\u201cSiguiendo los precedentes del Tribunal Pleno en la materia, se dio admisi\u00f3n, ya que se plantea una invasi\u00f3n a la esfera competencial de la Federaci\u00f3n, consistente en determinar si los funcionarios federales pueden ser sujetos a procesos penales del orden local, La admisi\u00f3n no prejuzga sobre si lo que se ha demandado es o no inconstitucional\u201d, precis\u00f3 la SCJN.<\/p>\n<p>El M\u00e1ximo Tribunal detall\u00f3 que hasta el momento no se tiene conocimiento de qui\u00e9nes podr\u00edan ser los funcionarios federales que son investigados por el Gobierno de Chihuahua, datos que se podr\u00edan revelar cuando reciba las constancias correspondientes.<\/p>\n<p>El mandatario detall\u00f3 que se presentar\u00e1n de inmediato dos recursos en contra de la admisi\u00f3n de la Controversia Constitucional de Enrique Pe\u00f1a Nieto: uno de impugnaci\u00f3n del acuerdo que, consider\u00f3, es a todas luces improcedente y una queja en contra del incidente por el que se piden las copias de todas las actuaciones ministeriales.<\/p>\n<p>\u201cEstos recursos los habremos de presentar inmediatamente, porque creemos que el conjunto de la Corte o al menos una parte de la Corte, debe asumir la revisi\u00f3n de lo que ha hecho el ministro Medina Mora y atajar de una vez por todas esta pretensi\u00f3n inadmisible de seguir manchando al Poder Judicial Federal en su estela de corrupci\u00f3n del Gobierno Federal\u201d, inform\u00f3 durante una entrevista en cadena nacional con la periodista Carmen Aristegui.<\/p>\n<\/blockquote>\n<\/blockquote>\n","protected":false},"excerpt":{"rendered":"<p>EPN arrastra a la Suprema Corte al desprestigio, como lo hizo con su propia administraci\u00f3n: Corral<br \/>\nPor Redacci\u00f3n QP<\/p>\n","protected":false},"author":2,"featured_media":8108,"comment_status":"open","ping_status":"open","sticky":false,"template":"","format":"standard","meta":{"_monsterinsights_skip_tracking":false,"_monsterinsights_sitenote_active":false,"_monsterinsights_sitenote_note":"","_monsterinsights_sitenote_category":0,"footnotes":""},"categories":[2],"tags":[],"class_list":["post-8109","post","type-post","status-publish","format-standard","has-post-thumbnail","hentry","category-noticias"],"yoast_head":"<!-- This site is optimized with the Yoast SEO plugin v27.3 - https:\/\/yoast.com\/product\/yoast-seo-wordpress\/ -->\n<title>EPN arrastra a la Suprema Corte al desprestigio, como lo hizo con su propia administraci\u00f3n: Corral -<\/title>\n<meta name=\"robots\" content=\"index, follow, max-snippet:-1, max-image-preview:large, max-video-preview:-1\" \/>\n<link rel=\"canonical\" href=\"https:\/\/quehacerpolitico.mx\/?p=8109\" \/>\n<meta property=\"og:locale\" content=\"es_MX\" \/>\n<meta property=\"og:type\" content=\"article\" \/>\n<meta property=\"og:title\" content=\"EPN arrastra a la Suprema Corte al desprestigio, como lo hizo con su propia administraci\u00f3n: Corral -\" \/>\n<meta property=\"og:description\" content=\"EPN arrastra a la Suprema Corte al desprestigio, como lo hizo con su propia administraci\u00f3n: Corral Por Redacci\u00f3n QP\" \/>\n<meta property=\"og:url\" content=\"https:\/\/quehacerpolitico.mx\/?p=8109\" \/>\n<meta property=\"article:published_time\" content=\"2018-10-31T00:46:44+00:00\" \/>\n<meta name=\"author\" content=\"Redacci\u00f3n QP\" \/>\n<meta name=\"twitter:card\" content=\"summary_large_image\" \/>\n<meta name=\"twitter:label1\" content=\"Escrito por\" \/>\n\t<meta name=\"twitter:data1\" content=\"Redacci\u00f3n QP\" \/>\n\t<meta name=\"twitter:label2\" content=\"Tiempo de lectura\" \/>\n\t<meta name=\"twitter:data2\" content=\"4 minutos\" \/>\n<script type=\"application\/ld+json\" class=\"yoast-schema-graph\">{\"@context\":\"https:\\\/\\\/schema.org\",\"@graph\":[{\"@type\":\"Article\",\"@id\":\"https:\\\/\\\/quehacerpolitico.mx\\\/?p=8109#article\",\"isPartOf\":{\"@id\":\"https:\\\/\\\/quehacerpolitico.mx\\\/?p=8109\"},\"author\":{\"name\":\"Redacci\u00f3n QP\",\"@id\":\"https:\\\/\\\/quehacerpolitico.mx\\\/#\\\/schema\\\/person\\\/496d8ad2d1d3f8036101dca7ee39e585\"},\"headline\":\"EPN arrastra a la Suprema Corte al desprestigio, como lo hizo con su propia administraci\u00f3n: Corral\",\"datePublished\":\"2018-10-31T00:46:44+00:00\",\"mainEntityOfPage\":{\"@id\":\"https:\\\/\\\/quehacerpolitico.mx\\\/?p=8109\"},\"wordCount\":777,\"commentCount\":0,\"image\":{\"@id\":\"https:\\\/\\\/quehacerpolitico.mx\\\/?p=8109#primaryimage\"},\"thumbnailUrl\":\"\",\"articleSection\":[\"Noticias\"],\"inLanguage\":\"es\",\"potentialAction\":[{\"@type\":\"CommentAction\",\"name\":\"Comment\",\"target\":[\"https:\\\/\\\/quehacerpolitico.mx\\\/?p=8109#respond\"]}]},{\"@type\":\"WebPage\",\"@id\":\"https:\\\/\\\/quehacerpolitico.mx\\\/?p=8109\",\"url\":\"https:\\\/\\\/quehacerpolitico.mx\\\/?p=8109\",\"name\":\"EPN arrastra a la Suprema Corte al desprestigio, como lo hizo con su propia administraci\u00f3n: Corral -\",\"isPartOf\":{\"@id\":\"https:\\\/\\\/quehacerpolitico.mx\\\/#website\"},\"primaryImageOfPage\":{\"@id\":\"https:\\\/\\\/quehacerpolitico.mx\\\/?p=8109#primaryimage\"},\"image\":{\"@id\":\"https:\\\/\\\/quehacerpolitico.mx\\\/?p=8109#primaryimage\"},\"thumbnailUrl\":\"\",\"datePublished\":\"2018-10-31T00:46:44+00:00\",\"author\":{\"@id\":\"https:\\\/\\\/quehacerpolitico.mx\\\/#\\\/schema\\\/person\\\/496d8ad2d1d3f8036101dca7ee39e585\"},\"breadcrumb\":{\"@id\":\"https:\\\/\\\/quehacerpolitico.mx\\\/?p=8109#breadcrumb\"},\"inLanguage\":\"es\",\"potentialAction\":[{\"@type\":\"ReadAction\",\"target\":[\"https:\\\/\\\/quehacerpolitico.mx\\\/?p=8109\"]}]},{\"@type\":\"ImageObject\",\"inLanguage\":\"es\",\"@id\":\"https:\\\/\\\/quehacerpolitico.mx\\\/?p=8109#primaryimage\",\"url\":\"\",\"contentUrl\":\"\"},{\"@type\":\"BreadcrumbList\",\"@id\":\"https:\\\/\\\/quehacerpolitico.mx\\\/?p=8109#breadcrumb\",\"itemListElement\":[{\"@type\":\"ListItem\",\"position\":1,\"name\":\"Inicio\",\"item\":\"https:\\\/\\\/quehacerpolitico.mx\\\/\"},{\"@type\":\"ListItem\",\"position\":2,\"name\":\"EPN arrastra a la Suprema Corte al desprestigio, como lo hizo con su propia administraci\u00f3n: Corral\"}]},{\"@type\":\"WebSite\",\"@id\":\"https:\\\/\\\/quehacerpolitico.mx\\\/#website\",\"url\":\"https:\\\/\\\/quehacerpolitico.mx\\\/\",\"name\":\"\",\"description\":\"\",\"potentialAction\":[{\"@type\":\"SearchAction\",\"target\":{\"@type\":\"EntryPoint\",\"urlTemplate\":\"https:\\\/\\\/quehacerpolitico.mx\\\/?s={search_term_string}\"},\"query-input\":{\"@type\":\"PropertyValueSpecification\",\"valueRequired\":true,\"valueName\":\"search_term_string\"}}],\"inLanguage\":\"es\"},{\"@type\":\"Person\",\"@id\":\"https:\\\/\\\/quehacerpolitico.mx\\\/#\\\/schema\\\/person\\\/496d8ad2d1d3f8036101dca7ee39e585\",\"name\":\"Redacci\u00f3n QP\",\"image\":{\"@type\":\"ImageObject\",\"inLanguage\":\"es\",\"@id\":\"https:\\\/\\\/secure.gravatar.com\\\/avatar\\\/c7164ed6fdec453195284ad24a5ae5b6e1eed2b848477fa2a4787ba9adf39a41?s=96&d=mm&r=g\",\"url\":\"https:\\\/\\\/secure.gravatar.com\\\/avatar\\\/c7164ed6fdec453195284ad24a5ae5b6e1eed2b848477fa2a4787ba9adf39a41?s=96&d=mm&r=g\",\"contentUrl\":\"https:\\\/\\\/secure.gravatar.com\\\/avatar\\\/c7164ed6fdec453195284ad24a5ae5b6e1eed2b848477fa2a4787ba9adf39a41?s=96&d=mm&r=g\",\"caption\":\"Redacci\u00f3n QP\"},\"url\":\"https:\\\/\\\/quehacerpolitico.mx\\\/?author=2\"}]}<\/script>\n<!-- \/ Yoast SEO plugin. -->","yoast_head_json":{"title":"EPN arrastra a la Suprema Corte al desprestigio, como lo hizo con su propia administraci\u00f3n: Corral -","robots":{"index":"index","follow":"follow","max-snippet":"max-snippet:-1","max-image-preview":"max-image-preview:large","max-video-preview":"max-video-preview:-1"},"canonical":"https:\/\/quehacerpolitico.mx\/?p=8109","og_locale":"es_MX","og_type":"article","og_title":"EPN arrastra a la Suprema Corte al desprestigio, como lo hizo con su propia administraci\u00f3n: Corral -","og_description":"EPN arrastra a la Suprema Corte al desprestigio, como lo hizo con su propia administraci\u00f3n: Corral Por Redacci\u00f3n QP","og_url":"https:\/\/quehacerpolitico.mx\/?p=8109","article_published_time":"2018-10-31T00:46:44+00:00","author":"Redacci\u00f3n QP","twitter_card":"summary_large_image","twitter_misc":{"Escrito por":"Redacci\u00f3n QP","Tiempo de lectura":"4 minutos"},"schema":{"@context":"https:\/\/schema.org","@graph":[{"@type":"Article","@id":"https:\/\/quehacerpolitico.mx\/?p=8109#article","isPartOf":{"@id":"https:\/\/quehacerpolitico.mx\/?p=8109"},"author":{"name":"Redacci\u00f3n QP","@id":"https:\/\/quehacerpolitico.mx\/#\/schema\/person\/496d8ad2d1d3f8036101dca7ee39e585"},"headline":"EPN arrastra a la Suprema Corte al desprestigio, como lo hizo con su propia administraci\u00f3n: Corral","datePublished":"2018-10-31T00:46:44+00:00","mainEntityOfPage":{"@id":"https:\/\/quehacerpolitico.mx\/?p=8109"},"wordCount":777,"commentCount":0,"image":{"@id":"https:\/\/quehacerpolitico.mx\/?p=8109#primaryimage"},"thumbnailUrl":"","articleSection":["Noticias"],"inLanguage":"es","potentialAction":[{"@type":"CommentAction","name":"Comment","target":["https:\/\/quehacerpolitico.mx\/?p=8109#respond"]}]},{"@type":"WebPage","@id":"https:\/\/quehacerpolitico.mx\/?p=8109","url":"https:\/\/quehacerpolitico.mx\/?p=8109","name":"EPN arrastra a la Suprema Corte al desprestigio, como lo hizo con su propia administraci\u00f3n: Corral -","isPartOf":{"@id":"https:\/\/quehacerpolitico.mx\/#website"},"primaryImageOfPage":{"@id":"https:\/\/quehacerpolitico.mx\/?p=8109#primaryimage"},"image":{"@id":"https:\/\/quehacerpolitico.mx\/?p=8109#primaryimage"},"thumbnailUrl":"","datePublished":"2018-10-31T00:46:44+00:00","author":{"@id":"https:\/\/quehacerpolitico.mx\/#\/schema\/person\/496d8ad2d1d3f8036101dca7ee39e585"},"breadcrumb":{"@id":"https:\/\/quehacerpolitico.mx\/?p=8109#breadcrumb"},"inLanguage":"es","potentialAction":[{"@type":"ReadAction","target":["https:\/\/quehacerpolitico.mx\/?p=8109"]}]},{"@type":"ImageObject","inLanguage":"es","@id":"https:\/\/quehacerpolitico.mx\/?p=8109#primaryimage","url":"","contentUrl":""},{"@type":"BreadcrumbList","@id":"https:\/\/quehacerpolitico.mx\/?p=8109#breadcrumb","itemListElement":[{"@type":"ListItem","position":1,"name":"Inicio","item":"https:\/\/quehacerpolitico.mx\/"},{"@type":"ListItem","position":2,"name":"EPN arrastra a la Suprema Corte al desprestigio, como lo hizo con su propia administraci\u00f3n: Corral"}]},{"@type":"WebSite","@id":"https:\/\/quehacerpolitico.mx\/#website","url":"https:\/\/quehacerpolitico.mx\/","name":"","description":"","potentialAction":[{"@type":"SearchAction","target":{"@type":"EntryPoint","urlTemplate":"https:\/\/quehacerpolitico.mx\/?s={search_term_string}"},"query-input":{"@type":"PropertyValueSpecification","valueRequired":true,"valueName":"search_term_string"}}],"inLanguage":"es"},{"@type":"Person","@id":"https:\/\/quehacerpolitico.mx\/#\/schema\/person\/496d8ad2d1d3f8036101dca7ee39e585","name":"Redacci\u00f3n QP","image":{"@type":"ImageObject","inLanguage":"es","@id":"https:\/\/secure.gravatar.com\/avatar\/c7164ed6fdec453195284ad24a5ae5b6e1eed2b848477fa2a4787ba9adf39a41?s=96&d=mm&r=g","url":"https:\/\/secure.gravatar.com\/avatar\/c7164ed6fdec453195284ad24a5ae5b6e1eed2b848477fa2a4787ba9adf39a41?s=96&d=mm&r=g","contentUrl":"https:\/\/secure.gravatar.com\/avatar\/c7164ed6fdec453195284ad24a5ae5b6e1eed2b848477fa2a4787ba9adf39a41?s=96&d=mm&r=g","caption":"Redacci\u00f3n QP"},"url":"https:\/\/quehacerpolitico.mx\/?author=2"}]}},"featured_image_urls":{"full":"","thumbnail":"","medium":"","medium_large":"","large":"","1536x1536":"","2048x2048":"","covernews-featured":"","covernews-medium":""},"author_info":{"display_name":"Redacci\u00f3n QP","author_link":"https:\/\/quehacerpolitico.mx\/?author=2"},"category_info":"<a href=\"https:\/\/quehacerpolitico.mx\/?cat=2\" rel=\"category\">Noticias<\/a>","tag_info":"Noticias","comment_count":"0","_links":{"self":[{"href":"https:\/\/quehacerpolitico.mx\/index.php?rest_route=\/wp\/v2\/posts\/8109","targetHints":{"allow":["GET"]}}],"collection":[{"href":"https:\/\/quehacerpolitico.mx\/index.php?rest_route=\/wp\/v2\/posts"}],"about":[{"href":"https:\/\/quehacerpolitico.mx\/index.php?rest_route=\/wp\/v2\/types\/post"}],"author":[{"embeddable":true,"href":"https:\/\/quehacerpolitico.mx\/index.php?rest_route=\/wp\/v2\/users\/2"}],"replies":[{"embeddable":true,"href":"https:\/\/quehacerpolitico.mx\/index.php?rest_route=%2Fwp%2Fv2%2Fcomments&post=8109"}],"version-history":[{"count":0,"href":"https:\/\/quehacerpolitico.mx\/index.php?rest_route=\/wp\/v2\/posts\/8109\/revisions"}],"wp:featuredmedia":[{"embeddable":true,"href":"https:\/\/quehacerpolitico.mx\/index.php?rest_route=\/"}],"wp:attachment":[{"href":"https:\/\/quehacerpolitico.mx\/index.php?rest_route=%2Fwp%2Fv2%2Fmedia&parent=8109"}],"wp:term":[{"taxonomy":"category","embeddable":true,"href":"https:\/\/quehacerpolitico.mx\/index.php?rest_route=%2Fwp%2Fv2%2Fcategories&post=8109"},{"taxonomy":"post_tag","embeddable":true,"href":"https:\/\/quehacerpolitico.mx\/index.php?rest_route=%2Fwp%2Fv2%2Ftags&post=8109"}],"curies":[{"name":"wp","href":"https:\/\/api.w.org\/{rel}","templated":true}]}}