{"id":81089,"date":"2021-05-19T16:51:09","date_gmt":"2021-05-19T16:51:09","guid":{"rendered":"https:\/\/quehacerpolitico.mx\/?p=81089"},"modified":"2021-05-19T16:51:09","modified_gmt":"2021-05-19T16:51:09","slug":"amlo-agradece-mexicanos-el-pago-de-impuestos-recaudacion-crece-8-8-destaca","status":"publish","type":"post","link":"https:\/\/quehacerpolitico.mx\/?p=81089","title":{"rendered":"AMLO agradece a mexicanos el pago de impuestos; recaudaci\u00f3n crece 8.8%, destaca"},"content":{"rendered":"<h1 class=\"article_title\">AMLO agradece a mexicanos el pago de impuestos; recaudaci\u00f3n crece 8.8%, destaca<br \/>\nPor Redacci\u00f3n QP<\/h1>\n<p>AMLO dijo que estamos por encima de lo que se estim\u00f3 recaudar en la ley de ingresos<\/p>\n<p>El presidente de M\u00e9xico, Andres Manuel L\u00f3pez Obrador (AMLO), agradeci\u00f3 a los mexicanos el <strong>pago de impuestos\u00a0<\/strong>e inform\u00f3 que esto gener\u00f3 un incremento en la recaudaci\u00f3n de un 8.8 por ciento.<\/p>\n<blockquote><p>\u201cMuchas gracias a todos los contribuyentes de M\u00e9xico, muchas gracias porque esto es lo que nos permite atender las necesidades del pueblo, de todos los mexicanos\u201d, expres\u00f3 el Jefe del Ejecutivo Federal en su conferencia de prensa matutina desde Palacio Nacional.<\/p><\/blockquote>\n<p>L\u00f3pez Obrador dio a conocer que en el periodo de enero al 17 de mayo del 2021 se registr\u00f3 una <strong>recaudaci\u00f3n<\/strong> de un bill\u00f3n 813 mil 241 millones de pesos, mientras que en el mismo periodo del a\u00f1o pasado fue un bill\u00f3n 603 mil millones de pesos.<\/p>\n<blockquote class=\"twitter-tweet\" data-width=\"550\" data-dnt=\"true\">\n<p lang=\"es\" dir=\"ltr\">\u00bfY c\u00f3mo vamos en la econom\u00eda? \ud83d\udcb8<\/p>\n<p>Dice el presidente <a href=\"https:\/\/twitter.com\/lopezobrador_?ref_src=twsrc%5Etfw\">@lopezobrador_<\/a>  que no solo no ha habido devaluaci\u00f3n, sino que se ha apreciado el peso desde que empez\u00f3 su gobierno. <a href=\"https:\/\/t.co\/cSGgTUZFvh\">pic.twitter.com\/cSGgTUZFvh<\/a><\/p>\n<p>&mdash; Ruido en la Red (@RuidoEnLaRed) <a href=\"https:\/\/twitter.com\/RuidoEnLaRed\/status\/1395001358978195465?ref_src=twsrc%5Etfw\">May 19, 2021<\/a><\/p><\/blockquote>\n<p><script async src=\"https:\/\/platform.twitter.com\/widgets.js\" charset=\"utf-8\"><\/script><\/p>\n<p>Detall\u00f3 que en lo que tiene que ver con impuestos e <strong>ingresos tributarios<\/strong> se alcanz\u00f3 un monto de un bill\u00f3n 508 millones de pesos entre enero y el 17 de mayo del 2021, cifra superior a lo registrado en el mismo periodo del 2020, donde se alcanz\u00f3 un bill\u00f3n 327 millones de pesos.<\/p>\n<blockquote><p>\u201cEstamos por encima de lo que se estim\u00f3 recaudar en la ley de ingresos\u201d, afirm\u00f3 el mandatario mexicano.<\/p><\/blockquote>\n","protected":false},"excerpt":{"rendered":"<p>AMLO agradece a mexicanos el pago de impuestos; recaudaci\u00f3n crece 8.8%, destaca Por Redacci\u00f3n QP&#8230;<\/p>\n","protected":false},"author":2,"featured_media":81093,"comment_status":"open","ping_status":"open","sticky":false,"template":"","format":"standard","meta":{"_monsterinsights_skip_tracking":false,"_monsterinsights_sitenote_active":false,"_monsterinsights_sitenote_note":"","_monsterinsights_sitenote_category":0,"footnotes":""},"categories":[2],"tags":[],"class_list":["post-81089","post","type-post","status-publish","format-standard","has-post-thumbnail","hentry","category-noticias"],"yoast_head":"<!-- This site is optimized with the Yoast SEO plugin v27.3 - https:\/\/yoast.com\/product\/yoast-seo-wordpress\/ -->\n<title>AMLO agradece a mexicanos el pago de impuestos; recaudaci\u00f3n crece 8.8%, destaca -<\/title>\n<meta name=\"robots\" content=\"index, follow, max-snippet:-1, max-image-preview:large, max-video-preview:-1\" \/>\n<link rel=\"canonical\" href=\"https:\/\/quehacerpolitico.mx\/?p=81089\" \/>\n<meta property=\"og:locale\" content=\"es_MX\" \/>\n<meta property=\"og:type\" content=\"article\" \/>\n<meta property=\"og:title\" content=\"AMLO agradece a mexicanos el pago de impuestos; recaudaci\u00f3n crece 8.8%, destaca -\" \/>\n<meta property=\"og:description\" content=\"AMLO agradece a mexicanos el pago de impuestos; recaudaci\u00f3n crece 8.8%, destaca Por Redacci\u00f3n QP...\" \/>\n<meta property=\"og:url\" content=\"https:\/\/quehacerpolitico.mx\/?p=81089\" \/>\n<meta property=\"article:published_time\" content=\"2021-05-19T16:51:09+00:00\" \/>\n<meta property=\"og:image\" content=\"https:\/\/quehacerpolitico.mx\/wp-content\/uploads\/2021\/05\/6481E1EA-7F9E-4767-A2E1-D2B2464B968E.jpeg\" \/>\n\t<meta property=\"og:image:width\" content=\"1242\" \/>\n\t<meta property=\"og:image:height\" content=\"687\" \/>\n\t<meta property=\"og:image:type\" content=\"image\/jpeg\" \/>\n<meta name=\"author\" content=\"Redacci\u00f3n QP\" \/>\n<meta name=\"twitter:card\" content=\"summary_large_image\" \/>\n<meta name=\"twitter:label1\" content=\"Escrito por\" \/>\n\t<meta name=\"twitter:data1\" content=\"Redacci\u00f3n QP\" \/>\n\t<meta name=\"twitter:label2\" content=\"Tiempo de lectura\" \/>\n\t<meta name=\"twitter:data2\" content=\"1 minuto\" \/>\n<script type=\"application\/ld+json\" class=\"yoast-schema-graph\">{\"@context\":\"https:\\\/\\\/schema.org\",\"@graph\":[{\"@type\":\"Article\",\"@id\":\"https:\\\/\\\/quehacerpolitico.mx\\\/?p=81089#article\",\"isPartOf\":{\"@id\":\"https:\\\/\\\/quehacerpolitico.mx\\\/?p=81089\"},\"author\":{\"name\":\"Redacci\u00f3n QP\",\"@id\":\"https:\\\/\\\/quehacerpolitico.mx\\\/#\\\/schema\\\/person\\\/496d8ad2d1d3f8036101dca7ee39e585\"},\"headline\":\"AMLO agradece a mexicanos el pago de impuestos; recaudaci\u00f3n crece 8.8%, destaca\",\"datePublished\":\"2021-05-19T16:51:09+00:00\",\"mainEntityOfPage\":{\"@id\":\"https:\\\/\\\/quehacerpolitico.mx\\\/?p=81089\"},\"wordCount\":242,\"commentCount\":0,\"image\":{\"@id\":\"https:\\\/\\\/quehacerpolitico.mx\\\/?p=81089#primaryimage\"},\"thumbnailUrl\":\"https:\\\/\\\/quehacerpolitico.mx\\\/wp-content\\\/uploads\\\/2021\\\/05\\\/6481E1EA-7F9E-4767-A2E1-D2B2464B968E.jpeg\",\"articleSection\":[\"Noticias\"],\"inLanguage\":\"es\",\"potentialAction\":[{\"@type\":\"CommentAction\",\"name\":\"Comment\",\"target\":[\"https:\\\/\\\/quehacerpolitico.mx\\\/?p=81089#respond\"]}]},{\"@type\":\"WebPage\",\"@id\":\"https:\\\/\\\/quehacerpolitico.mx\\\/?p=81089\",\"url\":\"https:\\\/\\\/quehacerpolitico.mx\\\/?p=81089\",\"name\":\"AMLO agradece a mexicanos el pago de impuestos; recaudaci\u00f3n crece 8.8%, destaca -\",\"isPartOf\":{\"@id\":\"https:\\\/\\\/quehacerpolitico.mx\\\/#website\"},\"primaryImageOfPage\":{\"@id\":\"https:\\\/\\\/quehacerpolitico.mx\\\/?p=81089#primaryimage\"},\"image\":{\"@id\":\"https:\\\/\\\/quehacerpolitico.mx\\\/?p=81089#primaryimage\"},\"thumbnailUrl\":\"https:\\\/\\\/quehacerpolitico.mx\\\/wp-content\\\/uploads\\\/2021\\\/05\\\/6481E1EA-7F9E-4767-A2E1-D2B2464B968E.jpeg\",\"datePublished\":\"2021-05-19T16:51:09+00:00\",\"author\":{\"@id\":\"https:\\\/\\\/quehacerpolitico.mx\\\/#\\\/schema\\\/person\\\/496d8ad2d1d3f8036101dca7ee39e585\"},\"breadcrumb\":{\"@id\":\"https:\\\/\\\/quehacerpolitico.mx\\\/?p=81089#breadcrumb\"},\"inLanguage\":\"es\",\"potentialAction\":[{\"@type\":\"ReadAction\",\"target\":[\"https:\\\/\\\/quehacerpolitico.mx\\\/?p=81089\"]}]},{\"@type\":\"ImageObject\",\"inLanguage\":\"es\",\"@id\":\"https:\\\/\\\/quehacerpolitico.mx\\\/?p=81089#primaryimage\",\"url\":\"https:\\\/\\\/quehacerpolitico.mx\\\/wp-content\\\/uploads\\\/2021\\\/05\\\/6481E1EA-7F9E-4767-A2E1-D2B2464B968E.jpeg\",\"contentUrl\":\"https:\\\/\\\/quehacerpolitico.mx\\\/wp-content\\\/uploads\\\/2021\\\/05\\\/6481E1EA-7F9E-4767-A2E1-D2B2464B968E.jpeg\",\"width\":1242,\"height\":687},{\"@type\":\"BreadcrumbList\",\"@id\":\"https:\\\/\\\/quehacerpolitico.mx\\\/?p=81089#breadcrumb\",\"itemListElement\":[{\"@type\":\"ListItem\",\"position\":1,\"name\":\"Inicio\",\"item\":\"https:\\\/\\\/quehacerpolitico.mx\\\/\"},{\"@type\":\"ListItem\",\"position\":2,\"name\":\"AMLO agradece a mexicanos el pago de impuestos; recaudaci\u00f3n crece 8.8%, destaca\"}]},{\"@type\":\"WebSite\",\"@id\":\"https:\\\/\\\/quehacerpolitico.mx\\\/#website\",\"url\":\"https:\\\/\\\/quehacerpolitico.mx\\\/\",\"name\":\"\",\"description\":\"\",\"potentialAction\":[{\"@type\":\"SearchAction\",\"target\":{\"@type\":\"EntryPoint\",\"urlTemplate\":\"https:\\\/\\\/quehacerpolitico.mx\\\/?s={search_term_string}\"},\"query-input\":{\"@type\":\"PropertyValueSpecification\",\"valueRequired\":true,\"valueName\":\"search_term_string\"}}],\"inLanguage\":\"es\"},{\"@type\":\"Person\",\"@id\":\"https:\\\/\\\/quehacerpolitico.mx\\\/#\\\/schema\\\/person\\\/496d8ad2d1d3f8036101dca7ee39e585\",\"name\":\"Redacci\u00f3n QP\",\"image\":{\"@type\":\"ImageObject\",\"inLanguage\":\"es\",\"@id\":\"https:\\\/\\\/secure.gravatar.com\\\/avatar\\\/c7164ed6fdec453195284ad24a5ae5b6e1eed2b848477fa2a4787ba9adf39a41?s=96&d=mm&r=g\",\"url\":\"https:\\\/\\\/secure.gravatar.com\\\/avatar\\\/c7164ed6fdec453195284ad24a5ae5b6e1eed2b848477fa2a4787ba9adf39a41?s=96&d=mm&r=g\",\"contentUrl\":\"https:\\\/\\\/secure.gravatar.com\\\/avatar\\\/c7164ed6fdec453195284ad24a5ae5b6e1eed2b848477fa2a4787ba9adf39a41?s=96&d=mm&r=g\",\"caption\":\"Redacci\u00f3n QP\"},\"url\":\"https:\\\/\\\/quehacerpolitico.mx\\\/?author=2\"}]}<\/script>\n<!-- \/ Yoast SEO plugin. -->","yoast_head_json":{"title":"AMLO agradece a mexicanos el pago de impuestos; recaudaci\u00f3n crece 8.8%, destaca -","robots":{"index":"index","follow":"follow","max-snippet":"max-snippet:-1","max-image-preview":"max-image-preview:large","max-video-preview":"max-video-preview:-1"},"canonical":"https:\/\/quehacerpolitico.mx\/?p=81089","og_locale":"es_MX","og_type":"article","og_title":"AMLO agradece a mexicanos el pago de impuestos; recaudaci\u00f3n crece 8.8%, destaca -","og_description":"AMLO agradece a mexicanos el pago de impuestos; recaudaci\u00f3n crece 8.8%, destaca Por Redacci\u00f3n QP...","og_url":"https:\/\/quehacerpolitico.mx\/?p=81089","article_published_time":"2021-05-19T16:51:09+00:00","og_image":[{"width":1242,"height":687,"url":"https:\/\/quehacerpolitico.mx\/wp-content\/uploads\/2021\/05\/6481E1EA-7F9E-4767-A2E1-D2B2464B968E.jpeg","type":"image\/jpeg"}],"author":"Redacci\u00f3n QP","twitter_card":"summary_large_image","twitter_misc":{"Escrito por":"Redacci\u00f3n QP","Tiempo de lectura":"1 minuto"},"schema":{"@context":"https:\/\/schema.org","@graph":[{"@type":"Article","@id":"https:\/\/quehacerpolitico.mx\/?p=81089#article","isPartOf":{"@id":"https:\/\/quehacerpolitico.mx\/?p=81089"},"author":{"name":"Redacci\u00f3n QP","@id":"https:\/\/quehacerpolitico.mx\/#\/schema\/person\/496d8ad2d1d3f8036101dca7ee39e585"},"headline":"AMLO agradece a mexicanos el pago de impuestos; recaudaci\u00f3n crece 8.8%, destaca","datePublished":"2021-05-19T16:51:09+00:00","mainEntityOfPage":{"@id":"https:\/\/quehacerpolitico.mx\/?p=81089"},"wordCount":242,"commentCount":0,"image":{"@id":"https:\/\/quehacerpolitico.mx\/?p=81089#primaryimage"},"thumbnailUrl":"https:\/\/quehacerpolitico.mx\/wp-content\/uploads\/2021\/05\/6481E1EA-7F9E-4767-A2E1-D2B2464B968E.jpeg","articleSection":["Noticias"],"inLanguage":"es","potentialAction":[{"@type":"CommentAction","name":"Comment","target":["https:\/\/quehacerpolitico.mx\/?p=81089#respond"]}]},{"@type":"WebPage","@id":"https:\/\/quehacerpolitico.mx\/?p=81089","url":"https:\/\/quehacerpolitico.mx\/?p=81089","name":"AMLO agradece a mexicanos el pago de impuestos; recaudaci\u00f3n crece 8.8%, destaca -","isPartOf":{"@id":"https:\/\/quehacerpolitico.mx\/#website"},"primaryImageOfPage":{"@id":"https:\/\/quehacerpolitico.mx\/?p=81089#primaryimage"},"image":{"@id":"https:\/\/quehacerpolitico.mx\/?p=81089#primaryimage"},"thumbnailUrl":"https:\/\/quehacerpolitico.mx\/wp-content\/uploads\/2021\/05\/6481E1EA-7F9E-4767-A2E1-D2B2464B968E.jpeg","datePublished":"2021-05-19T16:51:09+00:00","author":{"@id":"https:\/\/quehacerpolitico.mx\/#\/schema\/person\/496d8ad2d1d3f8036101dca7ee39e585"},"breadcrumb":{"@id":"https:\/\/quehacerpolitico.mx\/?p=81089#breadcrumb"},"inLanguage":"es","potentialAction":[{"@type":"ReadAction","target":["https:\/\/quehacerpolitico.mx\/?p=81089"]}]},{"@type":"ImageObject","inLanguage":"es","@id":"https:\/\/quehacerpolitico.mx\/?p=81089#primaryimage","url":"https:\/\/quehacerpolitico.mx\/wp-content\/uploads\/2021\/05\/6481E1EA-7F9E-4767-A2E1-D2B2464B968E.jpeg","contentUrl":"https:\/\/quehacerpolitico.mx\/wp-content\/uploads\/2021\/05\/6481E1EA-7F9E-4767-A2E1-D2B2464B968E.jpeg","width":1242,"height":687},{"@type":"BreadcrumbList","@id":"https:\/\/quehacerpolitico.mx\/?p=81089#breadcrumb","itemListElement":[{"@type":"ListItem","position":1,"name":"Inicio","item":"https:\/\/quehacerpolitico.mx\/"},{"@type":"ListItem","position":2,"name":"AMLO agradece a mexicanos el pago de impuestos; recaudaci\u00f3n crece 8.8%, destaca"}]},{"@type":"WebSite","@id":"https:\/\/quehacerpolitico.mx\/#website","url":"https:\/\/quehacerpolitico.mx\/","name":"","description":"","potentialAction":[{"@type":"SearchAction","target":{"@type":"EntryPoint","urlTemplate":"https:\/\/quehacerpolitico.mx\/?s={search_term_string}"},"query-input":{"@type":"PropertyValueSpecification","valueRequired":true,"valueName":"search_term_string"}}],"inLanguage":"es"},{"@type":"Person","@id":"https:\/\/quehacerpolitico.mx\/#\/schema\/person\/496d8ad2d1d3f8036101dca7ee39e585","name":"Redacci\u00f3n QP","image":{"@type":"ImageObject","inLanguage":"es","@id":"https:\/\/secure.gravatar.com\/avatar\/c7164ed6fdec453195284ad24a5ae5b6e1eed2b848477fa2a4787ba9adf39a41?s=96&d=mm&r=g","url":"https:\/\/secure.gravatar.com\/avatar\/c7164ed6fdec453195284ad24a5ae5b6e1eed2b848477fa2a4787ba9adf39a41?s=96&d=mm&r=g","contentUrl":"https:\/\/secure.gravatar.com\/avatar\/c7164ed6fdec453195284ad24a5ae5b6e1eed2b848477fa2a4787ba9adf39a41?s=96&d=mm&r=g","caption":"Redacci\u00f3n QP"},"url":"https:\/\/quehacerpolitico.mx\/?author=2"}]}},"featured_image_urls":{"full":["https:\/\/quehacerpolitico.mx\/wp-content\/uploads\/2021\/05\/6481E1EA-7F9E-4767-A2E1-D2B2464B968E.jpeg",1242,687,false],"thumbnail":["https:\/\/quehacerpolitico.mx\/wp-content\/uploads\/2021\/05\/6481E1EA-7F9E-4767-A2E1-D2B2464B968E-150x150.jpeg",150,150,true],"medium":["https:\/\/quehacerpolitico.mx\/wp-content\/uploads\/2021\/05\/6481E1EA-7F9E-4767-A2E1-D2B2464B968E-300x166.jpeg",300,166,true],"medium_large":["https:\/\/quehacerpolitico.mx\/wp-content\/uploads\/2021\/05\/6481E1EA-7F9E-4767-A2E1-D2B2464B968E-768x425.jpeg",640,354,true],"large":["https:\/\/quehacerpolitico.mx\/wp-content\/uploads\/2021\/05\/6481E1EA-7F9E-4767-A2E1-D2B2464B968E-1024x566.jpeg",640,354,true],"1536x1536":["https:\/\/quehacerpolitico.mx\/wp-content\/uploads\/2021\/05\/6481E1EA-7F9E-4767-A2E1-D2B2464B968E.jpeg",1242,687,false],"2048x2048":["https:\/\/quehacerpolitico.mx\/wp-content\/uploads\/2021\/05\/6481E1EA-7F9E-4767-A2E1-D2B2464B968E.jpeg",1242,687,false],"covernews-featured":["https:\/\/quehacerpolitico.mx\/wp-content\/uploads\/2021\/05\/6481E1EA-7F9E-4767-A2E1-D2B2464B968E.jpeg",1024,566,false],"covernews-medium":["https:\/\/quehacerpolitico.mx\/wp-content\/uploads\/2021\/05\/6481E1EA-7F9E-4767-A2E1-D2B2464B968E.jpeg",540,299,false]},"author_info":{"display_name":"Redacci\u00f3n QP","author_link":"https:\/\/quehacerpolitico.mx\/?author=2"},"category_info":"<a href=\"https:\/\/quehacerpolitico.mx\/?cat=2\" rel=\"category\">Noticias<\/a>","tag_info":"Noticias","comment_count":"0","_links":{"self":[{"href":"https:\/\/quehacerpolitico.mx\/index.php?rest_route=\/wp\/v2\/posts\/81089","targetHints":{"allow":["GET"]}}],"collection":[{"href":"https:\/\/quehacerpolitico.mx\/index.php?rest_route=\/wp\/v2\/posts"}],"about":[{"href":"https:\/\/quehacerpolitico.mx\/index.php?rest_route=\/wp\/v2\/types\/post"}],"author":[{"embeddable":true,"href":"https:\/\/quehacerpolitico.mx\/index.php?rest_route=\/wp\/v2\/users\/2"}],"replies":[{"embeddable":true,"href":"https:\/\/quehacerpolitico.mx\/index.php?rest_route=%2Fwp%2Fv2%2Fcomments&post=81089"}],"version-history":[{"count":0,"href":"https:\/\/quehacerpolitico.mx\/index.php?rest_route=\/wp\/v2\/posts\/81089\/revisions"}],"wp:featuredmedia":[{"embeddable":true,"href":"https:\/\/quehacerpolitico.mx\/index.php?rest_route=\/wp\/v2\/media\/81093"}],"wp:attachment":[{"href":"https:\/\/quehacerpolitico.mx\/index.php?rest_route=%2Fwp%2Fv2%2Fmedia&parent=81089"}],"wp:term":[{"taxonomy":"category","embeddable":true,"href":"https:\/\/quehacerpolitico.mx\/index.php?rest_route=%2Fwp%2Fv2%2Fcategories&post=81089"},{"taxonomy":"post_tag","embeddable":true,"href":"https:\/\/quehacerpolitico.mx\/index.php?rest_route=%2Fwp%2Fv2%2Ftags&post=81089"}],"curies":[{"name":"wp","href":"https:\/\/api.w.org\/{rel}","templated":true}]}}