{"id":81080,"date":"2021-05-19T16:15:49","date_gmt":"2021-05-19T16:15:49","guid":{"rendered":"https:\/\/quehacerpolitico.mx\/?p=81080"},"modified":"2021-05-19T16:15:49","modified_gmt":"2021-05-19T16:15:49","slug":"metrobus-si-dara-servicio-gratis-usuarios-de-l12-del-metro-anuncia-sheinbaum","status":"publish","type":"post","link":"https:\/\/quehacerpolitico.mx\/?p=81080","title":{"rendered":"Metrob\u00fas s\u00ed dar\u00e1 servicio gratis a usuarios de L12 del Metro, anuncia Sheinbaum"},"content":{"rendered":"<h1 class=\"article_title\">Metrob\u00fas s\u00ed dar\u00e1 servicio gratis a usuarios de L12 del Metro, anuncia Sheinbaum<br \/>\nPor Redacci\u00f3n QP<\/h1>\n<div class=\"article_heading\">\n<p>Especialistas analizan la estructura del t\u00fanel de la parte subterr\u00e1nea de la L\u00ednea 12 para determinar si puede ser reabierta<\/p>\n<p>La jefa de gobierno de la Ciudad de M\u00e9xico, <strong>Claudia Sheinbaum<\/strong>, anunci\u00f3 este mi\u00e9rcoles 19 de mayo de 2021 que a partir de la pr\u00f3xima semana comenzar\u00e1 a operar el Metrobus, de manera gratuita, en la zona afectada por el accidente en la L\u00ednea 12 del Metro<\/p>\n<p>\u201cLa pr\u00f3xima semana, como medida emergente para sustituir la operaci\u00f3n de la L\u00ednea 12, de Tl\u00e1huac a Atlalilco comenzar\u00e1 a operar el sistema Metrob\u00fas de manera gratuita. Recorrer\u00e1 15 kil\u00f3metros con 60 autobuses\u201d, explic\u00f3 la jefa de gobierno en un video difundido en sus redes sociales.<\/p>\n<blockquote class=\"twitter-tweet\" data-width=\"550\" data-dnt=\"true\">\n<p lang=\"es\" dir=\"ltr\">Mensaje importante a la ciudadan\u00eda: <a href=\"https:\/\/t.co\/qDINzwUr39\">pic.twitter.com\/qDINzwUr39<\/a><\/p>\n<p>&mdash; Claudia Sheinbaum Pardo (@Claudiashein) <a href=\"https:\/\/twitter.com\/Claudiashein\/status\/1394990260581552138?ref_src=twsrc%5Etfw\">May 19, 2021<\/a><\/p><\/blockquote>\n<p><script async src=\"https:\/\/platform.twitter.com\/widgets.js\" charset=\"utf-8\"><\/script><\/p>\n<p>Acot\u00f3 que el Colegio de Ingenieros y el Instituto Mexicano del Transporte realizan un escaneo geom\u00e1tico y un estudio con microondas de alta frecuencia con el objetivo de revisar la estructura del t\u00fanel de la parte subterr\u00e1nea de la L\u00ednea 12 y que de no haber inconveniente podr\u00e1 reabrirse el tramo subterr\u00e1neo de la <strong>L\u00ednea 12<\/strong>, de Atlalilco a Mixcoac.<\/p>\n<p>Record\u00f3 que se est\u00e1n haciendo \u201cperitajes a fondo\u201d, tanto de una empresa internacional, con expertos especializados, como con la Fiscal\u00eda General de Justicia de la Ciudad de M\u00e9xico para conocer \u201cla causa ra\u00edz\u201d de la tragedia.<\/p>\n<blockquote><p>\u201cVamos a llegar a la verdad y a la justicia, a todas las v\u00edctimas y sus familiares los vamos a seguir atendiendo y apoyando, y reitero mi compromiso que ninguna familia quedar\u00e1 desamparada\u201d.<\/p><\/blockquote>\n<p>Reiter\u00f3 que los peritajes est\u00e1n en curso y que habr\u00e1 transparencia, verdad y justicia.<\/p>\n<p><em>Con informaci\u00f3n de Gobierno de la Ciudad de M\u00e9xico<\/em><\/p>\n<\/div>\n","protected":false},"excerpt":{"rendered":"<p>Metrob\u00fas s\u00ed dar\u00e1 servicio gratis a usuarios de L12 del Metro, anuncia Sheinbaum Por Redacci\u00f3n&#8230;<\/p>\n","protected":false},"author":2,"featured_media":81083,"comment_status":"open","ping_status":"open","sticky":false,"template":"","format":"standard","meta":{"_monsterinsights_skip_tracking":false,"_monsterinsights_sitenote_active":false,"_monsterinsights_sitenote_note":"","_monsterinsights_sitenote_category":0,"footnotes":""},"categories":[55],"tags":[],"class_list":["post-81080","post","type-post","status-publish","format-standard","has-post-thumbnail","hentry","category-cdmx"],"yoast_head":"<!-- This site is optimized with the Yoast SEO plugin v27.3 - https:\/\/yoast.com\/product\/yoast-seo-wordpress\/ -->\n<title>Metrob\u00fas s\u00ed dar\u00e1 servicio gratis a usuarios de L12 del Metro, anuncia Sheinbaum -<\/title>\n<meta name=\"robots\" content=\"index, follow, max-snippet:-1, max-image-preview:large, max-video-preview:-1\" \/>\n<link rel=\"canonical\" href=\"https:\/\/quehacerpolitico.mx\/?p=81080\" \/>\n<meta property=\"og:locale\" content=\"es_MX\" \/>\n<meta property=\"og:type\" content=\"article\" \/>\n<meta property=\"og:title\" content=\"Metrob\u00fas s\u00ed dar\u00e1 servicio gratis a usuarios de L12 del Metro, anuncia Sheinbaum -\" \/>\n<meta property=\"og:description\" content=\"Metrob\u00fas s\u00ed dar\u00e1 servicio gratis a usuarios de L12 del Metro, anuncia Sheinbaum Por Redacci\u00f3n...\" \/>\n<meta property=\"og:url\" content=\"https:\/\/quehacerpolitico.mx\/?p=81080\" \/>\n<meta property=\"article:published_time\" content=\"2021-05-19T16:15:49+00:00\" \/>\n<meta property=\"og:image\" content=\"https:\/\/quehacerpolitico.mx\/wp-content\/uploads\/2021\/05\/CBD25008-7C2A-496D-A584-2DB5AA427ADF.jpeg\" \/>\n\t<meta property=\"og:image:width\" content=\"600\" \/>\n\t<meta property=\"og:image:height\" content=\"350\" \/>\n\t<meta property=\"og:image:type\" content=\"image\/jpeg\" \/>\n<meta name=\"author\" content=\"Redacci\u00f3n QP\" \/>\n<meta name=\"twitter:card\" content=\"summary_large_image\" \/>\n<meta name=\"twitter:label1\" content=\"Escrito por\" \/>\n\t<meta name=\"twitter:data1\" content=\"Redacci\u00f3n QP\" \/>\n\t<meta name=\"twitter:label2\" content=\"Tiempo de lectura\" \/>\n\t<meta name=\"twitter:data2\" content=\"2 minutos\" \/>\n<script type=\"application\/ld+json\" class=\"yoast-schema-graph\">{\"@context\":\"https:\\\/\\\/schema.org\",\"@graph\":[{\"@type\":\"Article\",\"@id\":\"https:\\\/\\\/quehacerpolitico.mx\\\/?p=81080#article\",\"isPartOf\":{\"@id\":\"https:\\\/\\\/quehacerpolitico.mx\\\/?p=81080\"},\"author\":{\"name\":\"Redacci\u00f3n QP\",\"@id\":\"https:\\\/\\\/quehacerpolitico.mx\\\/#\\\/schema\\\/person\\\/496d8ad2d1d3f8036101dca7ee39e585\"},\"headline\":\"Metrob\u00fas s\u00ed dar\u00e1 servicio gratis a usuarios de L12 del Metro, anuncia Sheinbaum\",\"datePublished\":\"2021-05-19T16:15:49+00:00\",\"mainEntityOfPage\":{\"@id\":\"https:\\\/\\\/quehacerpolitico.mx\\\/?p=81080\"},\"wordCount\":321,\"commentCount\":0,\"image\":{\"@id\":\"https:\\\/\\\/quehacerpolitico.mx\\\/?p=81080#primaryimage\"},\"thumbnailUrl\":\"https:\\\/\\\/quehacerpolitico.mx\\\/wp-content\\\/uploads\\\/2021\\\/05\\\/CBD25008-7C2A-496D-A584-2DB5AA427ADF.jpeg\",\"articleSection\":[\"CDMX\"],\"inLanguage\":\"es\",\"potentialAction\":[{\"@type\":\"CommentAction\",\"name\":\"Comment\",\"target\":[\"https:\\\/\\\/quehacerpolitico.mx\\\/?p=81080#respond\"]}]},{\"@type\":\"WebPage\",\"@id\":\"https:\\\/\\\/quehacerpolitico.mx\\\/?p=81080\",\"url\":\"https:\\\/\\\/quehacerpolitico.mx\\\/?p=81080\",\"name\":\"Metrob\u00fas s\u00ed dar\u00e1 servicio gratis a usuarios de L12 del Metro, anuncia Sheinbaum -\",\"isPartOf\":{\"@id\":\"https:\\\/\\\/quehacerpolitico.mx\\\/#website\"},\"primaryImageOfPage\":{\"@id\":\"https:\\\/\\\/quehacerpolitico.mx\\\/?p=81080#primaryimage\"},\"image\":{\"@id\":\"https:\\\/\\\/quehacerpolitico.mx\\\/?p=81080#primaryimage\"},\"thumbnailUrl\":\"https:\\\/\\\/quehacerpolitico.mx\\\/wp-content\\\/uploads\\\/2021\\\/05\\\/CBD25008-7C2A-496D-A584-2DB5AA427ADF.jpeg\",\"datePublished\":\"2021-05-19T16:15:49+00:00\",\"author\":{\"@id\":\"https:\\\/\\\/quehacerpolitico.mx\\\/#\\\/schema\\\/person\\\/496d8ad2d1d3f8036101dca7ee39e585\"},\"breadcrumb\":{\"@id\":\"https:\\\/\\\/quehacerpolitico.mx\\\/?p=81080#breadcrumb\"},\"inLanguage\":\"es\",\"potentialAction\":[{\"@type\":\"ReadAction\",\"target\":[\"https:\\\/\\\/quehacerpolitico.mx\\\/?p=81080\"]}]},{\"@type\":\"ImageObject\",\"inLanguage\":\"es\",\"@id\":\"https:\\\/\\\/quehacerpolitico.mx\\\/?p=81080#primaryimage\",\"url\":\"https:\\\/\\\/quehacerpolitico.mx\\\/wp-content\\\/uploads\\\/2021\\\/05\\\/CBD25008-7C2A-496D-A584-2DB5AA427ADF.jpeg\",\"contentUrl\":\"https:\\\/\\\/quehacerpolitico.mx\\\/wp-content\\\/uploads\\\/2021\\\/05\\\/CBD25008-7C2A-496D-A584-2DB5AA427ADF.jpeg\",\"width\":600,\"height\":350},{\"@type\":\"BreadcrumbList\",\"@id\":\"https:\\\/\\\/quehacerpolitico.mx\\\/?p=81080#breadcrumb\",\"itemListElement\":[{\"@type\":\"ListItem\",\"position\":1,\"name\":\"Inicio\",\"item\":\"https:\\\/\\\/quehacerpolitico.mx\\\/\"},{\"@type\":\"ListItem\",\"position\":2,\"name\":\"Metrob\u00fas s\u00ed dar\u00e1 servicio gratis a usuarios de L12 del Metro, anuncia Sheinbaum\"}]},{\"@type\":\"WebSite\",\"@id\":\"https:\\\/\\\/quehacerpolitico.mx\\\/#website\",\"url\":\"https:\\\/\\\/quehacerpolitico.mx\\\/\",\"name\":\"\",\"description\":\"\",\"potentialAction\":[{\"@type\":\"SearchAction\",\"target\":{\"@type\":\"EntryPoint\",\"urlTemplate\":\"https:\\\/\\\/quehacerpolitico.mx\\\/?s={search_term_string}\"},\"query-input\":{\"@type\":\"PropertyValueSpecification\",\"valueRequired\":true,\"valueName\":\"search_term_string\"}}],\"inLanguage\":\"es\"},{\"@type\":\"Person\",\"@id\":\"https:\\\/\\\/quehacerpolitico.mx\\\/#\\\/schema\\\/person\\\/496d8ad2d1d3f8036101dca7ee39e585\",\"name\":\"Redacci\u00f3n QP\",\"image\":{\"@type\":\"ImageObject\",\"inLanguage\":\"es\",\"@id\":\"https:\\\/\\\/secure.gravatar.com\\\/avatar\\\/c7164ed6fdec453195284ad24a5ae5b6e1eed2b848477fa2a4787ba9adf39a41?s=96&d=mm&r=g\",\"url\":\"https:\\\/\\\/secure.gravatar.com\\\/avatar\\\/c7164ed6fdec453195284ad24a5ae5b6e1eed2b848477fa2a4787ba9adf39a41?s=96&d=mm&r=g\",\"contentUrl\":\"https:\\\/\\\/secure.gravatar.com\\\/avatar\\\/c7164ed6fdec453195284ad24a5ae5b6e1eed2b848477fa2a4787ba9adf39a41?s=96&d=mm&r=g\",\"caption\":\"Redacci\u00f3n QP\"},\"url\":\"https:\\\/\\\/quehacerpolitico.mx\\\/?author=2\"}]}<\/script>\n<!-- \/ Yoast SEO plugin. -->","yoast_head_json":{"title":"Metrob\u00fas s\u00ed dar\u00e1 servicio gratis a usuarios de L12 del Metro, anuncia Sheinbaum -","robots":{"index":"index","follow":"follow","max-snippet":"max-snippet:-1","max-image-preview":"max-image-preview:large","max-video-preview":"max-video-preview:-1"},"canonical":"https:\/\/quehacerpolitico.mx\/?p=81080","og_locale":"es_MX","og_type":"article","og_title":"Metrob\u00fas s\u00ed dar\u00e1 servicio gratis a usuarios de L12 del Metro, anuncia Sheinbaum -","og_description":"Metrob\u00fas s\u00ed dar\u00e1 servicio gratis a usuarios de L12 del Metro, anuncia Sheinbaum Por Redacci\u00f3n...","og_url":"https:\/\/quehacerpolitico.mx\/?p=81080","article_published_time":"2021-05-19T16:15:49+00:00","og_image":[{"width":600,"height":350,"url":"https:\/\/quehacerpolitico.mx\/wp-content\/uploads\/2021\/05\/CBD25008-7C2A-496D-A584-2DB5AA427ADF.jpeg","type":"image\/jpeg"}],"author":"Redacci\u00f3n QP","twitter_card":"summary_large_image","twitter_misc":{"Escrito por":"Redacci\u00f3n QP","Tiempo de lectura":"2 minutos"},"schema":{"@context":"https:\/\/schema.org","@graph":[{"@type":"Article","@id":"https:\/\/quehacerpolitico.mx\/?p=81080#article","isPartOf":{"@id":"https:\/\/quehacerpolitico.mx\/?p=81080"},"author":{"name":"Redacci\u00f3n QP","@id":"https:\/\/quehacerpolitico.mx\/#\/schema\/person\/496d8ad2d1d3f8036101dca7ee39e585"},"headline":"Metrob\u00fas s\u00ed dar\u00e1 servicio gratis a usuarios de L12 del Metro, anuncia Sheinbaum","datePublished":"2021-05-19T16:15:49+00:00","mainEntityOfPage":{"@id":"https:\/\/quehacerpolitico.mx\/?p=81080"},"wordCount":321,"commentCount":0,"image":{"@id":"https:\/\/quehacerpolitico.mx\/?p=81080#primaryimage"},"thumbnailUrl":"https:\/\/quehacerpolitico.mx\/wp-content\/uploads\/2021\/05\/CBD25008-7C2A-496D-A584-2DB5AA427ADF.jpeg","articleSection":["CDMX"],"inLanguage":"es","potentialAction":[{"@type":"CommentAction","name":"Comment","target":["https:\/\/quehacerpolitico.mx\/?p=81080#respond"]}]},{"@type":"WebPage","@id":"https:\/\/quehacerpolitico.mx\/?p=81080","url":"https:\/\/quehacerpolitico.mx\/?p=81080","name":"Metrob\u00fas s\u00ed dar\u00e1 servicio gratis a usuarios de L12 del Metro, anuncia Sheinbaum -","isPartOf":{"@id":"https:\/\/quehacerpolitico.mx\/#website"},"primaryImageOfPage":{"@id":"https:\/\/quehacerpolitico.mx\/?p=81080#primaryimage"},"image":{"@id":"https:\/\/quehacerpolitico.mx\/?p=81080#primaryimage"},"thumbnailUrl":"https:\/\/quehacerpolitico.mx\/wp-content\/uploads\/2021\/05\/CBD25008-7C2A-496D-A584-2DB5AA427ADF.jpeg","datePublished":"2021-05-19T16:15:49+00:00","author":{"@id":"https:\/\/quehacerpolitico.mx\/#\/schema\/person\/496d8ad2d1d3f8036101dca7ee39e585"},"breadcrumb":{"@id":"https:\/\/quehacerpolitico.mx\/?p=81080#breadcrumb"},"inLanguage":"es","potentialAction":[{"@type":"ReadAction","target":["https:\/\/quehacerpolitico.mx\/?p=81080"]}]},{"@type":"ImageObject","inLanguage":"es","@id":"https:\/\/quehacerpolitico.mx\/?p=81080#primaryimage","url":"https:\/\/quehacerpolitico.mx\/wp-content\/uploads\/2021\/05\/CBD25008-7C2A-496D-A584-2DB5AA427ADF.jpeg","contentUrl":"https:\/\/quehacerpolitico.mx\/wp-content\/uploads\/2021\/05\/CBD25008-7C2A-496D-A584-2DB5AA427ADF.jpeg","width":600,"height":350},{"@type":"BreadcrumbList","@id":"https:\/\/quehacerpolitico.mx\/?p=81080#breadcrumb","itemListElement":[{"@type":"ListItem","position":1,"name":"Inicio","item":"https:\/\/quehacerpolitico.mx\/"},{"@type":"ListItem","position":2,"name":"Metrob\u00fas s\u00ed dar\u00e1 servicio gratis a usuarios de L12 del Metro, anuncia Sheinbaum"}]},{"@type":"WebSite","@id":"https:\/\/quehacerpolitico.mx\/#website","url":"https:\/\/quehacerpolitico.mx\/","name":"","description":"","potentialAction":[{"@type":"SearchAction","target":{"@type":"EntryPoint","urlTemplate":"https:\/\/quehacerpolitico.mx\/?s={search_term_string}"},"query-input":{"@type":"PropertyValueSpecification","valueRequired":true,"valueName":"search_term_string"}}],"inLanguage":"es"},{"@type":"Person","@id":"https:\/\/quehacerpolitico.mx\/#\/schema\/person\/496d8ad2d1d3f8036101dca7ee39e585","name":"Redacci\u00f3n QP","image":{"@type":"ImageObject","inLanguage":"es","@id":"https:\/\/secure.gravatar.com\/avatar\/c7164ed6fdec453195284ad24a5ae5b6e1eed2b848477fa2a4787ba9adf39a41?s=96&d=mm&r=g","url":"https:\/\/secure.gravatar.com\/avatar\/c7164ed6fdec453195284ad24a5ae5b6e1eed2b848477fa2a4787ba9adf39a41?s=96&d=mm&r=g","contentUrl":"https:\/\/secure.gravatar.com\/avatar\/c7164ed6fdec453195284ad24a5ae5b6e1eed2b848477fa2a4787ba9adf39a41?s=96&d=mm&r=g","caption":"Redacci\u00f3n QP"},"url":"https:\/\/quehacerpolitico.mx\/?author=2"}]}},"featured_image_urls":{"full":["https:\/\/quehacerpolitico.mx\/wp-content\/uploads\/2021\/05\/CBD25008-7C2A-496D-A584-2DB5AA427ADF.jpeg",600,350,false],"thumbnail":["https:\/\/quehacerpolitico.mx\/wp-content\/uploads\/2021\/05\/CBD25008-7C2A-496D-A584-2DB5AA427ADF-150x150.jpeg",150,150,true],"medium":["https:\/\/quehacerpolitico.mx\/wp-content\/uploads\/2021\/05\/CBD25008-7C2A-496D-A584-2DB5AA427ADF-300x175.jpeg",300,175,true],"medium_large":["https:\/\/quehacerpolitico.mx\/wp-content\/uploads\/2021\/05\/CBD25008-7C2A-496D-A584-2DB5AA427ADF.jpeg",600,350,false],"large":["https:\/\/quehacerpolitico.mx\/wp-content\/uploads\/2021\/05\/CBD25008-7C2A-496D-A584-2DB5AA427ADF.jpeg",600,350,false],"1536x1536":["https:\/\/quehacerpolitico.mx\/wp-content\/uploads\/2021\/05\/CBD25008-7C2A-496D-A584-2DB5AA427ADF.jpeg",600,350,false],"2048x2048":["https:\/\/quehacerpolitico.mx\/wp-content\/uploads\/2021\/05\/CBD25008-7C2A-496D-A584-2DB5AA427ADF.jpeg",600,350,false],"covernews-featured":["https:\/\/quehacerpolitico.mx\/wp-content\/uploads\/2021\/05\/CBD25008-7C2A-496D-A584-2DB5AA427ADF.jpeg",600,350,false],"covernews-medium":["https:\/\/quehacerpolitico.mx\/wp-content\/uploads\/2021\/05\/CBD25008-7C2A-496D-A584-2DB5AA427ADF.jpeg",540,315,false]},"author_info":{"display_name":"Redacci\u00f3n QP","author_link":"https:\/\/quehacerpolitico.mx\/?author=2"},"category_info":"<a href=\"https:\/\/quehacerpolitico.mx\/?cat=55\" rel=\"category\">CDMX<\/a>","tag_info":"CDMX","comment_count":"0","_links":{"self":[{"href":"https:\/\/quehacerpolitico.mx\/index.php?rest_route=\/wp\/v2\/posts\/81080","targetHints":{"allow":["GET"]}}],"collection":[{"href":"https:\/\/quehacerpolitico.mx\/index.php?rest_route=\/wp\/v2\/posts"}],"about":[{"href":"https:\/\/quehacerpolitico.mx\/index.php?rest_route=\/wp\/v2\/types\/post"}],"author":[{"embeddable":true,"href":"https:\/\/quehacerpolitico.mx\/index.php?rest_route=\/wp\/v2\/users\/2"}],"replies":[{"embeddable":true,"href":"https:\/\/quehacerpolitico.mx\/index.php?rest_route=%2Fwp%2Fv2%2Fcomments&post=81080"}],"version-history":[{"count":0,"href":"https:\/\/quehacerpolitico.mx\/index.php?rest_route=\/wp\/v2\/posts\/81080\/revisions"}],"wp:featuredmedia":[{"embeddable":true,"href":"https:\/\/quehacerpolitico.mx\/index.php?rest_route=\/wp\/v2\/media\/81083"}],"wp:attachment":[{"href":"https:\/\/quehacerpolitico.mx\/index.php?rest_route=%2Fwp%2Fv2%2Fmedia&parent=81080"}],"wp:term":[{"taxonomy":"category","embeddable":true,"href":"https:\/\/quehacerpolitico.mx\/index.php?rest_route=%2Fwp%2Fv2%2Fcategories&post=81080"},{"taxonomy":"post_tag","embeddable":true,"href":"https:\/\/quehacerpolitico.mx\/index.php?rest_route=%2Fwp%2Fv2%2Ftags&post=81080"}],"curies":[{"name":"wp","href":"https:\/\/api.w.org\/{rel}","templated":true}]}}