{"id":8107,"date":"2018-10-31T00:39:23","date_gmt":"2018-10-31T00:39:23","guid":{"rendered":"http:\/\/quehacerpolitico.mx\/los-juchitecos-todavia-heridos-por-el-sismo-extienden-sus-manos-a-integrantes-de-la-caravana\/"},"modified":"2018-10-31T00:39:23","modified_gmt":"2018-10-31T00:39:23","slug":"los-juchitecos-todavia-heridos-por-el-sismo-extienden-sus-manos-a-integrantes-de-la-caravana","status":"publish","type":"post","link":"https:\/\/quehacerpolitico.mx\/?p=8107","title":{"rendered":"Los juchitecos, todav\u00eda heridos por el sismo, extienden sus manos a integrantes de la Caravana"},"content":{"rendered":"<h1>Los juchitecos, todav\u00eda heridos por el sismo, extienden sus manos a integrantes de la Caravana<\/h1>\n<p>Por Redacci\u00f3n QP<\/p>\n<p>En el cielo el <strong>viento enlaza las banderas de M\u00e9xico y Honduras<\/strong>, y en tierra la solidaridad hermana a los migrantes con el <strong>pueblo zapoteco<\/strong>. Los m\u00e1s humildes ofrecen algo de lo que tienen<strong> -ropa, pan, agua-<\/strong> y apoyan a las autoridades que reparten hoy alimentos a los visitantes.<\/p>\n<p>Los juchitecos creen vivir un<strong> dej\u00e0 vu<\/strong> al ver esas largas filas con manos al aire pidiendo <strong>botes de agua, alimentos, una prenda<\/strong>; filas para recibir comida tras el terremoto de magnitud 8.2 del 7 de septiembre de 2017 que dej\u00f3 a miles sin casa y sin familia, y que destruy\u00f3 los edificios simb\u00f3licos del poder pol\u00edtico, econ\u00f3mico, religioso y cultural de Juchit\u00e1n.<\/p>\n<blockquote>\n<p>Los migrantes est\u00e1n a dos kil\u00f3metros del centro de Juchit\u00e1n y no alcanzan a ver plenamente una ciudad sin palacio municipal, sin parque, sin iglesias. Aqu\u00ed no hay d\u00f3nde refugiar a la caravana pues las calles siguen llenas de escombros, tabiques, cerros de arena y grava para la reconstrucci\u00f3n de las m\u00e1s de 20 mil viviendas y 98 escuelas da\u00f1adas por el sismo, que dej\u00f3 38 muertos en este lugar.<\/p>\n<\/blockquote>\n<p>El hondure\u00f1o Nelson Reynel Ruiz Madariaga, de 24 a\u00f1os, dice que fue al centro y no hay d\u00f3nde quedarse, pues el parque ahora es mercado y mejor se regres\u00f3 con un grupo de amigos pues andan en busca de su primo C\u00e9sar Gustavo Sierra V\u00e1squez, uno de los l\u00edderes de la caminata que cargaba una enorme bandera hondure\u00f1a al entrar a M\u00e9xico.<\/p>\n<div id=\"attachment_3491234\" class=\"wp-caption alignnone\"><img loading=\"lazy\" decoding=\"async\" class=\"wp-image-3491234 size-full\" src=\"https:\/\/www.sinembargo.mx\/wp-content\/uploads\/2018\/10\/oaxaca_caravana_migrantes-4.jpg\" sizes=\"auto, (max-width: 700px) 100vw, 700px\" srcset=\"https:\/\/www.sinembargo.mx\/wp-content\/uploads\/2018\/10\/oaxaca_caravana_migrantes-4.jpg 700w, https:\/\/www.sinembargo.mx\/wp-content\/uploads\/2018\/10\/oaxaca_caravana_migrantes-4-300x200.jpg 300w\" alt=\"\" width=\"700\" height=\"467\" \/><\/p>\n<p class=\"wp-caption-text\">En el cielo el viento enlaza las banderas de M\u00e9xico y Honduras, y en tierra la solidaridad hermana a los migrantes con el pueblo zapoteco. Foto: Cuartoscuro.<\/p>\n<\/div>\n<div id=\"attachment_3491235\" class=\"wp-caption alignnone\"><img loading=\"lazy\" decoding=\"async\" class=\"wp-image-3491235 size-full\" src=\"https:\/\/www.sinembargo.mx\/wp-content\/uploads\/2018\/10\/oaxaca_caravana_migrantes-3.jpg\" sizes=\"auto, (max-width: 700px) 100vw, 700px\" srcset=\"https:\/\/www.sinembargo.mx\/wp-content\/uploads\/2018\/10\/oaxaca_caravana_migrantes-3.jpg 700w, https:\/\/www.sinembargo.mx\/wp-content\/uploads\/2018\/10\/oaxaca_caravana_migrantes-3-300x200.jpg 300w\" alt=\"\" width=\"700\" height=\"467\" \/><\/p>\n<p class=\"wp-caption-text\">En el cielo el viento enlaza las banderas de M\u00e9xico y Honduras, y en tierra la solidaridad hermana a los migrantes con el pueblo zapoteco. Foto: Cuartoscuro.<\/p>\n<\/div>\n<div id=\"attachment_3491236\" class=\"wp-caption alignnone\"><img loading=\"lazy\" decoding=\"async\" class=\"wp-image-3491236 size-full\" src=\"https:\/\/www.sinembargo.mx\/wp-content\/uploads\/2018\/10\/oaxaca_caravana_migrantes-1.jpg\" sizes=\"auto, (max-width: 700px) 100vw, 700px\" srcset=\"https:\/\/www.sinembargo.mx\/wp-content\/uploads\/2018\/10\/oaxaca_caravana_migrantes-1.jpg 700w, https:\/\/www.sinembargo.mx\/wp-content\/uploads\/2018\/10\/oaxaca_caravana_migrantes-1-300x200.jpg 300w\" alt=\"\" width=\"700\" height=\"467\" \/><\/p>\n<p class=\"wp-caption-text\">En el cielo el viento enlaza las banderas de M\u00e9xico y Honduras, y en tierra la solidaridad hermana a los migrantes con el pueblo zapoteco. Foto: Cuartoscuro.<\/p>\n<\/div>\n<blockquote>\n<p>\u201cDesde ayer a mediod\u00eda desapareci\u00f3; nos envi\u00f3 un mensaje de texto y dijo que se hab\u00eda montado en una combi que lo llev\u00f3 a un lugar para entregarlo a migraci\u00f3n y despu\u00e9s ya no supimos de \u00e9l. Quien hace eso es de mal coraz\u00f3n. Queremos que lo busquen, que lo devuelvan a la caravana\u201d, dijo.<\/p>\n<\/blockquote>\n<p>Y mientras los migrantes segu\u00edan llegando esta tarde a la central camionera, en las casas de la ciudad el pueblo espera tambi\u00e9n con comida, frutos y bebidas otra visita, la de los fieles difuntos, en una mezcla de la tradici\u00f3n de los antiguos binniz\u00e1 (zapotecos) y de la cultura tra\u00edda por los espa\u00f1oles.<\/p>\n<p>En este sincretismo cultural, en las casas de las familias que hace un a\u00f1o perdieron alg\u00fan familiar se elaboran ofrendas con panes, dulces, comida y bebidas colocadas sobre mesas adornadas con flores, veladoras y pencas de pl\u00e1tano, o en altares para el deleite de sus seres queridos, cuyo esp\u00edritu llegar\u00e1 a tomar de la ofrenda lo que quiera.<\/p>\n<p>La presidenta municipal Gloria S\u00e1nchez L\u00f3pez se\u00f1al\u00f3: \u201cJuchit\u00e1n no se ha recuperado a\u00fan del terremoto; seguimos esperando del Gobierno federal un plan de reconstrucci\u00f3n integral para el municipio\u201d.<\/p>\n<blockquote>\n<p>\u201cY aunque no tenemos recursos se brinda la ayuda a los migrantes, proporcion\u00e1ndoles agua, alimentos, atenci\u00f3n m\u00e9dica, seguridad y el espacio para albergarlos durante su estancia con sanitarios y la mejora atenci\u00f3n posible\u201d, sostuvo.<\/p>\n<\/blockquote>\n<p>Dijo que para esta labor est\u00e1n coordinados con las autoridades federales, a trav\u00e9s del Instituto Nacional de Migraci\u00f3n, la Secretar\u00eda de Salud y la Polic\u00eda Federal, entre otras instancias.<\/p>\n<p>Aqu\u00ed las patrullas municipales de Juchit\u00e1n y municipios aleda\u00f1os en el estado sure\u00f1o de Oaxaca cooperan para acercar a los migrantes que en ocasiones se han desviado de la ruta o se internaron hacia poblados cercanos, temerosos de ser deportados.<\/p>\n<p>En Ixtepec unos 500 migrantes permanecen en el albergue dirigido por el sacerdote y activista Alejandro Solalinde y peque\u00f1os grupos han decidido continuar su camino hacia Ciudad de M\u00e9xico, adelant\u00e1ndose a la caravana que ingres\u00f3 el 19 de octubre por el puente internacional que conecta la localidad guatemalteca de Tec\u00fan Um\u00e1n con la mexicana Ciudad Hidalgo, en el estado de Chiapas.<\/p>\n<p>La caravana lleg\u00f3 este martes a Juchit\u00e1n despu\u00e9s de una caminata emprendida por la madrugada desde Santiago Niltepec, Oaxaca.<\/p>\n<p>Con la llegada masiva de migrantes -m\u00e1s de 7 mil, seg\u00fan las estimaciones- escasearon los alimentos preparados por la autoridad municipal y quienes llegaban rezagados deb\u00edan esperar en largas filas.<\/p>\n<p>Se les proporcion\u00f3 desde arroz blanco y frijoles de olla hasta guisado de chicharr\u00f3n en salsa verde y pescado frito, acompa\u00f1ado de tortillas con caf\u00e9 o agua fresca.<\/p>\n<p>Dependiendo de la ruta que recorran, la caravana se encuentra a unos 2 mil kil\u00f3metros de su objetivo si entran a Texas desde el estado mexicano de Tamaulipas o a unos 3 mil 500 kil\u00f3metros si se dirigen a California desde el estado mexicano de Baja California.<\/p>\n<p>Este lunes una segunda caravana, conformada por unas 2 mil personas, entr\u00f3 al pa\u00eds por Guatemala. Este nuevo contingente se encuentra actualmente en la ciudad de Tapachula, Chiapas, y se espera que siga los pasos del primero e incluso podr\u00eda ser que ambos se fusionen.<\/p>\n<p>Con Informaci\u00f3n de EFE<\/p>\n","protected":false},"excerpt":{"rendered":"<p>Los juchitecos, todav\u00eda heridos por el sismo, extienden sus manos a integrantes de la Caravana<br \/>\nPor Redacci\u00f3n QP<\/p>\n","protected":false},"author":2,"featured_media":8106,"comment_status":"open","ping_status":"open","sticky":false,"template":"","format":"standard","meta":{"_monsterinsights_skip_tracking":false,"_monsterinsights_sitenote_active":false,"_monsterinsights_sitenote_note":"","_monsterinsights_sitenote_category":0,"footnotes":""},"categories":[2],"tags":[],"class_list":["post-8107","post","type-post","status-publish","format-standard","has-post-thumbnail","hentry","category-noticias"],"yoast_head":"<!-- This site is optimized with the Yoast SEO plugin v27.3 - https:\/\/yoast.com\/product\/yoast-seo-wordpress\/ -->\n<title>Los juchitecos, todav\u00eda heridos por el sismo, extienden sus manos a integrantes de la Caravana -<\/title>\n<meta name=\"robots\" content=\"index, follow, max-snippet:-1, max-image-preview:large, max-video-preview:-1\" \/>\n<link rel=\"canonical\" href=\"https:\/\/quehacerpolitico.mx\/?p=8107\" \/>\n<meta property=\"og:locale\" content=\"es_MX\" \/>\n<meta property=\"og:type\" content=\"article\" \/>\n<meta property=\"og:title\" content=\"Los juchitecos, todav\u00eda heridos por el sismo, extienden sus manos a integrantes de la Caravana -\" \/>\n<meta property=\"og:description\" content=\"Los juchitecos, todav\u00eda heridos por el sismo, extienden sus manos a integrantes de la Caravana Por Redacci\u00f3n QP\" \/>\n<meta property=\"og:url\" content=\"https:\/\/quehacerpolitico.mx\/?p=8107\" \/>\n<meta property=\"article:published_time\" content=\"2018-10-31T00:39:23+00:00\" \/>\n<meta name=\"author\" content=\"Redacci\u00f3n QP\" \/>\n<meta name=\"twitter:card\" content=\"summary_large_image\" \/>\n<meta name=\"twitter:label1\" content=\"Escrito por\" \/>\n\t<meta name=\"twitter:data1\" content=\"Redacci\u00f3n QP\" \/>\n\t<meta name=\"twitter:label2\" content=\"Tiempo de lectura\" \/>\n\t<meta name=\"twitter:data2\" content=\"5 minutos\" \/>\n<script type=\"application\/ld+json\" class=\"yoast-schema-graph\">{\"@context\":\"https:\\\/\\\/schema.org\",\"@graph\":[{\"@type\":\"Article\",\"@id\":\"https:\\\/\\\/quehacerpolitico.mx\\\/?p=8107#article\",\"isPartOf\":{\"@id\":\"https:\\\/\\\/quehacerpolitico.mx\\\/?p=8107\"},\"author\":{\"name\":\"Redacci\u00f3n QP\",\"@id\":\"https:\\\/\\\/quehacerpolitico.mx\\\/#\\\/schema\\\/person\\\/496d8ad2d1d3f8036101dca7ee39e585\"},\"headline\":\"Los juchitecos, todav\u00eda heridos por el sismo, extienden sus manos a integrantes de la Caravana\",\"datePublished\":\"2018-10-31T00:39:23+00:00\",\"mainEntityOfPage\":{\"@id\":\"https:\\\/\\\/quehacerpolitico.mx\\\/?p=8107\"},\"wordCount\":951,\"commentCount\":0,\"image\":{\"@id\":\"https:\\\/\\\/quehacerpolitico.mx\\\/?p=8107#primaryimage\"},\"thumbnailUrl\":\"\",\"articleSection\":[\"Noticias\"],\"inLanguage\":\"es\",\"potentialAction\":[{\"@type\":\"CommentAction\",\"name\":\"Comment\",\"target\":[\"https:\\\/\\\/quehacerpolitico.mx\\\/?p=8107#respond\"]}]},{\"@type\":\"WebPage\",\"@id\":\"https:\\\/\\\/quehacerpolitico.mx\\\/?p=8107\",\"url\":\"https:\\\/\\\/quehacerpolitico.mx\\\/?p=8107\",\"name\":\"Los juchitecos, todav\u00eda heridos por el sismo, extienden sus manos a integrantes de la Caravana -\",\"isPartOf\":{\"@id\":\"https:\\\/\\\/quehacerpolitico.mx\\\/#website\"},\"primaryImageOfPage\":{\"@id\":\"https:\\\/\\\/quehacerpolitico.mx\\\/?p=8107#primaryimage\"},\"image\":{\"@id\":\"https:\\\/\\\/quehacerpolitico.mx\\\/?p=8107#primaryimage\"},\"thumbnailUrl\":\"\",\"datePublished\":\"2018-10-31T00:39:23+00:00\",\"author\":{\"@id\":\"https:\\\/\\\/quehacerpolitico.mx\\\/#\\\/schema\\\/person\\\/496d8ad2d1d3f8036101dca7ee39e585\"},\"breadcrumb\":{\"@id\":\"https:\\\/\\\/quehacerpolitico.mx\\\/?p=8107#breadcrumb\"},\"inLanguage\":\"es\",\"potentialAction\":[{\"@type\":\"ReadAction\",\"target\":[\"https:\\\/\\\/quehacerpolitico.mx\\\/?p=8107\"]}]},{\"@type\":\"ImageObject\",\"inLanguage\":\"es\",\"@id\":\"https:\\\/\\\/quehacerpolitico.mx\\\/?p=8107#primaryimage\",\"url\":\"\",\"contentUrl\":\"\"},{\"@type\":\"BreadcrumbList\",\"@id\":\"https:\\\/\\\/quehacerpolitico.mx\\\/?p=8107#breadcrumb\",\"itemListElement\":[{\"@type\":\"ListItem\",\"position\":1,\"name\":\"Inicio\",\"item\":\"https:\\\/\\\/quehacerpolitico.mx\\\/\"},{\"@type\":\"ListItem\",\"position\":2,\"name\":\"Los juchitecos, todav\u00eda heridos por el sismo, extienden sus manos a integrantes de la Caravana\"}]},{\"@type\":\"WebSite\",\"@id\":\"https:\\\/\\\/quehacerpolitico.mx\\\/#website\",\"url\":\"https:\\\/\\\/quehacerpolitico.mx\\\/\",\"name\":\"\",\"description\":\"\",\"potentialAction\":[{\"@type\":\"SearchAction\",\"target\":{\"@type\":\"EntryPoint\",\"urlTemplate\":\"https:\\\/\\\/quehacerpolitico.mx\\\/?s={search_term_string}\"},\"query-input\":{\"@type\":\"PropertyValueSpecification\",\"valueRequired\":true,\"valueName\":\"search_term_string\"}}],\"inLanguage\":\"es\"},{\"@type\":\"Person\",\"@id\":\"https:\\\/\\\/quehacerpolitico.mx\\\/#\\\/schema\\\/person\\\/496d8ad2d1d3f8036101dca7ee39e585\",\"name\":\"Redacci\u00f3n QP\",\"image\":{\"@type\":\"ImageObject\",\"inLanguage\":\"es\",\"@id\":\"https:\\\/\\\/secure.gravatar.com\\\/avatar\\\/c7164ed6fdec453195284ad24a5ae5b6e1eed2b848477fa2a4787ba9adf39a41?s=96&d=mm&r=g\",\"url\":\"https:\\\/\\\/secure.gravatar.com\\\/avatar\\\/c7164ed6fdec453195284ad24a5ae5b6e1eed2b848477fa2a4787ba9adf39a41?s=96&d=mm&r=g\",\"contentUrl\":\"https:\\\/\\\/secure.gravatar.com\\\/avatar\\\/c7164ed6fdec453195284ad24a5ae5b6e1eed2b848477fa2a4787ba9adf39a41?s=96&d=mm&r=g\",\"caption\":\"Redacci\u00f3n QP\"},\"url\":\"https:\\\/\\\/quehacerpolitico.mx\\\/?author=2\"}]}<\/script>\n<!-- \/ Yoast SEO plugin. -->","yoast_head_json":{"title":"Los juchitecos, todav\u00eda heridos por el sismo, extienden sus manos a integrantes de la Caravana -","robots":{"index":"index","follow":"follow","max-snippet":"max-snippet:-1","max-image-preview":"max-image-preview:large","max-video-preview":"max-video-preview:-1"},"canonical":"https:\/\/quehacerpolitico.mx\/?p=8107","og_locale":"es_MX","og_type":"article","og_title":"Los juchitecos, todav\u00eda heridos por el sismo, extienden sus manos a integrantes de la Caravana -","og_description":"Los juchitecos, todav\u00eda heridos por el sismo, extienden sus manos a integrantes de la Caravana Por Redacci\u00f3n QP","og_url":"https:\/\/quehacerpolitico.mx\/?p=8107","article_published_time":"2018-10-31T00:39:23+00:00","author":"Redacci\u00f3n QP","twitter_card":"summary_large_image","twitter_misc":{"Escrito por":"Redacci\u00f3n QP","Tiempo de lectura":"5 minutos"},"schema":{"@context":"https:\/\/schema.org","@graph":[{"@type":"Article","@id":"https:\/\/quehacerpolitico.mx\/?p=8107#article","isPartOf":{"@id":"https:\/\/quehacerpolitico.mx\/?p=8107"},"author":{"name":"Redacci\u00f3n QP","@id":"https:\/\/quehacerpolitico.mx\/#\/schema\/person\/496d8ad2d1d3f8036101dca7ee39e585"},"headline":"Los juchitecos, todav\u00eda heridos por el sismo, extienden sus manos a integrantes de la Caravana","datePublished":"2018-10-31T00:39:23+00:00","mainEntityOfPage":{"@id":"https:\/\/quehacerpolitico.mx\/?p=8107"},"wordCount":951,"commentCount":0,"image":{"@id":"https:\/\/quehacerpolitico.mx\/?p=8107#primaryimage"},"thumbnailUrl":"","articleSection":["Noticias"],"inLanguage":"es","potentialAction":[{"@type":"CommentAction","name":"Comment","target":["https:\/\/quehacerpolitico.mx\/?p=8107#respond"]}]},{"@type":"WebPage","@id":"https:\/\/quehacerpolitico.mx\/?p=8107","url":"https:\/\/quehacerpolitico.mx\/?p=8107","name":"Los juchitecos, todav\u00eda heridos por el sismo, extienden sus manos a integrantes de la Caravana -","isPartOf":{"@id":"https:\/\/quehacerpolitico.mx\/#website"},"primaryImageOfPage":{"@id":"https:\/\/quehacerpolitico.mx\/?p=8107#primaryimage"},"image":{"@id":"https:\/\/quehacerpolitico.mx\/?p=8107#primaryimage"},"thumbnailUrl":"","datePublished":"2018-10-31T00:39:23+00:00","author":{"@id":"https:\/\/quehacerpolitico.mx\/#\/schema\/person\/496d8ad2d1d3f8036101dca7ee39e585"},"breadcrumb":{"@id":"https:\/\/quehacerpolitico.mx\/?p=8107#breadcrumb"},"inLanguage":"es","potentialAction":[{"@type":"ReadAction","target":["https:\/\/quehacerpolitico.mx\/?p=8107"]}]},{"@type":"ImageObject","inLanguage":"es","@id":"https:\/\/quehacerpolitico.mx\/?p=8107#primaryimage","url":"","contentUrl":""},{"@type":"BreadcrumbList","@id":"https:\/\/quehacerpolitico.mx\/?p=8107#breadcrumb","itemListElement":[{"@type":"ListItem","position":1,"name":"Inicio","item":"https:\/\/quehacerpolitico.mx\/"},{"@type":"ListItem","position":2,"name":"Los juchitecos, todav\u00eda heridos por el sismo, extienden sus manos a integrantes de la Caravana"}]},{"@type":"WebSite","@id":"https:\/\/quehacerpolitico.mx\/#website","url":"https:\/\/quehacerpolitico.mx\/","name":"","description":"","potentialAction":[{"@type":"SearchAction","target":{"@type":"EntryPoint","urlTemplate":"https:\/\/quehacerpolitico.mx\/?s={search_term_string}"},"query-input":{"@type":"PropertyValueSpecification","valueRequired":true,"valueName":"search_term_string"}}],"inLanguage":"es"},{"@type":"Person","@id":"https:\/\/quehacerpolitico.mx\/#\/schema\/person\/496d8ad2d1d3f8036101dca7ee39e585","name":"Redacci\u00f3n QP","image":{"@type":"ImageObject","inLanguage":"es","@id":"https:\/\/secure.gravatar.com\/avatar\/c7164ed6fdec453195284ad24a5ae5b6e1eed2b848477fa2a4787ba9adf39a41?s=96&d=mm&r=g","url":"https:\/\/secure.gravatar.com\/avatar\/c7164ed6fdec453195284ad24a5ae5b6e1eed2b848477fa2a4787ba9adf39a41?s=96&d=mm&r=g","contentUrl":"https:\/\/secure.gravatar.com\/avatar\/c7164ed6fdec453195284ad24a5ae5b6e1eed2b848477fa2a4787ba9adf39a41?s=96&d=mm&r=g","caption":"Redacci\u00f3n QP"},"url":"https:\/\/quehacerpolitico.mx\/?author=2"}]}},"featured_image_urls":{"full":"","thumbnail":"","medium":"","medium_large":"","large":"","1536x1536":"","2048x2048":"","covernews-featured":"","covernews-medium":""},"author_info":{"display_name":"Redacci\u00f3n QP","author_link":"https:\/\/quehacerpolitico.mx\/?author=2"},"category_info":"<a href=\"https:\/\/quehacerpolitico.mx\/?cat=2\" rel=\"category\">Noticias<\/a>","tag_info":"Noticias","comment_count":"0","_links":{"self":[{"href":"https:\/\/quehacerpolitico.mx\/index.php?rest_route=\/wp\/v2\/posts\/8107","targetHints":{"allow":["GET"]}}],"collection":[{"href":"https:\/\/quehacerpolitico.mx\/index.php?rest_route=\/wp\/v2\/posts"}],"about":[{"href":"https:\/\/quehacerpolitico.mx\/index.php?rest_route=\/wp\/v2\/types\/post"}],"author":[{"embeddable":true,"href":"https:\/\/quehacerpolitico.mx\/index.php?rest_route=\/wp\/v2\/users\/2"}],"replies":[{"embeddable":true,"href":"https:\/\/quehacerpolitico.mx\/index.php?rest_route=%2Fwp%2Fv2%2Fcomments&post=8107"}],"version-history":[{"count":0,"href":"https:\/\/quehacerpolitico.mx\/index.php?rest_route=\/wp\/v2\/posts\/8107\/revisions"}],"wp:featuredmedia":[{"embeddable":true,"href":"https:\/\/quehacerpolitico.mx\/index.php?rest_route=\/"}],"wp:attachment":[{"href":"https:\/\/quehacerpolitico.mx\/index.php?rest_route=%2Fwp%2Fv2%2Fmedia&parent=8107"}],"wp:term":[{"taxonomy":"category","embeddable":true,"href":"https:\/\/quehacerpolitico.mx\/index.php?rest_route=%2Fwp%2Fv2%2Fcategories&post=8107"},{"taxonomy":"post_tag","embeddable":true,"href":"https:\/\/quehacerpolitico.mx\/index.php?rest_route=%2Fwp%2Fv2%2Ftags&post=8107"}],"curies":[{"name":"wp","href":"https:\/\/api.w.org\/{rel}","templated":true}]}}