{"id":81061,"date":"2021-05-18T03:52:26","date_gmt":"2021-05-18T03:52:26","guid":{"rendered":"https:\/\/quehacerpolitico.mx\/?p=81061"},"modified":"2021-05-18T03:52:26","modified_gmt":"2021-05-18T03:52:26","slug":"madre-de-brandon-el-nino-fallecido-en-la-l12-del-metro-denuncia-funcionarios-y-exfuncionarios-de-la-cdmx","status":"publish","type":"post","link":"https:\/\/quehacerpolitico.mx\/?p=81061","title":{"rendered":"Madre de Brandon, el ni\u00f1o fallecido en la L12 del Metro, denuncia a funcionarios y exfuncionarios de la CDMX"},"content":{"rendered":"<p>Madre de Brandon, el ni\u00f1o fallecido en la L12 del Metro, denuncia a funcionarios y exfuncionarios de la CDMX<br \/>\nPor Redacci\u00f3n QP<\/p>\n<p>La madre de Brandon Giovanni solicit\u00f3 que la actual directora del Sistema de Transporte Colectivo, Florencia Serran\u00eda, se separe de su cargo<\/p>\n<p>Marisol Tapia, mam\u00e1 del ni\u00f1o <strong>Brandon Giovanni<\/strong>, quien perdiera la vida en el <strong>colapso de la l\u00ednea 12 del Metro,\u00a0<\/strong>acudi\u00f3 a la Contralor\u00eda de la Ciudad de M\u00e9xico para presentar una <strong>queja contra funcionarios y ex funcionarios<\/strong> del gobierno capitalino.<\/p>\n<p>Adem\u00e1s, solicit\u00f3 que la actual <strong>directora del Sistema de Transporte Colectivo, Florencia Serran\u00eda<\/strong>, se separe de su cargo para no <strong>entorpecer las investigaciones.<\/strong><\/p>\n<blockquote><p>\u201cEs el principio de todo un proceso que se viene. Aqu\u00ed se est\u00e1 pidiendo la <strong>suspensi\u00f3n de la directora del Metro<\/strong> para no entorpecer ning\u00fan proceso que vamos a llevar a cabo. Hasta el d\u00eda de hoy el gobierno se ha encargado de <strong>borrar evidencias. <\/strong>Se va a llegar hasta las \u00faltimas consecuencias. La muerte de mi hijo no va a quedar impune\u201d, dijo Marisol Tapia.<\/p><\/blockquote>\n<blockquote class=\"twitter-tweet\" data-width=\"550\" data-dnt=\"true\">\n<p lang=\"es\" dir=\"ltr\">Marisol Tapia pidi\u00f3 destituci\u00f3n de la directora del Metro, <a href=\"https:\/\/twitter.com\/FirenzeM?ref_src=twsrc%5Etfw\">@FirenzeM<\/a> por el colapso de la L\u00ednea 12 donde falleci\u00f3 su hijo Brandon de 12 a\u00f1os. <a href=\"https:\/\/t.co\/EGO9bkdK06\">pic.twitter.com\/EGO9bkdK06<\/a><\/p>\n<p>&mdash; Ruido en la Red (@RuidoEnLaRed) <a href=\"https:\/\/twitter.com\/RuidoEnLaRed\/status\/1394383218556555264?ref_src=twsrc%5Etfw\">May 17, 2021<\/a><\/p><\/blockquote>\n<p><script async src=\"https:\/\/platform.twitter.com\/widgets.js\" charset=\"utf-8\"><\/script><\/p>\n<p>Al lugar tambi\u00e9n acudi\u00f3 el se\u00f1or Emilio, quien dijo que <strong>viajaba en el Metro al momento del colapso<\/strong> y, dijo que no recibi\u00f3 ning\u00fan tipo de <strong>atenci\u00f3n m\u00e9dica.<\/strong><\/p>\n<blockquote><p>\u201cLo de la columna, golpes hasta ahorita no he recibido la atenci\u00f3n de nadie, me la han negado\u201d, dijo Emilio Bonilla, v\u00edctima del accidente del Metro.<\/p><\/blockquote>\n<p>Su abogado, Te\u00f3filo Ben\u00edtez, expuso que adem\u00e1s presentar\u00e1n una <strong>denuncia penal.<\/strong><\/p>\n<blockquote><p>\u201cEl delito que nosotros estamos acusando es un <strong>delito de homicidio con dolo<\/strong>\u201d, declar\u00f3 el abogado, Te\u00f3filo Ben\u00edtez.<\/p><\/blockquote>\n<p>Marisol Tapia dijo que su esposo, Roberto, sigue delicado y es factible que tenga<strong>secuelas f\u00edsicas por el accidente<\/strong>, adem\u00e1s se\u00f1al\u00f3 que no acept\u00f3 ning\u00fan<strong> apoyo del gobierno de la Ciudad<\/strong>; el cheque de 40 mil pesos que le dieron no lo ha cobrado.<\/p>\n<blockquote><p>\u201cDespu\u00e9s de esta tragedia ni \u00e9l ni nadie va a quedar bien, su vida ha cambiado; quedar como una persona discapacitada. Fue lo \u00fanico que se recibi\u00f3 y te puedo mostrar ah\u00ed est\u00e1 el cheque, ah\u00ed est\u00e1 el sobre intacto. Tu dime con cu\u00e1nto yo revivo a mi hijo. Yo le cambio al gobierno esa indemnizaci\u00f3n a cambio de que me devuelvan a mi hijo\u201d, dijo la mam\u00e1 de Brandon.<\/p><\/blockquote>\n<p>La jefa de Gobierno de la CDMX, Claudia Sheinbaum, fue cuestionada sobre dicha queja.<\/p>\n<blockquote><p>\u201cNunca voy a entablar un debate, una contradicci\u00f3n con alguna v\u00edctima o con alg\u00fan familiar de v\u00edctimas, ellos, ellas, est\u00e1n en su derecho de poner las <strong>denuncias que les correspondan<\/strong> y lo que le corresponde al Gobierno, la obligaci\u00f3n del Gobierno es estar cerca de ellos y darles todo el apoyo que necesiten, entonces ella est\u00e1 en su derecho de poner las denuncias\u201d, declar\u00f3 Sheinbaum.<\/p><\/blockquote>\n<p>A mediados de la semana, la familia de Brandon presentar\u00e1 la <strong>denuncia penal<\/strong> <strong>en la Fiscal\u00eda de la Ciudad de M\u00e9xico.<\/strong><\/p>\n","protected":false},"excerpt":{"rendered":"<p>Madre de Brandon, el ni\u00f1o fallecido en la L12 del Metro, denuncia a funcionarios y&#8230;<\/p>\n","protected":false},"author":2,"featured_media":81065,"comment_status":"open","ping_status":"open","sticky":false,"template":"","format":"standard","meta":{"_monsterinsights_skip_tracking":false,"_monsterinsights_sitenote_active":false,"_monsterinsights_sitenote_note":"","_monsterinsights_sitenote_category":0,"footnotes":""},"categories":[55],"tags":[],"class_list":["post-81061","post","type-post","status-publish","format-standard","has-post-thumbnail","hentry","category-cdmx"],"yoast_head":"<!-- This site is optimized with the Yoast SEO plugin v27.3 - https:\/\/yoast.com\/product\/yoast-seo-wordpress\/ -->\n<title>Madre de Brandon, el ni\u00f1o fallecido en la L12 del Metro, denuncia a funcionarios y exfuncionarios de la CDMX -<\/title>\n<meta name=\"robots\" content=\"index, follow, max-snippet:-1, max-image-preview:large, max-video-preview:-1\" \/>\n<link rel=\"canonical\" href=\"https:\/\/quehacerpolitico.mx\/?p=81061\" \/>\n<meta property=\"og:locale\" content=\"es_MX\" \/>\n<meta property=\"og:type\" content=\"article\" \/>\n<meta property=\"og:title\" content=\"Madre de Brandon, el ni\u00f1o fallecido en la L12 del Metro, denuncia a funcionarios y exfuncionarios de la CDMX -\" \/>\n<meta property=\"og:description\" content=\"Madre de Brandon, el ni\u00f1o fallecido en la L12 del Metro, denuncia a funcionarios y...\" \/>\n<meta property=\"og:url\" content=\"https:\/\/quehacerpolitico.mx\/?p=81061\" \/>\n<meta property=\"article:published_time\" content=\"2021-05-18T03:52:26+00:00\" \/>\n<meta property=\"og:image\" content=\"https:\/\/quehacerpolitico.mx\/wp-content\/uploads\/2021\/05\/31FCAF1B-92F7-4A3A-97A0-2CCA52CA19E2.jpeg\" \/>\n\t<meta property=\"og:image:width\" content=\"728\" \/>\n\t<meta property=\"og:image:height\" content=\"421\" \/>\n\t<meta property=\"og:image:type\" content=\"image\/jpeg\" \/>\n<meta name=\"author\" content=\"Redacci\u00f3n QP\" \/>\n<meta name=\"twitter:card\" content=\"summary_large_image\" \/>\n<meta name=\"twitter:label1\" content=\"Escrito por\" \/>\n\t<meta name=\"twitter:data1\" content=\"Redacci\u00f3n QP\" \/>\n\t<meta name=\"twitter:label2\" content=\"Tiempo de lectura\" \/>\n\t<meta name=\"twitter:data2\" content=\"3 minutos\" \/>\n<script type=\"application\/ld+json\" class=\"yoast-schema-graph\">{\"@context\":\"https:\\\/\\\/schema.org\",\"@graph\":[{\"@type\":\"Article\",\"@id\":\"https:\\\/\\\/quehacerpolitico.mx\\\/?p=81061#article\",\"isPartOf\":{\"@id\":\"https:\\\/\\\/quehacerpolitico.mx\\\/?p=81061\"},\"author\":{\"name\":\"Redacci\u00f3n QP\",\"@id\":\"https:\\\/\\\/quehacerpolitico.mx\\\/#\\\/schema\\\/person\\\/496d8ad2d1d3f8036101dca7ee39e585\"},\"headline\":\"Madre de Brandon, el ni\u00f1o fallecido en la L12 del Metro, denuncia a funcionarios y exfuncionarios de la CDMX\",\"datePublished\":\"2021-05-18T03:52:26+00:00\",\"mainEntityOfPage\":{\"@id\":\"https:\\\/\\\/quehacerpolitico.mx\\\/?p=81061\"},\"wordCount\":534,\"commentCount\":0,\"image\":{\"@id\":\"https:\\\/\\\/quehacerpolitico.mx\\\/?p=81061#primaryimage\"},\"thumbnailUrl\":\"https:\\\/\\\/quehacerpolitico.mx\\\/wp-content\\\/uploads\\\/2021\\\/05\\\/31FCAF1B-92F7-4A3A-97A0-2CCA52CA19E2.jpeg\",\"articleSection\":[\"CDMX\"],\"inLanguage\":\"es\",\"potentialAction\":[{\"@type\":\"CommentAction\",\"name\":\"Comment\",\"target\":[\"https:\\\/\\\/quehacerpolitico.mx\\\/?p=81061#respond\"]}]},{\"@type\":\"WebPage\",\"@id\":\"https:\\\/\\\/quehacerpolitico.mx\\\/?p=81061\",\"url\":\"https:\\\/\\\/quehacerpolitico.mx\\\/?p=81061\",\"name\":\"Madre de Brandon, el ni\u00f1o fallecido en la L12 del Metro, denuncia a funcionarios y exfuncionarios de la CDMX -\",\"isPartOf\":{\"@id\":\"https:\\\/\\\/quehacerpolitico.mx\\\/#website\"},\"primaryImageOfPage\":{\"@id\":\"https:\\\/\\\/quehacerpolitico.mx\\\/?p=81061#primaryimage\"},\"image\":{\"@id\":\"https:\\\/\\\/quehacerpolitico.mx\\\/?p=81061#primaryimage\"},\"thumbnailUrl\":\"https:\\\/\\\/quehacerpolitico.mx\\\/wp-content\\\/uploads\\\/2021\\\/05\\\/31FCAF1B-92F7-4A3A-97A0-2CCA52CA19E2.jpeg\",\"datePublished\":\"2021-05-18T03:52:26+00:00\",\"author\":{\"@id\":\"https:\\\/\\\/quehacerpolitico.mx\\\/#\\\/schema\\\/person\\\/496d8ad2d1d3f8036101dca7ee39e585\"},\"breadcrumb\":{\"@id\":\"https:\\\/\\\/quehacerpolitico.mx\\\/?p=81061#breadcrumb\"},\"inLanguage\":\"es\",\"potentialAction\":[{\"@type\":\"ReadAction\",\"target\":[\"https:\\\/\\\/quehacerpolitico.mx\\\/?p=81061\"]}]},{\"@type\":\"ImageObject\",\"inLanguage\":\"es\",\"@id\":\"https:\\\/\\\/quehacerpolitico.mx\\\/?p=81061#primaryimage\",\"url\":\"https:\\\/\\\/quehacerpolitico.mx\\\/wp-content\\\/uploads\\\/2021\\\/05\\\/31FCAF1B-92F7-4A3A-97A0-2CCA52CA19E2.jpeg\",\"contentUrl\":\"https:\\\/\\\/quehacerpolitico.mx\\\/wp-content\\\/uploads\\\/2021\\\/05\\\/31FCAF1B-92F7-4A3A-97A0-2CCA52CA19E2.jpeg\",\"width\":728,\"height\":421},{\"@type\":\"BreadcrumbList\",\"@id\":\"https:\\\/\\\/quehacerpolitico.mx\\\/?p=81061#breadcrumb\",\"itemListElement\":[{\"@type\":\"ListItem\",\"position\":1,\"name\":\"Inicio\",\"item\":\"https:\\\/\\\/quehacerpolitico.mx\\\/\"},{\"@type\":\"ListItem\",\"position\":2,\"name\":\"Madre de Brandon, el ni\u00f1o fallecido en la L12 del Metro, denuncia a funcionarios y exfuncionarios de la CDMX\"}]},{\"@type\":\"WebSite\",\"@id\":\"https:\\\/\\\/quehacerpolitico.mx\\\/#website\",\"url\":\"https:\\\/\\\/quehacerpolitico.mx\\\/\",\"name\":\"\",\"description\":\"\",\"potentialAction\":[{\"@type\":\"SearchAction\",\"target\":{\"@type\":\"EntryPoint\",\"urlTemplate\":\"https:\\\/\\\/quehacerpolitico.mx\\\/?s={search_term_string}\"},\"query-input\":{\"@type\":\"PropertyValueSpecification\",\"valueRequired\":true,\"valueName\":\"search_term_string\"}}],\"inLanguage\":\"es\"},{\"@type\":\"Person\",\"@id\":\"https:\\\/\\\/quehacerpolitico.mx\\\/#\\\/schema\\\/person\\\/496d8ad2d1d3f8036101dca7ee39e585\",\"name\":\"Redacci\u00f3n QP\",\"image\":{\"@type\":\"ImageObject\",\"inLanguage\":\"es\",\"@id\":\"https:\\\/\\\/secure.gravatar.com\\\/avatar\\\/c7164ed6fdec453195284ad24a5ae5b6e1eed2b848477fa2a4787ba9adf39a41?s=96&d=mm&r=g\",\"url\":\"https:\\\/\\\/secure.gravatar.com\\\/avatar\\\/c7164ed6fdec453195284ad24a5ae5b6e1eed2b848477fa2a4787ba9adf39a41?s=96&d=mm&r=g\",\"contentUrl\":\"https:\\\/\\\/secure.gravatar.com\\\/avatar\\\/c7164ed6fdec453195284ad24a5ae5b6e1eed2b848477fa2a4787ba9adf39a41?s=96&d=mm&r=g\",\"caption\":\"Redacci\u00f3n QP\"},\"url\":\"https:\\\/\\\/quehacerpolitico.mx\\\/?author=2\"}]}<\/script>\n<!-- \/ Yoast SEO plugin. -->","yoast_head_json":{"title":"Madre de Brandon, el ni\u00f1o fallecido en la L12 del Metro, denuncia a funcionarios y exfuncionarios de la CDMX -","robots":{"index":"index","follow":"follow","max-snippet":"max-snippet:-1","max-image-preview":"max-image-preview:large","max-video-preview":"max-video-preview:-1"},"canonical":"https:\/\/quehacerpolitico.mx\/?p=81061","og_locale":"es_MX","og_type":"article","og_title":"Madre de Brandon, el ni\u00f1o fallecido en la L12 del Metro, denuncia a funcionarios y exfuncionarios de la CDMX -","og_description":"Madre de Brandon, el ni\u00f1o fallecido en la L12 del Metro, denuncia a funcionarios y...","og_url":"https:\/\/quehacerpolitico.mx\/?p=81061","article_published_time":"2021-05-18T03:52:26+00:00","og_image":[{"width":728,"height":421,"url":"https:\/\/quehacerpolitico.mx\/wp-content\/uploads\/2021\/05\/31FCAF1B-92F7-4A3A-97A0-2CCA52CA19E2.jpeg","type":"image\/jpeg"}],"author":"Redacci\u00f3n QP","twitter_card":"summary_large_image","twitter_misc":{"Escrito por":"Redacci\u00f3n QP","Tiempo de lectura":"3 minutos"},"schema":{"@context":"https:\/\/schema.org","@graph":[{"@type":"Article","@id":"https:\/\/quehacerpolitico.mx\/?p=81061#article","isPartOf":{"@id":"https:\/\/quehacerpolitico.mx\/?p=81061"},"author":{"name":"Redacci\u00f3n QP","@id":"https:\/\/quehacerpolitico.mx\/#\/schema\/person\/496d8ad2d1d3f8036101dca7ee39e585"},"headline":"Madre de Brandon, el ni\u00f1o fallecido en la L12 del Metro, denuncia a funcionarios y exfuncionarios de la CDMX","datePublished":"2021-05-18T03:52:26+00:00","mainEntityOfPage":{"@id":"https:\/\/quehacerpolitico.mx\/?p=81061"},"wordCount":534,"commentCount":0,"image":{"@id":"https:\/\/quehacerpolitico.mx\/?p=81061#primaryimage"},"thumbnailUrl":"https:\/\/quehacerpolitico.mx\/wp-content\/uploads\/2021\/05\/31FCAF1B-92F7-4A3A-97A0-2CCA52CA19E2.jpeg","articleSection":["CDMX"],"inLanguage":"es","potentialAction":[{"@type":"CommentAction","name":"Comment","target":["https:\/\/quehacerpolitico.mx\/?p=81061#respond"]}]},{"@type":"WebPage","@id":"https:\/\/quehacerpolitico.mx\/?p=81061","url":"https:\/\/quehacerpolitico.mx\/?p=81061","name":"Madre de Brandon, el ni\u00f1o fallecido en la L12 del Metro, denuncia a funcionarios y exfuncionarios de la CDMX -","isPartOf":{"@id":"https:\/\/quehacerpolitico.mx\/#website"},"primaryImageOfPage":{"@id":"https:\/\/quehacerpolitico.mx\/?p=81061#primaryimage"},"image":{"@id":"https:\/\/quehacerpolitico.mx\/?p=81061#primaryimage"},"thumbnailUrl":"https:\/\/quehacerpolitico.mx\/wp-content\/uploads\/2021\/05\/31FCAF1B-92F7-4A3A-97A0-2CCA52CA19E2.jpeg","datePublished":"2021-05-18T03:52:26+00:00","author":{"@id":"https:\/\/quehacerpolitico.mx\/#\/schema\/person\/496d8ad2d1d3f8036101dca7ee39e585"},"breadcrumb":{"@id":"https:\/\/quehacerpolitico.mx\/?p=81061#breadcrumb"},"inLanguage":"es","potentialAction":[{"@type":"ReadAction","target":["https:\/\/quehacerpolitico.mx\/?p=81061"]}]},{"@type":"ImageObject","inLanguage":"es","@id":"https:\/\/quehacerpolitico.mx\/?p=81061#primaryimage","url":"https:\/\/quehacerpolitico.mx\/wp-content\/uploads\/2021\/05\/31FCAF1B-92F7-4A3A-97A0-2CCA52CA19E2.jpeg","contentUrl":"https:\/\/quehacerpolitico.mx\/wp-content\/uploads\/2021\/05\/31FCAF1B-92F7-4A3A-97A0-2CCA52CA19E2.jpeg","width":728,"height":421},{"@type":"BreadcrumbList","@id":"https:\/\/quehacerpolitico.mx\/?p=81061#breadcrumb","itemListElement":[{"@type":"ListItem","position":1,"name":"Inicio","item":"https:\/\/quehacerpolitico.mx\/"},{"@type":"ListItem","position":2,"name":"Madre de Brandon, el ni\u00f1o fallecido en la L12 del Metro, denuncia a funcionarios y exfuncionarios de la CDMX"}]},{"@type":"WebSite","@id":"https:\/\/quehacerpolitico.mx\/#website","url":"https:\/\/quehacerpolitico.mx\/","name":"","description":"","potentialAction":[{"@type":"SearchAction","target":{"@type":"EntryPoint","urlTemplate":"https:\/\/quehacerpolitico.mx\/?s={search_term_string}"},"query-input":{"@type":"PropertyValueSpecification","valueRequired":true,"valueName":"search_term_string"}}],"inLanguage":"es"},{"@type":"Person","@id":"https:\/\/quehacerpolitico.mx\/#\/schema\/person\/496d8ad2d1d3f8036101dca7ee39e585","name":"Redacci\u00f3n QP","image":{"@type":"ImageObject","inLanguage":"es","@id":"https:\/\/secure.gravatar.com\/avatar\/c7164ed6fdec453195284ad24a5ae5b6e1eed2b848477fa2a4787ba9adf39a41?s=96&d=mm&r=g","url":"https:\/\/secure.gravatar.com\/avatar\/c7164ed6fdec453195284ad24a5ae5b6e1eed2b848477fa2a4787ba9adf39a41?s=96&d=mm&r=g","contentUrl":"https:\/\/secure.gravatar.com\/avatar\/c7164ed6fdec453195284ad24a5ae5b6e1eed2b848477fa2a4787ba9adf39a41?s=96&d=mm&r=g","caption":"Redacci\u00f3n QP"},"url":"https:\/\/quehacerpolitico.mx\/?author=2"}]}},"featured_image_urls":{"full":["https:\/\/quehacerpolitico.mx\/wp-content\/uploads\/2021\/05\/31FCAF1B-92F7-4A3A-97A0-2CCA52CA19E2.jpeg",728,421,false],"thumbnail":["https:\/\/quehacerpolitico.mx\/wp-content\/uploads\/2021\/05\/31FCAF1B-92F7-4A3A-97A0-2CCA52CA19E2-150x150.jpeg",150,150,true],"medium":["https:\/\/quehacerpolitico.mx\/wp-content\/uploads\/2021\/05\/31FCAF1B-92F7-4A3A-97A0-2CCA52CA19E2-300x173.jpeg",300,173,true],"medium_large":["https:\/\/quehacerpolitico.mx\/wp-content\/uploads\/2021\/05\/31FCAF1B-92F7-4A3A-97A0-2CCA52CA19E2.jpeg",640,370,false],"large":["https:\/\/quehacerpolitico.mx\/wp-content\/uploads\/2021\/05\/31FCAF1B-92F7-4A3A-97A0-2CCA52CA19E2.jpeg",640,370,false],"1536x1536":["https:\/\/quehacerpolitico.mx\/wp-content\/uploads\/2021\/05\/31FCAF1B-92F7-4A3A-97A0-2CCA52CA19E2.jpeg",728,421,false],"2048x2048":["https:\/\/quehacerpolitico.mx\/wp-content\/uploads\/2021\/05\/31FCAF1B-92F7-4A3A-97A0-2CCA52CA19E2.jpeg",728,421,false],"covernews-featured":["https:\/\/quehacerpolitico.mx\/wp-content\/uploads\/2021\/05\/31FCAF1B-92F7-4A3A-97A0-2CCA52CA19E2.jpeg",728,421,false],"covernews-medium":["https:\/\/quehacerpolitico.mx\/wp-content\/uploads\/2021\/05\/31FCAF1B-92F7-4A3A-97A0-2CCA52CA19E2.jpeg",540,312,false]},"author_info":{"display_name":"Redacci\u00f3n QP","author_link":"https:\/\/quehacerpolitico.mx\/?author=2"},"category_info":"<a href=\"https:\/\/quehacerpolitico.mx\/?cat=55\" rel=\"category\">CDMX<\/a>","tag_info":"CDMX","comment_count":"0","_links":{"self":[{"href":"https:\/\/quehacerpolitico.mx\/index.php?rest_route=\/wp\/v2\/posts\/81061","targetHints":{"allow":["GET"]}}],"collection":[{"href":"https:\/\/quehacerpolitico.mx\/index.php?rest_route=\/wp\/v2\/posts"}],"about":[{"href":"https:\/\/quehacerpolitico.mx\/index.php?rest_route=\/wp\/v2\/types\/post"}],"author":[{"embeddable":true,"href":"https:\/\/quehacerpolitico.mx\/index.php?rest_route=\/wp\/v2\/users\/2"}],"replies":[{"embeddable":true,"href":"https:\/\/quehacerpolitico.mx\/index.php?rest_route=%2Fwp%2Fv2%2Fcomments&post=81061"}],"version-history":[{"count":0,"href":"https:\/\/quehacerpolitico.mx\/index.php?rest_route=\/wp\/v2\/posts\/81061\/revisions"}],"wp:featuredmedia":[{"embeddable":true,"href":"https:\/\/quehacerpolitico.mx\/index.php?rest_route=\/wp\/v2\/media\/81065"}],"wp:attachment":[{"href":"https:\/\/quehacerpolitico.mx\/index.php?rest_route=%2Fwp%2Fv2%2Fmedia&parent=81061"}],"wp:term":[{"taxonomy":"category","embeddable":true,"href":"https:\/\/quehacerpolitico.mx\/index.php?rest_route=%2Fwp%2Fv2%2Fcategories&post=81061"},{"taxonomy":"post_tag","embeddable":true,"href":"https:\/\/quehacerpolitico.mx\/index.php?rest_route=%2Fwp%2Fv2%2Ftags&post=81061"}],"curies":[{"name":"wp","href":"https:\/\/api.w.org\/{rel}","templated":true}]}}