{"id":8105,"date":"2018-10-31T00:32:10","date_gmt":"2018-10-31T00:32:10","guid":{"rendered":"http:\/\/quehacerpolitico.mx\/defensores-de-la-tierra-exigen-que-retiren-ya-las-maquinas-que-escarban-pueblos-junto-al-naim\/"},"modified":"2018-10-31T00:32:10","modified_gmt":"2018-10-31T00:32:10","slug":"defensores-de-la-tierra-exigen-que-retiren-ya-las-maquinas-que-escarban-pueblos-junto-al-naim","status":"publish","type":"post","link":"https:\/\/quehacerpolitico.mx\/?p=8105","title":{"rendered":"Defensores de la tierra exigen que retiren ya las m\u00e1quinas que escarban pueblos junto al NAIM"},"content":{"rendered":"<h1>Defensores de la tierra exigen que retiren ya las m\u00e1quinas que escarban pueblos junto al NAIM<\/h1>\n<p>Por Redacci\u00f3n QP<\/p>\n<p>El Frente de Pueblos en Defensa de la Tierra de Atenco celebr\u00f3 la cancelaci\u00f3n del Nuevo Aeropuerto Internacional de M\u00e9xico (NAIM) en Texcoco, la cual, dijeron, es una victoria de los pueblos y no de un partido o un pol\u00edtico. Alertaron la \u201cvictoria\u201d se materializar\u00e1 cuando las maquinas salgan de los terrenos.<\/p>\n<blockquote>\n<p>\u201cEs gracias a la lucha incansable de los pueblos de la zona oriente, de la cuenca oriente, que hoy podemos hablar de un triunfo indiscutible de la vida. Definitivamente no es la victoria de un partido ni de un pol\u00edtico\u201d, dijeron pobladores de las comunidades cercanas a los terrenos del NAIM en una conferencia de prensa.<\/p>\n<p>\u201cLa contundente derrota nos llena de alegr\u00eda pues representa la concreci\u00f3n de una lucha de 17 a\u00f1os en la que los pueblos hemos pasado momentos muy dif\u00edciles de persecuci\u00f3n, desvelos, hambre. Fueron los pueblos los que anduvieron en este camino. Es un triunfo indiscutible de la vida, lo que el pueblo necesita de los gobiernos es valor y coraje para responderle de pie al pueblo\u201d, a\u00f1adieron.<\/p>\n<blockquote class=\"twitter-tweet\" data-width=\"550\" data-dnt=\"true\">\n<p lang=\"es\" dir=\"ltr\">.<a href=\"https:\/\/twitter.com\/todosvsNAICM?ref_src=twsrc%5Etfw\">@todosvsNAICM<\/a> y <a href=\"https:\/\/twitter.com\/AtencoFPDT?ref_src=twsrc%5Etfw\">@AtencoFPDT<\/a><br \/>exigen:<\/p>\n<p>\u2022 Cancelaci\u00f3n legal del <a href=\"https:\/\/twitter.com\/hashtag\/NAICM?src=hash&amp;ref_src=twsrc%5Etfw\">#NAICM<\/a><br \/>\u2022 Resarcimiento de da\u00f1o a afectados.<br \/>\u2022 Restauraci\u00f3n del Lago Nabor Carrillo.<br \/>\u2022 La reasignaci\u00f3n de las tierras despojadas a sus due\u00f1os.<br \/>\u2022 Clausura y sanci\u00f3n a mineras por el ecocidio.<a href=\"https:\/\/twitter.com\/hashtag\/YoPrefieroElLago?src=hash&amp;ref_src=twsrc%5Etfw\">#YoPrefieroElLago<\/a> <a href=\"https:\/\/t.co\/JpW9k7ay0T\">pic.twitter.com\/JpW9k7ay0T<\/a><\/p>\n<p>&mdash; Cencos (@cencos) <a href=\"https:\/\/twitter.com\/cencos\/status\/1057369873268047873?ref_src=twsrc%5Etfw\">October 30, 2018<\/a><\/p><\/blockquote>\n<p><script async src=\"https:\/\/platform.twitter.com\/widgets.js\" charset=\"utf-8\"><\/script><\/p>\n<p>Sin embargo alertaron que \u201cla lucha contra el aeropuerto en Texcoco no ha terminado a\u00fan\u201d, pues consideraron que \u201cla lucha por el rescate del lago apenas empieza\u201d.<\/p>\n<p>Alertaron que a\u00fan falta que la cancelaci\u00f3n se materialice, pues ayer el Presidente Enrique Pe\u00f1a Nieto anunci\u00f3 que las obras continuar\u00e1n hasta el final de su mandato, el pr\u00f3ximo 30 de noviembre.<\/p>\n<blockquote>\n<p>\u201cConocemos de sobra sus ma\u00f1as y no les tenemos la m\u00e1s m\u00ednima confianza. Pe\u00f1a Nieto anunci\u00f3 ya que no suspender\u00e1 las obras, ya los empresarios se preparan para la batalla legal, todav\u00eda falta la victoria por materializarse, no quitaremos el dedo del rengl\u00f3n hasta que se lleven sus maquinas y su basura\u201d, dijeron.<\/p>\n<p>\u201cExigimos la cancelaci\u00f3n legal e inmediata de las obras\u201d, a\u00f1adieron.<\/p>\n<p>Esta es la primera reacci\u00f3n del movimiento de Atenco luego de que el pasado domingo se anunci\u00f3 que en la Consulta Popular sobre el futuro del NAIM, el 69.5 por ciento de los mexicanos que participaron, alrededor de 747 mil, se pronunciaron por la opci\u00f3n de Santa Luc\u00eda. Y de que ayer, el Presidente electo informara que va a \u201cobedecer el mandato de los ciudadanos\u201d y que se construir\u00e1n dos pistas en el aeropuerto militar de Santa Luc\u00eda, con lo que qued\u00f3 cancelada la obra en Texcoco.<\/p>\n<p>El anuncio de la cancelaci\u00f3n de la obra del NAIM ha generado muchas reacciones en contra, en su mayor\u00eda de empresarios e instituciones financieras.<\/p>\n<p>Los primeros en salir ayer fueron las c\u00fapulas empresariales de M\u00e9xico, quienes dijeron que la decisi\u00f3n \u201cenv\u00eda un mensaje grave de incertidumbre a los mercados y a los inversionistas\u201d.<\/p>\n<p>Gustavo de Hoyos, presidente de la Confederaci\u00f3n Patronal de la Rep\u00fablica Mexicana (Coparmex), incluso asegur\u00f3 que con su decisi\u00f3n, el Presidente electo va contra los principios que prometi\u00f3 respetar: \u201cno robar, no mentir, no traicionar\u201d.<\/p>\n<p>Este martes, empresarios e instituciones bancarias exhortaron al Presidente electo a reconsiderar la cancelaci\u00f3n del NAIM, ya que con la decisi\u00f3n, dijeron, se dilapidan recursos que el pa\u00eds necesita y se socava la confianza de los empresarios.<\/p>\n<p>En respuesta, el futuro Canciller, Marcelo Ebrard, dijo que los constructores de Texcoco no perder\u00e1n y los invit\u00f3 a invertir en Santa Luc\u00eda. Tambi\u00e9n asegur\u00f3 que al menos 15 pa\u00edses han mostrado su inter\u00e9s de invertir en M\u00e9xico, ya que a futuro ven un crecimiento en la econom\u00eda nacional.<\/p>\n<\/blockquote>\n<\/blockquote>\n","protected":false},"excerpt":{"rendered":"<p>Defensores de la tierra exigen que retiren ya las m\u00e1quinas que escarban pueblos junto al NAIM<br \/>\nPor Redacci\u00f3n QP<\/p>\n","protected":false},"author":2,"featured_media":8104,"comment_status":"open","ping_status":"open","sticky":false,"template":"","format":"standard","meta":{"_monsterinsights_skip_tracking":false,"_monsterinsights_sitenote_active":false,"_monsterinsights_sitenote_note":"","_monsterinsights_sitenote_category":0,"footnotes":""},"categories":[2],"tags":[],"class_list":["post-8105","post","type-post","status-publish","format-standard","has-post-thumbnail","hentry","category-noticias"],"yoast_head":"<!-- This site is optimized with the Yoast SEO plugin v27.3 - https:\/\/yoast.com\/product\/yoast-seo-wordpress\/ -->\n<title>Defensores de la tierra exigen que retiren ya las m\u00e1quinas que escarban pueblos junto al NAIM -<\/title>\n<meta name=\"robots\" content=\"index, follow, max-snippet:-1, max-image-preview:large, max-video-preview:-1\" \/>\n<link rel=\"canonical\" href=\"https:\/\/quehacerpolitico.mx\/?p=8105\" \/>\n<meta property=\"og:locale\" content=\"es_MX\" \/>\n<meta property=\"og:type\" content=\"article\" \/>\n<meta property=\"og:title\" content=\"Defensores de la tierra exigen que retiren ya las m\u00e1quinas que escarban pueblos junto al NAIM -\" \/>\n<meta property=\"og:description\" content=\"Defensores de la tierra exigen que retiren ya las m\u00e1quinas que escarban pueblos junto al NAIM Por Redacci\u00f3n QP\" \/>\n<meta property=\"og:url\" content=\"https:\/\/quehacerpolitico.mx\/?p=8105\" \/>\n<meta property=\"article:published_time\" content=\"2018-10-31T00:32:10+00:00\" \/>\n<meta name=\"author\" content=\"Redacci\u00f3n QP\" \/>\n<meta name=\"twitter:card\" content=\"summary_large_image\" \/>\n<meta name=\"twitter:label1\" content=\"Escrito por\" \/>\n\t<meta name=\"twitter:data1\" content=\"Redacci\u00f3n QP\" \/>\n\t<meta name=\"twitter:label2\" content=\"Tiempo de lectura\" \/>\n\t<meta name=\"twitter:data2\" content=\"3 minutos\" \/>\n<script type=\"application\/ld+json\" class=\"yoast-schema-graph\">{\"@context\":\"https:\\\/\\\/schema.org\",\"@graph\":[{\"@type\":\"Article\",\"@id\":\"https:\\\/\\\/quehacerpolitico.mx\\\/?p=8105#article\",\"isPartOf\":{\"@id\":\"https:\\\/\\\/quehacerpolitico.mx\\\/?p=8105\"},\"author\":{\"name\":\"Redacci\u00f3n QP\",\"@id\":\"https:\\\/\\\/quehacerpolitico.mx\\\/#\\\/schema\\\/person\\\/496d8ad2d1d3f8036101dca7ee39e585\"},\"headline\":\"Defensores de la tierra exigen que retiren ya las m\u00e1quinas que escarban pueblos junto al NAIM\",\"datePublished\":\"2018-10-31T00:32:10+00:00\",\"mainEntityOfPage\":{\"@id\":\"https:\\\/\\\/quehacerpolitico.mx\\\/?p=8105\"},\"wordCount\":644,\"commentCount\":0,\"image\":{\"@id\":\"https:\\\/\\\/quehacerpolitico.mx\\\/?p=8105#primaryimage\"},\"thumbnailUrl\":\"\",\"articleSection\":[\"Noticias\"],\"inLanguage\":\"es\",\"potentialAction\":[{\"@type\":\"CommentAction\",\"name\":\"Comment\",\"target\":[\"https:\\\/\\\/quehacerpolitico.mx\\\/?p=8105#respond\"]}]},{\"@type\":\"WebPage\",\"@id\":\"https:\\\/\\\/quehacerpolitico.mx\\\/?p=8105\",\"url\":\"https:\\\/\\\/quehacerpolitico.mx\\\/?p=8105\",\"name\":\"Defensores de la tierra exigen que retiren ya las m\u00e1quinas que escarban pueblos junto al NAIM -\",\"isPartOf\":{\"@id\":\"https:\\\/\\\/quehacerpolitico.mx\\\/#website\"},\"primaryImageOfPage\":{\"@id\":\"https:\\\/\\\/quehacerpolitico.mx\\\/?p=8105#primaryimage\"},\"image\":{\"@id\":\"https:\\\/\\\/quehacerpolitico.mx\\\/?p=8105#primaryimage\"},\"thumbnailUrl\":\"\",\"datePublished\":\"2018-10-31T00:32:10+00:00\",\"author\":{\"@id\":\"https:\\\/\\\/quehacerpolitico.mx\\\/#\\\/schema\\\/person\\\/496d8ad2d1d3f8036101dca7ee39e585\"},\"breadcrumb\":{\"@id\":\"https:\\\/\\\/quehacerpolitico.mx\\\/?p=8105#breadcrumb\"},\"inLanguage\":\"es\",\"potentialAction\":[{\"@type\":\"ReadAction\",\"target\":[\"https:\\\/\\\/quehacerpolitico.mx\\\/?p=8105\"]}]},{\"@type\":\"ImageObject\",\"inLanguage\":\"es\",\"@id\":\"https:\\\/\\\/quehacerpolitico.mx\\\/?p=8105#primaryimage\",\"url\":\"\",\"contentUrl\":\"\"},{\"@type\":\"BreadcrumbList\",\"@id\":\"https:\\\/\\\/quehacerpolitico.mx\\\/?p=8105#breadcrumb\",\"itemListElement\":[{\"@type\":\"ListItem\",\"position\":1,\"name\":\"Inicio\",\"item\":\"https:\\\/\\\/quehacerpolitico.mx\\\/\"},{\"@type\":\"ListItem\",\"position\":2,\"name\":\"Defensores de la tierra exigen que retiren ya las m\u00e1quinas que escarban pueblos junto al NAIM\"}]},{\"@type\":\"WebSite\",\"@id\":\"https:\\\/\\\/quehacerpolitico.mx\\\/#website\",\"url\":\"https:\\\/\\\/quehacerpolitico.mx\\\/\",\"name\":\"\",\"description\":\"\",\"potentialAction\":[{\"@type\":\"SearchAction\",\"target\":{\"@type\":\"EntryPoint\",\"urlTemplate\":\"https:\\\/\\\/quehacerpolitico.mx\\\/?s={search_term_string}\"},\"query-input\":{\"@type\":\"PropertyValueSpecification\",\"valueRequired\":true,\"valueName\":\"search_term_string\"}}],\"inLanguage\":\"es\"},{\"@type\":\"Person\",\"@id\":\"https:\\\/\\\/quehacerpolitico.mx\\\/#\\\/schema\\\/person\\\/496d8ad2d1d3f8036101dca7ee39e585\",\"name\":\"Redacci\u00f3n QP\",\"image\":{\"@type\":\"ImageObject\",\"inLanguage\":\"es\",\"@id\":\"https:\\\/\\\/secure.gravatar.com\\\/avatar\\\/c7164ed6fdec453195284ad24a5ae5b6e1eed2b848477fa2a4787ba9adf39a41?s=96&d=mm&r=g\",\"url\":\"https:\\\/\\\/secure.gravatar.com\\\/avatar\\\/c7164ed6fdec453195284ad24a5ae5b6e1eed2b848477fa2a4787ba9adf39a41?s=96&d=mm&r=g\",\"contentUrl\":\"https:\\\/\\\/secure.gravatar.com\\\/avatar\\\/c7164ed6fdec453195284ad24a5ae5b6e1eed2b848477fa2a4787ba9adf39a41?s=96&d=mm&r=g\",\"caption\":\"Redacci\u00f3n QP\"},\"url\":\"https:\\\/\\\/quehacerpolitico.mx\\\/?author=2\"}]}<\/script>\n<!-- \/ Yoast SEO plugin. -->","yoast_head_json":{"title":"Defensores de la tierra exigen que retiren ya las m\u00e1quinas que escarban pueblos junto al NAIM -","robots":{"index":"index","follow":"follow","max-snippet":"max-snippet:-1","max-image-preview":"max-image-preview:large","max-video-preview":"max-video-preview:-1"},"canonical":"https:\/\/quehacerpolitico.mx\/?p=8105","og_locale":"es_MX","og_type":"article","og_title":"Defensores de la tierra exigen que retiren ya las m\u00e1quinas que escarban pueblos junto al NAIM -","og_description":"Defensores de la tierra exigen que retiren ya las m\u00e1quinas que escarban pueblos junto al NAIM Por Redacci\u00f3n QP","og_url":"https:\/\/quehacerpolitico.mx\/?p=8105","article_published_time":"2018-10-31T00:32:10+00:00","author":"Redacci\u00f3n QP","twitter_card":"summary_large_image","twitter_misc":{"Escrito por":"Redacci\u00f3n QP","Tiempo de lectura":"3 minutos"},"schema":{"@context":"https:\/\/schema.org","@graph":[{"@type":"Article","@id":"https:\/\/quehacerpolitico.mx\/?p=8105#article","isPartOf":{"@id":"https:\/\/quehacerpolitico.mx\/?p=8105"},"author":{"name":"Redacci\u00f3n QP","@id":"https:\/\/quehacerpolitico.mx\/#\/schema\/person\/496d8ad2d1d3f8036101dca7ee39e585"},"headline":"Defensores de la tierra exigen que retiren ya las m\u00e1quinas que escarban pueblos junto al NAIM","datePublished":"2018-10-31T00:32:10+00:00","mainEntityOfPage":{"@id":"https:\/\/quehacerpolitico.mx\/?p=8105"},"wordCount":644,"commentCount":0,"image":{"@id":"https:\/\/quehacerpolitico.mx\/?p=8105#primaryimage"},"thumbnailUrl":"","articleSection":["Noticias"],"inLanguage":"es","potentialAction":[{"@type":"CommentAction","name":"Comment","target":["https:\/\/quehacerpolitico.mx\/?p=8105#respond"]}]},{"@type":"WebPage","@id":"https:\/\/quehacerpolitico.mx\/?p=8105","url":"https:\/\/quehacerpolitico.mx\/?p=8105","name":"Defensores de la tierra exigen que retiren ya las m\u00e1quinas que escarban pueblos junto al NAIM -","isPartOf":{"@id":"https:\/\/quehacerpolitico.mx\/#website"},"primaryImageOfPage":{"@id":"https:\/\/quehacerpolitico.mx\/?p=8105#primaryimage"},"image":{"@id":"https:\/\/quehacerpolitico.mx\/?p=8105#primaryimage"},"thumbnailUrl":"","datePublished":"2018-10-31T00:32:10+00:00","author":{"@id":"https:\/\/quehacerpolitico.mx\/#\/schema\/person\/496d8ad2d1d3f8036101dca7ee39e585"},"breadcrumb":{"@id":"https:\/\/quehacerpolitico.mx\/?p=8105#breadcrumb"},"inLanguage":"es","potentialAction":[{"@type":"ReadAction","target":["https:\/\/quehacerpolitico.mx\/?p=8105"]}]},{"@type":"ImageObject","inLanguage":"es","@id":"https:\/\/quehacerpolitico.mx\/?p=8105#primaryimage","url":"","contentUrl":""},{"@type":"BreadcrumbList","@id":"https:\/\/quehacerpolitico.mx\/?p=8105#breadcrumb","itemListElement":[{"@type":"ListItem","position":1,"name":"Inicio","item":"https:\/\/quehacerpolitico.mx\/"},{"@type":"ListItem","position":2,"name":"Defensores de la tierra exigen que retiren ya las m\u00e1quinas que escarban pueblos junto al NAIM"}]},{"@type":"WebSite","@id":"https:\/\/quehacerpolitico.mx\/#website","url":"https:\/\/quehacerpolitico.mx\/","name":"","description":"","potentialAction":[{"@type":"SearchAction","target":{"@type":"EntryPoint","urlTemplate":"https:\/\/quehacerpolitico.mx\/?s={search_term_string}"},"query-input":{"@type":"PropertyValueSpecification","valueRequired":true,"valueName":"search_term_string"}}],"inLanguage":"es"},{"@type":"Person","@id":"https:\/\/quehacerpolitico.mx\/#\/schema\/person\/496d8ad2d1d3f8036101dca7ee39e585","name":"Redacci\u00f3n QP","image":{"@type":"ImageObject","inLanguage":"es","@id":"https:\/\/secure.gravatar.com\/avatar\/c7164ed6fdec453195284ad24a5ae5b6e1eed2b848477fa2a4787ba9adf39a41?s=96&d=mm&r=g","url":"https:\/\/secure.gravatar.com\/avatar\/c7164ed6fdec453195284ad24a5ae5b6e1eed2b848477fa2a4787ba9adf39a41?s=96&d=mm&r=g","contentUrl":"https:\/\/secure.gravatar.com\/avatar\/c7164ed6fdec453195284ad24a5ae5b6e1eed2b848477fa2a4787ba9adf39a41?s=96&d=mm&r=g","caption":"Redacci\u00f3n QP"},"url":"https:\/\/quehacerpolitico.mx\/?author=2"}]}},"featured_image_urls":{"full":"","thumbnail":"","medium":"","medium_large":"","large":"","1536x1536":"","2048x2048":"","covernews-featured":"","covernews-medium":""},"author_info":{"display_name":"Redacci\u00f3n QP","author_link":"https:\/\/quehacerpolitico.mx\/?author=2"},"category_info":"<a href=\"https:\/\/quehacerpolitico.mx\/?cat=2\" rel=\"category\">Noticias<\/a>","tag_info":"Noticias","comment_count":"0","_links":{"self":[{"href":"https:\/\/quehacerpolitico.mx\/index.php?rest_route=\/wp\/v2\/posts\/8105","targetHints":{"allow":["GET"]}}],"collection":[{"href":"https:\/\/quehacerpolitico.mx\/index.php?rest_route=\/wp\/v2\/posts"}],"about":[{"href":"https:\/\/quehacerpolitico.mx\/index.php?rest_route=\/wp\/v2\/types\/post"}],"author":[{"embeddable":true,"href":"https:\/\/quehacerpolitico.mx\/index.php?rest_route=\/wp\/v2\/users\/2"}],"replies":[{"embeddable":true,"href":"https:\/\/quehacerpolitico.mx\/index.php?rest_route=%2Fwp%2Fv2%2Fcomments&post=8105"}],"version-history":[{"count":0,"href":"https:\/\/quehacerpolitico.mx\/index.php?rest_route=\/wp\/v2\/posts\/8105\/revisions"}],"wp:featuredmedia":[{"embeddable":true,"href":"https:\/\/quehacerpolitico.mx\/index.php?rest_route=\/"}],"wp:attachment":[{"href":"https:\/\/quehacerpolitico.mx\/index.php?rest_route=%2Fwp%2Fv2%2Fmedia&parent=8105"}],"wp:term":[{"taxonomy":"category","embeddable":true,"href":"https:\/\/quehacerpolitico.mx\/index.php?rest_route=%2Fwp%2Fv2%2Fcategories&post=8105"},{"taxonomy":"post_tag","embeddable":true,"href":"https:\/\/quehacerpolitico.mx\/index.php?rest_route=%2Fwp%2Fv2%2Ftags&post=8105"}],"curies":[{"name":"wp","href":"https:\/\/api.w.org\/{rel}","templated":true}]}}