{"id":8093,"date":"2018-10-30T18:03:52","date_gmt":"2018-10-30T18:03:52","guid":{"rendered":"http:\/\/quehacerpolitico.mx\/amlo-querian-los-terrenos-del-actual-aeropuerto-y-por-eso-el-escandalo-no-voy-a-ser-florero\/"},"modified":"2018-10-30T18:03:52","modified_gmt":"2018-10-30T18:03:52","slug":"amlo-querian-los-terrenos-del-actual-aeropuerto-y-por-eso-el-escandalo-no-voy-a-ser-florero","status":"publish","type":"post","link":"https:\/\/quehacerpolitico.mx\/?p=8093","title":{"rendered":"AMLO: \u201cQuer\u00edan los terrenos del actual aeropuerto, y por eso el esc\u00e1ndalo. No voy a ser florero\u201d"},"content":{"rendered":"<h1>AMLO: \u201cQuer\u00edan los terrenos del actual aeropuerto, y por eso el esc\u00e1ndalo. No voy a ser florero\u201d<\/h1>\n<p>Por Nancy Leticia Herrera Guerrero<\/p>\n<p>El Presidente electo de M\u00e9xico, <strong>Andr\u00e9s Manuel L\u00f3pez Obrador<\/strong>, denunci\u00f3 hoy que todo el \u201c<strong>esc\u00e1ndalo<\/strong>\u201d hecho por la cancelaci\u00f3n del Nuevo Aeropuerto Internacional de M\u00e9xico (<strong>NAIM<\/strong>) fue porque \u201cya ten\u00edan pensado hacer una especie de Santa Fe en las 600 hect\u00e1reas del actual <strong>aeropuerto<\/strong>\u201d.<\/p>\n<p>Tambi\u00e9n advirti\u00f3 que se apost\u00f3 a generar inestabilidad financiera luego del anuncio de la cancelaci\u00f3n, pero que fracasaron.<\/p>\n<blockquote>\n<p>\u201cY hay que notificarles a algunos que ya es otro M\u00e9xico, y que yo no voy a ser florero. No estoy de adorno. Yo traigo un mandato. Quieren los mexicanos que se destierre la impunidad, la corrupci\u00f3n. Y me canso ganso que vamos a acabar con la corrupci\u00f3n\u201d, se\u00f1al\u00f3.<\/p>\n<p>\u201cCu\u00e1nto esc\u00e1ndalo, cu\u00e1nta rufia, cu\u00e1nto ruido por lo de la Consulta sobre el Aeropuerto. Es una campa\u00f1a orquestada por los que se sienten afectados. Hemos dicho una y mil veces que vamos a garantizar las inversiones, los contratos; que no hay nada qu\u00e9 tener\u201d, dijo L\u00f3pez Obrador en un video que difundi\u00f3 en sus redes sociales.<\/p>\n<p>\u201cPero esto va m\u00e1s all\u00e1 de un negocio legal, leg\u00edtimo, cuidar las inversiones, el que se respete el Estado de Derecho. Esto tiene que ver con negocios que se proyectaron hacia el futuro. Ahora puedo decirlo, durante la Consulta no pod\u00eda hablar. Ten\u00eda que actuar con imparcialidad\u201d, agreg\u00f3.<\/p>\n<\/blockquote>\n<p>\u201cEn el fondo, lo que estaba de por medio en la construcci\u00f3n del Aeropuerto de Texcoco era quedarse con los terrenos del actual aeropuerto. Llegu\u00e9 ver hasta el anteproyecto. Ya ten\u00edan pensado hacer una especie de Santa Fe en las 600 hect\u00e1reas del actual aeropuerto. Yo entiendo que est\u00e9n molestos porque ya no van a poder hacer estos negocios\u201d, se\u00f1al\u00f3 el Presidente electo.<\/p>\n<p>El pasado domingo se anunci\u00f3 que en la Consulta Popular sobre el futuro del NAIM, el 69.5 por ciento de los mexicanos que participaron, alrededor de 747 mil, se pronunciaron por la opci\u00f3n de Santa Luc\u00eda. Ayer, el Presidente electo inform\u00f3 que\u00a0va a \u201cobedecer el mandato de los ciudadanos\u201d y que se construir\u00e1n dos pistas en el aeropuerto militar de Santa Luc\u00eda, con lo que qued\u00f3 cancelada la obra en Texcoco.<\/p>\n<p>El anuncio gener\u00f3 fuertes presiones al alza para el tipo de cambio. Hoy, el peso inici\u00f3 la sesi\u00f3n con una ligera apreciaci\u00f3n, tras una jornada en la que tuvo su peor desempe\u00f1o desde noviembre de 2016, cuando Donald Trump gan\u00f3 las elecciones presidenciales de Estados Unidos. Seg\u00fan el sitio Investing.com, el d\u00f3lar interbancario se cotiza en 19.9772, un 0.43 por ciento u 8.57 centavos menos que el cierre de la sesi\u00f3n anterior.<\/p>\n<div id=\"attachment_3491069\" class=\"wp-caption alignnone\"><img loading=\"lazy\" decoding=\"async\" class=\"size-full wp-image-3491069\" src=\"https:\/\/www.sinembargo.mx\/wp-content\/uploads\/2018\/10\/amlo-mensaje.jpg\" sizes=\"auto, (max-width: 700px) 100vw, 700px\" srcset=\"https:\/\/www.sinembargo.mx\/wp-content\/uploads\/2018\/10\/amlo-mensaje.jpg 700w, https:\/\/www.sinembargo.mx\/wp-content\/uploads\/2018\/10\/amlo-mensaje-280x300.jpg 280w\" alt=\"\" width=\"700\" height=\"749\" \/><\/p>\n<p class=\"wp-caption-text\">El Presidente electo durante un mensaje difundo esta ma\u00f1ana. Foto: Captura de pantalla<\/p>\n<\/div>\n<p>Mientras,\u00a0el \u00cdndice de Precios y Cotizaciones (IPC) de la Bolsa Mexicana de Valores (BMV) inici\u00f3 la jornada con una p\u00e9rdida de 278.18 puntos, un 0.63 por ciento menos que la sesi\u00f3n de ayer, con lo cual el indicador se ubica en las 43 mil 600.95 unidades.<\/p>\n<p>L\u00f3pez Obrador dijo en un mensaje esta ma\u00f1ana que \u201cafortunadamente los inversionistas y los mercados en abstracto actuaron con inteligencia, con informaci\u00f3n, con responsabilidad. Y a pesar del esc\u00e1ndalo, de la bulla, de los ataques no pudieron generar inestabilidad. Apostaron a eso. Hubo un deslizamiento del peso, por decirlo de manera eufem\u00edstica, no una devaluaci\u00f3n. Pero ya se va a recuperar\u201d.<\/p>\n<blockquote>\n<p>\u201cAdem\u00e1s se gana much\u00edsimo. Se evita la corrupci\u00f3n. La corrupci\u00f3n es el principal problema de M\u00e9xico. Y eso ya debe considerarse como el objetivo: eliminar, de parte de nuestro gobierno, la corrupci\u00f3n. Cero corrupci\u00f3n, cero impunidad. No va a haber inter\u00e9s personal o de grupo, por poderoso que sea, que haga negocios al amparo del poder p\u00fablico con el dinero de los mexicanos\u201d, se\u00f1al\u00f3.<\/p>\n<p>\u201cOjal\u00e1 se vayan adaptando a la nueva realidad\u201d, se\u00f1al\u00f3. \u201cNo vamos a cometer ninguna injusticia: inversionistas, contratistas: todos van a ser atendidos y se les va a garantizar que sus obras puedan realizarse s\u00f3lo que ya o en Texcoco. Vamos a llegar a un acuerdo\u201d.<\/p>\n<blockquote>\n<p>\u201cSer\u00e9nense. Ya se llev\u00f3 a cabo un cambio en el pa\u00eds. Y hay que notificarles a algunos que ya es otro M\u00e9xico, y que yo no voy a ser florero. No estoy de adorno. Yo traigo un mandato. Quieren los mexicanos que se destierre la impunidad, la corrupci\u00f3n. Y me canso ganso que vamos a acabar con la corrupci\u00f3n\u201d, concluy\u00f3.<\/p>\n<\/blockquote>\n<p>Este lunes, el Presidente Enrique Pe\u00f1a Nieto dijo que la obra en Texcoco continuar\u00e1 hasta el \u00faltimo d\u00eda de su mandato, el 30 de noviembre, informaci\u00f3n que confirm\u00f3 el Grupo Aeroportuario de la Ciudad de M\u00e9xico (GACM), consorcio a cargo del proyecto.<\/p>\n<p>Pe\u00f1a Nieto tambi\u00e9n advirti\u00f3 que con su decisi\u00f3n el pr\u00f3ximo Gobierno tendr\u00eda que enfrentar costos que no podr\u00e1n cubrirse s\u00f3lo con la\u00a0 Tarifa de Uso Aeroportuario, pero dijo que respetaba la decisi\u00f3n del mandatario electo.<\/p>\n<p>Tras el anuncio de la cancelaci\u00f3n del NAIM en Texcoco se comenzaron a acumular las reacciones de rechazo a esta decisi\u00f3n. Los primeros en salir ayer fueron las c\u00fapulas empresariales de M\u00e9xico, quienes dijeron que la decisi\u00f3n \u201cenv\u00eda un mensaje grave de incertidumbre a los mercados y a los inversionistas\u201d.<\/p>\n<p>\u201cQueremos hacer p\u00fablica nuestra posici\u00f3n. La decisi\u00f3n del Presidente electo de cancelar la obra del NAIM en Texcoco e iniciar los estudios para construir en Santa Luc\u00eda env\u00eda un mensaje grave de incertidumbre a los mercados, inversionistas y a todo los mexicanos\u201d, dijo esta tarde Juan Pablo Casta\u00f1\u00f3n Casta\u00f1\u00f3n, presidente del Consejo Coordinador Empresarial (CCE).<\/p>\n<p>Gustavo de Hoyos, presidente de la Confederaci\u00f3n Patronal de la Rep\u00fablica Mexicana (Coparmex), asegur\u00f3 que con su decisi\u00f3n, el Presidente electo va contra los principios que prometi\u00f3 respetar.<\/p>\n<p>\u201cEsta decisi\u00f3n es contraria a los tres postulados \u00e9ticos postulados por el Presidente electo: no robar, no mentir, no traicionar\u201d, dijo.<\/p>\n<\/blockquote>\n","protected":false},"excerpt":{"rendered":"<p>AMLO: \u201cQuer\u00edan los terrenos del actual aeropuerto, y por eso el esc\u00e1ndalo. No voy a ser florero\u201d<br \/>\nPor Nancy Leticia Herrera Guerrero<\/p>\n","protected":false},"author":2,"featured_media":8092,"comment_status":"open","ping_status":"open","sticky":false,"template":"","format":"standard","meta":{"_monsterinsights_skip_tracking":false,"_monsterinsights_sitenote_active":false,"_monsterinsights_sitenote_note":"","_monsterinsights_sitenote_category":0,"footnotes":""},"categories":[2],"tags":[],"class_list":["post-8093","post","type-post","status-publish","format-standard","has-post-thumbnail","hentry","category-noticias"],"yoast_head":"<!-- This site is optimized with the Yoast SEO plugin v27.3 - https:\/\/yoast.com\/product\/yoast-seo-wordpress\/ -->\n<title>AMLO: \u201cQuer\u00edan los terrenos del actual aeropuerto, y por eso el esc\u00e1ndalo. No voy a ser florero\u201d -<\/title>\n<meta name=\"robots\" content=\"index, follow, max-snippet:-1, max-image-preview:large, max-video-preview:-1\" \/>\n<link rel=\"canonical\" href=\"https:\/\/quehacerpolitico.mx\/?p=8093\" \/>\n<meta property=\"og:locale\" content=\"es_MX\" \/>\n<meta property=\"og:type\" content=\"article\" \/>\n<meta property=\"og:title\" content=\"AMLO: \u201cQuer\u00edan los terrenos del actual aeropuerto, y por eso el esc\u00e1ndalo. No voy a ser florero\u201d -\" \/>\n<meta property=\"og:description\" content=\"AMLO: \u201cQuer\u00edan los terrenos del actual aeropuerto, y por eso el esc\u00e1ndalo. No voy a ser florero\u201d Por Nancy Leticia Herrera Guerrero\" \/>\n<meta property=\"og:url\" content=\"https:\/\/quehacerpolitico.mx\/?p=8093\" \/>\n<meta property=\"article:published_time\" content=\"2018-10-30T18:03:52+00:00\" \/>\n<meta name=\"author\" content=\"Redacci\u00f3n QP\" \/>\n<meta name=\"twitter:card\" content=\"summary_large_image\" \/>\n<meta name=\"twitter:label1\" content=\"Escrito por\" \/>\n\t<meta name=\"twitter:data1\" content=\"Redacci\u00f3n QP\" \/>\n\t<meta name=\"twitter:label2\" content=\"Tiempo de lectura\" \/>\n\t<meta name=\"twitter:data2\" content=\"5 minutos\" \/>\n<script type=\"application\/ld+json\" class=\"yoast-schema-graph\">{\"@context\":\"https:\\\/\\\/schema.org\",\"@graph\":[{\"@type\":\"Article\",\"@id\":\"https:\\\/\\\/quehacerpolitico.mx\\\/?p=8093#article\",\"isPartOf\":{\"@id\":\"https:\\\/\\\/quehacerpolitico.mx\\\/?p=8093\"},\"author\":{\"name\":\"Redacci\u00f3n QP\",\"@id\":\"https:\\\/\\\/quehacerpolitico.mx\\\/#\\\/schema\\\/person\\\/496d8ad2d1d3f8036101dca7ee39e585\"},\"headline\":\"AMLO: \u201cQuer\u00edan los terrenos del actual aeropuerto, y por eso el esc\u00e1ndalo. No voy a ser florero\u201d\",\"datePublished\":\"2018-10-30T18:03:52+00:00\",\"mainEntityOfPage\":{\"@id\":\"https:\\\/\\\/quehacerpolitico.mx\\\/?p=8093\"},\"wordCount\":1068,\"commentCount\":0,\"image\":{\"@id\":\"https:\\\/\\\/quehacerpolitico.mx\\\/?p=8093#primaryimage\"},\"thumbnailUrl\":\"\",\"articleSection\":[\"Noticias\"],\"inLanguage\":\"es\",\"potentialAction\":[{\"@type\":\"CommentAction\",\"name\":\"Comment\",\"target\":[\"https:\\\/\\\/quehacerpolitico.mx\\\/?p=8093#respond\"]}]},{\"@type\":\"WebPage\",\"@id\":\"https:\\\/\\\/quehacerpolitico.mx\\\/?p=8093\",\"url\":\"https:\\\/\\\/quehacerpolitico.mx\\\/?p=8093\",\"name\":\"AMLO: \u201cQuer\u00edan los terrenos del actual aeropuerto, y por eso el esc\u00e1ndalo. No voy a ser florero\u201d -\",\"isPartOf\":{\"@id\":\"https:\\\/\\\/quehacerpolitico.mx\\\/#website\"},\"primaryImageOfPage\":{\"@id\":\"https:\\\/\\\/quehacerpolitico.mx\\\/?p=8093#primaryimage\"},\"image\":{\"@id\":\"https:\\\/\\\/quehacerpolitico.mx\\\/?p=8093#primaryimage\"},\"thumbnailUrl\":\"\",\"datePublished\":\"2018-10-30T18:03:52+00:00\",\"author\":{\"@id\":\"https:\\\/\\\/quehacerpolitico.mx\\\/#\\\/schema\\\/person\\\/496d8ad2d1d3f8036101dca7ee39e585\"},\"breadcrumb\":{\"@id\":\"https:\\\/\\\/quehacerpolitico.mx\\\/?p=8093#breadcrumb\"},\"inLanguage\":\"es\",\"potentialAction\":[{\"@type\":\"ReadAction\",\"target\":[\"https:\\\/\\\/quehacerpolitico.mx\\\/?p=8093\"]}]},{\"@type\":\"ImageObject\",\"inLanguage\":\"es\",\"@id\":\"https:\\\/\\\/quehacerpolitico.mx\\\/?p=8093#primaryimage\",\"url\":\"\",\"contentUrl\":\"\"},{\"@type\":\"BreadcrumbList\",\"@id\":\"https:\\\/\\\/quehacerpolitico.mx\\\/?p=8093#breadcrumb\",\"itemListElement\":[{\"@type\":\"ListItem\",\"position\":1,\"name\":\"Inicio\",\"item\":\"https:\\\/\\\/quehacerpolitico.mx\\\/\"},{\"@type\":\"ListItem\",\"position\":2,\"name\":\"AMLO: \u201cQuer\u00edan los terrenos del actual aeropuerto, y por eso el esc\u00e1ndalo. No voy a ser florero\u201d\"}]},{\"@type\":\"WebSite\",\"@id\":\"https:\\\/\\\/quehacerpolitico.mx\\\/#website\",\"url\":\"https:\\\/\\\/quehacerpolitico.mx\\\/\",\"name\":\"\",\"description\":\"\",\"potentialAction\":[{\"@type\":\"SearchAction\",\"target\":{\"@type\":\"EntryPoint\",\"urlTemplate\":\"https:\\\/\\\/quehacerpolitico.mx\\\/?s={search_term_string}\"},\"query-input\":{\"@type\":\"PropertyValueSpecification\",\"valueRequired\":true,\"valueName\":\"search_term_string\"}}],\"inLanguage\":\"es\"},{\"@type\":\"Person\",\"@id\":\"https:\\\/\\\/quehacerpolitico.mx\\\/#\\\/schema\\\/person\\\/496d8ad2d1d3f8036101dca7ee39e585\",\"name\":\"Redacci\u00f3n QP\",\"image\":{\"@type\":\"ImageObject\",\"inLanguage\":\"es\",\"@id\":\"https:\\\/\\\/secure.gravatar.com\\\/avatar\\\/c7164ed6fdec453195284ad24a5ae5b6e1eed2b848477fa2a4787ba9adf39a41?s=96&d=mm&r=g\",\"url\":\"https:\\\/\\\/secure.gravatar.com\\\/avatar\\\/c7164ed6fdec453195284ad24a5ae5b6e1eed2b848477fa2a4787ba9adf39a41?s=96&d=mm&r=g\",\"contentUrl\":\"https:\\\/\\\/secure.gravatar.com\\\/avatar\\\/c7164ed6fdec453195284ad24a5ae5b6e1eed2b848477fa2a4787ba9adf39a41?s=96&d=mm&r=g\",\"caption\":\"Redacci\u00f3n QP\"},\"url\":\"https:\\\/\\\/quehacerpolitico.mx\\\/?author=2\"}]}<\/script>\n<!-- \/ Yoast SEO plugin. -->","yoast_head_json":{"title":"AMLO: \u201cQuer\u00edan los terrenos del actual aeropuerto, y por eso el esc\u00e1ndalo. No voy a ser florero\u201d -","robots":{"index":"index","follow":"follow","max-snippet":"max-snippet:-1","max-image-preview":"max-image-preview:large","max-video-preview":"max-video-preview:-1"},"canonical":"https:\/\/quehacerpolitico.mx\/?p=8093","og_locale":"es_MX","og_type":"article","og_title":"AMLO: \u201cQuer\u00edan los terrenos del actual aeropuerto, y por eso el esc\u00e1ndalo. No voy a ser florero\u201d -","og_description":"AMLO: \u201cQuer\u00edan los terrenos del actual aeropuerto, y por eso el esc\u00e1ndalo. No voy a ser florero\u201d Por Nancy Leticia Herrera Guerrero","og_url":"https:\/\/quehacerpolitico.mx\/?p=8093","article_published_time":"2018-10-30T18:03:52+00:00","author":"Redacci\u00f3n QP","twitter_card":"summary_large_image","twitter_misc":{"Escrito por":"Redacci\u00f3n QP","Tiempo de lectura":"5 minutos"},"schema":{"@context":"https:\/\/schema.org","@graph":[{"@type":"Article","@id":"https:\/\/quehacerpolitico.mx\/?p=8093#article","isPartOf":{"@id":"https:\/\/quehacerpolitico.mx\/?p=8093"},"author":{"name":"Redacci\u00f3n QP","@id":"https:\/\/quehacerpolitico.mx\/#\/schema\/person\/496d8ad2d1d3f8036101dca7ee39e585"},"headline":"AMLO: \u201cQuer\u00edan los terrenos del actual aeropuerto, y por eso el esc\u00e1ndalo. No voy a ser florero\u201d","datePublished":"2018-10-30T18:03:52+00:00","mainEntityOfPage":{"@id":"https:\/\/quehacerpolitico.mx\/?p=8093"},"wordCount":1068,"commentCount":0,"image":{"@id":"https:\/\/quehacerpolitico.mx\/?p=8093#primaryimage"},"thumbnailUrl":"","articleSection":["Noticias"],"inLanguage":"es","potentialAction":[{"@type":"CommentAction","name":"Comment","target":["https:\/\/quehacerpolitico.mx\/?p=8093#respond"]}]},{"@type":"WebPage","@id":"https:\/\/quehacerpolitico.mx\/?p=8093","url":"https:\/\/quehacerpolitico.mx\/?p=8093","name":"AMLO: \u201cQuer\u00edan los terrenos del actual aeropuerto, y por eso el esc\u00e1ndalo. No voy a ser florero\u201d -","isPartOf":{"@id":"https:\/\/quehacerpolitico.mx\/#website"},"primaryImageOfPage":{"@id":"https:\/\/quehacerpolitico.mx\/?p=8093#primaryimage"},"image":{"@id":"https:\/\/quehacerpolitico.mx\/?p=8093#primaryimage"},"thumbnailUrl":"","datePublished":"2018-10-30T18:03:52+00:00","author":{"@id":"https:\/\/quehacerpolitico.mx\/#\/schema\/person\/496d8ad2d1d3f8036101dca7ee39e585"},"breadcrumb":{"@id":"https:\/\/quehacerpolitico.mx\/?p=8093#breadcrumb"},"inLanguage":"es","potentialAction":[{"@type":"ReadAction","target":["https:\/\/quehacerpolitico.mx\/?p=8093"]}]},{"@type":"ImageObject","inLanguage":"es","@id":"https:\/\/quehacerpolitico.mx\/?p=8093#primaryimage","url":"","contentUrl":""},{"@type":"BreadcrumbList","@id":"https:\/\/quehacerpolitico.mx\/?p=8093#breadcrumb","itemListElement":[{"@type":"ListItem","position":1,"name":"Inicio","item":"https:\/\/quehacerpolitico.mx\/"},{"@type":"ListItem","position":2,"name":"AMLO: \u201cQuer\u00edan los terrenos del actual aeropuerto, y por eso el esc\u00e1ndalo. No voy a ser florero\u201d"}]},{"@type":"WebSite","@id":"https:\/\/quehacerpolitico.mx\/#website","url":"https:\/\/quehacerpolitico.mx\/","name":"","description":"","potentialAction":[{"@type":"SearchAction","target":{"@type":"EntryPoint","urlTemplate":"https:\/\/quehacerpolitico.mx\/?s={search_term_string}"},"query-input":{"@type":"PropertyValueSpecification","valueRequired":true,"valueName":"search_term_string"}}],"inLanguage":"es"},{"@type":"Person","@id":"https:\/\/quehacerpolitico.mx\/#\/schema\/person\/496d8ad2d1d3f8036101dca7ee39e585","name":"Redacci\u00f3n QP","image":{"@type":"ImageObject","inLanguage":"es","@id":"https:\/\/secure.gravatar.com\/avatar\/c7164ed6fdec453195284ad24a5ae5b6e1eed2b848477fa2a4787ba9adf39a41?s=96&d=mm&r=g","url":"https:\/\/secure.gravatar.com\/avatar\/c7164ed6fdec453195284ad24a5ae5b6e1eed2b848477fa2a4787ba9adf39a41?s=96&d=mm&r=g","contentUrl":"https:\/\/secure.gravatar.com\/avatar\/c7164ed6fdec453195284ad24a5ae5b6e1eed2b848477fa2a4787ba9adf39a41?s=96&d=mm&r=g","caption":"Redacci\u00f3n QP"},"url":"https:\/\/quehacerpolitico.mx\/?author=2"}]}},"featured_image_urls":{"full":"","thumbnail":"","medium":"","medium_large":"","large":"","1536x1536":"","2048x2048":"","covernews-featured":"","covernews-medium":""},"author_info":{"display_name":"Redacci\u00f3n QP","author_link":"https:\/\/quehacerpolitico.mx\/?author=2"},"category_info":"<a href=\"https:\/\/quehacerpolitico.mx\/?cat=2\" rel=\"category\">Noticias<\/a>","tag_info":"Noticias","comment_count":"0","_links":{"self":[{"href":"https:\/\/quehacerpolitico.mx\/index.php?rest_route=\/wp\/v2\/posts\/8093","targetHints":{"allow":["GET"]}}],"collection":[{"href":"https:\/\/quehacerpolitico.mx\/index.php?rest_route=\/wp\/v2\/posts"}],"about":[{"href":"https:\/\/quehacerpolitico.mx\/index.php?rest_route=\/wp\/v2\/types\/post"}],"author":[{"embeddable":true,"href":"https:\/\/quehacerpolitico.mx\/index.php?rest_route=\/wp\/v2\/users\/2"}],"replies":[{"embeddable":true,"href":"https:\/\/quehacerpolitico.mx\/index.php?rest_route=%2Fwp%2Fv2%2Fcomments&post=8093"}],"version-history":[{"count":0,"href":"https:\/\/quehacerpolitico.mx\/index.php?rest_route=\/wp\/v2\/posts\/8093\/revisions"}],"wp:featuredmedia":[{"embeddable":true,"href":"https:\/\/quehacerpolitico.mx\/index.php?rest_route=\/"}],"wp:attachment":[{"href":"https:\/\/quehacerpolitico.mx\/index.php?rest_route=%2Fwp%2Fv2%2Fmedia&parent=8093"}],"wp:term":[{"taxonomy":"category","embeddable":true,"href":"https:\/\/quehacerpolitico.mx\/index.php?rest_route=%2Fwp%2Fv2%2Fcategories&post=8093"},{"taxonomy":"post_tag","embeddable":true,"href":"https:\/\/quehacerpolitico.mx\/index.php?rest_route=%2Fwp%2Fv2%2Ftags&post=8093"}],"curies":[{"name":"wp","href":"https:\/\/api.w.org\/{rel}","templated":true}]}}