{"id":80898,"date":"2021-05-14T00:23:41","date_gmt":"2021-05-14T00:23:41","guid":{"rendered":"https:\/\/quehacerpolitico.mx\/?p=80898"},"modified":"2021-05-14T00:23:41","modified_gmt":"2021-05-14T00:23:41","slug":"campesinos-indigenas-suspenden-obras-del-tren-transistmico-en-oaxaca","status":"publish","type":"post","link":"https:\/\/quehacerpolitico.mx\/?p=80898","title":{"rendered":"Campesinos ind\u00edgenas suspenden obras del Tren Trans\u00edstmico en Oaxaca"},"content":{"rendered":"<h1 class=\"news-title\">Campesinos ind\u00edgenas suspenden obras del Tren Trans\u00edstmico en Oaxaca<br \/>\nPor Redacci\u00f3n QP<\/h1>\n<p>Miembros del ejido Mogo\u00f1\u00e9 Viejo exigen desde el a\u00f1o pasado que las autoridades informen sobre los impactos al medio ambiente por las obras<\/p>\n<div class=\"news-media-bbd\">\n<figure><img loading=\"lazy\" decoding=\"async\" class=\"webfeedsFeaturedVisual\" src=\"https:\/\/www.informador.mx\/__export\/1620941400134\/sites\/elinformador\/img\/2021\/05\/13\/tren_crop1620941399346.jpg_788543494.jpg\" alt=\"Decenas de campesinos de El Zarzal, Paso Real y Palomares se solidarizaron con Mogo\u00f1\u00e9 Viejo trs conocer la manifestaci\u00f3n. SUN\/ARCHIVO\" width=\"355\" height=\"223\" \/><figcaption class=\"swiper-caption\">Decenas de campesinos de El Zarzal, Paso Real y Palomares se solidarizaron con Mogo\u00f1\u00e9 Viejo trs conocer la manifestaci\u00f3n. SUN\/ARCHIVO<\/p>\n<\/figcaption><\/figure>\n<\/div>\n<div class=\"news-body row\">\n<div id=\"div-pos-2\">M\u00e1s de 100 campesinos del ejido Mogo\u00f1\u00e9 Viejo, que pertenece al municipio ind\u00edgena mixe de San Juan Guichicovi, suspendieron este jueves los trabajos de rehabilitaci\u00f3n del Tren Trans\u00edstmico en el tramo que atraviesa sus tierras, en la zona norte del Istmo de Tehuantepec<\/div>\n<div id=\"div-pos-2\">Un par de horas m\u00e1s tarde, los ejidatarios retuvieron una camioneta que trasladaba personal de la constructora La Peninsular y durmientes nuevos de concreto que se est\u00e1n utilizando a lo largo de los 202 kil\u00f3metros de la ruta trans\u00edstmica para sustituir los de madera.<\/div>\n<p>Los campesinos del ejido Mogo\u00f1\u00e9 Viejo exigen desde el a\u00f1o pasado que las autoridades de la empresa estatal Ferrocarril del Istmo de Tehuantepec (FIT) y del Corredor Interoce\u00e1nico del Istmo de Tehuantepec (CIIT), <strong>informen sobre los impactos al medio ambiente por las obras.<\/strong><\/p>\n<p>En junio de 2020, en asamblea general los ejidatarios de Mogo\u00f1\u00e9 Viejo <strong>acordaron impedir los trabajos de topograf\u00eda y cambio de rieles y durmientes en el tramo de 56 kil\u00f3metros de Mogo\u00f1\u00e9 a Nuevo Ubero<\/strong>, a cargo de la compa\u00f1\u00eda La Peninsular, propiedad de Carlos Hank Rhon.<\/p>\n<p>En medio de las v\u00edas del Tren Trans\u00edstmico, que se moderniza como parte del Programa para el Desarrollo del Istmo de Tehuantepec para transportar mercanc\u00eda de Salina Cruz, Oaxaca a Coatzacoalcos, Veracruz, llegaron campesinos de otras comunidades mixes de San Juan Guichicovi.<\/p>\n<p>Mediante un comunicado, el asesor de la Uni\u00f3n de Comunidades Indigenas\u00a0de la Zona Norte del Istmo (Ucizoni), Carlos Beas Torres, dijo que tras conocerse la nueva resistencia contra el FIT, decenas de campesinos de El Zarzal, Paso Real y Palomares, se solidarizaron con Mogo\u00f1\u00e9 Viejo.<\/p>\n<p>Poco despu\u00e9s del medio d\u00eda se sumaron comisiones de los ejidos Nuevo Progreso Palomares, de Mat\u00edas Romero; Encinal Colorado, de Guichicovi y de la Res de Resistencia Civil. La Ucizoni tambi\u00e9n se solidariz\u00f3 con los campesinos del barrio de Santa Cruz Tagolaba, perteneciente al municipio de Tehuantepec, que mantienen desde ayer un bloqueo sobre la carretera panamericana impidiendo el paso hacia la capital oaxaque\u00f1a desde el Istmo.<\/p>\n<p>Los comuneros de Tagolaba, dijo Beas Torres, protestan porque el FIT amenaza con desalojar a colonos que viven cerca de las v\u00edas del Tren Trans\u00edstmico. &#8220;Hay muchas inconformidades contra la modernizaci\u00f3n del ferrocarril que corre de Salina Cruz a Coatzacoalcos&#8221;, aseguraron.<\/p>\n<p>Con informaci\u00f3n de SUN<\/p>\n<\/div>\n","protected":false},"excerpt":{"rendered":"<p>Campesinos ind\u00edgenas suspenden obras del Tren Trans\u00edstmico en Oaxaca Por Redacci\u00f3n QP Miembros del ejido&#8230;<\/p>\n","protected":false},"author":2,"featured_media":80901,"comment_status":"open","ping_status":"open","sticky":false,"template":"","format":"standard","meta":{"_monsterinsights_skip_tracking":false,"_monsterinsights_sitenote_active":false,"_monsterinsights_sitenote_note":"","_monsterinsights_sitenote_category":0,"footnotes":""},"categories":[2],"tags":[],"class_list":["post-80898","post","type-post","status-publish","format-standard","has-post-thumbnail","hentry","category-noticias"],"yoast_head":"<!-- This site is optimized with the Yoast SEO plugin v27.3 - https:\/\/yoast.com\/product\/yoast-seo-wordpress\/ -->\n<title>Campesinos ind\u00edgenas suspenden obras del Tren Trans\u00edstmico en Oaxaca -<\/title>\n<meta name=\"robots\" content=\"index, follow, max-snippet:-1, max-image-preview:large, max-video-preview:-1\" \/>\n<link rel=\"canonical\" href=\"https:\/\/quehacerpolitico.mx\/?p=80898\" \/>\n<meta property=\"og:locale\" content=\"es_MX\" \/>\n<meta property=\"og:type\" content=\"article\" \/>\n<meta property=\"og:title\" content=\"Campesinos ind\u00edgenas suspenden obras del Tren Trans\u00edstmico en Oaxaca -\" \/>\n<meta property=\"og:description\" content=\"Campesinos ind\u00edgenas suspenden obras del Tren Trans\u00edstmico en Oaxaca Por Redacci\u00f3n QP Miembros del ejido...\" \/>\n<meta property=\"og:url\" content=\"https:\/\/quehacerpolitico.mx\/?p=80898\" \/>\n<meta property=\"article:published_time\" content=\"2021-05-14T00:23:41+00:00\" \/>\n<meta property=\"og:image\" content=\"https:\/\/quehacerpolitico.mx\/wp-content\/uploads\/2021\/05\/52B72E7E-8059-44D6-9115-B9C4D69226B8.jpeg\" \/>\n\t<meta property=\"og:image:width\" content=\"651\" \/>\n\t<meta property=\"og:image:height\" content=\"400\" \/>\n\t<meta property=\"og:image:type\" content=\"image\/jpeg\" \/>\n<meta name=\"author\" content=\"Redacci\u00f3n QP\" \/>\n<meta name=\"twitter:card\" content=\"summary_large_image\" \/>\n<meta name=\"twitter:label1\" content=\"Escrito por\" \/>\n\t<meta name=\"twitter:data1\" content=\"Redacci\u00f3n QP\" \/>\n\t<meta name=\"twitter:label2\" content=\"Tiempo de lectura\" \/>\n\t<meta name=\"twitter:data2\" content=\"2 minutos\" \/>\n<script type=\"application\/ld+json\" class=\"yoast-schema-graph\">{\"@context\":\"https:\\\/\\\/schema.org\",\"@graph\":[{\"@type\":\"Article\",\"@id\":\"https:\\\/\\\/quehacerpolitico.mx\\\/?p=80898#article\",\"isPartOf\":{\"@id\":\"https:\\\/\\\/quehacerpolitico.mx\\\/?p=80898\"},\"author\":{\"name\":\"Redacci\u00f3n QP\",\"@id\":\"https:\\\/\\\/quehacerpolitico.mx\\\/#\\\/schema\\\/person\\\/496d8ad2d1d3f8036101dca7ee39e585\"},\"headline\":\"Campesinos ind\u00edgenas suspenden obras del Tren Trans\u00edstmico en Oaxaca\",\"datePublished\":\"2021-05-14T00:23:41+00:00\",\"mainEntityOfPage\":{\"@id\":\"https:\\\/\\\/quehacerpolitico.mx\\\/?p=80898\"},\"wordCount\":471,\"commentCount\":0,\"image\":{\"@id\":\"https:\\\/\\\/quehacerpolitico.mx\\\/?p=80898#primaryimage\"},\"thumbnailUrl\":\"https:\\\/\\\/quehacerpolitico.mx\\\/wp-content\\\/uploads\\\/2021\\\/05\\\/52B72E7E-8059-44D6-9115-B9C4D69226B8.jpeg\",\"articleSection\":[\"Noticias\"],\"inLanguage\":\"es\",\"potentialAction\":[{\"@type\":\"CommentAction\",\"name\":\"Comment\",\"target\":[\"https:\\\/\\\/quehacerpolitico.mx\\\/?p=80898#respond\"]}]},{\"@type\":\"WebPage\",\"@id\":\"https:\\\/\\\/quehacerpolitico.mx\\\/?p=80898\",\"url\":\"https:\\\/\\\/quehacerpolitico.mx\\\/?p=80898\",\"name\":\"Campesinos ind\u00edgenas suspenden obras del Tren Trans\u00edstmico en Oaxaca -\",\"isPartOf\":{\"@id\":\"https:\\\/\\\/quehacerpolitico.mx\\\/#website\"},\"primaryImageOfPage\":{\"@id\":\"https:\\\/\\\/quehacerpolitico.mx\\\/?p=80898#primaryimage\"},\"image\":{\"@id\":\"https:\\\/\\\/quehacerpolitico.mx\\\/?p=80898#primaryimage\"},\"thumbnailUrl\":\"https:\\\/\\\/quehacerpolitico.mx\\\/wp-content\\\/uploads\\\/2021\\\/05\\\/52B72E7E-8059-44D6-9115-B9C4D69226B8.jpeg\",\"datePublished\":\"2021-05-14T00:23:41+00:00\",\"author\":{\"@id\":\"https:\\\/\\\/quehacerpolitico.mx\\\/#\\\/schema\\\/person\\\/496d8ad2d1d3f8036101dca7ee39e585\"},\"breadcrumb\":{\"@id\":\"https:\\\/\\\/quehacerpolitico.mx\\\/?p=80898#breadcrumb\"},\"inLanguage\":\"es\",\"potentialAction\":[{\"@type\":\"ReadAction\",\"target\":[\"https:\\\/\\\/quehacerpolitico.mx\\\/?p=80898\"]}]},{\"@type\":\"ImageObject\",\"inLanguage\":\"es\",\"@id\":\"https:\\\/\\\/quehacerpolitico.mx\\\/?p=80898#primaryimage\",\"url\":\"https:\\\/\\\/quehacerpolitico.mx\\\/wp-content\\\/uploads\\\/2021\\\/05\\\/52B72E7E-8059-44D6-9115-B9C4D69226B8.jpeg\",\"contentUrl\":\"https:\\\/\\\/quehacerpolitico.mx\\\/wp-content\\\/uploads\\\/2021\\\/05\\\/52B72E7E-8059-44D6-9115-B9C4D69226B8.jpeg\",\"width\":651,\"height\":400},{\"@type\":\"BreadcrumbList\",\"@id\":\"https:\\\/\\\/quehacerpolitico.mx\\\/?p=80898#breadcrumb\",\"itemListElement\":[{\"@type\":\"ListItem\",\"position\":1,\"name\":\"Inicio\",\"item\":\"https:\\\/\\\/quehacerpolitico.mx\\\/\"},{\"@type\":\"ListItem\",\"position\":2,\"name\":\"Campesinos ind\u00edgenas suspenden obras del Tren Trans\u00edstmico en Oaxaca\"}]},{\"@type\":\"WebSite\",\"@id\":\"https:\\\/\\\/quehacerpolitico.mx\\\/#website\",\"url\":\"https:\\\/\\\/quehacerpolitico.mx\\\/\",\"name\":\"\",\"description\":\"\",\"potentialAction\":[{\"@type\":\"SearchAction\",\"target\":{\"@type\":\"EntryPoint\",\"urlTemplate\":\"https:\\\/\\\/quehacerpolitico.mx\\\/?s={search_term_string}\"},\"query-input\":{\"@type\":\"PropertyValueSpecification\",\"valueRequired\":true,\"valueName\":\"search_term_string\"}}],\"inLanguage\":\"es\"},{\"@type\":\"Person\",\"@id\":\"https:\\\/\\\/quehacerpolitico.mx\\\/#\\\/schema\\\/person\\\/496d8ad2d1d3f8036101dca7ee39e585\",\"name\":\"Redacci\u00f3n QP\",\"image\":{\"@type\":\"ImageObject\",\"inLanguage\":\"es\",\"@id\":\"https:\\\/\\\/secure.gravatar.com\\\/avatar\\\/c7164ed6fdec453195284ad24a5ae5b6e1eed2b848477fa2a4787ba9adf39a41?s=96&d=mm&r=g\",\"url\":\"https:\\\/\\\/secure.gravatar.com\\\/avatar\\\/c7164ed6fdec453195284ad24a5ae5b6e1eed2b848477fa2a4787ba9adf39a41?s=96&d=mm&r=g\",\"contentUrl\":\"https:\\\/\\\/secure.gravatar.com\\\/avatar\\\/c7164ed6fdec453195284ad24a5ae5b6e1eed2b848477fa2a4787ba9adf39a41?s=96&d=mm&r=g\",\"caption\":\"Redacci\u00f3n QP\"},\"url\":\"https:\\\/\\\/quehacerpolitico.mx\\\/?author=2\"}]}<\/script>\n<!-- \/ Yoast SEO plugin. -->","yoast_head_json":{"title":"Campesinos ind\u00edgenas suspenden obras del Tren Trans\u00edstmico en Oaxaca -","robots":{"index":"index","follow":"follow","max-snippet":"max-snippet:-1","max-image-preview":"max-image-preview:large","max-video-preview":"max-video-preview:-1"},"canonical":"https:\/\/quehacerpolitico.mx\/?p=80898","og_locale":"es_MX","og_type":"article","og_title":"Campesinos ind\u00edgenas suspenden obras del Tren Trans\u00edstmico en Oaxaca -","og_description":"Campesinos ind\u00edgenas suspenden obras del Tren Trans\u00edstmico en Oaxaca Por Redacci\u00f3n QP Miembros del ejido...","og_url":"https:\/\/quehacerpolitico.mx\/?p=80898","article_published_time":"2021-05-14T00:23:41+00:00","og_image":[{"width":651,"height":400,"url":"https:\/\/quehacerpolitico.mx\/wp-content\/uploads\/2021\/05\/52B72E7E-8059-44D6-9115-B9C4D69226B8.jpeg","type":"image\/jpeg"}],"author":"Redacci\u00f3n QP","twitter_card":"summary_large_image","twitter_misc":{"Escrito por":"Redacci\u00f3n QP","Tiempo de lectura":"2 minutos"},"schema":{"@context":"https:\/\/schema.org","@graph":[{"@type":"Article","@id":"https:\/\/quehacerpolitico.mx\/?p=80898#article","isPartOf":{"@id":"https:\/\/quehacerpolitico.mx\/?p=80898"},"author":{"name":"Redacci\u00f3n QP","@id":"https:\/\/quehacerpolitico.mx\/#\/schema\/person\/496d8ad2d1d3f8036101dca7ee39e585"},"headline":"Campesinos ind\u00edgenas suspenden obras del Tren Trans\u00edstmico en Oaxaca","datePublished":"2021-05-14T00:23:41+00:00","mainEntityOfPage":{"@id":"https:\/\/quehacerpolitico.mx\/?p=80898"},"wordCount":471,"commentCount":0,"image":{"@id":"https:\/\/quehacerpolitico.mx\/?p=80898#primaryimage"},"thumbnailUrl":"https:\/\/quehacerpolitico.mx\/wp-content\/uploads\/2021\/05\/52B72E7E-8059-44D6-9115-B9C4D69226B8.jpeg","articleSection":["Noticias"],"inLanguage":"es","potentialAction":[{"@type":"CommentAction","name":"Comment","target":["https:\/\/quehacerpolitico.mx\/?p=80898#respond"]}]},{"@type":"WebPage","@id":"https:\/\/quehacerpolitico.mx\/?p=80898","url":"https:\/\/quehacerpolitico.mx\/?p=80898","name":"Campesinos ind\u00edgenas suspenden obras del Tren Trans\u00edstmico en Oaxaca -","isPartOf":{"@id":"https:\/\/quehacerpolitico.mx\/#website"},"primaryImageOfPage":{"@id":"https:\/\/quehacerpolitico.mx\/?p=80898#primaryimage"},"image":{"@id":"https:\/\/quehacerpolitico.mx\/?p=80898#primaryimage"},"thumbnailUrl":"https:\/\/quehacerpolitico.mx\/wp-content\/uploads\/2021\/05\/52B72E7E-8059-44D6-9115-B9C4D69226B8.jpeg","datePublished":"2021-05-14T00:23:41+00:00","author":{"@id":"https:\/\/quehacerpolitico.mx\/#\/schema\/person\/496d8ad2d1d3f8036101dca7ee39e585"},"breadcrumb":{"@id":"https:\/\/quehacerpolitico.mx\/?p=80898#breadcrumb"},"inLanguage":"es","potentialAction":[{"@type":"ReadAction","target":["https:\/\/quehacerpolitico.mx\/?p=80898"]}]},{"@type":"ImageObject","inLanguage":"es","@id":"https:\/\/quehacerpolitico.mx\/?p=80898#primaryimage","url":"https:\/\/quehacerpolitico.mx\/wp-content\/uploads\/2021\/05\/52B72E7E-8059-44D6-9115-B9C4D69226B8.jpeg","contentUrl":"https:\/\/quehacerpolitico.mx\/wp-content\/uploads\/2021\/05\/52B72E7E-8059-44D6-9115-B9C4D69226B8.jpeg","width":651,"height":400},{"@type":"BreadcrumbList","@id":"https:\/\/quehacerpolitico.mx\/?p=80898#breadcrumb","itemListElement":[{"@type":"ListItem","position":1,"name":"Inicio","item":"https:\/\/quehacerpolitico.mx\/"},{"@type":"ListItem","position":2,"name":"Campesinos ind\u00edgenas suspenden obras del Tren Trans\u00edstmico en Oaxaca"}]},{"@type":"WebSite","@id":"https:\/\/quehacerpolitico.mx\/#website","url":"https:\/\/quehacerpolitico.mx\/","name":"","description":"","potentialAction":[{"@type":"SearchAction","target":{"@type":"EntryPoint","urlTemplate":"https:\/\/quehacerpolitico.mx\/?s={search_term_string}"},"query-input":{"@type":"PropertyValueSpecification","valueRequired":true,"valueName":"search_term_string"}}],"inLanguage":"es"},{"@type":"Person","@id":"https:\/\/quehacerpolitico.mx\/#\/schema\/person\/496d8ad2d1d3f8036101dca7ee39e585","name":"Redacci\u00f3n QP","image":{"@type":"ImageObject","inLanguage":"es","@id":"https:\/\/secure.gravatar.com\/avatar\/c7164ed6fdec453195284ad24a5ae5b6e1eed2b848477fa2a4787ba9adf39a41?s=96&d=mm&r=g","url":"https:\/\/secure.gravatar.com\/avatar\/c7164ed6fdec453195284ad24a5ae5b6e1eed2b848477fa2a4787ba9adf39a41?s=96&d=mm&r=g","contentUrl":"https:\/\/secure.gravatar.com\/avatar\/c7164ed6fdec453195284ad24a5ae5b6e1eed2b848477fa2a4787ba9adf39a41?s=96&d=mm&r=g","caption":"Redacci\u00f3n QP"},"url":"https:\/\/quehacerpolitico.mx\/?author=2"}]}},"featured_image_urls":{"full":["https:\/\/quehacerpolitico.mx\/wp-content\/uploads\/2021\/05\/52B72E7E-8059-44D6-9115-B9C4D69226B8.jpeg",651,400,false],"thumbnail":["https:\/\/quehacerpolitico.mx\/wp-content\/uploads\/2021\/05\/52B72E7E-8059-44D6-9115-B9C4D69226B8-150x150.jpeg",150,150,true],"medium":["https:\/\/quehacerpolitico.mx\/wp-content\/uploads\/2021\/05\/52B72E7E-8059-44D6-9115-B9C4D69226B8-300x184.jpeg",300,184,true],"medium_large":["https:\/\/quehacerpolitico.mx\/wp-content\/uploads\/2021\/05\/52B72E7E-8059-44D6-9115-B9C4D69226B8.jpeg",640,393,false],"large":["https:\/\/quehacerpolitico.mx\/wp-content\/uploads\/2021\/05\/52B72E7E-8059-44D6-9115-B9C4D69226B8.jpeg",640,393,false],"1536x1536":["https:\/\/quehacerpolitico.mx\/wp-content\/uploads\/2021\/05\/52B72E7E-8059-44D6-9115-B9C4D69226B8.jpeg",651,400,false],"2048x2048":["https:\/\/quehacerpolitico.mx\/wp-content\/uploads\/2021\/05\/52B72E7E-8059-44D6-9115-B9C4D69226B8.jpeg",651,400,false],"covernews-featured":["https:\/\/quehacerpolitico.mx\/wp-content\/uploads\/2021\/05\/52B72E7E-8059-44D6-9115-B9C4D69226B8.jpeg",651,400,false],"covernews-medium":["https:\/\/quehacerpolitico.mx\/wp-content\/uploads\/2021\/05\/52B72E7E-8059-44D6-9115-B9C4D69226B8.jpeg",540,332,false]},"author_info":{"display_name":"Redacci\u00f3n QP","author_link":"https:\/\/quehacerpolitico.mx\/?author=2"},"category_info":"<a href=\"https:\/\/quehacerpolitico.mx\/?cat=2\" rel=\"category\">Noticias<\/a>","tag_info":"Noticias","comment_count":"0","_links":{"self":[{"href":"https:\/\/quehacerpolitico.mx\/index.php?rest_route=\/wp\/v2\/posts\/80898","targetHints":{"allow":["GET"]}}],"collection":[{"href":"https:\/\/quehacerpolitico.mx\/index.php?rest_route=\/wp\/v2\/posts"}],"about":[{"href":"https:\/\/quehacerpolitico.mx\/index.php?rest_route=\/wp\/v2\/types\/post"}],"author":[{"embeddable":true,"href":"https:\/\/quehacerpolitico.mx\/index.php?rest_route=\/wp\/v2\/users\/2"}],"replies":[{"embeddable":true,"href":"https:\/\/quehacerpolitico.mx\/index.php?rest_route=%2Fwp%2Fv2%2Fcomments&post=80898"}],"version-history":[{"count":0,"href":"https:\/\/quehacerpolitico.mx\/index.php?rest_route=\/wp\/v2\/posts\/80898\/revisions"}],"wp:featuredmedia":[{"embeddable":true,"href":"https:\/\/quehacerpolitico.mx\/index.php?rest_route=\/wp\/v2\/media\/80901"}],"wp:attachment":[{"href":"https:\/\/quehacerpolitico.mx\/index.php?rest_route=%2Fwp%2Fv2%2Fmedia&parent=80898"}],"wp:term":[{"taxonomy":"category","embeddable":true,"href":"https:\/\/quehacerpolitico.mx\/index.php?rest_route=%2Fwp%2Fv2%2Fcategories&post=80898"},{"taxonomy":"post_tag","embeddable":true,"href":"https:\/\/quehacerpolitico.mx\/index.php?rest_route=%2Fwp%2Fv2%2Ftags&post=80898"}],"curies":[{"name":"wp","href":"https:\/\/api.w.org\/{rel}","templated":true}]}}