{"id":80888,"date":"2021-05-13T17:01:55","date_gmt":"2021-05-13T17:01:55","guid":{"rendered":"https:\/\/quehacerpolitico.mx\/?p=80888"},"modified":"2021-05-13T17:01:55","modified_gmt":"2021-05-13T17:01:55","slug":"internacionales-carolina-alonso-romei-joe-biden-firma-orden-ejecutiva-para-fortalecer-ciberseguridad","status":"publish","type":"post","link":"https:\/\/quehacerpolitico.mx\/?p=80888","title":{"rendered":"Internacionales\/\/\/Carolina Alonso Romei\/\/\/Joe Biden firma orden ejecutiva para fortalecer ciberseguridad"},"content":{"rendered":"<h1 class=\"article_title\">Joe Biden firma orden ejecutiva para fortalecer ciberseguridad<br \/>\nPor Carolina Alonso Romei<\/h1>\n<p>Internacionalista<\/p>\n<p>Dicha firma coincidio con el ataque a oleoductos que ha causado escasez de suministros energ\u00e9ticos<\/p>\n<p>El <strong>presidente de Estados Unidos, Joe Biden<\/strong>, firm\u00f3 este mi\u00e9rcoles una orden ejecutiva para <strong>fortalecer la ciberseguridad<\/strong>tras el <strong>ataque a la mayor red de oleoductos<\/strong>en el pa\u00eds que ha dejado a parte de la costa este con problemas de abastecimiento.<\/p>\n<p>La orden ejecutiva <strong>va dirigida sobre todo al sector privado<\/strong> con la imposici\u00f3n de nuevos y estrictos est\u00e1ndares para cualquier software que el Gobierno federal adquiera.<\/p>\n<p>Los <strong>proveedores que no cumplan con estos nuevos requisitos en un margen de 6 meses ser\u00e1n excluidos de las compras de software<\/strong> por parte del Gobierno, lo que puede derivar en la p\u00e9rdida de sus negocios.<\/p>\n<p>El Gobierno espera que estos nuevos est\u00e1ndares, que <strong>detallar\u00e1 el Departamento de Comercio, tambi\u00e9n los adopte el sector privado, dado que parte de los ciberataques<\/strong>, como este \u00faltimo a Colonial, van dirigidos a empresas que no son de titularidad p\u00fablica.<\/p>\n<blockquote><p>\u201cEl incidente con Colonial es un recordatorio de que la acci\u00f3n federal por s\u00ed sola no es suficiente\u201d, indic\u00f3 en una llamada con periodistas una funcionaria gubernamental bajo condici\u00f3n de anonimato.<\/p><\/blockquote>\n<p>La funcionaria advirti\u00f3 que<strong> las entidades del sector p\u00fablico y privado en Estados Unidos son \u201cmuy vulnerables a ataques sofisticados<\/strong>, constantes y maliciosos\u201d y reconoci\u00f3 que brechas de seguridad seguir\u00e1n ocurriendo.<\/p>\n<blockquote><p>\u201cSimplemente no podemos permitir que el \u2018esperar a que ocurra el pr\u00f3ximo incidente\u2019 sea el statu quo bajo el que operamos\u201d, sostuvo la funcionaria.<\/p>\n<p>\u201cEl coste -a\u00f1adi\u00f3- de seguir con el statu quo es simplemente inaceptable\u201d.<\/p><\/blockquote>\n<p>La <strong>orden ejecutiva tambi\u00e9n crea una junta para investigar los incidentes<\/strong> de la que formar\u00e1n parte el Departamento de Seguridad Nacional, el Departamento de Justicia, el Pent\u00e1gono y el sector privado.<\/p>\n<p>El primer incidente que esta junta <strong>revisar\u00e1 es el ciberataque masivo contra sistemas del Gobierno y grandes compa\u00f1\u00edas estadounidense<\/strong>s a trav\u00e9s del programa SolarWinds, del que Washington responsabiliza a Rusia<\/p>\n<p>De hecho, aunque la orden se firm\u00f3 en pleno ataque contra la red de oleoductos, <strong>el texto se elabor\u00f3 tras el ciberataque con SolarWinds<\/strong>, seg\u00fan el Ejecutivo.<\/p>\n<blockquote><p>\u201cDespu\u00e9s del incidente de SolarWinds, nos enfrentamos a la dura realidad de que algunas de las medidas m\u00e1s b\u00e1sicas de prevenci\u00f3n y respuesta de ciberseguridad no se han implementado de manera sistem\u00e1tica en las agencias federales\u201d, dijo la funcionaria.<\/p><\/blockquote>\n<p>La orden se centra asimismo en la transparencia y el intercambio de informaci\u00f3n obligando a los <strong>proveedores de servicios de software a que notifiquen<\/strong> de inmediato al Gobierno cualquier <strong>ciberataque que detecten<\/strong>.<\/p>\n<blockquote><p>\u201cLas agencias federales no pueden defenderse de lo que no ven\u201d, sostuvo.<\/p><\/blockquote>\n<p><strong>Colonial anunci\u00f3 este mi\u00e9rcoles que reanuda sus operaciones tras el ciberataque<\/strong> sufrido el viernes pasado, aunque inform\u00f3 que tomar\u00e1 varios d\u00edas que la cadena de suministro regrese a la normalidad.<\/p>\n<p><strong>La red de oleoductos ofrece suministro al 45 % del mercado de la costa este de EE.UU.<\/strong> y su cese de operaciones ha provocado escasez en algunas zonas y p\u00e1nico entre consumidores que protagonizaron <strong>largas filas en gasolineras<\/strong>.<\/p>\n<p><em>Con informaci\u00f3n de EFE<\/em><\/p>\n","protected":false},"excerpt":{"rendered":"<p>Joe Biden firma orden ejecutiva para fortalecer ciberseguridad Por Carolina Alonso Romei Internacionalista Dicha firma&#8230;<\/p>\n","protected":false},"author":2,"featured_media":80892,"comment_status":"open","ping_status":"open","sticky":false,"template":"","format":"standard","meta":{"_monsterinsights_skip_tracking":false,"_monsterinsights_sitenote_active":false,"_monsterinsights_sitenote_note":"","_monsterinsights_sitenote_category":0,"footnotes":""},"categories":[1],"tags":[],"class_list":["post-80888","post","type-post","status-publish","format-standard","has-post-thumbnail","hentry","category-sin-categoria"],"yoast_head":"<!-- This site is optimized with the Yoast SEO plugin v27.3 - https:\/\/yoast.com\/product\/yoast-seo-wordpress\/ -->\n<title>Internacionales\/\/\/Carolina Alonso Romei\/\/\/Joe Biden firma orden ejecutiva para fortalecer ciberseguridad -<\/title>\n<meta name=\"robots\" content=\"index, follow, max-snippet:-1, max-image-preview:large, max-video-preview:-1\" \/>\n<link rel=\"canonical\" href=\"https:\/\/quehacerpolitico.mx\/?p=80888\" \/>\n<meta property=\"og:locale\" content=\"es_MX\" \/>\n<meta property=\"og:type\" content=\"article\" \/>\n<meta property=\"og:title\" content=\"Internacionales\/\/\/Carolina Alonso Romei\/\/\/Joe Biden firma orden ejecutiva para fortalecer ciberseguridad -\" \/>\n<meta property=\"og:description\" content=\"Joe Biden firma orden ejecutiva para fortalecer ciberseguridad Por Carolina Alonso Romei Internacionalista Dicha firma...\" \/>\n<meta property=\"og:url\" content=\"https:\/\/quehacerpolitico.mx\/?p=80888\" \/>\n<meta property=\"article:published_time\" content=\"2021-05-13T17:01:55+00:00\" \/>\n<meta property=\"og:image\" content=\"https:\/\/quehacerpolitico.mx\/wp-content\/uploads\/2021\/05\/253742C8-23C6-4587-9B99-9F2C928E43E8.jpeg\" \/>\n\t<meta property=\"og:image:width\" content=\"845\" \/>\n\t<meta property=\"og:image:height\" content=\"478\" \/>\n\t<meta property=\"og:image:type\" content=\"image\/jpeg\" \/>\n<meta name=\"author\" content=\"Redacci\u00f3n QP\" \/>\n<meta name=\"twitter:card\" content=\"summary_large_image\" \/>\n<meta name=\"twitter:label1\" content=\"Escrito por\" \/>\n\t<meta name=\"twitter:data1\" content=\"Redacci\u00f3n QP\" \/>\n\t<meta name=\"twitter:label2\" content=\"Tiempo de lectura\" \/>\n\t<meta name=\"twitter:data2\" content=\"3 minutos\" \/>\n<script type=\"application\/ld+json\" class=\"yoast-schema-graph\">{\"@context\":\"https:\\\/\\\/schema.org\",\"@graph\":[{\"@type\":\"Article\",\"@id\":\"https:\\\/\\\/quehacerpolitico.mx\\\/?p=80888#article\",\"isPartOf\":{\"@id\":\"https:\\\/\\\/quehacerpolitico.mx\\\/?p=80888\"},\"author\":{\"name\":\"Redacci\u00f3n QP\",\"@id\":\"https:\\\/\\\/quehacerpolitico.mx\\\/#\\\/schema\\\/person\\\/496d8ad2d1d3f8036101dca7ee39e585\"},\"headline\":\"Internacionales\\\/\\\/\\\/Carolina Alonso Romei\\\/\\\/\\\/Joe Biden firma orden ejecutiva para fortalecer ciberseguridad\",\"datePublished\":\"2021-05-13T17:01:55+00:00\",\"mainEntityOfPage\":{\"@id\":\"https:\\\/\\\/quehacerpolitico.mx\\\/?p=80888\"},\"wordCount\":554,\"commentCount\":0,\"image\":{\"@id\":\"https:\\\/\\\/quehacerpolitico.mx\\\/?p=80888#primaryimage\"},\"thumbnailUrl\":\"https:\\\/\\\/quehacerpolitico.mx\\\/wp-content\\\/uploads\\\/2021\\\/05\\\/253742C8-23C6-4587-9B99-9F2C928E43E8.jpeg\",\"articleSection\":[\"Internacionales\"],\"inLanguage\":\"es\",\"potentialAction\":[{\"@type\":\"CommentAction\",\"name\":\"Comment\",\"target\":[\"https:\\\/\\\/quehacerpolitico.mx\\\/?p=80888#respond\"]}]},{\"@type\":\"WebPage\",\"@id\":\"https:\\\/\\\/quehacerpolitico.mx\\\/?p=80888\",\"url\":\"https:\\\/\\\/quehacerpolitico.mx\\\/?p=80888\",\"name\":\"Internacionales\\\/\\\/\\\/Carolina Alonso Romei\\\/\\\/\\\/Joe Biden firma orden ejecutiva para fortalecer ciberseguridad -\",\"isPartOf\":{\"@id\":\"https:\\\/\\\/quehacerpolitico.mx\\\/#website\"},\"primaryImageOfPage\":{\"@id\":\"https:\\\/\\\/quehacerpolitico.mx\\\/?p=80888#primaryimage\"},\"image\":{\"@id\":\"https:\\\/\\\/quehacerpolitico.mx\\\/?p=80888#primaryimage\"},\"thumbnailUrl\":\"https:\\\/\\\/quehacerpolitico.mx\\\/wp-content\\\/uploads\\\/2021\\\/05\\\/253742C8-23C6-4587-9B99-9F2C928E43E8.jpeg\",\"datePublished\":\"2021-05-13T17:01:55+00:00\",\"author\":{\"@id\":\"https:\\\/\\\/quehacerpolitico.mx\\\/#\\\/schema\\\/person\\\/496d8ad2d1d3f8036101dca7ee39e585\"},\"breadcrumb\":{\"@id\":\"https:\\\/\\\/quehacerpolitico.mx\\\/?p=80888#breadcrumb\"},\"inLanguage\":\"es\",\"potentialAction\":[{\"@type\":\"ReadAction\",\"target\":[\"https:\\\/\\\/quehacerpolitico.mx\\\/?p=80888\"]}]},{\"@type\":\"ImageObject\",\"inLanguage\":\"es\",\"@id\":\"https:\\\/\\\/quehacerpolitico.mx\\\/?p=80888#primaryimage\",\"url\":\"https:\\\/\\\/quehacerpolitico.mx\\\/wp-content\\\/uploads\\\/2021\\\/05\\\/253742C8-23C6-4587-9B99-9F2C928E43E8.jpeg\",\"contentUrl\":\"https:\\\/\\\/quehacerpolitico.mx\\\/wp-content\\\/uploads\\\/2021\\\/05\\\/253742C8-23C6-4587-9B99-9F2C928E43E8.jpeg\",\"width\":845,\"height\":478},{\"@type\":\"BreadcrumbList\",\"@id\":\"https:\\\/\\\/quehacerpolitico.mx\\\/?p=80888#breadcrumb\",\"itemListElement\":[{\"@type\":\"ListItem\",\"position\":1,\"name\":\"Inicio\",\"item\":\"https:\\\/\\\/quehacerpolitico.mx\\\/\"},{\"@type\":\"ListItem\",\"position\":2,\"name\":\"Internacionales\\\/\\\/\\\/Carolina Alonso Romei\\\/\\\/\\\/Joe Biden firma orden ejecutiva para fortalecer ciberseguridad\"}]},{\"@type\":\"WebSite\",\"@id\":\"https:\\\/\\\/quehacerpolitico.mx\\\/#website\",\"url\":\"https:\\\/\\\/quehacerpolitico.mx\\\/\",\"name\":\"\",\"description\":\"\",\"potentialAction\":[{\"@type\":\"SearchAction\",\"target\":{\"@type\":\"EntryPoint\",\"urlTemplate\":\"https:\\\/\\\/quehacerpolitico.mx\\\/?s={search_term_string}\"},\"query-input\":{\"@type\":\"PropertyValueSpecification\",\"valueRequired\":true,\"valueName\":\"search_term_string\"}}],\"inLanguage\":\"es\"},{\"@type\":\"Person\",\"@id\":\"https:\\\/\\\/quehacerpolitico.mx\\\/#\\\/schema\\\/person\\\/496d8ad2d1d3f8036101dca7ee39e585\",\"name\":\"Redacci\u00f3n QP\",\"image\":{\"@type\":\"ImageObject\",\"inLanguage\":\"es\",\"@id\":\"https:\\\/\\\/secure.gravatar.com\\\/avatar\\\/c7164ed6fdec453195284ad24a5ae5b6e1eed2b848477fa2a4787ba9adf39a41?s=96&d=mm&r=g\",\"url\":\"https:\\\/\\\/secure.gravatar.com\\\/avatar\\\/c7164ed6fdec453195284ad24a5ae5b6e1eed2b848477fa2a4787ba9adf39a41?s=96&d=mm&r=g\",\"contentUrl\":\"https:\\\/\\\/secure.gravatar.com\\\/avatar\\\/c7164ed6fdec453195284ad24a5ae5b6e1eed2b848477fa2a4787ba9adf39a41?s=96&d=mm&r=g\",\"caption\":\"Redacci\u00f3n QP\"},\"url\":\"https:\\\/\\\/quehacerpolitico.mx\\\/?author=2\"}]}<\/script>\n<!-- \/ Yoast SEO plugin. -->","yoast_head_json":{"title":"Internacionales\/\/\/Carolina Alonso Romei\/\/\/Joe Biden firma orden ejecutiva para fortalecer ciberseguridad -","robots":{"index":"index","follow":"follow","max-snippet":"max-snippet:-1","max-image-preview":"max-image-preview:large","max-video-preview":"max-video-preview:-1"},"canonical":"https:\/\/quehacerpolitico.mx\/?p=80888","og_locale":"es_MX","og_type":"article","og_title":"Internacionales\/\/\/Carolina Alonso Romei\/\/\/Joe Biden firma orden ejecutiva para fortalecer ciberseguridad -","og_description":"Joe Biden firma orden ejecutiva para fortalecer ciberseguridad Por Carolina Alonso Romei Internacionalista Dicha firma...","og_url":"https:\/\/quehacerpolitico.mx\/?p=80888","article_published_time":"2021-05-13T17:01:55+00:00","og_image":[{"width":845,"height":478,"url":"https:\/\/quehacerpolitico.mx\/wp-content\/uploads\/2021\/05\/253742C8-23C6-4587-9B99-9F2C928E43E8.jpeg","type":"image\/jpeg"}],"author":"Redacci\u00f3n QP","twitter_card":"summary_large_image","twitter_misc":{"Escrito por":"Redacci\u00f3n QP","Tiempo de lectura":"3 minutos"},"schema":{"@context":"https:\/\/schema.org","@graph":[{"@type":"Article","@id":"https:\/\/quehacerpolitico.mx\/?p=80888#article","isPartOf":{"@id":"https:\/\/quehacerpolitico.mx\/?p=80888"},"author":{"name":"Redacci\u00f3n QP","@id":"https:\/\/quehacerpolitico.mx\/#\/schema\/person\/496d8ad2d1d3f8036101dca7ee39e585"},"headline":"Internacionales\/\/\/Carolina Alonso Romei\/\/\/Joe Biden firma orden ejecutiva para fortalecer ciberseguridad","datePublished":"2021-05-13T17:01:55+00:00","mainEntityOfPage":{"@id":"https:\/\/quehacerpolitico.mx\/?p=80888"},"wordCount":554,"commentCount":0,"image":{"@id":"https:\/\/quehacerpolitico.mx\/?p=80888#primaryimage"},"thumbnailUrl":"https:\/\/quehacerpolitico.mx\/wp-content\/uploads\/2021\/05\/253742C8-23C6-4587-9B99-9F2C928E43E8.jpeg","articleSection":["Internacionales"],"inLanguage":"es","potentialAction":[{"@type":"CommentAction","name":"Comment","target":["https:\/\/quehacerpolitico.mx\/?p=80888#respond"]}]},{"@type":"WebPage","@id":"https:\/\/quehacerpolitico.mx\/?p=80888","url":"https:\/\/quehacerpolitico.mx\/?p=80888","name":"Internacionales\/\/\/Carolina Alonso Romei\/\/\/Joe Biden firma orden ejecutiva para fortalecer ciberseguridad -","isPartOf":{"@id":"https:\/\/quehacerpolitico.mx\/#website"},"primaryImageOfPage":{"@id":"https:\/\/quehacerpolitico.mx\/?p=80888#primaryimage"},"image":{"@id":"https:\/\/quehacerpolitico.mx\/?p=80888#primaryimage"},"thumbnailUrl":"https:\/\/quehacerpolitico.mx\/wp-content\/uploads\/2021\/05\/253742C8-23C6-4587-9B99-9F2C928E43E8.jpeg","datePublished":"2021-05-13T17:01:55+00:00","author":{"@id":"https:\/\/quehacerpolitico.mx\/#\/schema\/person\/496d8ad2d1d3f8036101dca7ee39e585"},"breadcrumb":{"@id":"https:\/\/quehacerpolitico.mx\/?p=80888#breadcrumb"},"inLanguage":"es","potentialAction":[{"@type":"ReadAction","target":["https:\/\/quehacerpolitico.mx\/?p=80888"]}]},{"@type":"ImageObject","inLanguage":"es","@id":"https:\/\/quehacerpolitico.mx\/?p=80888#primaryimage","url":"https:\/\/quehacerpolitico.mx\/wp-content\/uploads\/2021\/05\/253742C8-23C6-4587-9B99-9F2C928E43E8.jpeg","contentUrl":"https:\/\/quehacerpolitico.mx\/wp-content\/uploads\/2021\/05\/253742C8-23C6-4587-9B99-9F2C928E43E8.jpeg","width":845,"height":478},{"@type":"BreadcrumbList","@id":"https:\/\/quehacerpolitico.mx\/?p=80888#breadcrumb","itemListElement":[{"@type":"ListItem","position":1,"name":"Inicio","item":"https:\/\/quehacerpolitico.mx\/"},{"@type":"ListItem","position":2,"name":"Internacionales\/\/\/Carolina Alonso Romei\/\/\/Joe Biden firma orden ejecutiva para fortalecer ciberseguridad"}]},{"@type":"WebSite","@id":"https:\/\/quehacerpolitico.mx\/#website","url":"https:\/\/quehacerpolitico.mx\/","name":"","description":"","potentialAction":[{"@type":"SearchAction","target":{"@type":"EntryPoint","urlTemplate":"https:\/\/quehacerpolitico.mx\/?s={search_term_string}"},"query-input":{"@type":"PropertyValueSpecification","valueRequired":true,"valueName":"search_term_string"}}],"inLanguage":"es"},{"@type":"Person","@id":"https:\/\/quehacerpolitico.mx\/#\/schema\/person\/496d8ad2d1d3f8036101dca7ee39e585","name":"Redacci\u00f3n QP","image":{"@type":"ImageObject","inLanguage":"es","@id":"https:\/\/secure.gravatar.com\/avatar\/c7164ed6fdec453195284ad24a5ae5b6e1eed2b848477fa2a4787ba9adf39a41?s=96&d=mm&r=g","url":"https:\/\/secure.gravatar.com\/avatar\/c7164ed6fdec453195284ad24a5ae5b6e1eed2b848477fa2a4787ba9adf39a41?s=96&d=mm&r=g","contentUrl":"https:\/\/secure.gravatar.com\/avatar\/c7164ed6fdec453195284ad24a5ae5b6e1eed2b848477fa2a4787ba9adf39a41?s=96&d=mm&r=g","caption":"Redacci\u00f3n QP"},"url":"https:\/\/quehacerpolitico.mx\/?author=2"}]}},"featured_image_urls":{"full":["https:\/\/quehacerpolitico.mx\/wp-content\/uploads\/2021\/05\/253742C8-23C6-4587-9B99-9F2C928E43E8.jpeg",845,478,false],"thumbnail":["https:\/\/quehacerpolitico.mx\/wp-content\/uploads\/2021\/05\/253742C8-23C6-4587-9B99-9F2C928E43E8-150x150.jpeg",150,150,true],"medium":["https:\/\/quehacerpolitico.mx\/wp-content\/uploads\/2021\/05\/253742C8-23C6-4587-9B99-9F2C928E43E8-300x170.jpeg",300,170,true],"medium_large":["https:\/\/quehacerpolitico.mx\/wp-content\/uploads\/2021\/05\/253742C8-23C6-4587-9B99-9F2C928E43E8-768x434.jpeg",640,362,true],"large":["https:\/\/quehacerpolitico.mx\/wp-content\/uploads\/2021\/05\/253742C8-23C6-4587-9B99-9F2C928E43E8.jpeg",640,362,false],"1536x1536":["https:\/\/quehacerpolitico.mx\/wp-content\/uploads\/2021\/05\/253742C8-23C6-4587-9B99-9F2C928E43E8.jpeg",845,478,false],"2048x2048":["https:\/\/quehacerpolitico.mx\/wp-content\/uploads\/2021\/05\/253742C8-23C6-4587-9B99-9F2C928E43E8.jpeg",845,478,false],"covernews-featured":["https:\/\/quehacerpolitico.mx\/wp-content\/uploads\/2021\/05\/253742C8-23C6-4587-9B99-9F2C928E43E8.jpeg",845,478,false],"covernews-medium":["https:\/\/quehacerpolitico.mx\/wp-content\/uploads\/2021\/05\/253742C8-23C6-4587-9B99-9F2C928E43E8.jpeg",540,305,false]},"author_info":{"display_name":"Redacci\u00f3n QP","author_link":"https:\/\/quehacerpolitico.mx\/?author=2"},"category_info":"<a href=\"https:\/\/quehacerpolitico.mx\/?cat=1\" rel=\"category\">Internacionales<\/a>","tag_info":"Internacionales","comment_count":"0","_links":{"self":[{"href":"https:\/\/quehacerpolitico.mx\/index.php?rest_route=\/wp\/v2\/posts\/80888","targetHints":{"allow":["GET"]}}],"collection":[{"href":"https:\/\/quehacerpolitico.mx\/index.php?rest_route=\/wp\/v2\/posts"}],"about":[{"href":"https:\/\/quehacerpolitico.mx\/index.php?rest_route=\/wp\/v2\/types\/post"}],"author":[{"embeddable":true,"href":"https:\/\/quehacerpolitico.mx\/index.php?rest_route=\/wp\/v2\/users\/2"}],"replies":[{"embeddable":true,"href":"https:\/\/quehacerpolitico.mx\/index.php?rest_route=%2Fwp%2Fv2%2Fcomments&post=80888"}],"version-history":[{"count":0,"href":"https:\/\/quehacerpolitico.mx\/index.php?rest_route=\/wp\/v2\/posts\/80888\/revisions"}],"wp:featuredmedia":[{"embeddable":true,"href":"https:\/\/quehacerpolitico.mx\/index.php?rest_route=\/wp\/v2\/media\/80892"}],"wp:attachment":[{"href":"https:\/\/quehacerpolitico.mx\/index.php?rest_route=%2Fwp%2Fv2%2Fmedia&parent=80888"}],"wp:term":[{"taxonomy":"category","embeddable":true,"href":"https:\/\/quehacerpolitico.mx\/index.php?rest_route=%2Fwp%2Fv2%2Fcategories&post=80888"},{"taxonomy":"post_tag","embeddable":true,"href":"https:\/\/quehacerpolitico.mx\/index.php?rest_route=%2Fwp%2Fv2%2Ftags&post=80888"}],"curies":[{"name":"wp","href":"https:\/\/api.w.org\/{rel}","templated":true}]}}