{"id":80885,"date":"2021-05-13T16:42:47","date_gmt":"2021-05-13T16:42:47","guid":{"rendered":"https:\/\/quehacerpolitico.mx\/?p=80885"},"modified":"2021-05-13T16:42:47","modified_gmt":"2021-05-13T16:42:47","slug":"la-primera-sala-confirma-amparo-para-que-el-congreso-de-la-union-expida-el-codigo-nacional-de-procedimientos-civiles-y-familiares","status":"publish","type":"post","link":"https:\/\/quehacerpolitico.mx\/?p=80885","title":{"rendered":"LA PRIMERA SALA CONFIRMA AMPARO PARA QUE EL CONGRESO DE LA UNI\u00d3N EXPIDA EL C\u00d3DIGO NACIONAL DE PROCEDIMIENTOS CIVILES Y FAMILIARES"},"content":{"rendered":"<p><strong><span data-originalfontsize=\"12pt\" data-originalcomputedfontsize=\"16\">LA PRIMERA SALA CONFIRMA AMPARO PARA QUE EL CONGRESO DE LA UNI\u00d3N EXPIDA EL C\u00d3DIGO NACIONAL DE PROCEDIMIENTOS CIVILES Y FAMILIARES<\/span><\/strong><\/p>\n<p>Por Redacci\u00f3n QP<\/p>\n<p><span data-originalfontsize=\"12pt\" data-originalcomputedfontsize=\"16\">La Suprema Corte de Justicia de la Naci\u00f3n, en sesi\u00f3n remota de la Primera Sala, confirm\u00f3 la sentencia que otorg\u00f3 el amparo para que el Congreso de la Uni\u00f3n expida el C\u00f3digo Nacional de Procedimientos Civiles y Familiares, en cumplimiento de las obligaciones establecidas en los art\u00edculos segundo y cuarto transitorios del Decreto por el que se reforman y adicionan los art\u00edculos 16, 17 y 73 de la Constituci\u00f3n Pol\u00edtica de los Estados Unidos Mexicanos, en materia de justicia cotidiana, publicado el 15 de septiembre de 2017.<\/span><\/p>\n<p><span data-originalfontsize=\"12pt\" data-originalcomputedfontsize=\"16\">Esta decisi\u00f3n deriva de la resoluci\u00f3n de dos recursos de revisi\u00f3n interpuestos por las C\u00e1maras de Diputados y Senadores, respectivamente, en contra de la sentencia de un Juez de Distrito que concedi\u00f3 el amparo a una barra de abogados por la violaci\u00f3n de su derecho de acceso a la justicia con motivo de omisiones legislativas del Congreso de la Uni\u00f3n. El amparo en cuesti\u00f3n se otorg\u00f3 para que el Congreso expida la legislaci\u00f3n procedimental en materia de Justicia Cotidiana (Soluci\u00f3n de Fondo del Conflicto y Competencia Legislativa sobre Procedimientos Civiles y Familiares). Adem\u00e1s, para que adec\u00fae las leyes generales y federales que as\u00ed lo requirieran al nuevo contenido de los art\u00edculos 16 y 17 constitucionales. Todo esto, en cumplimiento a lo dispuesto en el Decreto de reforma constitucional antes mencionado.<\/span><\/p>\n<p><span data-originalfontsize=\"12pt\" data-originalcomputedfontsize=\"16\">En el fallo, la Primera Sala reconoci\u00f3 la existencia del inter\u00e9s leg\u00edtimo colectivo de la asociaci\u00f3n quejosa para reclamar las omisiones legislativas referidas. Lo anterior, tras considerar que, si bien el Estado mantiene la obligaci\u00f3n inicial de garantizar el acceso a la justicia, la sociedad civil tambi\u00e9n participa en la protecci\u00f3n de este derecho, y los colegios de abogados constituyen las instancias id\u00f3neas para avanzar hacia este fin. Esto en atenci\u00f3n a su propia naturaleza como asociaciones integradas exclusivamente por profesionistas del derecho, su objeto social y la cercan\u00eda que tienen con las instituciones impartidoras de justicia.<\/span><\/p>\n<p><span data-originalfontsize=\"12pt\" data-originalcomputedfontsize=\"16\">En este sentido, con objeto de dotar de mayor claridad el cumplimiento de la sentencia por parte del Congreso de la Uni\u00f3n, la Sala precis\u00f3 que la expedici\u00f3n del C\u00f3digo citado deber\u00e1 realizarse dentro de los siguientes dos periodos ordinarios de sesiones del Congreso.<\/span><\/p>\n<p><span data-originalfontsize=\"12pt\" data-originalcomputedfontsize=\"16\">Asimismo, la Primera Sala determin\u00f3 que el Congreso de la Uni\u00f3n deber\u00e1 llevar a cabo un proceso de revisi\u00f3n integral de la legislaci\u00f3n general y federal para que, en caso de que se requieran adecuaciones, \u00e9stas se emitan en el plazo se\u00f1alado previamente. Al respecto, la Sala apunt\u00f3 que, de estimarse innecesario modificar alguna ley, ello deber\u00e1 ser producto de una decisi\u00f3n de ambas C\u00e1maras que cumpla con las diferentes etapas y requisitos del procedimiento legislativo; lo cual tendr\u00e1 que ser acreditado e informado ante el Juez de Distrito que conoci\u00f3 del asunto.<\/span><\/p>\n<p><em><span data-removefontsize=\"true\" data-originalcomputedfontsize=\"16\">Amparo en revisi\u00f3n 265\/2020. Ponente: Ministro Alfredo Guti\u00e9rrez Ortiz Mena. Resuelto en sesi\u00f3n de 12 de mayo de 2021, por unanimidad de votos.<\/span><\/em><\/p>\n","protected":false},"excerpt":{"rendered":"<p>LA PRIMERA SALA CONFIRMA AMPARO PARA QUE EL CONGRESO DE LA UNI\u00d3N EXPIDA EL C\u00d3DIGO&#8230;<\/p>\n","protected":false},"author":2,"featured_media":80886,"comment_status":"open","ping_status":"open","sticky":false,"template":"","format":"standard","meta":{"_monsterinsights_skip_tracking":false,"_monsterinsights_sitenote_active":false,"_monsterinsights_sitenote_note":"","_monsterinsights_sitenote_category":0,"footnotes":""},"categories":[2],"tags":[],"class_list":["post-80885","post","type-post","status-publish","format-standard","has-post-thumbnail","hentry","category-noticias"],"yoast_head":"<!-- This site is optimized with the Yoast SEO plugin v27.3 - https:\/\/yoast.com\/product\/yoast-seo-wordpress\/ -->\n<title>LA PRIMERA SALA CONFIRMA AMPARO PARA QUE EL CONGRESO DE LA UNI\u00d3N EXPIDA EL C\u00d3DIGO NACIONAL DE PROCEDIMIENTOS CIVILES Y FAMILIARES -<\/title>\n<meta name=\"robots\" content=\"index, follow, max-snippet:-1, max-image-preview:large, max-video-preview:-1\" \/>\n<link rel=\"canonical\" href=\"https:\/\/quehacerpolitico.mx\/?p=80885\" \/>\n<meta property=\"og:locale\" content=\"es_MX\" \/>\n<meta property=\"og:type\" content=\"article\" \/>\n<meta property=\"og:title\" content=\"LA PRIMERA SALA CONFIRMA AMPARO PARA QUE EL CONGRESO DE LA UNI\u00d3N EXPIDA EL C\u00d3DIGO NACIONAL DE PROCEDIMIENTOS CIVILES Y FAMILIARES -\" \/>\n<meta property=\"og:description\" content=\"LA PRIMERA SALA CONFIRMA AMPARO PARA QUE EL CONGRESO DE LA UNI\u00d3N EXPIDA EL C\u00d3DIGO...\" \/>\n<meta property=\"og:url\" content=\"https:\/\/quehacerpolitico.mx\/?p=80885\" \/>\n<meta property=\"article:published_time\" content=\"2021-05-13T16:42:47+00:00\" \/>\n<meta property=\"og:image\" content=\"https:\/\/quehacerpolitico.mx\/wp-content\/uploads\/2021\/05\/31A722FF-0923-4CF5-93F4-6518788BEC17.jpeg\" \/>\n\t<meta property=\"og:image:width\" content=\"640\" \/>\n\t<meta property=\"og:image:height\" content=\"480\" \/>\n\t<meta property=\"og:image:type\" content=\"image\/jpeg\" \/>\n<meta name=\"author\" content=\"Redacci\u00f3n QP\" \/>\n<meta name=\"twitter:card\" content=\"summary_large_image\" \/>\n<meta name=\"twitter:label1\" content=\"Escrito por\" \/>\n\t<meta name=\"twitter:data1\" content=\"Redacci\u00f3n QP\" \/>\n\t<meta name=\"twitter:label2\" content=\"Tiempo de lectura\" \/>\n\t<meta name=\"twitter:data2\" content=\"3 minutos\" \/>\n<script type=\"application\/ld+json\" class=\"yoast-schema-graph\">{\"@context\":\"https:\\\/\\\/schema.org\",\"@graph\":[{\"@type\":\"Article\",\"@id\":\"https:\\\/\\\/quehacerpolitico.mx\\\/?p=80885#article\",\"isPartOf\":{\"@id\":\"https:\\\/\\\/quehacerpolitico.mx\\\/?p=80885\"},\"author\":{\"name\":\"Redacci\u00f3n QP\",\"@id\":\"https:\\\/\\\/quehacerpolitico.mx\\\/#\\\/schema\\\/person\\\/496d8ad2d1d3f8036101dca7ee39e585\"},\"headline\":\"LA PRIMERA SALA CONFIRMA AMPARO PARA QUE EL CONGRESO DE LA UNI\u00d3N EXPIDA EL C\u00d3DIGO NACIONAL DE PROCEDIMIENTOS CIVILES Y FAMILIARES\",\"datePublished\":\"2021-05-13T16:42:47+00:00\",\"mainEntityOfPage\":{\"@id\":\"https:\\\/\\\/quehacerpolitico.mx\\\/?p=80885\"},\"wordCount\":555,\"commentCount\":0,\"image\":{\"@id\":\"https:\\\/\\\/quehacerpolitico.mx\\\/?p=80885#primaryimage\"},\"thumbnailUrl\":\"https:\\\/\\\/quehacerpolitico.mx\\\/wp-content\\\/uploads\\\/2021\\\/05\\\/31A722FF-0923-4CF5-93F4-6518788BEC17.jpeg\",\"articleSection\":[\"Noticias\"],\"inLanguage\":\"es\",\"potentialAction\":[{\"@type\":\"CommentAction\",\"name\":\"Comment\",\"target\":[\"https:\\\/\\\/quehacerpolitico.mx\\\/?p=80885#respond\"]}]},{\"@type\":\"WebPage\",\"@id\":\"https:\\\/\\\/quehacerpolitico.mx\\\/?p=80885\",\"url\":\"https:\\\/\\\/quehacerpolitico.mx\\\/?p=80885\",\"name\":\"LA PRIMERA SALA CONFIRMA AMPARO PARA QUE EL CONGRESO DE LA UNI\u00d3N EXPIDA EL C\u00d3DIGO NACIONAL DE PROCEDIMIENTOS CIVILES Y FAMILIARES -\",\"isPartOf\":{\"@id\":\"https:\\\/\\\/quehacerpolitico.mx\\\/#website\"},\"primaryImageOfPage\":{\"@id\":\"https:\\\/\\\/quehacerpolitico.mx\\\/?p=80885#primaryimage\"},\"image\":{\"@id\":\"https:\\\/\\\/quehacerpolitico.mx\\\/?p=80885#primaryimage\"},\"thumbnailUrl\":\"https:\\\/\\\/quehacerpolitico.mx\\\/wp-content\\\/uploads\\\/2021\\\/05\\\/31A722FF-0923-4CF5-93F4-6518788BEC17.jpeg\",\"datePublished\":\"2021-05-13T16:42:47+00:00\",\"author\":{\"@id\":\"https:\\\/\\\/quehacerpolitico.mx\\\/#\\\/schema\\\/person\\\/496d8ad2d1d3f8036101dca7ee39e585\"},\"breadcrumb\":{\"@id\":\"https:\\\/\\\/quehacerpolitico.mx\\\/?p=80885#breadcrumb\"},\"inLanguage\":\"es\",\"potentialAction\":[{\"@type\":\"ReadAction\",\"target\":[\"https:\\\/\\\/quehacerpolitico.mx\\\/?p=80885\"]}]},{\"@type\":\"ImageObject\",\"inLanguage\":\"es\",\"@id\":\"https:\\\/\\\/quehacerpolitico.mx\\\/?p=80885#primaryimage\",\"url\":\"https:\\\/\\\/quehacerpolitico.mx\\\/wp-content\\\/uploads\\\/2021\\\/05\\\/31A722FF-0923-4CF5-93F4-6518788BEC17.jpeg\",\"contentUrl\":\"https:\\\/\\\/quehacerpolitico.mx\\\/wp-content\\\/uploads\\\/2021\\\/05\\\/31A722FF-0923-4CF5-93F4-6518788BEC17.jpeg\",\"width\":640,\"height\":480},{\"@type\":\"BreadcrumbList\",\"@id\":\"https:\\\/\\\/quehacerpolitico.mx\\\/?p=80885#breadcrumb\",\"itemListElement\":[{\"@type\":\"ListItem\",\"position\":1,\"name\":\"Inicio\",\"item\":\"https:\\\/\\\/quehacerpolitico.mx\\\/\"},{\"@type\":\"ListItem\",\"position\":2,\"name\":\"LA PRIMERA SALA CONFIRMA AMPARO PARA QUE EL CONGRESO DE LA UNI\u00d3N EXPIDA EL C\u00d3DIGO NACIONAL DE PROCEDIMIENTOS CIVILES Y FAMILIARES\"}]},{\"@type\":\"WebSite\",\"@id\":\"https:\\\/\\\/quehacerpolitico.mx\\\/#website\",\"url\":\"https:\\\/\\\/quehacerpolitico.mx\\\/\",\"name\":\"\",\"description\":\"\",\"potentialAction\":[{\"@type\":\"SearchAction\",\"target\":{\"@type\":\"EntryPoint\",\"urlTemplate\":\"https:\\\/\\\/quehacerpolitico.mx\\\/?s={search_term_string}\"},\"query-input\":{\"@type\":\"PropertyValueSpecification\",\"valueRequired\":true,\"valueName\":\"search_term_string\"}}],\"inLanguage\":\"es\"},{\"@type\":\"Person\",\"@id\":\"https:\\\/\\\/quehacerpolitico.mx\\\/#\\\/schema\\\/person\\\/496d8ad2d1d3f8036101dca7ee39e585\",\"name\":\"Redacci\u00f3n QP\",\"image\":{\"@type\":\"ImageObject\",\"inLanguage\":\"es\",\"@id\":\"https:\\\/\\\/secure.gravatar.com\\\/avatar\\\/c7164ed6fdec453195284ad24a5ae5b6e1eed2b848477fa2a4787ba9adf39a41?s=96&d=mm&r=g\",\"url\":\"https:\\\/\\\/secure.gravatar.com\\\/avatar\\\/c7164ed6fdec453195284ad24a5ae5b6e1eed2b848477fa2a4787ba9adf39a41?s=96&d=mm&r=g\",\"contentUrl\":\"https:\\\/\\\/secure.gravatar.com\\\/avatar\\\/c7164ed6fdec453195284ad24a5ae5b6e1eed2b848477fa2a4787ba9adf39a41?s=96&d=mm&r=g\",\"caption\":\"Redacci\u00f3n QP\"},\"url\":\"https:\\\/\\\/quehacerpolitico.mx\\\/?author=2\"}]}<\/script>\n<!-- \/ Yoast SEO plugin. -->","yoast_head_json":{"title":"LA PRIMERA SALA CONFIRMA AMPARO PARA QUE EL CONGRESO DE LA UNI\u00d3N EXPIDA EL C\u00d3DIGO NACIONAL DE PROCEDIMIENTOS CIVILES Y FAMILIARES -","robots":{"index":"index","follow":"follow","max-snippet":"max-snippet:-1","max-image-preview":"max-image-preview:large","max-video-preview":"max-video-preview:-1"},"canonical":"https:\/\/quehacerpolitico.mx\/?p=80885","og_locale":"es_MX","og_type":"article","og_title":"LA PRIMERA SALA CONFIRMA AMPARO PARA QUE EL CONGRESO DE LA UNI\u00d3N EXPIDA EL C\u00d3DIGO NACIONAL DE PROCEDIMIENTOS CIVILES Y FAMILIARES -","og_description":"LA PRIMERA SALA CONFIRMA AMPARO PARA QUE EL CONGRESO DE LA UNI\u00d3N EXPIDA EL C\u00d3DIGO...","og_url":"https:\/\/quehacerpolitico.mx\/?p=80885","article_published_time":"2021-05-13T16:42:47+00:00","og_image":[{"width":640,"height":480,"url":"https:\/\/quehacerpolitico.mx\/wp-content\/uploads\/2021\/05\/31A722FF-0923-4CF5-93F4-6518788BEC17.jpeg","type":"image\/jpeg"}],"author":"Redacci\u00f3n QP","twitter_card":"summary_large_image","twitter_misc":{"Escrito por":"Redacci\u00f3n QP","Tiempo de lectura":"3 minutos"},"schema":{"@context":"https:\/\/schema.org","@graph":[{"@type":"Article","@id":"https:\/\/quehacerpolitico.mx\/?p=80885#article","isPartOf":{"@id":"https:\/\/quehacerpolitico.mx\/?p=80885"},"author":{"name":"Redacci\u00f3n QP","@id":"https:\/\/quehacerpolitico.mx\/#\/schema\/person\/496d8ad2d1d3f8036101dca7ee39e585"},"headline":"LA PRIMERA SALA CONFIRMA AMPARO PARA QUE EL CONGRESO DE LA UNI\u00d3N EXPIDA EL C\u00d3DIGO NACIONAL DE PROCEDIMIENTOS CIVILES Y FAMILIARES","datePublished":"2021-05-13T16:42:47+00:00","mainEntityOfPage":{"@id":"https:\/\/quehacerpolitico.mx\/?p=80885"},"wordCount":555,"commentCount":0,"image":{"@id":"https:\/\/quehacerpolitico.mx\/?p=80885#primaryimage"},"thumbnailUrl":"https:\/\/quehacerpolitico.mx\/wp-content\/uploads\/2021\/05\/31A722FF-0923-4CF5-93F4-6518788BEC17.jpeg","articleSection":["Noticias"],"inLanguage":"es","potentialAction":[{"@type":"CommentAction","name":"Comment","target":["https:\/\/quehacerpolitico.mx\/?p=80885#respond"]}]},{"@type":"WebPage","@id":"https:\/\/quehacerpolitico.mx\/?p=80885","url":"https:\/\/quehacerpolitico.mx\/?p=80885","name":"LA PRIMERA SALA CONFIRMA AMPARO PARA QUE EL CONGRESO DE LA UNI\u00d3N EXPIDA EL C\u00d3DIGO NACIONAL DE PROCEDIMIENTOS CIVILES Y FAMILIARES -","isPartOf":{"@id":"https:\/\/quehacerpolitico.mx\/#website"},"primaryImageOfPage":{"@id":"https:\/\/quehacerpolitico.mx\/?p=80885#primaryimage"},"image":{"@id":"https:\/\/quehacerpolitico.mx\/?p=80885#primaryimage"},"thumbnailUrl":"https:\/\/quehacerpolitico.mx\/wp-content\/uploads\/2021\/05\/31A722FF-0923-4CF5-93F4-6518788BEC17.jpeg","datePublished":"2021-05-13T16:42:47+00:00","author":{"@id":"https:\/\/quehacerpolitico.mx\/#\/schema\/person\/496d8ad2d1d3f8036101dca7ee39e585"},"breadcrumb":{"@id":"https:\/\/quehacerpolitico.mx\/?p=80885#breadcrumb"},"inLanguage":"es","potentialAction":[{"@type":"ReadAction","target":["https:\/\/quehacerpolitico.mx\/?p=80885"]}]},{"@type":"ImageObject","inLanguage":"es","@id":"https:\/\/quehacerpolitico.mx\/?p=80885#primaryimage","url":"https:\/\/quehacerpolitico.mx\/wp-content\/uploads\/2021\/05\/31A722FF-0923-4CF5-93F4-6518788BEC17.jpeg","contentUrl":"https:\/\/quehacerpolitico.mx\/wp-content\/uploads\/2021\/05\/31A722FF-0923-4CF5-93F4-6518788BEC17.jpeg","width":640,"height":480},{"@type":"BreadcrumbList","@id":"https:\/\/quehacerpolitico.mx\/?p=80885#breadcrumb","itemListElement":[{"@type":"ListItem","position":1,"name":"Inicio","item":"https:\/\/quehacerpolitico.mx\/"},{"@type":"ListItem","position":2,"name":"LA PRIMERA SALA CONFIRMA AMPARO PARA QUE EL CONGRESO DE LA UNI\u00d3N EXPIDA EL C\u00d3DIGO NACIONAL DE PROCEDIMIENTOS CIVILES Y FAMILIARES"}]},{"@type":"WebSite","@id":"https:\/\/quehacerpolitico.mx\/#website","url":"https:\/\/quehacerpolitico.mx\/","name":"","description":"","potentialAction":[{"@type":"SearchAction","target":{"@type":"EntryPoint","urlTemplate":"https:\/\/quehacerpolitico.mx\/?s={search_term_string}"},"query-input":{"@type":"PropertyValueSpecification","valueRequired":true,"valueName":"search_term_string"}}],"inLanguage":"es"},{"@type":"Person","@id":"https:\/\/quehacerpolitico.mx\/#\/schema\/person\/496d8ad2d1d3f8036101dca7ee39e585","name":"Redacci\u00f3n QP","image":{"@type":"ImageObject","inLanguage":"es","@id":"https:\/\/secure.gravatar.com\/avatar\/c7164ed6fdec453195284ad24a5ae5b6e1eed2b848477fa2a4787ba9adf39a41?s=96&d=mm&r=g","url":"https:\/\/secure.gravatar.com\/avatar\/c7164ed6fdec453195284ad24a5ae5b6e1eed2b848477fa2a4787ba9adf39a41?s=96&d=mm&r=g","contentUrl":"https:\/\/secure.gravatar.com\/avatar\/c7164ed6fdec453195284ad24a5ae5b6e1eed2b848477fa2a4787ba9adf39a41?s=96&d=mm&r=g","caption":"Redacci\u00f3n QP"},"url":"https:\/\/quehacerpolitico.mx\/?author=2"}]}},"featured_image_urls":{"full":["https:\/\/quehacerpolitico.mx\/wp-content\/uploads\/2021\/05\/31A722FF-0923-4CF5-93F4-6518788BEC17.jpeg",640,480,false],"thumbnail":["https:\/\/quehacerpolitico.mx\/wp-content\/uploads\/2021\/05\/31A722FF-0923-4CF5-93F4-6518788BEC17-150x150.jpeg",150,150,true],"medium":["https:\/\/quehacerpolitico.mx\/wp-content\/uploads\/2021\/05\/31A722FF-0923-4CF5-93F4-6518788BEC17-300x225.jpeg",300,225,true],"medium_large":["https:\/\/quehacerpolitico.mx\/wp-content\/uploads\/2021\/05\/31A722FF-0923-4CF5-93F4-6518788BEC17.jpeg",640,480,false],"large":["https:\/\/quehacerpolitico.mx\/wp-content\/uploads\/2021\/05\/31A722FF-0923-4CF5-93F4-6518788BEC17.jpeg",640,480,false],"1536x1536":["https:\/\/quehacerpolitico.mx\/wp-content\/uploads\/2021\/05\/31A722FF-0923-4CF5-93F4-6518788BEC17.jpeg",640,480,false],"2048x2048":["https:\/\/quehacerpolitico.mx\/wp-content\/uploads\/2021\/05\/31A722FF-0923-4CF5-93F4-6518788BEC17.jpeg",640,480,false],"covernews-featured":["https:\/\/quehacerpolitico.mx\/wp-content\/uploads\/2021\/05\/31A722FF-0923-4CF5-93F4-6518788BEC17.jpeg",640,480,false],"covernews-medium":["https:\/\/quehacerpolitico.mx\/wp-content\/uploads\/2021\/05\/31A722FF-0923-4CF5-93F4-6518788BEC17.jpeg",453,340,false]},"author_info":{"display_name":"Redacci\u00f3n QP","author_link":"https:\/\/quehacerpolitico.mx\/?author=2"},"category_info":"<a href=\"https:\/\/quehacerpolitico.mx\/?cat=2\" rel=\"category\">Noticias<\/a>","tag_info":"Noticias","comment_count":"0","_links":{"self":[{"href":"https:\/\/quehacerpolitico.mx\/index.php?rest_route=\/wp\/v2\/posts\/80885","targetHints":{"allow":["GET"]}}],"collection":[{"href":"https:\/\/quehacerpolitico.mx\/index.php?rest_route=\/wp\/v2\/posts"}],"about":[{"href":"https:\/\/quehacerpolitico.mx\/index.php?rest_route=\/wp\/v2\/types\/post"}],"author":[{"embeddable":true,"href":"https:\/\/quehacerpolitico.mx\/index.php?rest_route=\/wp\/v2\/users\/2"}],"replies":[{"embeddable":true,"href":"https:\/\/quehacerpolitico.mx\/index.php?rest_route=%2Fwp%2Fv2%2Fcomments&post=80885"}],"version-history":[{"count":0,"href":"https:\/\/quehacerpolitico.mx\/index.php?rest_route=\/wp\/v2\/posts\/80885\/revisions"}],"wp:featuredmedia":[{"embeddable":true,"href":"https:\/\/quehacerpolitico.mx\/index.php?rest_route=\/wp\/v2\/media\/80886"}],"wp:attachment":[{"href":"https:\/\/quehacerpolitico.mx\/index.php?rest_route=%2Fwp%2Fv2%2Fmedia&parent=80885"}],"wp:term":[{"taxonomy":"category","embeddable":true,"href":"https:\/\/quehacerpolitico.mx\/index.php?rest_route=%2Fwp%2Fv2%2Fcategories&post=80885"},{"taxonomy":"post_tag","embeddable":true,"href":"https:\/\/quehacerpolitico.mx\/index.php?rest_route=%2Fwp%2Fv2%2Ftags&post=80885"}],"curies":[{"name":"wp","href":"https:\/\/api.w.org\/{rel}","templated":true}]}}