{"id":80882,"date":"2021-05-13T16:31:29","date_gmt":"2021-05-13T16:31:29","guid":{"rendered":"https:\/\/quehacerpolitico.mx\/?p=80882"},"modified":"2021-05-13T16:31:29","modified_gmt":"2021-05-13T16:31:29","slug":"la-primera-sala-reconoce-la-constitucionalidad-del-tratado-de-extradicion-entre-los-estados-unidos-mexicanos-y-los-estados-unidos-de-america-asi-como-de-la-ley-de-extradicion-internacional","status":"publish","type":"post","link":"https:\/\/quehacerpolitico.mx\/?p=80882","title":{"rendered":"LA PRIMERA SALA RECONOCE LA CONSTITUCIONALIDAD DEL TRATADO DE EXTRADICI\u00d3N ENTRE LOS ESTADOS UNIDOS MEXICANOS Y LOS ESTADOS UNIDOS DE AM\u00c9RICA, AS\u00cd COMO DE LA LEY DE EXTRADICI\u00d3N INTERNACIONAL"},"content":{"rendered":"<p><strong><span data-originalfontsize=\"12pt\" data-originalcomputedfontsize=\"16\">LA PRIMERA SALA RECONOCE LA CONSTITUCIONALIDAD DEL TRATADO DE EXTRADICI\u00d3N ENTRE LOS ESTADOS UNIDOS MEXICANOS Y LOS ESTADOS UNIDOS DE AM\u00c9RICA, AS\u00cd COMO DE LA LEY DE EXTRADICI\u00d3N INTERNACIONAL<\/span><\/strong><\/p>\n<p>Por Redacci\u00f3n QP<\/p>\n<p><span data-originalfontsize=\"12pt\" data-originalcomputedfontsize=\"16\">La Primera Sala de la Suprema Corte de Justicia de la Naci\u00f3n, en sesi\u00f3n remota, valid\u00f3 la constitucionalidad de los art\u00edculos 3\u00b0 y 13 del Tratado de Extradici\u00f3n entre los Estados Unidos Mexicanos y los Estados Unidos de Am\u00e9rica, as\u00ed como el precepto 1\u00b0 de la Ley de Extradici\u00f3n Internacional.<\/span><\/p>\n<p><span data-originalfontsize=\"12pt\" data-originalcomputedfontsize=\"16\">El asunto se origin\u00f3 en el marco de un procedimiento de extradici\u00f3n. Una persona fue detenida, a solicitud de los Estados Unidos de Am\u00e9rica, para ser procesada en aquel pa\u00eds por diversos delitos, entre otros, los de asociaci\u00f3n delictuosa, lavado de dinero y fraude bancario. Una vez detenida, la persona tuvo una audiencia en la que se le hizo saber la petici\u00f3n de extradici\u00f3n, se le dio oportunidad de designar defensores, oponer excepciones y, posteriormente, ofrecer pruebas. Una vez agotado el procedimiento, el Secretario de Relaciones Exteriores emiti\u00f3 un acuerdo en el que se concedi\u00f3 la extradici\u00f3n solicitada.<\/span><\/p>\n<p><span data-originalfontsize=\"12pt\" data-originalcomputedfontsize=\"16\">En contra del acuerdo de extradici\u00f3n anterior, la persona promovi\u00f3 un amparo y reclam\u00f3 la inconstitucionalidad de los art\u00edculos 3\u00ba y 13 del Tratado de Extradici\u00f3n entre los Estados Unidos Mexicanos y los Estados Unidos de Am\u00e9rica, as\u00ed como 1\u00ba de la Ley de Extradici\u00f3n Internacional. En esencia, el quejoso aleg\u00f3 que los art\u00edculos antes referidos no dan certeza sobre el procedimiento a seguir: qui\u00e9n es la autoridad facultada para resolver y cu\u00e1l es la legislaci\u00f3n aplicable para la valoraci\u00f3n de pruebas. Adem\u00e1s, se\u00f1al\u00f3 que el procedimiento no contempla los mismos derechos para las personas que son requeridas por un gobierno extranjero para ser procesadas penalmente en comparaci\u00f3n con aqu\u00e9llas que est\u00e1n sujetas a un proceso penal en territorio nacional.<\/span><\/p>\n<p><span data-originalfontsize=\"12pt\" data-originalcomputedfontsize=\"16\">La Primera Sala resolvi\u00f3 que los art\u00edculos impugnados no generan inseguridad jur\u00eddica ni un estado de indefensi\u00f3n, pues el procedimiento se encuentra regulado, internamente y con suficiente claridad, en la diversa Ley de Extradici\u00f3n Internacional. Por lo anterior, contrario a lo manifestado por la persona que solicit\u00f3 el amparo, s\u00ed hay claridad sobre las autoridades que intervienen: tanto la autoridad judicial como la Secretar\u00eda de Relaciones Exteriores. \u00c9stas \u00faltimas autoridades son a quienes corresponde valorar las pruebas, debi\u00e9ndolo hacer de manera objetiva y razonable, para decidir respecto de las excepciones planteadas por la persona sujeta al proceso de extradici\u00f3n. Adem\u00e1s, los preceptos brindan los mecanismos jur\u00eddicos que permiten a las personas conocer plenamente la causa y objeto del procedimiento, la oportunidad de ofrecer y desahogar pruebas, as\u00ed como el acceso a un recurso efectivo.<\/span><\/p>\n<p><span data-originalfontsize=\"12pt\" data-originalcomputedfontsize=\"16\">Finalmente, la Primera Sala concluy\u00f3 que era inexacto considerar que el art\u00edculo 1\u00b0 de la Ley de Extradici\u00f3n Internacional establece un trato discriminatorio entre las personas que est\u00e1n sujetas a un proceso de extradici\u00f3n en comparaci\u00f3n con las que llevan un proceso penal en territorio nacional, pues no es un par\u00e1metro de comparaci\u00f3n v\u00e1lido en virtud de las distintas finalidades y consecuencias existentes entre uno y otro procedimiento.<\/span><\/p>\n<p><span data-originalfontsize=\"12pt\" data-originalcomputedfontsize=\"16\">Con base en estas consideraciones, la Primera Sala neg\u00f3 el amparo en la materia de constitucionalidad y orden\u00f3 devolver el asunto al Tribunal Colegiado del conocimiento para que, en el \u00e1mbito de su competencia, analizara los vicios de legalidad que la persona hizo valer en contra del acuerdo de extradici\u00f3n internacional reclamado y su ejecuci\u00f3n.<\/span><\/p>\n<p><em><span data-removefontsize=\"true\" data-originalcomputedfontsize=\"16\">Amparo en revisi\u00f3n 314\/2020. Ponente: Ministra Ana Margarita R\u00edos Farjat. Resuelto en sesi\u00f3n de 12 de mayo de 2021, por unanimidad de cinco votos.<\/span><\/em><\/p>\n","protected":false},"excerpt":{"rendered":"<p>LA PRIMERA SALA RECONOCE LA CONSTITUCIONALIDAD DEL TRATADO DE EXTRADICI\u00d3N ENTRE LOS ESTADOS UNIDOS MEXICANOS&#8230;<\/p>\n","protected":false},"author":2,"featured_media":80883,"comment_status":"open","ping_status":"open","sticky":false,"template":"","format":"standard","meta":{"_monsterinsights_skip_tracking":false,"_monsterinsights_sitenote_active":false,"_monsterinsights_sitenote_note":"","_monsterinsights_sitenote_category":0,"footnotes":""},"categories":[2],"tags":[],"class_list":["post-80882","post","type-post","status-publish","format-standard","has-post-thumbnail","hentry","category-noticias"],"yoast_head":"<!-- This site is optimized with the Yoast SEO plugin v27.3 - https:\/\/yoast.com\/product\/yoast-seo-wordpress\/ -->\n<title>LA PRIMERA SALA RECONOCE LA CONSTITUCIONALIDAD DEL TRATADO DE EXTRADICI\u00d3N ENTRE LOS ESTADOS UNIDOS MEXICANOS Y LOS ESTADOS UNIDOS DE AM\u00c9RICA, AS\u00cd COMO DE LA LEY DE EXTRADICI\u00d3N INTERNACIONAL -<\/title>\n<meta name=\"robots\" content=\"index, follow, max-snippet:-1, max-image-preview:large, max-video-preview:-1\" \/>\n<link rel=\"canonical\" href=\"https:\/\/quehacerpolitico.mx\/?p=80882\" \/>\n<meta property=\"og:locale\" content=\"es_MX\" \/>\n<meta property=\"og:type\" content=\"article\" \/>\n<meta property=\"og:title\" content=\"LA PRIMERA SALA RECONOCE LA CONSTITUCIONALIDAD DEL TRATADO DE EXTRADICI\u00d3N ENTRE LOS ESTADOS UNIDOS MEXICANOS Y LOS ESTADOS UNIDOS DE AM\u00c9RICA, AS\u00cd COMO DE LA LEY DE EXTRADICI\u00d3N INTERNACIONAL -\" \/>\n<meta property=\"og:description\" content=\"LA PRIMERA SALA RECONOCE LA CONSTITUCIONALIDAD DEL TRATADO DE EXTRADICI\u00d3N ENTRE LOS ESTADOS UNIDOS MEXICANOS...\" \/>\n<meta property=\"og:url\" content=\"https:\/\/quehacerpolitico.mx\/?p=80882\" \/>\n<meta property=\"article:published_time\" content=\"2021-05-13T16:31:29+00:00\" \/>\n<meta property=\"og:image\" content=\"https:\/\/quehacerpolitico.mx\/wp-content\/uploads\/2021\/05\/0634EB7A-91FA-4C3C-9B9C-772A77EC56BC.jpeg\" \/>\n\t<meta property=\"og:image:width\" content=\"807\" \/>\n\t<meta property=\"og:image:height\" content=\"380\" \/>\n\t<meta property=\"og:image:type\" content=\"image\/jpeg\" \/>\n<meta name=\"author\" content=\"Redacci\u00f3n QP\" \/>\n<meta name=\"twitter:card\" content=\"summary_large_image\" \/>\n<meta name=\"twitter:label1\" content=\"Escrito por\" \/>\n\t<meta name=\"twitter:data1\" content=\"Redacci\u00f3n QP\" \/>\n\t<meta name=\"twitter:label2\" content=\"Tiempo de lectura\" \/>\n\t<meta name=\"twitter:data2\" content=\"3 minutos\" \/>\n<script type=\"application\/ld+json\" class=\"yoast-schema-graph\">{\"@context\":\"https:\\\/\\\/schema.org\",\"@graph\":[{\"@type\":\"Article\",\"@id\":\"https:\\\/\\\/quehacerpolitico.mx\\\/?p=80882#article\",\"isPartOf\":{\"@id\":\"https:\\\/\\\/quehacerpolitico.mx\\\/?p=80882\"},\"author\":{\"name\":\"Redacci\u00f3n QP\",\"@id\":\"https:\\\/\\\/quehacerpolitico.mx\\\/#\\\/schema\\\/person\\\/496d8ad2d1d3f8036101dca7ee39e585\"},\"headline\":\"LA PRIMERA SALA RECONOCE LA CONSTITUCIONALIDAD DEL TRATADO DE EXTRADICI\u00d3N ENTRE LOS ESTADOS UNIDOS MEXICANOS Y LOS ESTADOS UNIDOS DE AM\u00c9RICA, AS\u00cd COMO DE LA LEY DE EXTRADICI\u00d3N INTERNACIONAL\",\"datePublished\":\"2021-05-13T16:31:29+00:00\",\"mainEntityOfPage\":{\"@id\":\"https:\\\/\\\/quehacerpolitico.mx\\\/?p=80882\"},\"wordCount\":657,\"commentCount\":0,\"image\":{\"@id\":\"https:\\\/\\\/quehacerpolitico.mx\\\/?p=80882#primaryimage\"},\"thumbnailUrl\":\"https:\\\/\\\/quehacerpolitico.mx\\\/wp-content\\\/uploads\\\/2021\\\/05\\\/0634EB7A-91FA-4C3C-9B9C-772A77EC56BC.jpeg\",\"articleSection\":[\"Noticias\"],\"inLanguage\":\"es\",\"potentialAction\":[{\"@type\":\"CommentAction\",\"name\":\"Comment\",\"target\":[\"https:\\\/\\\/quehacerpolitico.mx\\\/?p=80882#respond\"]}]},{\"@type\":\"WebPage\",\"@id\":\"https:\\\/\\\/quehacerpolitico.mx\\\/?p=80882\",\"url\":\"https:\\\/\\\/quehacerpolitico.mx\\\/?p=80882\",\"name\":\"LA PRIMERA SALA RECONOCE LA CONSTITUCIONALIDAD DEL TRATADO DE EXTRADICI\u00d3N ENTRE LOS ESTADOS UNIDOS MEXICANOS Y LOS ESTADOS UNIDOS DE AM\u00c9RICA, AS\u00cd COMO DE LA LEY DE EXTRADICI\u00d3N INTERNACIONAL -\",\"isPartOf\":{\"@id\":\"https:\\\/\\\/quehacerpolitico.mx\\\/#website\"},\"primaryImageOfPage\":{\"@id\":\"https:\\\/\\\/quehacerpolitico.mx\\\/?p=80882#primaryimage\"},\"image\":{\"@id\":\"https:\\\/\\\/quehacerpolitico.mx\\\/?p=80882#primaryimage\"},\"thumbnailUrl\":\"https:\\\/\\\/quehacerpolitico.mx\\\/wp-content\\\/uploads\\\/2021\\\/05\\\/0634EB7A-91FA-4C3C-9B9C-772A77EC56BC.jpeg\",\"datePublished\":\"2021-05-13T16:31:29+00:00\",\"author\":{\"@id\":\"https:\\\/\\\/quehacerpolitico.mx\\\/#\\\/schema\\\/person\\\/496d8ad2d1d3f8036101dca7ee39e585\"},\"breadcrumb\":{\"@id\":\"https:\\\/\\\/quehacerpolitico.mx\\\/?p=80882#breadcrumb\"},\"inLanguage\":\"es\",\"potentialAction\":[{\"@type\":\"ReadAction\",\"target\":[\"https:\\\/\\\/quehacerpolitico.mx\\\/?p=80882\"]}]},{\"@type\":\"ImageObject\",\"inLanguage\":\"es\",\"@id\":\"https:\\\/\\\/quehacerpolitico.mx\\\/?p=80882#primaryimage\",\"url\":\"https:\\\/\\\/quehacerpolitico.mx\\\/wp-content\\\/uploads\\\/2021\\\/05\\\/0634EB7A-91FA-4C3C-9B9C-772A77EC56BC.jpeg\",\"contentUrl\":\"https:\\\/\\\/quehacerpolitico.mx\\\/wp-content\\\/uploads\\\/2021\\\/05\\\/0634EB7A-91FA-4C3C-9B9C-772A77EC56BC.jpeg\",\"width\":807,\"height\":380},{\"@type\":\"BreadcrumbList\",\"@id\":\"https:\\\/\\\/quehacerpolitico.mx\\\/?p=80882#breadcrumb\",\"itemListElement\":[{\"@type\":\"ListItem\",\"position\":1,\"name\":\"Inicio\",\"item\":\"https:\\\/\\\/quehacerpolitico.mx\\\/\"},{\"@type\":\"ListItem\",\"position\":2,\"name\":\"LA PRIMERA SALA RECONOCE LA CONSTITUCIONALIDAD DEL TRATADO DE EXTRADICI\u00d3N ENTRE LOS ESTADOS UNIDOS MEXICANOS Y LOS ESTADOS UNIDOS DE AM\u00c9RICA, AS\u00cd COMO DE LA LEY DE EXTRADICI\u00d3N INTERNACIONAL\"}]},{\"@type\":\"WebSite\",\"@id\":\"https:\\\/\\\/quehacerpolitico.mx\\\/#website\",\"url\":\"https:\\\/\\\/quehacerpolitico.mx\\\/\",\"name\":\"\",\"description\":\"\",\"potentialAction\":[{\"@type\":\"SearchAction\",\"target\":{\"@type\":\"EntryPoint\",\"urlTemplate\":\"https:\\\/\\\/quehacerpolitico.mx\\\/?s={search_term_string}\"},\"query-input\":{\"@type\":\"PropertyValueSpecification\",\"valueRequired\":true,\"valueName\":\"search_term_string\"}}],\"inLanguage\":\"es\"},{\"@type\":\"Person\",\"@id\":\"https:\\\/\\\/quehacerpolitico.mx\\\/#\\\/schema\\\/person\\\/496d8ad2d1d3f8036101dca7ee39e585\",\"name\":\"Redacci\u00f3n QP\",\"image\":{\"@type\":\"ImageObject\",\"inLanguage\":\"es\",\"@id\":\"https:\\\/\\\/secure.gravatar.com\\\/avatar\\\/c7164ed6fdec453195284ad24a5ae5b6e1eed2b848477fa2a4787ba9adf39a41?s=96&d=mm&r=g\",\"url\":\"https:\\\/\\\/secure.gravatar.com\\\/avatar\\\/c7164ed6fdec453195284ad24a5ae5b6e1eed2b848477fa2a4787ba9adf39a41?s=96&d=mm&r=g\",\"contentUrl\":\"https:\\\/\\\/secure.gravatar.com\\\/avatar\\\/c7164ed6fdec453195284ad24a5ae5b6e1eed2b848477fa2a4787ba9adf39a41?s=96&d=mm&r=g\",\"caption\":\"Redacci\u00f3n QP\"},\"url\":\"https:\\\/\\\/quehacerpolitico.mx\\\/?author=2\"}]}<\/script>\n<!-- \/ Yoast SEO plugin. -->","yoast_head_json":{"title":"LA PRIMERA SALA RECONOCE LA CONSTITUCIONALIDAD DEL TRATADO DE EXTRADICI\u00d3N ENTRE LOS ESTADOS UNIDOS MEXICANOS Y LOS ESTADOS UNIDOS DE AM\u00c9RICA, AS\u00cd COMO DE LA LEY DE EXTRADICI\u00d3N INTERNACIONAL -","robots":{"index":"index","follow":"follow","max-snippet":"max-snippet:-1","max-image-preview":"max-image-preview:large","max-video-preview":"max-video-preview:-1"},"canonical":"https:\/\/quehacerpolitico.mx\/?p=80882","og_locale":"es_MX","og_type":"article","og_title":"LA PRIMERA SALA RECONOCE LA CONSTITUCIONALIDAD DEL TRATADO DE EXTRADICI\u00d3N ENTRE LOS ESTADOS UNIDOS MEXICANOS Y LOS ESTADOS UNIDOS DE AM\u00c9RICA, AS\u00cd COMO DE LA LEY DE EXTRADICI\u00d3N INTERNACIONAL -","og_description":"LA PRIMERA SALA RECONOCE LA CONSTITUCIONALIDAD DEL TRATADO DE EXTRADICI\u00d3N ENTRE LOS ESTADOS UNIDOS MEXICANOS...","og_url":"https:\/\/quehacerpolitico.mx\/?p=80882","article_published_time":"2021-05-13T16:31:29+00:00","og_image":[{"width":807,"height":380,"url":"https:\/\/quehacerpolitico.mx\/wp-content\/uploads\/2021\/05\/0634EB7A-91FA-4C3C-9B9C-772A77EC56BC.jpeg","type":"image\/jpeg"}],"author":"Redacci\u00f3n QP","twitter_card":"summary_large_image","twitter_misc":{"Escrito por":"Redacci\u00f3n QP","Tiempo de lectura":"3 minutos"},"schema":{"@context":"https:\/\/schema.org","@graph":[{"@type":"Article","@id":"https:\/\/quehacerpolitico.mx\/?p=80882#article","isPartOf":{"@id":"https:\/\/quehacerpolitico.mx\/?p=80882"},"author":{"name":"Redacci\u00f3n QP","@id":"https:\/\/quehacerpolitico.mx\/#\/schema\/person\/496d8ad2d1d3f8036101dca7ee39e585"},"headline":"LA PRIMERA SALA RECONOCE LA CONSTITUCIONALIDAD DEL TRATADO DE EXTRADICI\u00d3N ENTRE LOS ESTADOS UNIDOS MEXICANOS Y LOS ESTADOS UNIDOS DE AM\u00c9RICA, AS\u00cd COMO DE LA LEY DE EXTRADICI\u00d3N INTERNACIONAL","datePublished":"2021-05-13T16:31:29+00:00","mainEntityOfPage":{"@id":"https:\/\/quehacerpolitico.mx\/?p=80882"},"wordCount":657,"commentCount":0,"image":{"@id":"https:\/\/quehacerpolitico.mx\/?p=80882#primaryimage"},"thumbnailUrl":"https:\/\/quehacerpolitico.mx\/wp-content\/uploads\/2021\/05\/0634EB7A-91FA-4C3C-9B9C-772A77EC56BC.jpeg","articleSection":["Noticias"],"inLanguage":"es","potentialAction":[{"@type":"CommentAction","name":"Comment","target":["https:\/\/quehacerpolitico.mx\/?p=80882#respond"]}]},{"@type":"WebPage","@id":"https:\/\/quehacerpolitico.mx\/?p=80882","url":"https:\/\/quehacerpolitico.mx\/?p=80882","name":"LA PRIMERA SALA RECONOCE LA CONSTITUCIONALIDAD DEL TRATADO DE EXTRADICI\u00d3N ENTRE LOS ESTADOS UNIDOS MEXICANOS Y LOS ESTADOS UNIDOS DE AM\u00c9RICA, AS\u00cd COMO DE LA LEY DE EXTRADICI\u00d3N INTERNACIONAL -","isPartOf":{"@id":"https:\/\/quehacerpolitico.mx\/#website"},"primaryImageOfPage":{"@id":"https:\/\/quehacerpolitico.mx\/?p=80882#primaryimage"},"image":{"@id":"https:\/\/quehacerpolitico.mx\/?p=80882#primaryimage"},"thumbnailUrl":"https:\/\/quehacerpolitico.mx\/wp-content\/uploads\/2021\/05\/0634EB7A-91FA-4C3C-9B9C-772A77EC56BC.jpeg","datePublished":"2021-05-13T16:31:29+00:00","author":{"@id":"https:\/\/quehacerpolitico.mx\/#\/schema\/person\/496d8ad2d1d3f8036101dca7ee39e585"},"breadcrumb":{"@id":"https:\/\/quehacerpolitico.mx\/?p=80882#breadcrumb"},"inLanguage":"es","potentialAction":[{"@type":"ReadAction","target":["https:\/\/quehacerpolitico.mx\/?p=80882"]}]},{"@type":"ImageObject","inLanguage":"es","@id":"https:\/\/quehacerpolitico.mx\/?p=80882#primaryimage","url":"https:\/\/quehacerpolitico.mx\/wp-content\/uploads\/2021\/05\/0634EB7A-91FA-4C3C-9B9C-772A77EC56BC.jpeg","contentUrl":"https:\/\/quehacerpolitico.mx\/wp-content\/uploads\/2021\/05\/0634EB7A-91FA-4C3C-9B9C-772A77EC56BC.jpeg","width":807,"height":380},{"@type":"BreadcrumbList","@id":"https:\/\/quehacerpolitico.mx\/?p=80882#breadcrumb","itemListElement":[{"@type":"ListItem","position":1,"name":"Inicio","item":"https:\/\/quehacerpolitico.mx\/"},{"@type":"ListItem","position":2,"name":"LA PRIMERA SALA RECONOCE LA CONSTITUCIONALIDAD DEL TRATADO DE EXTRADICI\u00d3N ENTRE LOS ESTADOS UNIDOS MEXICANOS Y LOS ESTADOS UNIDOS DE AM\u00c9RICA, AS\u00cd COMO DE LA LEY DE EXTRADICI\u00d3N INTERNACIONAL"}]},{"@type":"WebSite","@id":"https:\/\/quehacerpolitico.mx\/#website","url":"https:\/\/quehacerpolitico.mx\/","name":"","description":"","potentialAction":[{"@type":"SearchAction","target":{"@type":"EntryPoint","urlTemplate":"https:\/\/quehacerpolitico.mx\/?s={search_term_string}"},"query-input":{"@type":"PropertyValueSpecification","valueRequired":true,"valueName":"search_term_string"}}],"inLanguage":"es"},{"@type":"Person","@id":"https:\/\/quehacerpolitico.mx\/#\/schema\/person\/496d8ad2d1d3f8036101dca7ee39e585","name":"Redacci\u00f3n QP","image":{"@type":"ImageObject","inLanguage":"es","@id":"https:\/\/secure.gravatar.com\/avatar\/c7164ed6fdec453195284ad24a5ae5b6e1eed2b848477fa2a4787ba9adf39a41?s=96&d=mm&r=g","url":"https:\/\/secure.gravatar.com\/avatar\/c7164ed6fdec453195284ad24a5ae5b6e1eed2b848477fa2a4787ba9adf39a41?s=96&d=mm&r=g","contentUrl":"https:\/\/secure.gravatar.com\/avatar\/c7164ed6fdec453195284ad24a5ae5b6e1eed2b848477fa2a4787ba9adf39a41?s=96&d=mm&r=g","caption":"Redacci\u00f3n QP"},"url":"https:\/\/quehacerpolitico.mx\/?author=2"}]}},"featured_image_urls":{"full":["https:\/\/quehacerpolitico.mx\/wp-content\/uploads\/2021\/05\/0634EB7A-91FA-4C3C-9B9C-772A77EC56BC.jpeg",807,380,false],"thumbnail":["https:\/\/quehacerpolitico.mx\/wp-content\/uploads\/2021\/05\/0634EB7A-91FA-4C3C-9B9C-772A77EC56BC-150x150.jpeg",150,150,true],"medium":["https:\/\/quehacerpolitico.mx\/wp-content\/uploads\/2021\/05\/0634EB7A-91FA-4C3C-9B9C-772A77EC56BC-300x141.jpeg",300,141,true],"medium_large":["https:\/\/quehacerpolitico.mx\/wp-content\/uploads\/2021\/05\/0634EB7A-91FA-4C3C-9B9C-772A77EC56BC-768x362.jpeg",640,302,true],"large":["https:\/\/quehacerpolitico.mx\/wp-content\/uploads\/2021\/05\/0634EB7A-91FA-4C3C-9B9C-772A77EC56BC.jpeg",640,301,false],"1536x1536":["https:\/\/quehacerpolitico.mx\/wp-content\/uploads\/2021\/05\/0634EB7A-91FA-4C3C-9B9C-772A77EC56BC.jpeg",807,380,false],"2048x2048":["https:\/\/quehacerpolitico.mx\/wp-content\/uploads\/2021\/05\/0634EB7A-91FA-4C3C-9B9C-772A77EC56BC.jpeg",807,380,false],"covernews-featured":["https:\/\/quehacerpolitico.mx\/wp-content\/uploads\/2021\/05\/0634EB7A-91FA-4C3C-9B9C-772A77EC56BC.jpeg",807,380,false],"covernews-medium":["https:\/\/quehacerpolitico.mx\/wp-content\/uploads\/2021\/05\/0634EB7A-91FA-4C3C-9B9C-772A77EC56BC.jpeg",540,254,false]},"author_info":{"display_name":"Redacci\u00f3n QP","author_link":"https:\/\/quehacerpolitico.mx\/?author=2"},"category_info":"<a href=\"https:\/\/quehacerpolitico.mx\/?cat=2\" rel=\"category\">Noticias<\/a>","tag_info":"Noticias","comment_count":"0","_links":{"self":[{"href":"https:\/\/quehacerpolitico.mx\/index.php?rest_route=\/wp\/v2\/posts\/80882","targetHints":{"allow":["GET"]}}],"collection":[{"href":"https:\/\/quehacerpolitico.mx\/index.php?rest_route=\/wp\/v2\/posts"}],"about":[{"href":"https:\/\/quehacerpolitico.mx\/index.php?rest_route=\/wp\/v2\/types\/post"}],"author":[{"embeddable":true,"href":"https:\/\/quehacerpolitico.mx\/index.php?rest_route=\/wp\/v2\/users\/2"}],"replies":[{"embeddable":true,"href":"https:\/\/quehacerpolitico.mx\/index.php?rest_route=%2Fwp%2Fv2%2Fcomments&post=80882"}],"version-history":[{"count":0,"href":"https:\/\/quehacerpolitico.mx\/index.php?rest_route=\/wp\/v2\/posts\/80882\/revisions"}],"wp:featuredmedia":[{"embeddable":true,"href":"https:\/\/quehacerpolitico.mx\/index.php?rest_route=\/wp\/v2\/media\/80883"}],"wp:attachment":[{"href":"https:\/\/quehacerpolitico.mx\/index.php?rest_route=%2Fwp%2Fv2%2Fmedia&parent=80882"}],"wp:term":[{"taxonomy":"category","embeddable":true,"href":"https:\/\/quehacerpolitico.mx\/index.php?rest_route=%2Fwp%2Fv2%2Fcategories&post=80882"},{"taxonomy":"post_tag","embeddable":true,"href":"https:\/\/quehacerpolitico.mx\/index.php?rest_route=%2Fwp%2Fv2%2Ftags&post=80882"}],"curies":[{"name":"wp","href":"https:\/\/api.w.org\/{rel}","templated":true}]}}