{"id":80870,"date":"2021-05-13T15:50:10","date_gmt":"2021-05-13T15:50:10","guid":{"rendered":"https:\/\/quehacerpolitico.mx\/?p=80870"},"modified":"2021-05-13T15:50:10","modified_gmt":"2021-05-13T15:50:10","slug":"amlo-la-respuesta-del-presidente-tras-ser-denunciado-ante-la-oea","status":"publish","type":"post","link":"https:\/\/quehacerpolitico.mx\/?p=80870","title":{"rendered":"AMLO: La respuesta del Presidente tras ser denunciado ante la OEA"},"content":{"rendered":"<h1 class=\"news-title\">AMLO: La respuesta del Presidente tras ser denunciado ante la OEA<br \/>\nPor Redacci\u00f3n QP<\/h1>\n<p>Un candidato a gobernador en Nuevo Le\u00f3n acusa al Presidente de &#8221;intervenir en las elecciones&#8221; de este 2021<\/p>\n<p>El Presidente de M\u00e9xico, Andr\u00e9s Manuel L\u00f3pez Obrador (AMLO), respondi\u00f3 este jueves que <strong>no tiene &#8220;nada que ocultar&#8221;,<\/strong> tras ser denunciado ante la Organizaci\u00f3n de Estados Americanos (OEA) por un candidato a gobernador de Nuevo Le\u00f3n que lo acusa de &#8220;intervenir en las elecciones&#8221;.<\/p>\n<div id=\"div-pos-2\">&#8220;Nosotros no tenemos nada que ocultar. Estamos luchando por la democracia, queremos la transformaci\u00f3n del pa\u00eds y estamos en contra de la corrupci\u00f3n. <strong>Puede venir cualquier organizaci\u00f3n, tiene las puertas abiertas&#8221;,<\/strong>expres\u00f3 en su rueda de prensa matutina en Palacio Nacional.<\/div>\n<p>A solicitud de AMLO, la Fiscal\u00eda mexicana abri\u00f3 esta semana una investigaci\u00f3n por compra de votos en contra del candidato del Partido Revolucionario Institucional (PRI) en Nuevo Le\u00f3n, <strong>Adri\u00e1n de la Garza, y este acudi\u00f3 ante la OEA para denunciar al Presidente por intromisi\u00f3n electoral.<\/strong><\/p>\n<p><iframe loading=\"lazy\" title=\"\u201cNo tenemos nada que ocultar&quot;: dice AMLO tras denuncia de Adri\u00e1n de la Garza ante la OEA\" width=\"640\" height=\"360\" src=\"https:\/\/www.youtube.com\/embed\/1FsToqpMJm8?feature=oembed\" frameborder=\"0\" allow=\"accelerometer; autoplay; clipboard-write; encrypted-media; gyroscope; picture-in-picture; web-share\" referrerpolicy=\"strict-origin-when-cross-origin\" allowfullscreen><\/iframe><\/p>\n<p>AMLO opin\u00f3 este jueves que De la Garza cometi\u00f3 un &#8220;delito&#8221; al prometer tarjetas con apoyos econ\u00f3micos si gana las elecciones del pr\u00f3ximo 6 de junio y pidi\u00f3 al Ministerio P\u00fablico resolver el asunto.<\/p>\n<p>&#8220;No nos adelantemos. La Fiscal\u00eda tiene que decidir. <strong>Todo el mundo tiene derecho a ir a la OEA, a la ONU o a cualquier organismo internacional&#8221;,<\/strong> expres\u00f3 el mandatario.<\/p>\n<p>AMLO, del izquierdista Movimiento Regeneraci\u00f3n Nacional (Morena), aplaudi\u00f3 que se haya abierto este &#8220;debate&#8221; para que de una vez &#8220;se acabe la compra del voto&#8221;.<\/p>\n<p>&#8220;Es una inmoralidad, el pueblo tiene que ser libre, la elecci\u00f3n tiene que ser limpia&#8221;, reiter\u00f3 L\u00f3pez Obrador, quien invit\u00f3 a &#8220;toda la gente&#8221; a denunciar irregularidades en las elecciones.<\/p>\n<p>Adem\u00e1s de De la Garza, la Fiscal\u00eda investiga al candidato de Movimiento Ciudadano (MC) en Nuevo Le\u00f3n, Samuel Garc\u00eda, y a varios de sus familiares por supuesto uso de recursos il\u00edcitos para fines electorales.<\/p>\n<p>Ambos candidatos son punteros en las encuestas, por delante de la candidata del oficialista Morena, Clara Luz Flores, quien se ha desinflado en los sondeos durante las \u00faltimas semanas.<\/p>\n<p>El Presidente <strong>fue cuestionado el martes sobre si ten\u00eda algo que ver con estas investigaciones y \u00e9l respondi\u00f3 &#8220;claro que s\u00ed&#8221;,<\/strong> a pesar de que la Fiscal\u00eda es un \u00f3rgano independiente del Gobierno.<\/p>\n<p>&#8220;Lo que ha estado pasando en estas \u00faltimas fechas viola las cartas fundamentales de la democracia interamericana, que siempre se han respetado&#8221;, dijo de la Garza al presentar su denuncia.<\/p>\n<p>El 6 de junio, m\u00e1s de 93 millones de mexicanos est\u00e1n llamados a las urnas para elegir a los 500 diputados federales, 15 de 32 gobernadores estatales, 30 congresos locales y mil 900 ayuntamientos, en lo que se consideran los comicios m\u00e1s grandes de la historia de M\u00e9xico.<\/p>\n<p>Con informaci\u00f3n de EFE<\/p>\n","protected":false},"excerpt":{"rendered":"<p>AMLO: La respuesta del Presidente tras ser denunciado ante la OEA Por Redacci\u00f3n QP Un&#8230;<\/p>\n","protected":false},"author":2,"featured_media":80873,"comment_status":"open","ping_status":"open","sticky":false,"template":"","format":"standard","meta":{"_monsterinsights_skip_tracking":false,"_monsterinsights_sitenote_active":false,"_monsterinsights_sitenote_note":"","_monsterinsights_sitenote_category":0,"footnotes":""},"categories":[2],"tags":[],"class_list":["post-80870","post","type-post","status-publish","format-standard","has-post-thumbnail","hentry","category-noticias"],"yoast_head":"<!-- This site is optimized with the Yoast SEO plugin v27.3 - https:\/\/yoast.com\/product\/yoast-seo-wordpress\/ -->\n<title>AMLO: La respuesta del Presidente tras ser denunciado ante la OEA -<\/title>\n<meta name=\"robots\" content=\"index, follow, max-snippet:-1, max-image-preview:large, max-video-preview:-1\" \/>\n<link rel=\"canonical\" href=\"https:\/\/quehacerpolitico.mx\/?p=80870\" \/>\n<meta property=\"og:locale\" content=\"es_MX\" \/>\n<meta property=\"og:type\" content=\"article\" \/>\n<meta property=\"og:title\" content=\"AMLO: La respuesta del Presidente tras ser denunciado ante la OEA -\" \/>\n<meta property=\"og:description\" content=\"AMLO: La respuesta del Presidente tras ser denunciado ante la OEA Por Redacci\u00f3n QP Un...\" \/>\n<meta property=\"og:url\" content=\"https:\/\/quehacerpolitico.mx\/?p=80870\" \/>\n<meta property=\"article:published_time\" content=\"2021-05-13T15:50:10+00:00\" \/>\n<meta property=\"og:image\" content=\"https:\/\/quehacerpolitico.mx\/wp-content\/uploads\/2021\/05\/7A126BED-85BB-40FF-AE11-5A58FB34CAB5.jpeg\" \/>\n\t<meta property=\"og:image:width\" content=\"1242\" \/>\n\t<meta property=\"og:image:height\" content=\"694\" \/>\n\t<meta property=\"og:image:type\" content=\"image\/jpeg\" \/>\n<meta name=\"author\" content=\"Redacci\u00f3n QP\" \/>\n<meta name=\"twitter:card\" content=\"summary_large_image\" \/>\n<meta name=\"twitter:label1\" content=\"Escrito por\" \/>\n\t<meta name=\"twitter:data1\" content=\"Redacci\u00f3n QP\" \/>\n\t<meta name=\"twitter:label2\" content=\"Tiempo de lectura\" \/>\n\t<meta name=\"twitter:data2\" content=\"2 minutos\" \/>\n<script type=\"application\/ld+json\" class=\"yoast-schema-graph\">{\"@context\":\"https:\\\/\\\/schema.org\",\"@graph\":[{\"@type\":\"Article\",\"@id\":\"https:\\\/\\\/quehacerpolitico.mx\\\/?p=80870#article\",\"isPartOf\":{\"@id\":\"https:\\\/\\\/quehacerpolitico.mx\\\/?p=80870\"},\"author\":{\"name\":\"Redacci\u00f3n QP\",\"@id\":\"https:\\\/\\\/quehacerpolitico.mx\\\/#\\\/schema\\\/person\\\/496d8ad2d1d3f8036101dca7ee39e585\"},\"headline\":\"AMLO: La respuesta del Presidente tras ser denunciado ante la OEA\",\"datePublished\":\"2021-05-13T15:50:10+00:00\",\"mainEntityOfPage\":{\"@id\":\"https:\\\/\\\/quehacerpolitico.mx\\\/?p=80870\"},\"wordCount\":499,\"commentCount\":0,\"image\":{\"@id\":\"https:\\\/\\\/quehacerpolitico.mx\\\/?p=80870#primaryimage\"},\"thumbnailUrl\":\"https:\\\/\\\/quehacerpolitico.mx\\\/wp-content\\\/uploads\\\/2021\\\/05\\\/7A126BED-85BB-40FF-AE11-5A58FB34CAB5.jpeg\",\"articleSection\":[\"Noticias\"],\"inLanguage\":\"es\",\"potentialAction\":[{\"@type\":\"CommentAction\",\"name\":\"Comment\",\"target\":[\"https:\\\/\\\/quehacerpolitico.mx\\\/?p=80870#respond\"]}]},{\"@type\":\"WebPage\",\"@id\":\"https:\\\/\\\/quehacerpolitico.mx\\\/?p=80870\",\"url\":\"https:\\\/\\\/quehacerpolitico.mx\\\/?p=80870\",\"name\":\"AMLO: La respuesta del Presidente tras ser denunciado ante la OEA -\",\"isPartOf\":{\"@id\":\"https:\\\/\\\/quehacerpolitico.mx\\\/#website\"},\"primaryImageOfPage\":{\"@id\":\"https:\\\/\\\/quehacerpolitico.mx\\\/?p=80870#primaryimage\"},\"image\":{\"@id\":\"https:\\\/\\\/quehacerpolitico.mx\\\/?p=80870#primaryimage\"},\"thumbnailUrl\":\"https:\\\/\\\/quehacerpolitico.mx\\\/wp-content\\\/uploads\\\/2021\\\/05\\\/7A126BED-85BB-40FF-AE11-5A58FB34CAB5.jpeg\",\"datePublished\":\"2021-05-13T15:50:10+00:00\",\"author\":{\"@id\":\"https:\\\/\\\/quehacerpolitico.mx\\\/#\\\/schema\\\/person\\\/496d8ad2d1d3f8036101dca7ee39e585\"},\"breadcrumb\":{\"@id\":\"https:\\\/\\\/quehacerpolitico.mx\\\/?p=80870#breadcrumb\"},\"inLanguage\":\"es\",\"potentialAction\":[{\"@type\":\"ReadAction\",\"target\":[\"https:\\\/\\\/quehacerpolitico.mx\\\/?p=80870\"]}]},{\"@type\":\"ImageObject\",\"inLanguage\":\"es\",\"@id\":\"https:\\\/\\\/quehacerpolitico.mx\\\/?p=80870#primaryimage\",\"url\":\"https:\\\/\\\/quehacerpolitico.mx\\\/wp-content\\\/uploads\\\/2021\\\/05\\\/7A126BED-85BB-40FF-AE11-5A58FB34CAB5.jpeg\",\"contentUrl\":\"https:\\\/\\\/quehacerpolitico.mx\\\/wp-content\\\/uploads\\\/2021\\\/05\\\/7A126BED-85BB-40FF-AE11-5A58FB34CAB5.jpeg\",\"width\":1242,\"height\":694},{\"@type\":\"BreadcrumbList\",\"@id\":\"https:\\\/\\\/quehacerpolitico.mx\\\/?p=80870#breadcrumb\",\"itemListElement\":[{\"@type\":\"ListItem\",\"position\":1,\"name\":\"Inicio\",\"item\":\"https:\\\/\\\/quehacerpolitico.mx\\\/\"},{\"@type\":\"ListItem\",\"position\":2,\"name\":\"AMLO: La respuesta del Presidente tras ser denunciado ante la OEA\"}]},{\"@type\":\"WebSite\",\"@id\":\"https:\\\/\\\/quehacerpolitico.mx\\\/#website\",\"url\":\"https:\\\/\\\/quehacerpolitico.mx\\\/\",\"name\":\"\",\"description\":\"\",\"potentialAction\":[{\"@type\":\"SearchAction\",\"target\":{\"@type\":\"EntryPoint\",\"urlTemplate\":\"https:\\\/\\\/quehacerpolitico.mx\\\/?s={search_term_string}\"},\"query-input\":{\"@type\":\"PropertyValueSpecification\",\"valueRequired\":true,\"valueName\":\"search_term_string\"}}],\"inLanguage\":\"es\"},{\"@type\":\"Person\",\"@id\":\"https:\\\/\\\/quehacerpolitico.mx\\\/#\\\/schema\\\/person\\\/496d8ad2d1d3f8036101dca7ee39e585\",\"name\":\"Redacci\u00f3n QP\",\"image\":{\"@type\":\"ImageObject\",\"inLanguage\":\"es\",\"@id\":\"https:\\\/\\\/secure.gravatar.com\\\/avatar\\\/c7164ed6fdec453195284ad24a5ae5b6e1eed2b848477fa2a4787ba9adf39a41?s=96&d=mm&r=g\",\"url\":\"https:\\\/\\\/secure.gravatar.com\\\/avatar\\\/c7164ed6fdec453195284ad24a5ae5b6e1eed2b848477fa2a4787ba9adf39a41?s=96&d=mm&r=g\",\"contentUrl\":\"https:\\\/\\\/secure.gravatar.com\\\/avatar\\\/c7164ed6fdec453195284ad24a5ae5b6e1eed2b848477fa2a4787ba9adf39a41?s=96&d=mm&r=g\",\"caption\":\"Redacci\u00f3n QP\"},\"url\":\"https:\\\/\\\/quehacerpolitico.mx\\\/?author=2\"}]}<\/script>\n<!-- \/ Yoast SEO plugin. -->","yoast_head_json":{"title":"AMLO: La respuesta del Presidente tras ser denunciado ante la OEA -","robots":{"index":"index","follow":"follow","max-snippet":"max-snippet:-1","max-image-preview":"max-image-preview:large","max-video-preview":"max-video-preview:-1"},"canonical":"https:\/\/quehacerpolitico.mx\/?p=80870","og_locale":"es_MX","og_type":"article","og_title":"AMLO: La respuesta del Presidente tras ser denunciado ante la OEA -","og_description":"AMLO: La respuesta del Presidente tras ser denunciado ante la OEA Por Redacci\u00f3n QP Un...","og_url":"https:\/\/quehacerpolitico.mx\/?p=80870","article_published_time":"2021-05-13T15:50:10+00:00","og_image":[{"width":1242,"height":694,"url":"https:\/\/quehacerpolitico.mx\/wp-content\/uploads\/2021\/05\/7A126BED-85BB-40FF-AE11-5A58FB34CAB5.jpeg","type":"image\/jpeg"}],"author":"Redacci\u00f3n QP","twitter_card":"summary_large_image","twitter_misc":{"Escrito por":"Redacci\u00f3n QP","Tiempo de lectura":"2 minutos"},"schema":{"@context":"https:\/\/schema.org","@graph":[{"@type":"Article","@id":"https:\/\/quehacerpolitico.mx\/?p=80870#article","isPartOf":{"@id":"https:\/\/quehacerpolitico.mx\/?p=80870"},"author":{"name":"Redacci\u00f3n QP","@id":"https:\/\/quehacerpolitico.mx\/#\/schema\/person\/496d8ad2d1d3f8036101dca7ee39e585"},"headline":"AMLO: La respuesta del Presidente tras ser denunciado ante la OEA","datePublished":"2021-05-13T15:50:10+00:00","mainEntityOfPage":{"@id":"https:\/\/quehacerpolitico.mx\/?p=80870"},"wordCount":499,"commentCount":0,"image":{"@id":"https:\/\/quehacerpolitico.mx\/?p=80870#primaryimage"},"thumbnailUrl":"https:\/\/quehacerpolitico.mx\/wp-content\/uploads\/2021\/05\/7A126BED-85BB-40FF-AE11-5A58FB34CAB5.jpeg","articleSection":["Noticias"],"inLanguage":"es","potentialAction":[{"@type":"CommentAction","name":"Comment","target":["https:\/\/quehacerpolitico.mx\/?p=80870#respond"]}]},{"@type":"WebPage","@id":"https:\/\/quehacerpolitico.mx\/?p=80870","url":"https:\/\/quehacerpolitico.mx\/?p=80870","name":"AMLO: La respuesta del Presidente tras ser denunciado ante la OEA -","isPartOf":{"@id":"https:\/\/quehacerpolitico.mx\/#website"},"primaryImageOfPage":{"@id":"https:\/\/quehacerpolitico.mx\/?p=80870#primaryimage"},"image":{"@id":"https:\/\/quehacerpolitico.mx\/?p=80870#primaryimage"},"thumbnailUrl":"https:\/\/quehacerpolitico.mx\/wp-content\/uploads\/2021\/05\/7A126BED-85BB-40FF-AE11-5A58FB34CAB5.jpeg","datePublished":"2021-05-13T15:50:10+00:00","author":{"@id":"https:\/\/quehacerpolitico.mx\/#\/schema\/person\/496d8ad2d1d3f8036101dca7ee39e585"},"breadcrumb":{"@id":"https:\/\/quehacerpolitico.mx\/?p=80870#breadcrumb"},"inLanguage":"es","potentialAction":[{"@type":"ReadAction","target":["https:\/\/quehacerpolitico.mx\/?p=80870"]}]},{"@type":"ImageObject","inLanguage":"es","@id":"https:\/\/quehacerpolitico.mx\/?p=80870#primaryimage","url":"https:\/\/quehacerpolitico.mx\/wp-content\/uploads\/2021\/05\/7A126BED-85BB-40FF-AE11-5A58FB34CAB5.jpeg","contentUrl":"https:\/\/quehacerpolitico.mx\/wp-content\/uploads\/2021\/05\/7A126BED-85BB-40FF-AE11-5A58FB34CAB5.jpeg","width":1242,"height":694},{"@type":"BreadcrumbList","@id":"https:\/\/quehacerpolitico.mx\/?p=80870#breadcrumb","itemListElement":[{"@type":"ListItem","position":1,"name":"Inicio","item":"https:\/\/quehacerpolitico.mx\/"},{"@type":"ListItem","position":2,"name":"AMLO: La respuesta del Presidente tras ser denunciado ante la OEA"}]},{"@type":"WebSite","@id":"https:\/\/quehacerpolitico.mx\/#website","url":"https:\/\/quehacerpolitico.mx\/","name":"","description":"","potentialAction":[{"@type":"SearchAction","target":{"@type":"EntryPoint","urlTemplate":"https:\/\/quehacerpolitico.mx\/?s={search_term_string}"},"query-input":{"@type":"PropertyValueSpecification","valueRequired":true,"valueName":"search_term_string"}}],"inLanguage":"es"},{"@type":"Person","@id":"https:\/\/quehacerpolitico.mx\/#\/schema\/person\/496d8ad2d1d3f8036101dca7ee39e585","name":"Redacci\u00f3n QP","image":{"@type":"ImageObject","inLanguage":"es","@id":"https:\/\/secure.gravatar.com\/avatar\/c7164ed6fdec453195284ad24a5ae5b6e1eed2b848477fa2a4787ba9adf39a41?s=96&d=mm&r=g","url":"https:\/\/secure.gravatar.com\/avatar\/c7164ed6fdec453195284ad24a5ae5b6e1eed2b848477fa2a4787ba9adf39a41?s=96&d=mm&r=g","contentUrl":"https:\/\/secure.gravatar.com\/avatar\/c7164ed6fdec453195284ad24a5ae5b6e1eed2b848477fa2a4787ba9adf39a41?s=96&d=mm&r=g","caption":"Redacci\u00f3n QP"},"url":"https:\/\/quehacerpolitico.mx\/?author=2"}]}},"featured_image_urls":{"full":["https:\/\/quehacerpolitico.mx\/wp-content\/uploads\/2021\/05\/7A126BED-85BB-40FF-AE11-5A58FB34CAB5.jpeg",1242,694,false],"thumbnail":["https:\/\/quehacerpolitico.mx\/wp-content\/uploads\/2021\/05\/7A126BED-85BB-40FF-AE11-5A58FB34CAB5-150x150.jpeg",150,150,true],"medium":["https:\/\/quehacerpolitico.mx\/wp-content\/uploads\/2021\/05\/7A126BED-85BB-40FF-AE11-5A58FB34CAB5-300x168.jpeg",300,168,true],"medium_large":["https:\/\/quehacerpolitico.mx\/wp-content\/uploads\/2021\/05\/7A126BED-85BB-40FF-AE11-5A58FB34CAB5-768x429.jpeg",640,358,true],"large":["https:\/\/quehacerpolitico.mx\/wp-content\/uploads\/2021\/05\/7A126BED-85BB-40FF-AE11-5A58FB34CAB5-1024x572.jpeg",640,358,true],"1536x1536":["https:\/\/quehacerpolitico.mx\/wp-content\/uploads\/2021\/05\/7A126BED-85BB-40FF-AE11-5A58FB34CAB5.jpeg",1242,694,false],"2048x2048":["https:\/\/quehacerpolitico.mx\/wp-content\/uploads\/2021\/05\/7A126BED-85BB-40FF-AE11-5A58FB34CAB5.jpeg",1242,694,false],"covernews-featured":["https:\/\/quehacerpolitico.mx\/wp-content\/uploads\/2021\/05\/7A126BED-85BB-40FF-AE11-5A58FB34CAB5.jpeg",1024,572,false],"covernews-medium":["https:\/\/quehacerpolitico.mx\/wp-content\/uploads\/2021\/05\/7A126BED-85BB-40FF-AE11-5A58FB34CAB5.jpeg",540,302,false]},"author_info":{"display_name":"Redacci\u00f3n QP","author_link":"https:\/\/quehacerpolitico.mx\/?author=2"},"category_info":"<a href=\"https:\/\/quehacerpolitico.mx\/?cat=2\" rel=\"category\">Noticias<\/a>","tag_info":"Noticias","comment_count":"0","_links":{"self":[{"href":"https:\/\/quehacerpolitico.mx\/index.php?rest_route=\/wp\/v2\/posts\/80870","targetHints":{"allow":["GET"]}}],"collection":[{"href":"https:\/\/quehacerpolitico.mx\/index.php?rest_route=\/wp\/v2\/posts"}],"about":[{"href":"https:\/\/quehacerpolitico.mx\/index.php?rest_route=\/wp\/v2\/types\/post"}],"author":[{"embeddable":true,"href":"https:\/\/quehacerpolitico.mx\/index.php?rest_route=\/wp\/v2\/users\/2"}],"replies":[{"embeddable":true,"href":"https:\/\/quehacerpolitico.mx\/index.php?rest_route=%2Fwp%2Fv2%2Fcomments&post=80870"}],"version-history":[{"count":0,"href":"https:\/\/quehacerpolitico.mx\/index.php?rest_route=\/wp\/v2\/posts\/80870\/revisions"}],"wp:featuredmedia":[{"embeddable":true,"href":"https:\/\/quehacerpolitico.mx\/index.php?rest_route=\/wp\/v2\/media\/80873"}],"wp:attachment":[{"href":"https:\/\/quehacerpolitico.mx\/index.php?rest_route=%2Fwp%2Fv2%2Fmedia&parent=80870"}],"wp:term":[{"taxonomy":"category","embeddable":true,"href":"https:\/\/quehacerpolitico.mx\/index.php?rest_route=%2Fwp%2Fv2%2Fcategories&post=80870"},{"taxonomy":"post_tag","embeddable":true,"href":"https:\/\/quehacerpolitico.mx\/index.php?rest_route=%2Fwp%2Fv2%2Ftags&post=80870"}],"curies":[{"name":"wp","href":"https:\/\/api.w.org\/{rel}","templated":true}]}}