{"id":80864,"date":"2021-05-13T15:18:39","date_gmt":"2021-05-13T15:18:39","guid":{"rendered":"https:\/\/quehacerpolitico.mx\/?p=80864"},"modified":"2021-05-13T15:18:39","modified_gmt":"2021-05-13T15:18:39","slug":"detienen-edgar-tingui-excomisionado-para-la-reconstruccion-en-cdmx-tras-ser-extraditado-de-espana","status":"publish","type":"post","link":"https:\/\/quehacerpolitico.mx\/?p=80864","title":{"rendered":"Detienen a Edgar Ting\u00fc\u00ed, excomisionado para la reconstrucci\u00f3n en CDMX, tras ser extraditado de Espa\u00f1a"},"content":{"rendered":"<h1 class=\"article_title\">Detienen a Edgar Ting\u00fc\u00ed, excomisionado para la reconstrucci\u00f3n en CDMX, tras ser extraditado de Espa\u00f1a<br \/>\nPor Redacci\u00f3n QP<\/h1>\n<p>\u00c9dgar Ting\u00fc\u00ed cuenta con cuatro \u00f3rdenes de aprehensi\u00f3n, por su probable participaci\u00f3n en el delito de uso ilegal de atribuciones y facultades<\/p>\n<p>La Fiscal\u00eda General de Justicia de la Ciudad de M\u00e9xico (FGJCDMX) inform\u00f3 que agentes de la Polic\u00eda de Investigaci\u00f3n (PDI) aprehendieron la ma\u00f1ana de este jueves 13 de mayo de 2021 a <strong>\u00c9dgar Ting\u00fc\u00ed<\/strong>, excomisionado para la Reconstrucci\u00f3n, Recuperaci\u00f3n y Transformaci\u00f3n de la Ciudad de M\u00e9xico, durante la pasada administraci\u00f3n.<\/p>\n<blockquote><p>\u201cTras la lectura de sus derechos, fue asegurado en la colonia Caracol, alcald\u00eda Venustiano Carranza, y trasladado para ser certificado m\u00e9dicamente para posteriormente ser ingresado al Reclusorio Preventivo Varonil Norte, para ser puesto a disposici\u00f3n del Juez de Control que lo requiri\u00f3\u201d, se\u00f1al\u00f3 la FGJCDMX en un comunicado.<\/p><\/blockquote>\n<p>La dependencia a\u00f1adi\u00f3 que el exservidor p\u00fablico cuenta con cuatro \u00f3rdenes de aprehensi\u00f3n, por su probable participaci\u00f3n en el delito de uso ilegal de atribuciones y facultades, solicitadas y obtenidas por la Fiscal\u00eda para la Investigaci\u00f3n de los Delitos Cometidos por Servidores P\u00fablicos, por lo que la FGJCDMX solicit\u00f3 su b\u00fasqueda internacional.<\/p>\n<blockquote class=\"twitter-tweet\" data-width=\"550\" data-dnt=\"true\">\n<p lang=\"es\" dir=\"ltr\">Aprehende <a href=\"https:\/\/twitter.com\/hashtag\/FGJCDMX?src=hash&amp;ref_src=twsrc%5Etfw\">#FGJCDMX<\/a> a ex servidor p\u00fablico de la pasada administraci\u00f3n capitalina, extraditado de Espa\u00f1a <a href=\"https:\/\/t.co\/APvdgQpCFl\">https:\/\/t.co\/APvdgQpCFl<\/a> <a href=\"https:\/\/t.co\/ukkKFMBVoZ\">pic.twitter.com\/ukkKFMBVoZ<\/a><\/p>\n<p>&mdash; Fiscal\u00eda CDMX (@FiscaliaCDMX) <a href=\"https:\/\/twitter.com\/FiscaliaCDMX\/status\/1392833231209254935?ref_src=twsrc%5Etfw\">May 13, 2021<\/a><\/p><\/blockquote>\n<p><script async src=\"https:\/\/platform.twitter.com\/widgets.js\" charset=\"utf-8\"><\/script><\/p>\n<p>Agreg\u00f3 que tres de las \u00f3rdenes de aprehensi\u00f3n cuenta con una suspensi\u00f3n provisional, sin embargo, un cuarto mandamiento judicial, el cual se le cumpliment\u00f3, se encuentra vigente.<\/p>\n<blockquote><p>\u201cProcedente de Madrid, donde fue localizado y asegurado por la Polic\u00eda de Espa\u00f1a, a partir de la solicitud de la detenci\u00f3n provisional con fines de extradici\u00f3n, \u00c9dgar \u201cN\u201d, arrib\u00f3 a la Ciudad de M\u00e9xico, acompa\u00f1ado de agentes de Interpol M\u00e9xico, adscritos a la Fiscal\u00eda General de la Rep\u00fablica (FGR)\u201d.<\/p><\/blockquote>\n<p>Destac\u00f3 que con la ubicaci\u00f3n del exfuncionario, en abril pasado, Interpol Internacional solicit\u00f3 la publicaci\u00f3n de la respectiva Ficha Roja y, posteriormente, notific\u00f3 a la Fiscal\u00eda General de la Rep\u00fablica (FGR), instituci\u00f3n que, a su vez, lo hizo del conocimiento a la FGJCDMX, para efectos del procedimiento de extradici\u00f3n, a trav\u00e9s de los canales diplom\u00e1ticos correspondientes.<\/p>\n<p>Tung\u00fc\u00ed fue funcionario de Miguel \u00c1ngel Mancera, exjefe de Gobierno del entonces Distrito Federal (2012-2018), y est\u00e1 acusado de malversar fondos por m\u00e1s de 40 millones de pesos (unos 2 millones de d\u00f3lares) destinados a la reconstrucci\u00f3n de viviendas tras el sismo del 19 de septiembre de 2017.<\/p>\n<p>El terremoto de magnitud 7.1 dej\u00f3 369 muertos, 228 de ellos en Ciudad de M\u00e9xico, cerca de 200,000 viviendas afectadas y millones de personas damnificadas.<\/p>\n<p><em>Con informaci\u00f3n de FGJCDMX y EFE<\/em><\/p>\n","protected":false},"excerpt":{"rendered":"<p>Detienen a Edgar Ting\u00fc\u00ed, excomisionado para la reconstrucci\u00f3n en CDMX, tras ser extraditado de Espa\u00f1a&#8230;<\/p>\n","protected":false},"author":2,"featured_media":80868,"comment_status":"open","ping_status":"open","sticky":false,"template":"","format":"standard","meta":{"_monsterinsights_skip_tracking":false,"_monsterinsights_sitenote_active":false,"_monsterinsights_sitenote_note":"","_monsterinsights_sitenote_category":0,"footnotes":""},"categories":[2],"tags":[],"class_list":["post-80864","post","type-post","status-publish","format-standard","has-post-thumbnail","hentry","category-noticias"],"yoast_head":"<!-- This site is optimized with the Yoast SEO plugin v27.3 - https:\/\/yoast.com\/product\/yoast-seo-wordpress\/ -->\n<title>Detienen a Edgar Ting\u00fc\u00ed, excomisionado para la reconstrucci\u00f3n en CDMX, tras ser extraditado de Espa\u00f1a -<\/title>\n<meta name=\"robots\" content=\"index, follow, max-snippet:-1, max-image-preview:large, max-video-preview:-1\" \/>\n<link rel=\"canonical\" href=\"https:\/\/quehacerpolitico.mx\/?p=80864\" \/>\n<meta property=\"og:locale\" content=\"es_MX\" \/>\n<meta property=\"og:type\" content=\"article\" \/>\n<meta property=\"og:title\" content=\"Detienen a Edgar Ting\u00fc\u00ed, excomisionado para la reconstrucci\u00f3n en CDMX, tras ser extraditado de Espa\u00f1a -\" \/>\n<meta property=\"og:description\" content=\"Detienen a Edgar Ting\u00fc\u00ed, excomisionado para la reconstrucci\u00f3n en CDMX, tras ser extraditado de Espa\u00f1a...\" \/>\n<meta property=\"og:url\" content=\"https:\/\/quehacerpolitico.mx\/?p=80864\" \/>\n<meta property=\"article:published_time\" content=\"2021-05-13T15:18:39+00:00\" \/>\n<meta property=\"og:image\" content=\"https:\/\/quehacerpolitico.mx\/wp-content\/uploads\/2021\/05\/AEA0AA3F-E3F8-4928-B450-F842303CC028.jpeg\" \/>\n\t<meta property=\"og:image:width\" content=\"878\" \/>\n\t<meta property=\"og:image:height\" content=\"663\" \/>\n\t<meta property=\"og:image:type\" content=\"image\/jpeg\" \/>\n<meta name=\"author\" content=\"Redacci\u00f3n QP\" \/>\n<meta name=\"twitter:card\" content=\"summary_large_image\" \/>\n<meta name=\"twitter:label1\" content=\"Escrito por\" \/>\n\t<meta name=\"twitter:data1\" content=\"Redacci\u00f3n QP\" \/>\n\t<meta name=\"twitter:label2\" content=\"Tiempo de lectura\" \/>\n\t<meta name=\"twitter:data2\" content=\"2 minutos\" \/>\n<script type=\"application\/ld+json\" class=\"yoast-schema-graph\">{\"@context\":\"https:\\\/\\\/schema.org\",\"@graph\":[{\"@type\":\"Article\",\"@id\":\"https:\\\/\\\/quehacerpolitico.mx\\\/?p=80864#article\",\"isPartOf\":{\"@id\":\"https:\\\/\\\/quehacerpolitico.mx\\\/?p=80864\"},\"author\":{\"name\":\"Redacci\u00f3n QP\",\"@id\":\"https:\\\/\\\/quehacerpolitico.mx\\\/#\\\/schema\\\/person\\\/496d8ad2d1d3f8036101dca7ee39e585\"},\"headline\":\"Detienen a Edgar Ting\u00fc\u00ed, excomisionado para la reconstrucci\u00f3n en CDMX, tras ser extraditado de Espa\u00f1a\",\"datePublished\":\"2021-05-13T15:18:39+00:00\",\"mainEntityOfPage\":{\"@id\":\"https:\\\/\\\/quehacerpolitico.mx\\\/?p=80864\"},\"wordCount\":465,\"commentCount\":0,\"image\":{\"@id\":\"https:\\\/\\\/quehacerpolitico.mx\\\/?p=80864#primaryimage\"},\"thumbnailUrl\":\"https:\\\/\\\/quehacerpolitico.mx\\\/wp-content\\\/uploads\\\/2021\\\/05\\\/AEA0AA3F-E3F8-4928-B450-F842303CC028.jpeg\",\"articleSection\":[\"Noticias\"],\"inLanguage\":\"es\",\"potentialAction\":[{\"@type\":\"CommentAction\",\"name\":\"Comment\",\"target\":[\"https:\\\/\\\/quehacerpolitico.mx\\\/?p=80864#respond\"]}]},{\"@type\":\"WebPage\",\"@id\":\"https:\\\/\\\/quehacerpolitico.mx\\\/?p=80864\",\"url\":\"https:\\\/\\\/quehacerpolitico.mx\\\/?p=80864\",\"name\":\"Detienen a Edgar Ting\u00fc\u00ed, excomisionado para la reconstrucci\u00f3n en CDMX, tras ser extraditado de Espa\u00f1a -\",\"isPartOf\":{\"@id\":\"https:\\\/\\\/quehacerpolitico.mx\\\/#website\"},\"primaryImageOfPage\":{\"@id\":\"https:\\\/\\\/quehacerpolitico.mx\\\/?p=80864#primaryimage\"},\"image\":{\"@id\":\"https:\\\/\\\/quehacerpolitico.mx\\\/?p=80864#primaryimage\"},\"thumbnailUrl\":\"https:\\\/\\\/quehacerpolitico.mx\\\/wp-content\\\/uploads\\\/2021\\\/05\\\/AEA0AA3F-E3F8-4928-B450-F842303CC028.jpeg\",\"datePublished\":\"2021-05-13T15:18:39+00:00\",\"author\":{\"@id\":\"https:\\\/\\\/quehacerpolitico.mx\\\/#\\\/schema\\\/person\\\/496d8ad2d1d3f8036101dca7ee39e585\"},\"breadcrumb\":{\"@id\":\"https:\\\/\\\/quehacerpolitico.mx\\\/?p=80864#breadcrumb\"},\"inLanguage\":\"es\",\"potentialAction\":[{\"@type\":\"ReadAction\",\"target\":[\"https:\\\/\\\/quehacerpolitico.mx\\\/?p=80864\"]}]},{\"@type\":\"ImageObject\",\"inLanguage\":\"es\",\"@id\":\"https:\\\/\\\/quehacerpolitico.mx\\\/?p=80864#primaryimage\",\"url\":\"https:\\\/\\\/quehacerpolitico.mx\\\/wp-content\\\/uploads\\\/2021\\\/05\\\/AEA0AA3F-E3F8-4928-B450-F842303CC028.jpeg\",\"contentUrl\":\"https:\\\/\\\/quehacerpolitico.mx\\\/wp-content\\\/uploads\\\/2021\\\/05\\\/AEA0AA3F-E3F8-4928-B450-F842303CC028.jpeg\",\"width\":878,\"height\":663},{\"@type\":\"BreadcrumbList\",\"@id\":\"https:\\\/\\\/quehacerpolitico.mx\\\/?p=80864#breadcrumb\",\"itemListElement\":[{\"@type\":\"ListItem\",\"position\":1,\"name\":\"Inicio\",\"item\":\"https:\\\/\\\/quehacerpolitico.mx\\\/\"},{\"@type\":\"ListItem\",\"position\":2,\"name\":\"Detienen a Edgar Ting\u00fc\u00ed, excomisionado para la reconstrucci\u00f3n en CDMX, tras ser extraditado de Espa\u00f1a\"}]},{\"@type\":\"WebSite\",\"@id\":\"https:\\\/\\\/quehacerpolitico.mx\\\/#website\",\"url\":\"https:\\\/\\\/quehacerpolitico.mx\\\/\",\"name\":\"\",\"description\":\"\",\"potentialAction\":[{\"@type\":\"SearchAction\",\"target\":{\"@type\":\"EntryPoint\",\"urlTemplate\":\"https:\\\/\\\/quehacerpolitico.mx\\\/?s={search_term_string}\"},\"query-input\":{\"@type\":\"PropertyValueSpecification\",\"valueRequired\":true,\"valueName\":\"search_term_string\"}}],\"inLanguage\":\"es\"},{\"@type\":\"Person\",\"@id\":\"https:\\\/\\\/quehacerpolitico.mx\\\/#\\\/schema\\\/person\\\/496d8ad2d1d3f8036101dca7ee39e585\",\"name\":\"Redacci\u00f3n QP\",\"image\":{\"@type\":\"ImageObject\",\"inLanguage\":\"es\",\"@id\":\"https:\\\/\\\/secure.gravatar.com\\\/avatar\\\/c7164ed6fdec453195284ad24a5ae5b6e1eed2b848477fa2a4787ba9adf39a41?s=96&d=mm&r=g\",\"url\":\"https:\\\/\\\/secure.gravatar.com\\\/avatar\\\/c7164ed6fdec453195284ad24a5ae5b6e1eed2b848477fa2a4787ba9adf39a41?s=96&d=mm&r=g\",\"contentUrl\":\"https:\\\/\\\/secure.gravatar.com\\\/avatar\\\/c7164ed6fdec453195284ad24a5ae5b6e1eed2b848477fa2a4787ba9adf39a41?s=96&d=mm&r=g\",\"caption\":\"Redacci\u00f3n QP\"},\"url\":\"https:\\\/\\\/quehacerpolitico.mx\\\/?author=2\"}]}<\/script>\n<!-- \/ Yoast SEO plugin. -->","yoast_head_json":{"title":"Detienen a Edgar Ting\u00fc\u00ed, excomisionado para la reconstrucci\u00f3n en CDMX, tras ser extraditado de Espa\u00f1a -","robots":{"index":"index","follow":"follow","max-snippet":"max-snippet:-1","max-image-preview":"max-image-preview:large","max-video-preview":"max-video-preview:-1"},"canonical":"https:\/\/quehacerpolitico.mx\/?p=80864","og_locale":"es_MX","og_type":"article","og_title":"Detienen a Edgar Ting\u00fc\u00ed, excomisionado para la reconstrucci\u00f3n en CDMX, tras ser extraditado de Espa\u00f1a -","og_description":"Detienen a Edgar Ting\u00fc\u00ed, excomisionado para la reconstrucci\u00f3n en CDMX, tras ser extraditado de Espa\u00f1a...","og_url":"https:\/\/quehacerpolitico.mx\/?p=80864","article_published_time":"2021-05-13T15:18:39+00:00","og_image":[{"width":878,"height":663,"url":"https:\/\/quehacerpolitico.mx\/wp-content\/uploads\/2021\/05\/AEA0AA3F-E3F8-4928-B450-F842303CC028.jpeg","type":"image\/jpeg"}],"author":"Redacci\u00f3n QP","twitter_card":"summary_large_image","twitter_misc":{"Escrito por":"Redacci\u00f3n QP","Tiempo de lectura":"2 minutos"},"schema":{"@context":"https:\/\/schema.org","@graph":[{"@type":"Article","@id":"https:\/\/quehacerpolitico.mx\/?p=80864#article","isPartOf":{"@id":"https:\/\/quehacerpolitico.mx\/?p=80864"},"author":{"name":"Redacci\u00f3n QP","@id":"https:\/\/quehacerpolitico.mx\/#\/schema\/person\/496d8ad2d1d3f8036101dca7ee39e585"},"headline":"Detienen a Edgar Ting\u00fc\u00ed, excomisionado para la reconstrucci\u00f3n en CDMX, tras ser extraditado de Espa\u00f1a","datePublished":"2021-05-13T15:18:39+00:00","mainEntityOfPage":{"@id":"https:\/\/quehacerpolitico.mx\/?p=80864"},"wordCount":465,"commentCount":0,"image":{"@id":"https:\/\/quehacerpolitico.mx\/?p=80864#primaryimage"},"thumbnailUrl":"https:\/\/quehacerpolitico.mx\/wp-content\/uploads\/2021\/05\/AEA0AA3F-E3F8-4928-B450-F842303CC028.jpeg","articleSection":["Noticias"],"inLanguage":"es","potentialAction":[{"@type":"CommentAction","name":"Comment","target":["https:\/\/quehacerpolitico.mx\/?p=80864#respond"]}]},{"@type":"WebPage","@id":"https:\/\/quehacerpolitico.mx\/?p=80864","url":"https:\/\/quehacerpolitico.mx\/?p=80864","name":"Detienen a Edgar Ting\u00fc\u00ed, excomisionado para la reconstrucci\u00f3n en CDMX, tras ser extraditado de Espa\u00f1a -","isPartOf":{"@id":"https:\/\/quehacerpolitico.mx\/#website"},"primaryImageOfPage":{"@id":"https:\/\/quehacerpolitico.mx\/?p=80864#primaryimage"},"image":{"@id":"https:\/\/quehacerpolitico.mx\/?p=80864#primaryimage"},"thumbnailUrl":"https:\/\/quehacerpolitico.mx\/wp-content\/uploads\/2021\/05\/AEA0AA3F-E3F8-4928-B450-F842303CC028.jpeg","datePublished":"2021-05-13T15:18:39+00:00","author":{"@id":"https:\/\/quehacerpolitico.mx\/#\/schema\/person\/496d8ad2d1d3f8036101dca7ee39e585"},"breadcrumb":{"@id":"https:\/\/quehacerpolitico.mx\/?p=80864#breadcrumb"},"inLanguage":"es","potentialAction":[{"@type":"ReadAction","target":["https:\/\/quehacerpolitico.mx\/?p=80864"]}]},{"@type":"ImageObject","inLanguage":"es","@id":"https:\/\/quehacerpolitico.mx\/?p=80864#primaryimage","url":"https:\/\/quehacerpolitico.mx\/wp-content\/uploads\/2021\/05\/AEA0AA3F-E3F8-4928-B450-F842303CC028.jpeg","contentUrl":"https:\/\/quehacerpolitico.mx\/wp-content\/uploads\/2021\/05\/AEA0AA3F-E3F8-4928-B450-F842303CC028.jpeg","width":878,"height":663},{"@type":"BreadcrumbList","@id":"https:\/\/quehacerpolitico.mx\/?p=80864#breadcrumb","itemListElement":[{"@type":"ListItem","position":1,"name":"Inicio","item":"https:\/\/quehacerpolitico.mx\/"},{"@type":"ListItem","position":2,"name":"Detienen a Edgar Ting\u00fc\u00ed, excomisionado para la reconstrucci\u00f3n en CDMX, tras ser extraditado de Espa\u00f1a"}]},{"@type":"WebSite","@id":"https:\/\/quehacerpolitico.mx\/#website","url":"https:\/\/quehacerpolitico.mx\/","name":"","description":"","potentialAction":[{"@type":"SearchAction","target":{"@type":"EntryPoint","urlTemplate":"https:\/\/quehacerpolitico.mx\/?s={search_term_string}"},"query-input":{"@type":"PropertyValueSpecification","valueRequired":true,"valueName":"search_term_string"}}],"inLanguage":"es"},{"@type":"Person","@id":"https:\/\/quehacerpolitico.mx\/#\/schema\/person\/496d8ad2d1d3f8036101dca7ee39e585","name":"Redacci\u00f3n QP","image":{"@type":"ImageObject","inLanguage":"es","@id":"https:\/\/secure.gravatar.com\/avatar\/c7164ed6fdec453195284ad24a5ae5b6e1eed2b848477fa2a4787ba9adf39a41?s=96&d=mm&r=g","url":"https:\/\/secure.gravatar.com\/avatar\/c7164ed6fdec453195284ad24a5ae5b6e1eed2b848477fa2a4787ba9adf39a41?s=96&d=mm&r=g","contentUrl":"https:\/\/secure.gravatar.com\/avatar\/c7164ed6fdec453195284ad24a5ae5b6e1eed2b848477fa2a4787ba9adf39a41?s=96&d=mm&r=g","caption":"Redacci\u00f3n QP"},"url":"https:\/\/quehacerpolitico.mx\/?author=2"}]}},"featured_image_urls":{"full":["https:\/\/quehacerpolitico.mx\/wp-content\/uploads\/2021\/05\/AEA0AA3F-E3F8-4928-B450-F842303CC028.jpeg",878,663,false],"thumbnail":["https:\/\/quehacerpolitico.mx\/wp-content\/uploads\/2021\/05\/AEA0AA3F-E3F8-4928-B450-F842303CC028-150x150.jpeg",150,150,true],"medium":["https:\/\/quehacerpolitico.mx\/wp-content\/uploads\/2021\/05\/AEA0AA3F-E3F8-4928-B450-F842303CC028-300x227.jpeg",300,227,true],"medium_large":["https:\/\/quehacerpolitico.mx\/wp-content\/uploads\/2021\/05\/AEA0AA3F-E3F8-4928-B450-F842303CC028-768x580.jpeg",640,483,true],"large":["https:\/\/quehacerpolitico.mx\/wp-content\/uploads\/2021\/05\/AEA0AA3F-E3F8-4928-B450-F842303CC028.jpeg",640,483,false],"1536x1536":["https:\/\/quehacerpolitico.mx\/wp-content\/uploads\/2021\/05\/AEA0AA3F-E3F8-4928-B450-F842303CC028.jpeg",878,663,false],"2048x2048":["https:\/\/quehacerpolitico.mx\/wp-content\/uploads\/2021\/05\/AEA0AA3F-E3F8-4928-B450-F842303CC028.jpeg",878,663,false],"covernews-featured":["https:\/\/quehacerpolitico.mx\/wp-content\/uploads\/2021\/05\/AEA0AA3F-E3F8-4928-B450-F842303CC028.jpeg",878,663,false],"covernews-medium":["https:\/\/quehacerpolitico.mx\/wp-content\/uploads\/2021\/05\/AEA0AA3F-E3F8-4928-B450-F842303CC028.jpeg",450,340,false]},"author_info":{"display_name":"Redacci\u00f3n QP","author_link":"https:\/\/quehacerpolitico.mx\/?author=2"},"category_info":"<a href=\"https:\/\/quehacerpolitico.mx\/?cat=2\" rel=\"category\">Noticias<\/a>","tag_info":"Noticias","comment_count":"0","_links":{"self":[{"href":"https:\/\/quehacerpolitico.mx\/index.php?rest_route=\/wp\/v2\/posts\/80864","targetHints":{"allow":["GET"]}}],"collection":[{"href":"https:\/\/quehacerpolitico.mx\/index.php?rest_route=\/wp\/v2\/posts"}],"about":[{"href":"https:\/\/quehacerpolitico.mx\/index.php?rest_route=\/wp\/v2\/types\/post"}],"author":[{"embeddable":true,"href":"https:\/\/quehacerpolitico.mx\/index.php?rest_route=\/wp\/v2\/users\/2"}],"replies":[{"embeddable":true,"href":"https:\/\/quehacerpolitico.mx\/index.php?rest_route=%2Fwp%2Fv2%2Fcomments&post=80864"}],"version-history":[{"count":0,"href":"https:\/\/quehacerpolitico.mx\/index.php?rest_route=\/wp\/v2\/posts\/80864\/revisions"}],"wp:featuredmedia":[{"embeddable":true,"href":"https:\/\/quehacerpolitico.mx\/index.php?rest_route=\/wp\/v2\/media\/80868"}],"wp:attachment":[{"href":"https:\/\/quehacerpolitico.mx\/index.php?rest_route=%2Fwp%2Fv2%2Fmedia&parent=80864"}],"wp:term":[{"taxonomy":"category","embeddable":true,"href":"https:\/\/quehacerpolitico.mx\/index.php?rest_route=%2Fwp%2Fv2%2Fcategories&post=80864"},{"taxonomy":"post_tag","embeddable":true,"href":"https:\/\/quehacerpolitico.mx\/index.php?rest_route=%2Fwp%2Fv2%2Ftags&post=80864"}],"curies":[{"name":"wp","href":"https:\/\/api.w.org\/{rel}","templated":true}]}}