{"id":8076,"date":"2018-10-30T17:08:33","date_gmt":"2018-10-30T17:08:33","guid":{"rendered":"http:\/\/quehacerpolitico.mx\/caravana-se-instala-en-niltepec-va-hacia-juchitan-este-martes\/"},"modified":"2018-10-30T17:08:33","modified_gmt":"2018-10-30T17:08:33","slug":"caravana-se-instala-en-niltepec-va-hacia-juchitan-este-martes","status":"publish","type":"post","link":"https:\/\/quehacerpolitico.mx\/?p=8076","title":{"rendered":"Caravana se instala en Niltepec; va hacia Juchit\u00e1n este martes"},"content":{"rendered":"<h1 class=\"news-title\">Caravana se instala en Niltepec; va hacia Juchit\u00e1n este martes<\/h1>\n<p>Por Redacci\u00f3n QP<\/p>\n<p>La caravana conformada por personas de Guatemala, El Salvador y Honduras se instal\u00f3 la noche de este lunes en el municipio Santiago Niltepec, ubicado al norte de la regi\u00f3n del Istmo de Tehuantepec, en esta entidad.<\/p>\n<p><strong>Por la ma\u00f1ana el contingente dej\u00f3 San Pedro Tapanatepec, en el mismo estado del sureste de M\u00e9xico, donde estuvo el fin semana<\/strong>, luego de pisar Arriaga, Chiapas, entidad a la que ingres\u00f3 proveniente de Guatemala.<\/p>\n<p>Antes de seguir la ruta para llegar a la capital del pa\u00eds y de ah\u00ed a la frontera de M\u00e9xico con Estados Unidos, los centroamericanos <strong>acamparon en calles, kioscos, iglesias y en pr\u00e1cticamente todo este municipio cuya cabecera tiene poco m\u00e1s de tres mil habitantes.<\/strong><\/p>\n<p>Las autoridades de Niltepec, la Iglesia y la poblaci\u00f3n se organizaron para alimentar a los migrantes con sandwiches, tortas, sopes, atole, agua y m\u00e1s alimentos que se terminan as\u00ed como llegan.<\/p>\n<p>Hambrientos y sedientos est\u00e1n ni\u00f1os y adultos centroamericanos. <strong>Mientras algunos descansaban sobre un cart\u00f3n o una delgada cobija, otros se reunieron en la iglesia para motivar a la caravana, recordar cu\u00e1l es el motivo del viaje y &#8220;pedir a Dios fuerzas para seguir&#8221;.<\/strong><\/p>\n<p>Dicen ser ahora una familia; es m\u00e1s, desde que decidieron salir de su pa\u00eds y se motivan los unos a otros para no abandonar sus sue\u00f1os y continuar este camino de la manera m\u00e1s ordenada.<\/p>\n<p><strong>La Defensor\u00eda de los Derechos Humanos del Pueblo de Oaxaca ofrece llamadas gratuitas<\/strong>para que los migrantes puedan comunicarse con sus familiares y la Comisi\u00f3n Nacional de los Derechos Humanos (CNDH) se mantiene al tanto de todo el grupo.<\/p>\n<p><strong>Este martes, a las 5:00 horas, la caravana saldr\u00e1 hacia Juchit\u00e1n de Zaragoza<\/strong>, que el a\u00f1o pasado fue afectado severamente por un sismo de magnitud 8.2 grados. Pero antes limpiar\u00e1n las calles y el centro de Niltepec.<\/p>\n<p>Hombres, mujeres y ni\u00f1os han recorrido muchos kil\u00f3metros desde el 12 de octubre cuando inici\u00f3 esta traves\u00eda en la ciudad de San Pedro Sula, Honduras, donde un grupo de personas se reunieron y prepararon para ir a Estados Unidos, cruzando Guatemala y M\u00e9xico.<\/p>\n<p>De acuerdo con declaraciones de los mismos migrantes, la falta de oportunidades y la violencia que se vive en sus pa\u00edses los han llevado a dejarlos para buscar una mejor calidad de vida.<\/p>\n<p>Proyectan llegar a la Ciudad de M\u00e9xico donde, a\u00fan sin saber la fecha exacta de su llegada, ya se preparan para recibirlos\u00a0y apoyarlos con lo necesario para que puedan continuar su viaje.<\/p>\n","protected":false},"excerpt":{"rendered":"<p>Los migrantes saldr\u00e1n a las 5:00 horas del martes hacia Juchit\u00e1n, pero antes limpiar\u00e1n las calles y el centro de Niltepec<br \/>\nPor Redacci\u00f3n QP<\/p>\n","protected":false},"author":2,"featured_media":8075,"comment_status":"open","ping_status":"open","sticky":false,"template":"","format":"standard","meta":{"_monsterinsights_skip_tracking":false,"_monsterinsights_sitenote_active":false,"_monsterinsights_sitenote_note":"","_monsterinsights_sitenote_category":0,"footnotes":""},"categories":[2],"tags":[],"class_list":["post-8076","post","type-post","status-publish","format-standard","has-post-thumbnail","hentry","category-noticias"],"yoast_head":"<!-- This site is optimized with the Yoast SEO plugin v27.3 - https:\/\/yoast.com\/product\/yoast-seo-wordpress\/ -->\n<title>Caravana se instala en Niltepec; va hacia Juchit\u00e1n este martes -<\/title>\n<meta name=\"robots\" content=\"index, follow, max-snippet:-1, max-image-preview:large, max-video-preview:-1\" \/>\n<link rel=\"canonical\" href=\"https:\/\/quehacerpolitico.mx\/?p=8076\" \/>\n<meta property=\"og:locale\" content=\"es_MX\" \/>\n<meta property=\"og:type\" content=\"article\" \/>\n<meta property=\"og:title\" content=\"Caravana se instala en Niltepec; va hacia Juchit\u00e1n este martes -\" \/>\n<meta property=\"og:description\" content=\"Los migrantes saldr\u00e1n a las 5:00 horas del martes hacia Juchit\u00e1n, pero antes limpiar\u00e1n las calles y el centro de Niltepec Por Redacci\u00f3n QP\" \/>\n<meta property=\"og:url\" content=\"https:\/\/quehacerpolitico.mx\/?p=8076\" \/>\n<meta property=\"article:published_time\" content=\"2018-10-30T17:08:33+00:00\" \/>\n<meta name=\"author\" content=\"Redacci\u00f3n QP\" \/>\n<meta name=\"twitter:card\" content=\"summary_large_image\" \/>\n<meta name=\"twitter:label1\" content=\"Escrito por\" \/>\n\t<meta name=\"twitter:data1\" content=\"Redacci\u00f3n QP\" \/>\n\t<meta name=\"twitter:label2\" content=\"Tiempo de lectura\" \/>\n\t<meta name=\"twitter:data2\" content=\"2 minutos\" \/>\n<script type=\"application\/ld+json\" class=\"yoast-schema-graph\">{\"@context\":\"https:\\\/\\\/schema.org\",\"@graph\":[{\"@type\":\"Article\",\"@id\":\"https:\\\/\\\/quehacerpolitico.mx\\\/?p=8076#article\",\"isPartOf\":{\"@id\":\"https:\\\/\\\/quehacerpolitico.mx\\\/?p=8076\"},\"author\":{\"name\":\"Redacci\u00f3n QP\",\"@id\":\"https:\\\/\\\/quehacerpolitico.mx\\\/#\\\/schema\\\/person\\\/496d8ad2d1d3f8036101dca7ee39e585\"},\"headline\":\"Caravana se instala en Niltepec; va hacia Juchit\u00e1n este martes\",\"datePublished\":\"2018-10-30T17:08:33+00:00\",\"mainEntityOfPage\":{\"@id\":\"https:\\\/\\\/quehacerpolitico.mx\\\/?p=8076\"},\"wordCount\":461,\"commentCount\":0,\"image\":{\"@id\":\"https:\\\/\\\/quehacerpolitico.mx\\\/?p=8076#primaryimage\"},\"thumbnailUrl\":\"\",\"articleSection\":[\"Noticias\"],\"inLanguage\":\"es\",\"potentialAction\":[{\"@type\":\"CommentAction\",\"name\":\"Comment\",\"target\":[\"https:\\\/\\\/quehacerpolitico.mx\\\/?p=8076#respond\"]}]},{\"@type\":\"WebPage\",\"@id\":\"https:\\\/\\\/quehacerpolitico.mx\\\/?p=8076\",\"url\":\"https:\\\/\\\/quehacerpolitico.mx\\\/?p=8076\",\"name\":\"Caravana se instala en Niltepec; va hacia Juchit\u00e1n este martes -\",\"isPartOf\":{\"@id\":\"https:\\\/\\\/quehacerpolitico.mx\\\/#website\"},\"primaryImageOfPage\":{\"@id\":\"https:\\\/\\\/quehacerpolitico.mx\\\/?p=8076#primaryimage\"},\"image\":{\"@id\":\"https:\\\/\\\/quehacerpolitico.mx\\\/?p=8076#primaryimage\"},\"thumbnailUrl\":\"\",\"datePublished\":\"2018-10-30T17:08:33+00:00\",\"author\":{\"@id\":\"https:\\\/\\\/quehacerpolitico.mx\\\/#\\\/schema\\\/person\\\/496d8ad2d1d3f8036101dca7ee39e585\"},\"breadcrumb\":{\"@id\":\"https:\\\/\\\/quehacerpolitico.mx\\\/?p=8076#breadcrumb\"},\"inLanguage\":\"es\",\"potentialAction\":[{\"@type\":\"ReadAction\",\"target\":[\"https:\\\/\\\/quehacerpolitico.mx\\\/?p=8076\"]}]},{\"@type\":\"ImageObject\",\"inLanguage\":\"es\",\"@id\":\"https:\\\/\\\/quehacerpolitico.mx\\\/?p=8076#primaryimage\",\"url\":\"\",\"contentUrl\":\"\"},{\"@type\":\"BreadcrumbList\",\"@id\":\"https:\\\/\\\/quehacerpolitico.mx\\\/?p=8076#breadcrumb\",\"itemListElement\":[{\"@type\":\"ListItem\",\"position\":1,\"name\":\"Inicio\",\"item\":\"https:\\\/\\\/quehacerpolitico.mx\\\/\"},{\"@type\":\"ListItem\",\"position\":2,\"name\":\"Caravana se instala en Niltepec; va hacia Juchit\u00e1n este martes\"}]},{\"@type\":\"WebSite\",\"@id\":\"https:\\\/\\\/quehacerpolitico.mx\\\/#website\",\"url\":\"https:\\\/\\\/quehacerpolitico.mx\\\/\",\"name\":\"\",\"description\":\"\",\"potentialAction\":[{\"@type\":\"SearchAction\",\"target\":{\"@type\":\"EntryPoint\",\"urlTemplate\":\"https:\\\/\\\/quehacerpolitico.mx\\\/?s={search_term_string}\"},\"query-input\":{\"@type\":\"PropertyValueSpecification\",\"valueRequired\":true,\"valueName\":\"search_term_string\"}}],\"inLanguage\":\"es\"},{\"@type\":\"Person\",\"@id\":\"https:\\\/\\\/quehacerpolitico.mx\\\/#\\\/schema\\\/person\\\/496d8ad2d1d3f8036101dca7ee39e585\",\"name\":\"Redacci\u00f3n QP\",\"image\":{\"@type\":\"ImageObject\",\"inLanguage\":\"es\",\"@id\":\"https:\\\/\\\/secure.gravatar.com\\\/avatar\\\/c7164ed6fdec453195284ad24a5ae5b6e1eed2b848477fa2a4787ba9adf39a41?s=96&d=mm&r=g\",\"url\":\"https:\\\/\\\/secure.gravatar.com\\\/avatar\\\/c7164ed6fdec453195284ad24a5ae5b6e1eed2b848477fa2a4787ba9adf39a41?s=96&d=mm&r=g\",\"contentUrl\":\"https:\\\/\\\/secure.gravatar.com\\\/avatar\\\/c7164ed6fdec453195284ad24a5ae5b6e1eed2b848477fa2a4787ba9adf39a41?s=96&d=mm&r=g\",\"caption\":\"Redacci\u00f3n QP\"},\"url\":\"https:\\\/\\\/quehacerpolitico.mx\\\/?author=2\"}]}<\/script>\n<!-- \/ Yoast SEO plugin. -->","yoast_head_json":{"title":"Caravana se instala en Niltepec; va hacia Juchit\u00e1n este martes -","robots":{"index":"index","follow":"follow","max-snippet":"max-snippet:-1","max-image-preview":"max-image-preview:large","max-video-preview":"max-video-preview:-1"},"canonical":"https:\/\/quehacerpolitico.mx\/?p=8076","og_locale":"es_MX","og_type":"article","og_title":"Caravana se instala en Niltepec; va hacia Juchit\u00e1n este martes -","og_description":"Los migrantes saldr\u00e1n a las 5:00 horas del martes hacia Juchit\u00e1n, pero antes limpiar\u00e1n las calles y el centro de Niltepec Por Redacci\u00f3n QP","og_url":"https:\/\/quehacerpolitico.mx\/?p=8076","article_published_time":"2018-10-30T17:08:33+00:00","author":"Redacci\u00f3n QP","twitter_card":"summary_large_image","twitter_misc":{"Escrito por":"Redacci\u00f3n QP","Tiempo de lectura":"2 minutos"},"schema":{"@context":"https:\/\/schema.org","@graph":[{"@type":"Article","@id":"https:\/\/quehacerpolitico.mx\/?p=8076#article","isPartOf":{"@id":"https:\/\/quehacerpolitico.mx\/?p=8076"},"author":{"name":"Redacci\u00f3n QP","@id":"https:\/\/quehacerpolitico.mx\/#\/schema\/person\/496d8ad2d1d3f8036101dca7ee39e585"},"headline":"Caravana se instala en Niltepec; va hacia Juchit\u00e1n este martes","datePublished":"2018-10-30T17:08:33+00:00","mainEntityOfPage":{"@id":"https:\/\/quehacerpolitico.mx\/?p=8076"},"wordCount":461,"commentCount":0,"image":{"@id":"https:\/\/quehacerpolitico.mx\/?p=8076#primaryimage"},"thumbnailUrl":"","articleSection":["Noticias"],"inLanguage":"es","potentialAction":[{"@type":"CommentAction","name":"Comment","target":["https:\/\/quehacerpolitico.mx\/?p=8076#respond"]}]},{"@type":"WebPage","@id":"https:\/\/quehacerpolitico.mx\/?p=8076","url":"https:\/\/quehacerpolitico.mx\/?p=8076","name":"Caravana se instala en Niltepec; va hacia Juchit\u00e1n este martes -","isPartOf":{"@id":"https:\/\/quehacerpolitico.mx\/#website"},"primaryImageOfPage":{"@id":"https:\/\/quehacerpolitico.mx\/?p=8076#primaryimage"},"image":{"@id":"https:\/\/quehacerpolitico.mx\/?p=8076#primaryimage"},"thumbnailUrl":"","datePublished":"2018-10-30T17:08:33+00:00","author":{"@id":"https:\/\/quehacerpolitico.mx\/#\/schema\/person\/496d8ad2d1d3f8036101dca7ee39e585"},"breadcrumb":{"@id":"https:\/\/quehacerpolitico.mx\/?p=8076#breadcrumb"},"inLanguage":"es","potentialAction":[{"@type":"ReadAction","target":["https:\/\/quehacerpolitico.mx\/?p=8076"]}]},{"@type":"ImageObject","inLanguage":"es","@id":"https:\/\/quehacerpolitico.mx\/?p=8076#primaryimage","url":"","contentUrl":""},{"@type":"BreadcrumbList","@id":"https:\/\/quehacerpolitico.mx\/?p=8076#breadcrumb","itemListElement":[{"@type":"ListItem","position":1,"name":"Inicio","item":"https:\/\/quehacerpolitico.mx\/"},{"@type":"ListItem","position":2,"name":"Caravana se instala en Niltepec; va hacia Juchit\u00e1n este martes"}]},{"@type":"WebSite","@id":"https:\/\/quehacerpolitico.mx\/#website","url":"https:\/\/quehacerpolitico.mx\/","name":"","description":"","potentialAction":[{"@type":"SearchAction","target":{"@type":"EntryPoint","urlTemplate":"https:\/\/quehacerpolitico.mx\/?s={search_term_string}"},"query-input":{"@type":"PropertyValueSpecification","valueRequired":true,"valueName":"search_term_string"}}],"inLanguage":"es"},{"@type":"Person","@id":"https:\/\/quehacerpolitico.mx\/#\/schema\/person\/496d8ad2d1d3f8036101dca7ee39e585","name":"Redacci\u00f3n QP","image":{"@type":"ImageObject","inLanguage":"es","@id":"https:\/\/secure.gravatar.com\/avatar\/c7164ed6fdec453195284ad24a5ae5b6e1eed2b848477fa2a4787ba9adf39a41?s=96&d=mm&r=g","url":"https:\/\/secure.gravatar.com\/avatar\/c7164ed6fdec453195284ad24a5ae5b6e1eed2b848477fa2a4787ba9adf39a41?s=96&d=mm&r=g","contentUrl":"https:\/\/secure.gravatar.com\/avatar\/c7164ed6fdec453195284ad24a5ae5b6e1eed2b848477fa2a4787ba9adf39a41?s=96&d=mm&r=g","caption":"Redacci\u00f3n QP"},"url":"https:\/\/quehacerpolitico.mx\/?author=2"}]}},"featured_image_urls":{"full":"","thumbnail":"","medium":"","medium_large":"","large":"","1536x1536":"","2048x2048":"","covernews-featured":"","covernews-medium":""},"author_info":{"display_name":"Redacci\u00f3n QP","author_link":"https:\/\/quehacerpolitico.mx\/?author=2"},"category_info":"<a href=\"https:\/\/quehacerpolitico.mx\/?cat=2\" rel=\"category\">Noticias<\/a>","tag_info":"Noticias","comment_count":"0","_links":{"self":[{"href":"https:\/\/quehacerpolitico.mx\/index.php?rest_route=\/wp\/v2\/posts\/8076","targetHints":{"allow":["GET"]}}],"collection":[{"href":"https:\/\/quehacerpolitico.mx\/index.php?rest_route=\/wp\/v2\/posts"}],"about":[{"href":"https:\/\/quehacerpolitico.mx\/index.php?rest_route=\/wp\/v2\/types\/post"}],"author":[{"embeddable":true,"href":"https:\/\/quehacerpolitico.mx\/index.php?rest_route=\/wp\/v2\/users\/2"}],"replies":[{"embeddable":true,"href":"https:\/\/quehacerpolitico.mx\/index.php?rest_route=%2Fwp%2Fv2%2Fcomments&post=8076"}],"version-history":[{"count":0,"href":"https:\/\/quehacerpolitico.mx\/index.php?rest_route=\/wp\/v2\/posts\/8076\/revisions"}],"wp:featuredmedia":[{"embeddable":true,"href":"https:\/\/quehacerpolitico.mx\/index.php?rest_route=\/"}],"wp:attachment":[{"href":"https:\/\/quehacerpolitico.mx\/index.php?rest_route=%2Fwp%2Fv2%2Fmedia&parent=8076"}],"wp:term":[{"taxonomy":"category","embeddable":true,"href":"https:\/\/quehacerpolitico.mx\/index.php?rest_route=%2Fwp%2Fv2%2Fcategories&post=8076"},{"taxonomy":"post_tag","embeddable":true,"href":"https:\/\/quehacerpolitico.mx\/index.php?rest_route=%2Fwp%2Fv2%2Ftags&post=8076"}],"curies":[{"name":"wp","href":"https:\/\/api.w.org\/{rel}","templated":true}]}}