{"id":8074,"date":"2018-10-30T16:34:54","date_gmt":"2018-10-30T16:34:54","guid":{"rendered":"http:\/\/quehacerpolitico.mx\/francia-se-deslinda-sobre-estudio-para-nuevo-aeropuerto\/"},"modified":"2018-10-30T16:34:54","modified_gmt":"2018-10-30T16:34:54","slug":"francia-se-deslinda-sobre-estudio-para-nuevo-aeropuerto","status":"publish","type":"post","link":"https:\/\/quehacerpolitico.mx\/?p=8074","title":{"rendered":"Francia se deslinda sobre estudio para nuevo aeropuerto"},"content":{"rendered":"<h1 class=\"news-title\">Francia se deslinda sobre estudio para nuevo aeropuerto<\/h1>\n<p>Por Redaccion QP<\/p>\n<p>La embajada de Francia en M\u00e9xico <strong>aclar\u00f3 que el gobierno del presidente Emmanuel Macrons\u00f3lo proporcion\u00f3 el contacto de una empresa privada (Navblue), a solicitud del equipo de transici\u00f3n, para elaborar un estudio<\/strong> sobre la viabilidad de la operaci\u00f3n del actual Aeropuerto Internacional de la Ciudad de M\u00e9xico (AICM) y el aeropuerto militar de Santa Luc\u00eda.<\/p>\n<p>Por medio de una nota de prensa, la embajada de Francia en nuestro pa\u00eds se\u00f1al\u00f3 que: <strong>&#8220;el contacto de una empresa privada, especializada en seguridad a\u00e9rea, se transmiti\u00f3 a las autoridades de transici\u00f3n, a petici\u00f3n de ellas mismas&#8221;<\/strong>.<\/p>\n<div id=\"div-pos-2\">&#8220;Posteriormente, esta empresa fue solicitada directamente por las autoridades de transici\u00f3n para que elaborara un estudio t\u00e9cnico, circunscrito al tema del espacio a\u00e9reo. En la restituci\u00f3n de su estudio, la empresa tambi\u00e9n precis\u00f3 que muchos otros par\u00e1metros se deb\u00edan tomar en consideraci\u00f3n&#8221;.<\/div>\n<p>Este lunes en su conferencia de prensa para conocer la decisi\u00f3n de cancelar el Aeropuerto de Texcoco L\u00f3pez Obrador dijo que solicit\u00f3 al gobierno de Francia ayuda para que una empresa de prestigio les presentara un dictamen sobre la compatibilidad de operaciones entre el NAICM y el de Santa Luc\u00eda.<\/p>\n<p>&#8220;<strong>El s\u00e1bado me visit\u00f3 el canciller del gobierno franc\u00e9s y me entreg\u00f3 una carta del presidente Macron<\/strong>. Me dice el presidente Macron en un p\u00e1rrafo: &#8216;La rapidez con la que hemos respondido a sus solicitudes, en especial en el \u00e1mbito a\u00e9reo, da muestra de hasta qu\u00e9 punto queremos que la intensificaci\u00f3n de la relaci\u00f3n franco-mexicana sea prioritaria, relaci\u00f3n que, deseo, sea ejemplar y llegue a convertirse en una verdadera alianza'&#8221;, dijo el presidente electo.<\/p>\n<p><strong>La representaci\u00f3n diplom\u00e1tica de Francia en M\u00e9xico asegur\u00f3 que sobre el proyecto del Nuevo Aeropuerto<\/strong>, como en cualquier otro relativo a infraestructuras, <strong>&#8220;corresponde a M\u00e9xico tomar sus propias decisiones&#8221;<\/strong>.<\/p>\n","protected":false},"excerpt":{"rendered":"<p>La embajada aclar\u00f3 que el gobierno de Macron s\u00f3lo proporcion\u00f3 el contacto de una empresa privada para elaborar el estudio<br \/>\nPor Redacci\u00f3n QP<\/p>\n","protected":false},"author":2,"featured_media":8073,"comment_status":"open","ping_status":"open","sticky":false,"template":"","format":"standard","meta":{"_monsterinsights_skip_tracking":false,"_monsterinsights_sitenote_active":false,"_monsterinsights_sitenote_note":"","_monsterinsights_sitenote_category":0,"footnotes":""},"categories":[2],"tags":[],"class_list":["post-8074","post","type-post","status-publish","format-standard","has-post-thumbnail","hentry","category-noticias"],"yoast_head":"<!-- This site is optimized with the Yoast SEO plugin v27.3 - https:\/\/yoast.com\/product\/yoast-seo-wordpress\/ -->\n<title>Francia se deslinda sobre estudio para nuevo aeropuerto -<\/title>\n<meta name=\"robots\" content=\"index, follow, max-snippet:-1, max-image-preview:large, max-video-preview:-1\" \/>\n<link rel=\"canonical\" href=\"https:\/\/quehacerpolitico.mx\/?p=8074\" \/>\n<meta property=\"og:locale\" content=\"es_MX\" \/>\n<meta property=\"og:type\" content=\"article\" \/>\n<meta property=\"og:title\" content=\"Francia se deslinda sobre estudio para nuevo aeropuerto -\" \/>\n<meta property=\"og:description\" content=\"La embajada aclar\u00f3 que el gobierno de Macron s\u00f3lo proporcion\u00f3 el contacto de una empresa privada para elaborar el estudio Por Redacci\u00f3n QP\" \/>\n<meta property=\"og:url\" content=\"https:\/\/quehacerpolitico.mx\/?p=8074\" \/>\n<meta property=\"article:published_time\" content=\"2018-10-30T16:34:54+00:00\" \/>\n<meta name=\"author\" content=\"Redacci\u00f3n QP\" \/>\n<meta name=\"twitter:card\" content=\"summary_large_image\" \/>\n<meta name=\"twitter:label1\" content=\"Escrito por\" \/>\n\t<meta name=\"twitter:data1\" content=\"Redacci\u00f3n QP\" \/>\n\t<meta name=\"twitter:label2\" content=\"Tiempo de lectura\" \/>\n\t<meta name=\"twitter:data2\" content=\"2 minutos\" \/>\n<script type=\"application\/ld+json\" class=\"yoast-schema-graph\">{\"@context\":\"https:\\\/\\\/schema.org\",\"@graph\":[{\"@type\":\"Article\",\"@id\":\"https:\\\/\\\/quehacerpolitico.mx\\\/?p=8074#article\",\"isPartOf\":{\"@id\":\"https:\\\/\\\/quehacerpolitico.mx\\\/?p=8074\"},\"author\":{\"name\":\"Redacci\u00f3n QP\",\"@id\":\"https:\\\/\\\/quehacerpolitico.mx\\\/#\\\/schema\\\/person\\\/496d8ad2d1d3f8036101dca7ee39e585\"},\"headline\":\"Francia se deslinda sobre estudio para nuevo aeropuerto\",\"datePublished\":\"2018-10-30T16:34:54+00:00\",\"mainEntityOfPage\":{\"@id\":\"https:\\\/\\\/quehacerpolitico.mx\\\/?p=8074\"},\"wordCount\":340,\"commentCount\":0,\"image\":{\"@id\":\"https:\\\/\\\/quehacerpolitico.mx\\\/?p=8074#primaryimage\"},\"thumbnailUrl\":\"\",\"articleSection\":[\"Noticias\"],\"inLanguage\":\"es\",\"potentialAction\":[{\"@type\":\"CommentAction\",\"name\":\"Comment\",\"target\":[\"https:\\\/\\\/quehacerpolitico.mx\\\/?p=8074#respond\"]}]},{\"@type\":\"WebPage\",\"@id\":\"https:\\\/\\\/quehacerpolitico.mx\\\/?p=8074\",\"url\":\"https:\\\/\\\/quehacerpolitico.mx\\\/?p=8074\",\"name\":\"Francia se deslinda sobre estudio para nuevo aeropuerto -\",\"isPartOf\":{\"@id\":\"https:\\\/\\\/quehacerpolitico.mx\\\/#website\"},\"primaryImageOfPage\":{\"@id\":\"https:\\\/\\\/quehacerpolitico.mx\\\/?p=8074#primaryimage\"},\"image\":{\"@id\":\"https:\\\/\\\/quehacerpolitico.mx\\\/?p=8074#primaryimage\"},\"thumbnailUrl\":\"\",\"datePublished\":\"2018-10-30T16:34:54+00:00\",\"author\":{\"@id\":\"https:\\\/\\\/quehacerpolitico.mx\\\/#\\\/schema\\\/person\\\/496d8ad2d1d3f8036101dca7ee39e585\"},\"breadcrumb\":{\"@id\":\"https:\\\/\\\/quehacerpolitico.mx\\\/?p=8074#breadcrumb\"},\"inLanguage\":\"es\",\"potentialAction\":[{\"@type\":\"ReadAction\",\"target\":[\"https:\\\/\\\/quehacerpolitico.mx\\\/?p=8074\"]}]},{\"@type\":\"ImageObject\",\"inLanguage\":\"es\",\"@id\":\"https:\\\/\\\/quehacerpolitico.mx\\\/?p=8074#primaryimage\",\"url\":\"\",\"contentUrl\":\"\"},{\"@type\":\"BreadcrumbList\",\"@id\":\"https:\\\/\\\/quehacerpolitico.mx\\\/?p=8074#breadcrumb\",\"itemListElement\":[{\"@type\":\"ListItem\",\"position\":1,\"name\":\"Inicio\",\"item\":\"https:\\\/\\\/quehacerpolitico.mx\\\/\"},{\"@type\":\"ListItem\",\"position\":2,\"name\":\"Francia se deslinda sobre estudio para nuevo aeropuerto\"}]},{\"@type\":\"WebSite\",\"@id\":\"https:\\\/\\\/quehacerpolitico.mx\\\/#website\",\"url\":\"https:\\\/\\\/quehacerpolitico.mx\\\/\",\"name\":\"\",\"description\":\"\",\"potentialAction\":[{\"@type\":\"SearchAction\",\"target\":{\"@type\":\"EntryPoint\",\"urlTemplate\":\"https:\\\/\\\/quehacerpolitico.mx\\\/?s={search_term_string}\"},\"query-input\":{\"@type\":\"PropertyValueSpecification\",\"valueRequired\":true,\"valueName\":\"search_term_string\"}}],\"inLanguage\":\"es\"},{\"@type\":\"Person\",\"@id\":\"https:\\\/\\\/quehacerpolitico.mx\\\/#\\\/schema\\\/person\\\/496d8ad2d1d3f8036101dca7ee39e585\",\"name\":\"Redacci\u00f3n QP\",\"image\":{\"@type\":\"ImageObject\",\"inLanguage\":\"es\",\"@id\":\"https:\\\/\\\/secure.gravatar.com\\\/avatar\\\/c7164ed6fdec453195284ad24a5ae5b6e1eed2b848477fa2a4787ba9adf39a41?s=96&d=mm&r=g\",\"url\":\"https:\\\/\\\/secure.gravatar.com\\\/avatar\\\/c7164ed6fdec453195284ad24a5ae5b6e1eed2b848477fa2a4787ba9adf39a41?s=96&d=mm&r=g\",\"contentUrl\":\"https:\\\/\\\/secure.gravatar.com\\\/avatar\\\/c7164ed6fdec453195284ad24a5ae5b6e1eed2b848477fa2a4787ba9adf39a41?s=96&d=mm&r=g\",\"caption\":\"Redacci\u00f3n QP\"},\"url\":\"https:\\\/\\\/quehacerpolitico.mx\\\/?author=2\"}]}<\/script>\n<!-- \/ Yoast SEO plugin. -->","yoast_head_json":{"title":"Francia se deslinda sobre estudio para nuevo aeropuerto -","robots":{"index":"index","follow":"follow","max-snippet":"max-snippet:-1","max-image-preview":"max-image-preview:large","max-video-preview":"max-video-preview:-1"},"canonical":"https:\/\/quehacerpolitico.mx\/?p=8074","og_locale":"es_MX","og_type":"article","og_title":"Francia se deslinda sobre estudio para nuevo aeropuerto -","og_description":"La embajada aclar\u00f3 que el gobierno de Macron s\u00f3lo proporcion\u00f3 el contacto de una empresa privada para elaborar el estudio Por Redacci\u00f3n QP","og_url":"https:\/\/quehacerpolitico.mx\/?p=8074","article_published_time":"2018-10-30T16:34:54+00:00","author":"Redacci\u00f3n QP","twitter_card":"summary_large_image","twitter_misc":{"Escrito por":"Redacci\u00f3n QP","Tiempo de lectura":"2 minutos"},"schema":{"@context":"https:\/\/schema.org","@graph":[{"@type":"Article","@id":"https:\/\/quehacerpolitico.mx\/?p=8074#article","isPartOf":{"@id":"https:\/\/quehacerpolitico.mx\/?p=8074"},"author":{"name":"Redacci\u00f3n QP","@id":"https:\/\/quehacerpolitico.mx\/#\/schema\/person\/496d8ad2d1d3f8036101dca7ee39e585"},"headline":"Francia se deslinda sobre estudio para nuevo aeropuerto","datePublished":"2018-10-30T16:34:54+00:00","mainEntityOfPage":{"@id":"https:\/\/quehacerpolitico.mx\/?p=8074"},"wordCount":340,"commentCount":0,"image":{"@id":"https:\/\/quehacerpolitico.mx\/?p=8074#primaryimage"},"thumbnailUrl":"","articleSection":["Noticias"],"inLanguage":"es","potentialAction":[{"@type":"CommentAction","name":"Comment","target":["https:\/\/quehacerpolitico.mx\/?p=8074#respond"]}]},{"@type":"WebPage","@id":"https:\/\/quehacerpolitico.mx\/?p=8074","url":"https:\/\/quehacerpolitico.mx\/?p=8074","name":"Francia se deslinda sobre estudio para nuevo aeropuerto -","isPartOf":{"@id":"https:\/\/quehacerpolitico.mx\/#website"},"primaryImageOfPage":{"@id":"https:\/\/quehacerpolitico.mx\/?p=8074#primaryimage"},"image":{"@id":"https:\/\/quehacerpolitico.mx\/?p=8074#primaryimage"},"thumbnailUrl":"","datePublished":"2018-10-30T16:34:54+00:00","author":{"@id":"https:\/\/quehacerpolitico.mx\/#\/schema\/person\/496d8ad2d1d3f8036101dca7ee39e585"},"breadcrumb":{"@id":"https:\/\/quehacerpolitico.mx\/?p=8074#breadcrumb"},"inLanguage":"es","potentialAction":[{"@type":"ReadAction","target":["https:\/\/quehacerpolitico.mx\/?p=8074"]}]},{"@type":"ImageObject","inLanguage":"es","@id":"https:\/\/quehacerpolitico.mx\/?p=8074#primaryimage","url":"","contentUrl":""},{"@type":"BreadcrumbList","@id":"https:\/\/quehacerpolitico.mx\/?p=8074#breadcrumb","itemListElement":[{"@type":"ListItem","position":1,"name":"Inicio","item":"https:\/\/quehacerpolitico.mx\/"},{"@type":"ListItem","position":2,"name":"Francia se deslinda sobre estudio para nuevo aeropuerto"}]},{"@type":"WebSite","@id":"https:\/\/quehacerpolitico.mx\/#website","url":"https:\/\/quehacerpolitico.mx\/","name":"","description":"","potentialAction":[{"@type":"SearchAction","target":{"@type":"EntryPoint","urlTemplate":"https:\/\/quehacerpolitico.mx\/?s={search_term_string}"},"query-input":{"@type":"PropertyValueSpecification","valueRequired":true,"valueName":"search_term_string"}}],"inLanguage":"es"},{"@type":"Person","@id":"https:\/\/quehacerpolitico.mx\/#\/schema\/person\/496d8ad2d1d3f8036101dca7ee39e585","name":"Redacci\u00f3n QP","image":{"@type":"ImageObject","inLanguage":"es","@id":"https:\/\/secure.gravatar.com\/avatar\/c7164ed6fdec453195284ad24a5ae5b6e1eed2b848477fa2a4787ba9adf39a41?s=96&d=mm&r=g","url":"https:\/\/secure.gravatar.com\/avatar\/c7164ed6fdec453195284ad24a5ae5b6e1eed2b848477fa2a4787ba9adf39a41?s=96&d=mm&r=g","contentUrl":"https:\/\/secure.gravatar.com\/avatar\/c7164ed6fdec453195284ad24a5ae5b6e1eed2b848477fa2a4787ba9adf39a41?s=96&d=mm&r=g","caption":"Redacci\u00f3n QP"},"url":"https:\/\/quehacerpolitico.mx\/?author=2"}]}},"featured_image_urls":{"full":"","thumbnail":"","medium":"","medium_large":"","large":"","1536x1536":"","2048x2048":"","covernews-featured":"","covernews-medium":""},"author_info":{"display_name":"Redacci\u00f3n QP","author_link":"https:\/\/quehacerpolitico.mx\/?author=2"},"category_info":"<a href=\"https:\/\/quehacerpolitico.mx\/?cat=2\" rel=\"category\">Noticias<\/a>","tag_info":"Noticias","comment_count":"0","_links":{"self":[{"href":"https:\/\/quehacerpolitico.mx\/index.php?rest_route=\/wp\/v2\/posts\/8074","targetHints":{"allow":["GET"]}}],"collection":[{"href":"https:\/\/quehacerpolitico.mx\/index.php?rest_route=\/wp\/v2\/posts"}],"about":[{"href":"https:\/\/quehacerpolitico.mx\/index.php?rest_route=\/wp\/v2\/types\/post"}],"author":[{"embeddable":true,"href":"https:\/\/quehacerpolitico.mx\/index.php?rest_route=\/wp\/v2\/users\/2"}],"replies":[{"embeddable":true,"href":"https:\/\/quehacerpolitico.mx\/index.php?rest_route=%2Fwp%2Fv2%2Fcomments&post=8074"}],"version-history":[{"count":0,"href":"https:\/\/quehacerpolitico.mx\/index.php?rest_route=\/wp\/v2\/posts\/8074\/revisions"}],"wp:featuredmedia":[{"embeddable":true,"href":"https:\/\/quehacerpolitico.mx\/index.php?rest_route=\/"}],"wp:attachment":[{"href":"https:\/\/quehacerpolitico.mx\/index.php?rest_route=%2Fwp%2Fv2%2Fmedia&parent=8074"}],"wp:term":[{"taxonomy":"category","embeddable":true,"href":"https:\/\/quehacerpolitico.mx\/index.php?rest_route=%2Fwp%2Fv2%2Fcategories&post=8074"},{"taxonomy":"post_tag","embeddable":true,"href":"https:\/\/quehacerpolitico.mx\/index.php?rest_route=%2Fwp%2Fv2%2Ftags&post=8074"}],"curies":[{"name":"wp","href":"https:\/\/api.w.org\/{rel}","templated":true}]}}