{"id":80739,"date":"2021-05-10T02:50:52","date_gmt":"2021-05-10T02:50:52","guid":{"rendered":"https:\/\/quehacerpolitico.mx\/?p=80739"},"modified":"2021-05-10T02:50:52","modified_gmt":"2021-05-10T02:50:52","slug":"hoy-en-mexico-218-mil-985-muertos-confirmados-por-covid-19","status":"publish","type":"post","link":"https:\/\/quehacerpolitico.mx\/?p=80739","title":{"rendered":"Hoy en Mexico 218 mil 985 muertos confirmados por COVID-19"},"content":{"rendered":"<h1 class=\"article_title\">Hoy en Mexico 218 mil 985 muertos confirmados por COVID-19<br \/>\nPor Redacci\u00f3n QP<\/h1>\n<p>Las autoridades de Salud dan a conocer que M\u00e9xico ya suma 218 mil 985 muertos por COVID-19<\/p>\n<p>Las autoridades de Salud dan a conocer, la noche del domingo 9 de mayo de 2021, que M\u00e9xico ya suma 218 mil 985 muertos por COVID-19<\/p>\n<blockquote class=\"twitter-tweet\" data-width=\"550\" data-dnt=\"true\">\n<p lang=\"es\" dir=\"ltr\">Comunicado T\u00e9cnico Diario: Nuevo Coronavirus en el Mundo <a href=\"https:\/\/twitter.com\/hashtag\/COVID19?src=hash&amp;ref_src=twsrc%5Etfw\">#COVID19<\/a> | 9 de mayo de 2021<\/p>\n<p>\u27a1\ufe0f <a href=\"https:\/\/t.co\/9NL8byzlLL\">https:\/\/t.co\/9NL8byzlLL<\/a> <a href=\"https:\/\/t.co\/Ig57NAiaed\">pic.twitter.com\/Ig57NAiaed<\/a><\/p>\n<p>&mdash; SALUD M\u00e9xico (@SSalud_mx) <a href=\"https:\/\/twitter.com\/SSalud_mx\/status\/1391568959397302272?ref_src=twsrc%5Etfw\">May 10, 2021<\/a><\/p><\/blockquote>\n<p><script async src=\"https:\/\/platform.twitter.com\/widgets.js\" charset=\"utf-8\"><\/script><\/p>\n<h2>Casos estimados<\/h2>\n<p>Los <strong>casos estimados acumulados<\/strong>ascender\u00edan a 2 millones 552 mil 389, de los cuales 20 mil 193 seguir\u00edan activos.<\/p>\n<p>El n\u00famero de <strong>personas recuperadas<\/strong> ya alcanz\u00f3 1 mill\u00f3n 886 mil 233.<\/p>\n<p>Hasta el momento se han completado 9 millones 440 mil 251 esquemas de vacunaci\u00f3n contra COVID-19.<\/p>\n<h2>Ocupaci\u00f3n hospitalaria<\/h2>\n<p>La ocupaci\u00f3n de <strong>camas de hospitalizaci\u00f3n general<\/strong> y de camas con ventilador es menor al 83% a nivel nacional.<\/p>\n<p>La ocupaci\u00f3n de camas de hospitalizaci\u00f3n general es del 10% a nivel nacional y <strong>la ocupaci\u00f3n de camas con ventilador<\/strong> es del 15%.<\/p>\n<blockquote class=\"twitter-tweet\" data-width=\"550\" data-dnt=\"true\">\n<p lang=\"es\" dir=\"ltr\">A nivel nacional, 90% de camas de hospitalizaci\u00f3n general est\u00e1n disponibles y 10% ocupadas. En camas con ventiladores, 85% est\u00e1n disponibles y 15% ocupadas. 2\/2 <a href=\"https:\/\/t.co\/QAJG7Vvz8g\">pic.twitter.com\/QAJG7Vvz8g<\/a><\/p>\n<p>&mdash; Hugo L\u00f3pez-Gatell Ram\u00edrez (@HLGatell) <a href=\"https:\/\/twitter.com\/HLGatell\/status\/1391546741904711681?ref_src=twsrc%5Etfw\">May 10, 2021<\/a><\/p><\/blockquote>\n<p><script async src=\"https:\/\/platform.twitter.com\/widgets.js\" charset=\"utf-8\"><\/script><\/p>\n<h2>Avance vacunaci\u00f3n en M\u00e9xico<\/h2>\n<p>Hasta el s\u00e1bado 9 de mayo, con corte a las 21:00 horas, se aplicaron un total de 198 mil 480 dosis de <strong>la vacuna COVID<\/strong>.<\/p>\n<p>Hasta el momento M\u00e9xico acumula 21 millones 228 mil 359 vacunas aplicadas y 31 mil 370 dosis perdidas.<\/p>\n<blockquote class=\"twitter-tweet\" data-width=\"550\" data-dnt=\"true\">\n<p lang=\"es\" dir=\"ltr\">A partir del 10 de mayo se encuentran en sem\u00e1foro NARANJA: Chihuahua, Quintana Roo y Tabasco. 1\/3 <a href=\"https:\/\/t.co\/75TRPavBKW\">pic.twitter.com\/75TRPavBKW<\/a><\/p>\n<p>&mdash; Hugo L\u00f3pez-Gatell Ram\u00edrez (@HLGatell) <a href=\"https:\/\/twitter.com\/HLGatell\/status\/1391564507852333057?ref_src=twsrc%5Etfw\">May 10, 2021<\/a><\/p><\/blockquote>\n<p><script async src=\"https:\/\/platform.twitter.com\/widgets.js\" charset=\"utf-8\"><\/script><\/p>\n<blockquote class=\"twitter-tweet\" data-width=\"550\" data-dnt=\"true\">\n<p lang=\"es\" dir=\"ltr\">En sem\u00e1foro VERDE, Campeche, Coahuila, Chiapas, Durango, Guanajuato, Jalisco, Nayarit, Nuevo Le\u00f3n, Oaxaca, San Luis Potos\u00ed, Sinaloa, Sonora, Tlaxcala y Veracruz. 3\/3<\/p>\n<p>&mdash; Hugo L\u00f3pez-Gatell Ram\u00edrez (@HLGatell) <a href=\"https:\/\/twitter.com\/HLGatell\/status\/1391564511157440513?ref_src=twsrc%5Etfw\">May 10, 2021<\/a><\/p><\/blockquote>\n<p><script async src=\"https:\/\/platform.twitter.com\/widgets.js\" charset=\"utf-8\"><\/script><\/p>\n<h2>Avance vacunaci\u00f3n por sector de la poblaci\u00f3n<\/h2>\n<p>Los <strong>esquemas de vacunaci\u00f3n completos<\/strong> en M\u00e9xico suman 14 millones 148 mil 207 personas.<\/p>\n<p><strong>Personal de salud<\/strong><\/p>\n<p>Entre el personal de salud se han aplicado 1 mill\u00f3n 068 mil 773 vacunas.<\/p>\n<p><strong>Personal educativo<\/strong><\/p>\n<p>Entre el personal educativo se han aplicado 1 mill\u00f3n 325 mil 729 vacunas.<\/p>\n<p><strong>Personas de 60 y m\u00e1s a\u00f1os<\/strong><\/p>\n<p>En los adultos mayores de 60 a\u00f1os y m\u00e1s se han aplicado un total de 10 millones 698 mil 567 vacunas.<\/p>\n<p><strong>Personas de 50 a 59 a\u00f1os<\/strong><\/p>\n<p>En las personas de 50 a 59 a\u00f1os se han aplicado un total de 1 mill\u00f3n 055 mil 138 vacunas.<\/p>\n<blockquote class=\"twitter-tweet\" data-width=\"550\" data-dnt=\"true\">\n<p lang=\"es\" dir=\"ltr\">Comunicado T\u00e9cnico Diario: Nuevo Coronavirus en el Mundo <a href=\"https:\/\/twitter.com\/hashtag\/COVID19?src=hash&amp;ref_src=twsrc%5Etfw\">#COVID19<\/a> | 9 de mayo de 2021<\/p>\n<p>\u27a1\ufe0f <a href=\"https:\/\/t.co\/9NL8byzlLL\">https:\/\/t.co\/9NL8byzlLL<\/a> <a href=\"https:\/\/t.co\/W7DVK6kJoF\">pic.twitter.com\/W7DVK6kJoF<\/a><\/p>\n<p>&mdash; SALUD M\u00e9xico (@SSalud_mx) <a href=\"https:\/\/twitter.com\/SSalud_mx\/status\/1391561098671837186?ref_src=twsrc%5Etfw\">May 10, 2021<\/a><\/p><\/blockquote>\n<p><script async src=\"https:\/\/platform.twitter.com\/widgets.js\" charset=\"utf-8\"><\/script><\/p>\n<h2>Vacunas recibidas<\/h2>\n<p>Hasta este domingo 9 de mayo de 2021 M\u00e9xico ha recibido 27 millones 093 mil 685 <strong>dosis de vacunas contra COVID-19<\/strong> desde el 23 de diciembre de 2020, de las cuales corresponden:<\/p>\n<p>Pfizer BioNTech: 10 millones 660 mil 065.<br \/>\nAstraZeneca: 4 millones 664 mil 500.<br \/>\nSinoVac: 6 millones.<br \/>\nSputnik V: 1 mill\u00f3n 900 mil.<br \/>\nCanSino: 3 millones 869 mil 120.<\/p>\n<blockquote class=\"twitter-tweet\" data-width=\"550\" data-dnt=\"true\">\n<p lang=\"es\" dir=\"ltr\">Conferencia de prensa <a href=\"https:\/\/twitter.com\/hashtag\/COVID19?src=hash&amp;ref_src=twsrc%5Etfw\">#COVID19<\/a> | 9 de mayo de 2021 <a href=\"https:\/\/twitter.com\/hashtag\/GraciasPorCuidarnos?src=hash&amp;ref_src=twsrc%5Etfw\">#GraciasPorCuidarnos<\/a> <a href=\"https:\/\/t.co\/iMWRVBRUK2\">https:\/\/t.co\/iMWRVBRUK2<\/a><\/p>\n<p>&mdash; SALUD M\u00e9xico (@SSalud_mx) <a href=\"https:\/\/twitter.com\/SSalud_mx\/status\/1391543237404418048?ref_src=twsrc%5Etfw\">May 9, 2021<\/a><\/p><\/blockquote>\n<p><script async src=\"https:\/\/platform.twitter.com\/widgets.js\" charset=\"utf-8\"><\/script><\/p>\n<p><em>Con informaci\u00f3n de la Secretar\u00eda de Salud<\/em><\/p>\n","protected":false},"excerpt":{"rendered":"<p>Hoy en Mexico 218 mil 985 muertos confirmados por COVID-19 Por Redacci\u00f3n QP Las autoridades&#8230;<\/p>\n","protected":false},"author":2,"featured_media":80697,"comment_status":"open","ping_status":"open","sticky":false,"template":"","format":"standard","meta":{"_monsterinsights_skip_tracking":false,"_monsterinsights_sitenote_active":false,"_monsterinsights_sitenote_note":"","_monsterinsights_sitenote_category":0,"footnotes":""},"categories":[2],"tags":[],"class_list":["post-80739","post","type-post","status-publish","format-standard","has-post-thumbnail","hentry","category-noticias"],"yoast_head":"<!-- This site is optimized with the Yoast SEO plugin v27.3 - https:\/\/yoast.com\/product\/yoast-seo-wordpress\/ -->\n<title>Hoy en Mexico 218 mil 985 muertos confirmados por COVID-19 -<\/title>\n<meta name=\"robots\" content=\"index, follow, max-snippet:-1, max-image-preview:large, max-video-preview:-1\" \/>\n<link rel=\"canonical\" href=\"https:\/\/quehacerpolitico.mx\/?p=80739\" \/>\n<meta property=\"og:locale\" content=\"es_MX\" \/>\n<meta property=\"og:type\" content=\"article\" \/>\n<meta property=\"og:title\" content=\"Hoy en Mexico 218 mil 985 muertos confirmados por COVID-19 -\" \/>\n<meta property=\"og:description\" content=\"Hoy en Mexico 218 mil 985 muertos confirmados por COVID-19 Por Redacci\u00f3n QP Las autoridades...\" \/>\n<meta property=\"og:url\" content=\"https:\/\/quehacerpolitico.mx\/?p=80739\" \/>\n<meta property=\"article:published_time\" content=\"2021-05-10T02:50:52+00:00\" \/>\n<meta property=\"og:image\" content=\"https:\/\/quehacerpolitico.mx\/wp-content\/uploads\/2021\/05\/E9BC0191-5A19-4DC2-B699-FB0B9D4F7AE6.jpeg\" \/>\n\t<meta property=\"og:image:width\" content=\"720\" \/>\n\t<meta property=\"og:image:height\" content=\"405\" \/>\n\t<meta property=\"og:image:type\" content=\"image\/jpeg\" \/>\n<meta name=\"author\" content=\"Redacci\u00f3n QP\" \/>\n<meta name=\"twitter:card\" content=\"summary_large_image\" \/>\n<meta name=\"twitter:label1\" content=\"Escrito por\" \/>\n\t<meta name=\"twitter:data1\" content=\"Redacci\u00f3n QP\" \/>\n\t<meta name=\"twitter:label2\" content=\"Tiempo de lectura\" \/>\n\t<meta name=\"twitter:data2\" content=\"2 minutos\" \/>\n<script type=\"application\/ld+json\" class=\"yoast-schema-graph\">{\"@context\":\"https:\\\/\\\/schema.org\",\"@graph\":[{\"@type\":\"Article\",\"@id\":\"https:\\\/\\\/quehacerpolitico.mx\\\/?p=80739#article\",\"isPartOf\":{\"@id\":\"https:\\\/\\\/quehacerpolitico.mx\\\/?p=80739\"},\"author\":{\"name\":\"Redacci\u00f3n QP\",\"@id\":\"https:\\\/\\\/quehacerpolitico.mx\\\/#\\\/schema\\\/person\\\/496d8ad2d1d3f8036101dca7ee39e585\"},\"headline\":\"Hoy en Mexico 218 mil 985 muertos confirmados por COVID-19\",\"datePublished\":\"2021-05-10T02:50:52+00:00\",\"mainEntityOfPage\":{\"@id\":\"https:\\\/\\\/quehacerpolitico.mx\\\/?p=80739\"},\"wordCount\":381,\"commentCount\":0,\"image\":{\"@id\":\"https:\\\/\\\/quehacerpolitico.mx\\\/?p=80739#primaryimage\"},\"thumbnailUrl\":\"https:\\\/\\\/quehacerpolitico.mx\\\/wp-content\\\/uploads\\\/2021\\\/05\\\/E9BC0191-5A19-4DC2-B699-FB0B9D4F7AE6.jpeg\",\"articleSection\":[\"Noticias\"],\"inLanguage\":\"es\",\"potentialAction\":[{\"@type\":\"CommentAction\",\"name\":\"Comment\",\"target\":[\"https:\\\/\\\/quehacerpolitico.mx\\\/?p=80739#respond\"]}]},{\"@type\":\"WebPage\",\"@id\":\"https:\\\/\\\/quehacerpolitico.mx\\\/?p=80739\",\"url\":\"https:\\\/\\\/quehacerpolitico.mx\\\/?p=80739\",\"name\":\"Hoy en Mexico 218 mil 985 muertos confirmados por COVID-19 -\",\"isPartOf\":{\"@id\":\"https:\\\/\\\/quehacerpolitico.mx\\\/#website\"},\"primaryImageOfPage\":{\"@id\":\"https:\\\/\\\/quehacerpolitico.mx\\\/?p=80739#primaryimage\"},\"image\":{\"@id\":\"https:\\\/\\\/quehacerpolitico.mx\\\/?p=80739#primaryimage\"},\"thumbnailUrl\":\"https:\\\/\\\/quehacerpolitico.mx\\\/wp-content\\\/uploads\\\/2021\\\/05\\\/E9BC0191-5A19-4DC2-B699-FB0B9D4F7AE6.jpeg\",\"datePublished\":\"2021-05-10T02:50:52+00:00\",\"author\":{\"@id\":\"https:\\\/\\\/quehacerpolitico.mx\\\/#\\\/schema\\\/person\\\/496d8ad2d1d3f8036101dca7ee39e585\"},\"breadcrumb\":{\"@id\":\"https:\\\/\\\/quehacerpolitico.mx\\\/?p=80739#breadcrumb\"},\"inLanguage\":\"es\",\"potentialAction\":[{\"@type\":\"ReadAction\",\"target\":[\"https:\\\/\\\/quehacerpolitico.mx\\\/?p=80739\"]}]},{\"@type\":\"ImageObject\",\"inLanguage\":\"es\",\"@id\":\"https:\\\/\\\/quehacerpolitico.mx\\\/?p=80739#primaryimage\",\"url\":\"https:\\\/\\\/quehacerpolitico.mx\\\/wp-content\\\/uploads\\\/2021\\\/05\\\/E9BC0191-5A19-4DC2-B699-FB0B9D4F7AE6.jpeg\",\"contentUrl\":\"https:\\\/\\\/quehacerpolitico.mx\\\/wp-content\\\/uploads\\\/2021\\\/05\\\/E9BC0191-5A19-4DC2-B699-FB0B9D4F7AE6.jpeg\",\"width\":720,\"height\":405},{\"@type\":\"BreadcrumbList\",\"@id\":\"https:\\\/\\\/quehacerpolitico.mx\\\/?p=80739#breadcrumb\",\"itemListElement\":[{\"@type\":\"ListItem\",\"position\":1,\"name\":\"Inicio\",\"item\":\"https:\\\/\\\/quehacerpolitico.mx\\\/\"},{\"@type\":\"ListItem\",\"position\":2,\"name\":\"Hoy en Mexico 218 mil 985 muertos confirmados por COVID-19\"}]},{\"@type\":\"WebSite\",\"@id\":\"https:\\\/\\\/quehacerpolitico.mx\\\/#website\",\"url\":\"https:\\\/\\\/quehacerpolitico.mx\\\/\",\"name\":\"\",\"description\":\"\",\"potentialAction\":[{\"@type\":\"SearchAction\",\"target\":{\"@type\":\"EntryPoint\",\"urlTemplate\":\"https:\\\/\\\/quehacerpolitico.mx\\\/?s={search_term_string}\"},\"query-input\":{\"@type\":\"PropertyValueSpecification\",\"valueRequired\":true,\"valueName\":\"search_term_string\"}}],\"inLanguage\":\"es\"},{\"@type\":\"Person\",\"@id\":\"https:\\\/\\\/quehacerpolitico.mx\\\/#\\\/schema\\\/person\\\/496d8ad2d1d3f8036101dca7ee39e585\",\"name\":\"Redacci\u00f3n QP\",\"image\":{\"@type\":\"ImageObject\",\"inLanguage\":\"es\",\"@id\":\"https:\\\/\\\/secure.gravatar.com\\\/avatar\\\/c7164ed6fdec453195284ad24a5ae5b6e1eed2b848477fa2a4787ba9adf39a41?s=96&d=mm&r=g\",\"url\":\"https:\\\/\\\/secure.gravatar.com\\\/avatar\\\/c7164ed6fdec453195284ad24a5ae5b6e1eed2b848477fa2a4787ba9adf39a41?s=96&d=mm&r=g\",\"contentUrl\":\"https:\\\/\\\/secure.gravatar.com\\\/avatar\\\/c7164ed6fdec453195284ad24a5ae5b6e1eed2b848477fa2a4787ba9adf39a41?s=96&d=mm&r=g\",\"caption\":\"Redacci\u00f3n QP\"},\"url\":\"https:\\\/\\\/quehacerpolitico.mx\\\/?author=2\"}]}<\/script>\n<!-- \/ Yoast SEO plugin. -->","yoast_head_json":{"title":"Hoy en Mexico 218 mil 985 muertos confirmados por COVID-19 -","robots":{"index":"index","follow":"follow","max-snippet":"max-snippet:-1","max-image-preview":"max-image-preview:large","max-video-preview":"max-video-preview:-1"},"canonical":"https:\/\/quehacerpolitico.mx\/?p=80739","og_locale":"es_MX","og_type":"article","og_title":"Hoy en Mexico 218 mil 985 muertos confirmados por COVID-19 -","og_description":"Hoy en Mexico 218 mil 985 muertos confirmados por COVID-19 Por Redacci\u00f3n QP Las autoridades...","og_url":"https:\/\/quehacerpolitico.mx\/?p=80739","article_published_time":"2021-05-10T02:50:52+00:00","og_image":[{"width":720,"height":405,"url":"https:\/\/quehacerpolitico.mx\/wp-content\/uploads\/2021\/05\/E9BC0191-5A19-4DC2-B699-FB0B9D4F7AE6.jpeg","type":"image\/jpeg"}],"author":"Redacci\u00f3n QP","twitter_card":"summary_large_image","twitter_misc":{"Escrito por":"Redacci\u00f3n QP","Tiempo de lectura":"2 minutos"},"schema":{"@context":"https:\/\/schema.org","@graph":[{"@type":"Article","@id":"https:\/\/quehacerpolitico.mx\/?p=80739#article","isPartOf":{"@id":"https:\/\/quehacerpolitico.mx\/?p=80739"},"author":{"name":"Redacci\u00f3n QP","@id":"https:\/\/quehacerpolitico.mx\/#\/schema\/person\/496d8ad2d1d3f8036101dca7ee39e585"},"headline":"Hoy en Mexico 218 mil 985 muertos confirmados por COVID-19","datePublished":"2021-05-10T02:50:52+00:00","mainEntityOfPage":{"@id":"https:\/\/quehacerpolitico.mx\/?p=80739"},"wordCount":381,"commentCount":0,"image":{"@id":"https:\/\/quehacerpolitico.mx\/?p=80739#primaryimage"},"thumbnailUrl":"https:\/\/quehacerpolitico.mx\/wp-content\/uploads\/2021\/05\/E9BC0191-5A19-4DC2-B699-FB0B9D4F7AE6.jpeg","articleSection":["Noticias"],"inLanguage":"es","potentialAction":[{"@type":"CommentAction","name":"Comment","target":["https:\/\/quehacerpolitico.mx\/?p=80739#respond"]}]},{"@type":"WebPage","@id":"https:\/\/quehacerpolitico.mx\/?p=80739","url":"https:\/\/quehacerpolitico.mx\/?p=80739","name":"Hoy en Mexico 218 mil 985 muertos confirmados por COVID-19 -","isPartOf":{"@id":"https:\/\/quehacerpolitico.mx\/#website"},"primaryImageOfPage":{"@id":"https:\/\/quehacerpolitico.mx\/?p=80739#primaryimage"},"image":{"@id":"https:\/\/quehacerpolitico.mx\/?p=80739#primaryimage"},"thumbnailUrl":"https:\/\/quehacerpolitico.mx\/wp-content\/uploads\/2021\/05\/E9BC0191-5A19-4DC2-B699-FB0B9D4F7AE6.jpeg","datePublished":"2021-05-10T02:50:52+00:00","author":{"@id":"https:\/\/quehacerpolitico.mx\/#\/schema\/person\/496d8ad2d1d3f8036101dca7ee39e585"},"breadcrumb":{"@id":"https:\/\/quehacerpolitico.mx\/?p=80739#breadcrumb"},"inLanguage":"es","potentialAction":[{"@type":"ReadAction","target":["https:\/\/quehacerpolitico.mx\/?p=80739"]}]},{"@type":"ImageObject","inLanguage":"es","@id":"https:\/\/quehacerpolitico.mx\/?p=80739#primaryimage","url":"https:\/\/quehacerpolitico.mx\/wp-content\/uploads\/2021\/05\/E9BC0191-5A19-4DC2-B699-FB0B9D4F7AE6.jpeg","contentUrl":"https:\/\/quehacerpolitico.mx\/wp-content\/uploads\/2021\/05\/E9BC0191-5A19-4DC2-B699-FB0B9D4F7AE6.jpeg","width":720,"height":405},{"@type":"BreadcrumbList","@id":"https:\/\/quehacerpolitico.mx\/?p=80739#breadcrumb","itemListElement":[{"@type":"ListItem","position":1,"name":"Inicio","item":"https:\/\/quehacerpolitico.mx\/"},{"@type":"ListItem","position":2,"name":"Hoy en Mexico 218 mil 985 muertos confirmados por COVID-19"}]},{"@type":"WebSite","@id":"https:\/\/quehacerpolitico.mx\/#website","url":"https:\/\/quehacerpolitico.mx\/","name":"","description":"","potentialAction":[{"@type":"SearchAction","target":{"@type":"EntryPoint","urlTemplate":"https:\/\/quehacerpolitico.mx\/?s={search_term_string}"},"query-input":{"@type":"PropertyValueSpecification","valueRequired":true,"valueName":"search_term_string"}}],"inLanguage":"es"},{"@type":"Person","@id":"https:\/\/quehacerpolitico.mx\/#\/schema\/person\/496d8ad2d1d3f8036101dca7ee39e585","name":"Redacci\u00f3n QP","image":{"@type":"ImageObject","inLanguage":"es","@id":"https:\/\/secure.gravatar.com\/avatar\/c7164ed6fdec453195284ad24a5ae5b6e1eed2b848477fa2a4787ba9adf39a41?s=96&d=mm&r=g","url":"https:\/\/secure.gravatar.com\/avatar\/c7164ed6fdec453195284ad24a5ae5b6e1eed2b848477fa2a4787ba9adf39a41?s=96&d=mm&r=g","contentUrl":"https:\/\/secure.gravatar.com\/avatar\/c7164ed6fdec453195284ad24a5ae5b6e1eed2b848477fa2a4787ba9adf39a41?s=96&d=mm&r=g","caption":"Redacci\u00f3n QP"},"url":"https:\/\/quehacerpolitico.mx\/?author=2"}]}},"featured_image_urls":{"full":["https:\/\/quehacerpolitico.mx\/wp-content\/uploads\/2021\/05\/E9BC0191-5A19-4DC2-B699-FB0B9D4F7AE6.jpeg",720,405,false],"thumbnail":["https:\/\/quehacerpolitico.mx\/wp-content\/uploads\/2021\/05\/E9BC0191-5A19-4DC2-B699-FB0B9D4F7AE6-150x150.jpeg",150,150,true],"medium":["https:\/\/quehacerpolitico.mx\/wp-content\/uploads\/2021\/05\/E9BC0191-5A19-4DC2-B699-FB0B9D4F7AE6-300x169.jpeg",300,169,true],"medium_large":["https:\/\/quehacerpolitico.mx\/wp-content\/uploads\/2021\/05\/E9BC0191-5A19-4DC2-B699-FB0B9D4F7AE6.jpeg",640,360,false],"large":["https:\/\/quehacerpolitico.mx\/wp-content\/uploads\/2021\/05\/E9BC0191-5A19-4DC2-B699-FB0B9D4F7AE6.jpeg",640,360,false],"1536x1536":["https:\/\/quehacerpolitico.mx\/wp-content\/uploads\/2021\/05\/E9BC0191-5A19-4DC2-B699-FB0B9D4F7AE6.jpeg",720,405,false],"2048x2048":["https:\/\/quehacerpolitico.mx\/wp-content\/uploads\/2021\/05\/E9BC0191-5A19-4DC2-B699-FB0B9D4F7AE6.jpeg",720,405,false],"covernews-featured":["https:\/\/quehacerpolitico.mx\/wp-content\/uploads\/2021\/05\/E9BC0191-5A19-4DC2-B699-FB0B9D4F7AE6.jpeg",720,405,false],"covernews-medium":["https:\/\/quehacerpolitico.mx\/wp-content\/uploads\/2021\/05\/E9BC0191-5A19-4DC2-B699-FB0B9D4F7AE6.jpeg",540,304,false]},"author_info":{"display_name":"Redacci\u00f3n QP","author_link":"https:\/\/quehacerpolitico.mx\/?author=2"},"category_info":"<a href=\"https:\/\/quehacerpolitico.mx\/?cat=2\" rel=\"category\">Noticias<\/a>","tag_info":"Noticias","comment_count":"0","_links":{"self":[{"href":"https:\/\/quehacerpolitico.mx\/index.php?rest_route=\/wp\/v2\/posts\/80739","targetHints":{"allow":["GET"]}}],"collection":[{"href":"https:\/\/quehacerpolitico.mx\/index.php?rest_route=\/wp\/v2\/posts"}],"about":[{"href":"https:\/\/quehacerpolitico.mx\/index.php?rest_route=\/wp\/v2\/types\/post"}],"author":[{"embeddable":true,"href":"https:\/\/quehacerpolitico.mx\/index.php?rest_route=\/wp\/v2\/users\/2"}],"replies":[{"embeddable":true,"href":"https:\/\/quehacerpolitico.mx\/index.php?rest_route=%2Fwp%2Fv2%2Fcomments&post=80739"}],"version-history":[{"count":0,"href":"https:\/\/quehacerpolitico.mx\/index.php?rest_route=\/wp\/v2\/posts\/80739\/revisions"}],"wp:featuredmedia":[{"embeddable":true,"href":"https:\/\/quehacerpolitico.mx\/index.php?rest_route=\/wp\/v2\/media\/80697"}],"wp:attachment":[{"href":"https:\/\/quehacerpolitico.mx\/index.php?rest_route=%2Fwp%2Fv2%2Fmedia&parent=80739"}],"wp:term":[{"taxonomy":"category","embeddable":true,"href":"https:\/\/quehacerpolitico.mx\/index.php?rest_route=%2Fwp%2Fv2%2Fcategories&post=80739"},{"taxonomy":"post_tag","embeddable":true,"href":"https:\/\/quehacerpolitico.mx\/index.php?rest_route=%2Fwp%2Fv2%2Ftags&post=80739"}],"curies":[{"name":"wp","href":"https:\/\/api.w.org\/{rel}","templated":true}]}}