{"id":80704,"date":"2021-05-09T02:45:23","date_gmt":"2021-05-09T02:45:23","guid":{"rendered":"https:\/\/quehacerpolitico.mx\/?p=80704"},"modified":"2021-05-09T02:45:23","modified_gmt":"2021-05-09T02:45:23","slug":"internacionales-carolina-alonso-romei-dos-mujeres-y-un-nino-heridos-por-tiroteo-en-times-square-nueva-york","status":"publish","type":"post","link":"https:\/\/quehacerpolitico.mx\/?p=80704","title":{"rendered":"Internacionales\/\/\/Carolina Alonso Romei\/\/\/Dos mujeres y un ni\u00f1o heridos por tiroteo en Times Square, Nueva York"},"content":{"rendered":"<h1 class=\"article_title\">Dos mujeres y un ni\u00f1o heridos por tiroteo en Times Square, Nueva York<br \/>\nPor Carolina Alonso Romei<\/h1>\n<p>Internacionalista<\/p>\n<p>Las tres v\u00edctimas fueron internadas en un hospital de Manhattan y sus vidas no corr\u00edan peligro<\/p>\n<p>Dos mujeres y un ni\u00f1o de cuatro a\u00f1os resultaron heridos el s\u00e1bado por la tarde en <strong>Times Square, Nueva York\u00a0<\/strong>en un tiroteo cuyas motivaciones se desconocen, inform\u00f3 la polic\u00eda de <strong>Nueva York.<\/strong><\/p>\n<p>El ataque tuvo lugar poco antes de las 17 horas, en el cruce de 7th Avenue y 44th Street, dijo un portavoz policial a la AFP.<\/p>\n<p>Las tres v\u00edctimas fueron internadas en un hospital de Manhattan y sus vidas no corr\u00edan peligro, agreg\u00f3.<\/p>\n<p>A\u00fan no se han realizado detenciones y la polic\u00eda dijo que \u201cla investigaci\u00f3n est\u00e1 en curso\u201d, sin dar m\u00e1s detalles. Una rueda de prensa tendr\u00e1 lugar en la noche del s\u00e1bado.<\/p>\n<p><iframe loading=\"lazy\" title=\"Tiroteo y heridos en Times Square - Shots in Times Square\" width=\"640\" height=\"360\" src=\"https:\/\/www.youtube.com\/embed\/F_xwAa8U-D4?feature=oembed\" frameborder=\"0\" allow=\"accelerometer; autoplay; clipboard-write; encrypted-media; gyroscope; picture-in-picture; web-share\" referrerpolicy=\"strict-origin-when-cross-origin\" allowfullscreen><\/iframe><\/p>\n<blockquote><p>\u201cAfortunadamente, estos transe\u00fantes inocentes est\u00e1n en condici\u00f3n estable\u201d, tuite\u00f3 el alcalde de Nueva York, Bill de Blasio. \u201cSe busca a los autores de esta violencia y la polic\u00eda los llevar\u00e1 ante la justicia. Debe detenerse el flujo de armas ilegales que llegan a Nueva York\u201d, agreg\u00f3.<\/p><\/blockquote>\n<p><strong>Times Square,<\/strong> uno de los puntos tur\u00edsticos de la metr\u00f3poli antes de la pandemia, ha cambiado desde que todos los cines cerraron en marzo de 2020.<\/p>\n<p>Seg\u00fan un informe reciente de <strong>Times Square Alliance<\/strong>, la asociaci\u00f3n empresarial del vecindario, el \u00e1rea registr\u00f3 25 delitos violentos en el primer trimestre de 2021, frente a 17 del mismo per\u00edodo de 2020.<\/p>\n<p>A finales de marzo, la grabaci\u00f3n en v\u00eddeo del asalto a un sexagenario de origen asi\u00e1tico en el barrio hab\u00eda conmocionado profundamente.<\/p>\n<p>Un hombre con un historial judicial pesado, que viv\u00eda en un hotel cercano a <strong>Times Square<\/strong>convertido en un centro de recepci\u00f3n para personas sin hogar, fue detenido y acusado por ese hecho.<\/p>\n<p>Los teatros del vecindario comenzar\u00e1n a reabrir el 14 de septiembre, y el alcalde de <strong>Nueva York<\/strong> anunci\u00f3 recientemente una importante campa\u00f1a para reactivar el turismo a partir de junio.<\/p>\n<p>Los tiroteos en Nueva York han aumentado dr\u00e1sticamente desde el verano boreal de 2020 y las protestas contra la violencia policial que sigui\u00f3 a la muerte de George Floyd en Minneapolis, lo que gener\u00f3 controversia sobre las causas y los remedios para este aumento, seis semanas antes de las primarias para las elecciones municipales.<\/p>\n<p>Seg\u00fan las \u00faltimas estad\u00edsticas oficiales, Nueva York registr\u00f3 149 tiroteos en abril, frente a 56 en abril de 2020 (+ 166%). La delincuencia en general aument\u00f3 un 30% durante el mismo per\u00edodo.<\/p>\n<p>Con informaci\u00f3n AFP<\/p>\n","protected":false},"excerpt":{"rendered":"<p>Dos mujeres y un ni\u00f1o heridos por tiroteo en Times Square, Nueva York Por Carolina&#8230;<\/p>\n","protected":false},"author":2,"featured_media":80706,"comment_status":"open","ping_status":"open","sticky":false,"template":"","format":"standard","meta":{"_monsterinsights_skip_tracking":false,"_monsterinsights_sitenote_active":false,"_monsterinsights_sitenote_note":"","_monsterinsights_sitenote_category":0,"footnotes":""},"categories":[1],"tags":[],"class_list":["post-80704","post","type-post","status-publish","format-standard","has-post-thumbnail","hentry","category-sin-categoria"],"yoast_head":"<!-- This site is optimized with the Yoast SEO plugin v27.3 - https:\/\/yoast.com\/product\/yoast-seo-wordpress\/ -->\n<title>Internacionales\/\/\/Carolina Alonso Romei\/\/\/Dos mujeres y un ni\u00f1o heridos por tiroteo en Times Square, Nueva York -<\/title>\n<meta name=\"robots\" content=\"index, follow, max-snippet:-1, max-image-preview:large, max-video-preview:-1\" \/>\n<link rel=\"canonical\" href=\"https:\/\/quehacerpolitico.mx\/?p=80704\" \/>\n<meta property=\"og:locale\" content=\"es_MX\" \/>\n<meta property=\"og:type\" content=\"article\" \/>\n<meta property=\"og:title\" content=\"Internacionales\/\/\/Carolina Alonso Romei\/\/\/Dos mujeres y un ni\u00f1o heridos por tiroteo en Times Square, Nueva York -\" \/>\n<meta property=\"og:description\" content=\"Dos mujeres y un ni\u00f1o heridos por tiroteo en Times Square, Nueva York Por Carolina...\" \/>\n<meta property=\"og:url\" content=\"https:\/\/quehacerpolitico.mx\/?p=80704\" \/>\n<meta property=\"article:published_time\" content=\"2021-05-09T02:45:23+00:00\" \/>\n<meta property=\"og:image\" content=\"https:\/\/quehacerpolitico.mx\/wp-content\/uploads\/2021\/05\/57E5D7F0-F3CE-482B-BA5B-436A79F8BD23.jpeg\" \/>\n\t<meta property=\"og:image:width\" content=\"1242\" \/>\n\t<meta property=\"og:image:height\" content=\"685\" \/>\n\t<meta property=\"og:image:type\" content=\"image\/jpeg\" \/>\n<meta name=\"author\" content=\"Redacci\u00f3n QP\" \/>\n<meta name=\"twitter:card\" content=\"summary_large_image\" \/>\n<meta name=\"twitter:label1\" content=\"Escrito por\" \/>\n\t<meta name=\"twitter:data1\" content=\"Redacci\u00f3n QP\" \/>\n\t<meta name=\"twitter:label2\" content=\"Tiempo de lectura\" \/>\n\t<meta name=\"twitter:data2\" content=\"2 minutos\" \/>\n<script type=\"application\/ld+json\" class=\"yoast-schema-graph\">{\"@context\":\"https:\\\/\\\/schema.org\",\"@graph\":[{\"@type\":\"Article\",\"@id\":\"https:\\\/\\\/quehacerpolitico.mx\\\/?p=80704#article\",\"isPartOf\":{\"@id\":\"https:\\\/\\\/quehacerpolitico.mx\\\/?p=80704\"},\"author\":{\"name\":\"Redacci\u00f3n QP\",\"@id\":\"https:\\\/\\\/quehacerpolitico.mx\\\/#\\\/schema\\\/person\\\/496d8ad2d1d3f8036101dca7ee39e585\"},\"headline\":\"Internacionales\\\/\\\/\\\/Carolina Alonso Romei\\\/\\\/\\\/Dos mujeres y un ni\u00f1o heridos por tiroteo en Times Square, Nueva York\",\"datePublished\":\"2021-05-09T02:45:23+00:00\",\"mainEntityOfPage\":{\"@id\":\"https:\\\/\\\/quehacerpolitico.mx\\\/?p=80704\"},\"wordCount\":465,\"commentCount\":0,\"image\":{\"@id\":\"https:\\\/\\\/quehacerpolitico.mx\\\/?p=80704#primaryimage\"},\"thumbnailUrl\":\"https:\\\/\\\/quehacerpolitico.mx\\\/wp-content\\\/uploads\\\/2021\\\/05\\\/57E5D7F0-F3CE-482B-BA5B-436A79F8BD23.jpeg\",\"articleSection\":[\"Internacionales\"],\"inLanguage\":\"es\",\"potentialAction\":[{\"@type\":\"CommentAction\",\"name\":\"Comment\",\"target\":[\"https:\\\/\\\/quehacerpolitico.mx\\\/?p=80704#respond\"]}]},{\"@type\":\"WebPage\",\"@id\":\"https:\\\/\\\/quehacerpolitico.mx\\\/?p=80704\",\"url\":\"https:\\\/\\\/quehacerpolitico.mx\\\/?p=80704\",\"name\":\"Internacionales\\\/\\\/\\\/Carolina Alonso Romei\\\/\\\/\\\/Dos mujeres y un ni\u00f1o heridos por tiroteo en Times Square, Nueva York -\",\"isPartOf\":{\"@id\":\"https:\\\/\\\/quehacerpolitico.mx\\\/#website\"},\"primaryImageOfPage\":{\"@id\":\"https:\\\/\\\/quehacerpolitico.mx\\\/?p=80704#primaryimage\"},\"image\":{\"@id\":\"https:\\\/\\\/quehacerpolitico.mx\\\/?p=80704#primaryimage\"},\"thumbnailUrl\":\"https:\\\/\\\/quehacerpolitico.mx\\\/wp-content\\\/uploads\\\/2021\\\/05\\\/57E5D7F0-F3CE-482B-BA5B-436A79F8BD23.jpeg\",\"datePublished\":\"2021-05-09T02:45:23+00:00\",\"author\":{\"@id\":\"https:\\\/\\\/quehacerpolitico.mx\\\/#\\\/schema\\\/person\\\/496d8ad2d1d3f8036101dca7ee39e585\"},\"breadcrumb\":{\"@id\":\"https:\\\/\\\/quehacerpolitico.mx\\\/?p=80704#breadcrumb\"},\"inLanguage\":\"es\",\"potentialAction\":[{\"@type\":\"ReadAction\",\"target\":[\"https:\\\/\\\/quehacerpolitico.mx\\\/?p=80704\"]}]},{\"@type\":\"ImageObject\",\"inLanguage\":\"es\",\"@id\":\"https:\\\/\\\/quehacerpolitico.mx\\\/?p=80704#primaryimage\",\"url\":\"https:\\\/\\\/quehacerpolitico.mx\\\/wp-content\\\/uploads\\\/2021\\\/05\\\/57E5D7F0-F3CE-482B-BA5B-436A79F8BD23.jpeg\",\"contentUrl\":\"https:\\\/\\\/quehacerpolitico.mx\\\/wp-content\\\/uploads\\\/2021\\\/05\\\/57E5D7F0-F3CE-482B-BA5B-436A79F8BD23.jpeg\",\"width\":1242,\"height\":685},{\"@type\":\"BreadcrumbList\",\"@id\":\"https:\\\/\\\/quehacerpolitico.mx\\\/?p=80704#breadcrumb\",\"itemListElement\":[{\"@type\":\"ListItem\",\"position\":1,\"name\":\"Inicio\",\"item\":\"https:\\\/\\\/quehacerpolitico.mx\\\/\"},{\"@type\":\"ListItem\",\"position\":2,\"name\":\"Internacionales\\\/\\\/\\\/Carolina Alonso Romei\\\/\\\/\\\/Dos mujeres y un ni\u00f1o heridos por tiroteo en Times Square, Nueva York\"}]},{\"@type\":\"WebSite\",\"@id\":\"https:\\\/\\\/quehacerpolitico.mx\\\/#website\",\"url\":\"https:\\\/\\\/quehacerpolitico.mx\\\/\",\"name\":\"\",\"description\":\"\",\"potentialAction\":[{\"@type\":\"SearchAction\",\"target\":{\"@type\":\"EntryPoint\",\"urlTemplate\":\"https:\\\/\\\/quehacerpolitico.mx\\\/?s={search_term_string}\"},\"query-input\":{\"@type\":\"PropertyValueSpecification\",\"valueRequired\":true,\"valueName\":\"search_term_string\"}}],\"inLanguage\":\"es\"},{\"@type\":\"Person\",\"@id\":\"https:\\\/\\\/quehacerpolitico.mx\\\/#\\\/schema\\\/person\\\/496d8ad2d1d3f8036101dca7ee39e585\",\"name\":\"Redacci\u00f3n QP\",\"image\":{\"@type\":\"ImageObject\",\"inLanguage\":\"es\",\"@id\":\"https:\\\/\\\/secure.gravatar.com\\\/avatar\\\/c7164ed6fdec453195284ad24a5ae5b6e1eed2b848477fa2a4787ba9adf39a41?s=96&d=mm&r=g\",\"url\":\"https:\\\/\\\/secure.gravatar.com\\\/avatar\\\/c7164ed6fdec453195284ad24a5ae5b6e1eed2b848477fa2a4787ba9adf39a41?s=96&d=mm&r=g\",\"contentUrl\":\"https:\\\/\\\/secure.gravatar.com\\\/avatar\\\/c7164ed6fdec453195284ad24a5ae5b6e1eed2b848477fa2a4787ba9adf39a41?s=96&d=mm&r=g\",\"caption\":\"Redacci\u00f3n QP\"},\"url\":\"https:\\\/\\\/quehacerpolitico.mx\\\/?author=2\"}]}<\/script>\n<!-- \/ Yoast SEO plugin. -->","yoast_head_json":{"title":"Internacionales\/\/\/Carolina Alonso Romei\/\/\/Dos mujeres y un ni\u00f1o heridos por tiroteo en Times Square, Nueva York -","robots":{"index":"index","follow":"follow","max-snippet":"max-snippet:-1","max-image-preview":"max-image-preview:large","max-video-preview":"max-video-preview:-1"},"canonical":"https:\/\/quehacerpolitico.mx\/?p=80704","og_locale":"es_MX","og_type":"article","og_title":"Internacionales\/\/\/Carolina Alonso Romei\/\/\/Dos mujeres y un ni\u00f1o heridos por tiroteo en Times Square, Nueva York -","og_description":"Dos mujeres y un ni\u00f1o heridos por tiroteo en Times Square, Nueva York Por Carolina...","og_url":"https:\/\/quehacerpolitico.mx\/?p=80704","article_published_time":"2021-05-09T02:45:23+00:00","og_image":[{"width":1242,"height":685,"url":"https:\/\/quehacerpolitico.mx\/wp-content\/uploads\/2021\/05\/57E5D7F0-F3CE-482B-BA5B-436A79F8BD23.jpeg","type":"image\/jpeg"}],"author":"Redacci\u00f3n QP","twitter_card":"summary_large_image","twitter_misc":{"Escrito por":"Redacci\u00f3n QP","Tiempo de lectura":"2 minutos"},"schema":{"@context":"https:\/\/schema.org","@graph":[{"@type":"Article","@id":"https:\/\/quehacerpolitico.mx\/?p=80704#article","isPartOf":{"@id":"https:\/\/quehacerpolitico.mx\/?p=80704"},"author":{"name":"Redacci\u00f3n QP","@id":"https:\/\/quehacerpolitico.mx\/#\/schema\/person\/496d8ad2d1d3f8036101dca7ee39e585"},"headline":"Internacionales\/\/\/Carolina Alonso Romei\/\/\/Dos mujeres y un ni\u00f1o heridos por tiroteo en Times Square, Nueva York","datePublished":"2021-05-09T02:45:23+00:00","mainEntityOfPage":{"@id":"https:\/\/quehacerpolitico.mx\/?p=80704"},"wordCount":465,"commentCount":0,"image":{"@id":"https:\/\/quehacerpolitico.mx\/?p=80704#primaryimage"},"thumbnailUrl":"https:\/\/quehacerpolitico.mx\/wp-content\/uploads\/2021\/05\/57E5D7F0-F3CE-482B-BA5B-436A79F8BD23.jpeg","articleSection":["Internacionales"],"inLanguage":"es","potentialAction":[{"@type":"CommentAction","name":"Comment","target":["https:\/\/quehacerpolitico.mx\/?p=80704#respond"]}]},{"@type":"WebPage","@id":"https:\/\/quehacerpolitico.mx\/?p=80704","url":"https:\/\/quehacerpolitico.mx\/?p=80704","name":"Internacionales\/\/\/Carolina Alonso Romei\/\/\/Dos mujeres y un ni\u00f1o heridos por tiroteo en Times Square, Nueva York -","isPartOf":{"@id":"https:\/\/quehacerpolitico.mx\/#website"},"primaryImageOfPage":{"@id":"https:\/\/quehacerpolitico.mx\/?p=80704#primaryimage"},"image":{"@id":"https:\/\/quehacerpolitico.mx\/?p=80704#primaryimage"},"thumbnailUrl":"https:\/\/quehacerpolitico.mx\/wp-content\/uploads\/2021\/05\/57E5D7F0-F3CE-482B-BA5B-436A79F8BD23.jpeg","datePublished":"2021-05-09T02:45:23+00:00","author":{"@id":"https:\/\/quehacerpolitico.mx\/#\/schema\/person\/496d8ad2d1d3f8036101dca7ee39e585"},"breadcrumb":{"@id":"https:\/\/quehacerpolitico.mx\/?p=80704#breadcrumb"},"inLanguage":"es","potentialAction":[{"@type":"ReadAction","target":["https:\/\/quehacerpolitico.mx\/?p=80704"]}]},{"@type":"ImageObject","inLanguage":"es","@id":"https:\/\/quehacerpolitico.mx\/?p=80704#primaryimage","url":"https:\/\/quehacerpolitico.mx\/wp-content\/uploads\/2021\/05\/57E5D7F0-F3CE-482B-BA5B-436A79F8BD23.jpeg","contentUrl":"https:\/\/quehacerpolitico.mx\/wp-content\/uploads\/2021\/05\/57E5D7F0-F3CE-482B-BA5B-436A79F8BD23.jpeg","width":1242,"height":685},{"@type":"BreadcrumbList","@id":"https:\/\/quehacerpolitico.mx\/?p=80704#breadcrumb","itemListElement":[{"@type":"ListItem","position":1,"name":"Inicio","item":"https:\/\/quehacerpolitico.mx\/"},{"@type":"ListItem","position":2,"name":"Internacionales\/\/\/Carolina Alonso Romei\/\/\/Dos mujeres y un ni\u00f1o heridos por tiroteo en Times Square, Nueva York"}]},{"@type":"WebSite","@id":"https:\/\/quehacerpolitico.mx\/#website","url":"https:\/\/quehacerpolitico.mx\/","name":"","description":"","potentialAction":[{"@type":"SearchAction","target":{"@type":"EntryPoint","urlTemplate":"https:\/\/quehacerpolitico.mx\/?s={search_term_string}"},"query-input":{"@type":"PropertyValueSpecification","valueRequired":true,"valueName":"search_term_string"}}],"inLanguage":"es"},{"@type":"Person","@id":"https:\/\/quehacerpolitico.mx\/#\/schema\/person\/496d8ad2d1d3f8036101dca7ee39e585","name":"Redacci\u00f3n QP","image":{"@type":"ImageObject","inLanguage":"es","@id":"https:\/\/secure.gravatar.com\/avatar\/c7164ed6fdec453195284ad24a5ae5b6e1eed2b848477fa2a4787ba9adf39a41?s=96&d=mm&r=g","url":"https:\/\/secure.gravatar.com\/avatar\/c7164ed6fdec453195284ad24a5ae5b6e1eed2b848477fa2a4787ba9adf39a41?s=96&d=mm&r=g","contentUrl":"https:\/\/secure.gravatar.com\/avatar\/c7164ed6fdec453195284ad24a5ae5b6e1eed2b848477fa2a4787ba9adf39a41?s=96&d=mm&r=g","caption":"Redacci\u00f3n QP"},"url":"https:\/\/quehacerpolitico.mx\/?author=2"}]}},"featured_image_urls":{"full":["https:\/\/quehacerpolitico.mx\/wp-content\/uploads\/2021\/05\/57E5D7F0-F3CE-482B-BA5B-436A79F8BD23.jpeg",1242,685,false],"thumbnail":["https:\/\/quehacerpolitico.mx\/wp-content\/uploads\/2021\/05\/57E5D7F0-F3CE-482B-BA5B-436A79F8BD23-150x150.jpeg",150,150,true],"medium":["https:\/\/quehacerpolitico.mx\/wp-content\/uploads\/2021\/05\/57E5D7F0-F3CE-482B-BA5B-436A79F8BD23-300x165.jpeg",300,165,true],"medium_large":["https:\/\/quehacerpolitico.mx\/wp-content\/uploads\/2021\/05\/57E5D7F0-F3CE-482B-BA5B-436A79F8BD23-768x424.jpeg",640,353,true],"large":["https:\/\/quehacerpolitico.mx\/wp-content\/uploads\/2021\/05\/57E5D7F0-F3CE-482B-BA5B-436A79F8BD23-1024x565.jpeg",640,353,true],"1536x1536":["https:\/\/quehacerpolitico.mx\/wp-content\/uploads\/2021\/05\/57E5D7F0-F3CE-482B-BA5B-436A79F8BD23.jpeg",1242,685,false],"2048x2048":["https:\/\/quehacerpolitico.mx\/wp-content\/uploads\/2021\/05\/57E5D7F0-F3CE-482B-BA5B-436A79F8BD23.jpeg",1242,685,false],"covernews-featured":["https:\/\/quehacerpolitico.mx\/wp-content\/uploads\/2021\/05\/57E5D7F0-F3CE-482B-BA5B-436A79F8BD23.jpeg",1024,565,false],"covernews-medium":["https:\/\/quehacerpolitico.mx\/wp-content\/uploads\/2021\/05\/57E5D7F0-F3CE-482B-BA5B-436A79F8BD23.jpeg",540,298,false]},"author_info":{"display_name":"Redacci\u00f3n QP","author_link":"https:\/\/quehacerpolitico.mx\/?author=2"},"category_info":"<a href=\"https:\/\/quehacerpolitico.mx\/?cat=1\" rel=\"category\">Internacionales<\/a>","tag_info":"Internacionales","comment_count":"0","_links":{"self":[{"href":"https:\/\/quehacerpolitico.mx\/index.php?rest_route=\/wp\/v2\/posts\/80704","targetHints":{"allow":["GET"]}}],"collection":[{"href":"https:\/\/quehacerpolitico.mx\/index.php?rest_route=\/wp\/v2\/posts"}],"about":[{"href":"https:\/\/quehacerpolitico.mx\/index.php?rest_route=\/wp\/v2\/types\/post"}],"author":[{"embeddable":true,"href":"https:\/\/quehacerpolitico.mx\/index.php?rest_route=\/wp\/v2\/users\/2"}],"replies":[{"embeddable":true,"href":"https:\/\/quehacerpolitico.mx\/index.php?rest_route=%2Fwp%2Fv2%2Fcomments&post=80704"}],"version-history":[{"count":0,"href":"https:\/\/quehacerpolitico.mx\/index.php?rest_route=\/wp\/v2\/posts\/80704\/revisions"}],"wp:featuredmedia":[{"embeddable":true,"href":"https:\/\/quehacerpolitico.mx\/index.php?rest_route=\/wp\/v2\/media\/80706"}],"wp:attachment":[{"href":"https:\/\/quehacerpolitico.mx\/index.php?rest_route=%2Fwp%2Fv2%2Fmedia&parent=80704"}],"wp:term":[{"taxonomy":"category","embeddable":true,"href":"https:\/\/quehacerpolitico.mx\/index.php?rest_route=%2Fwp%2Fv2%2Fcategories&post=80704"},{"taxonomy":"post_tag","embeddable":true,"href":"https:\/\/quehacerpolitico.mx\/index.php?rest_route=%2Fwp%2Fv2%2Ftags&post=80704"}],"curies":[{"name":"wp","href":"https:\/\/api.w.org\/{rel}","templated":true}]}}