{"id":80699,"date":"2021-05-09T01:44:25","date_gmt":"2021-05-09T01:44:25","guid":{"rendered":"https:\/\/quehacerpolitico.mx\/?p=80699"},"modified":"2021-05-09T01:44:25","modified_gmt":"2021-05-09T01:44:25","slug":"mario-aburto-sera-trasladado-penal-en-baja-california","status":"publish","type":"post","link":"https:\/\/quehacerpolitico.mx\/?p=80699","title":{"rendered":"Mario Aburto ser\u00e1 trasladado a penal en Baja California"},"content":{"rendered":"<h1 class=\"news-title\">Mario Aburto ser\u00e1 trasladado a penal en Baja California<br \/>\nPor Redacci\u00f3n QP<\/h1>\n<p>La CNDH anuncia que Aburto, preso por el de Luis Donaldo Colosio, estar\u00e1 en el Centro Federal de Readaptaci\u00f3n Social &#8220;El Hongo&#8221;<\/p>\n<p>Mario Aburto Mart\u00ednez, preso por el asesinato del excandidato presidencial del PRI, Luis Donaldo Colosio, ser\u00e1 trasladado de &#8220;inmediato y sin dilaci\u00f3n&#8221; del penal n\u00famero 12, en Guanajuato, al Centro Federal de Readaptaci\u00f3n Social &#8220;El Hongo&#8221;, ubicado en Baja California, inform\u00f3 la CNDH<\/p>\n<div id=\"div-pos-2\">La Comisi\u00f3n Nacional de los Derechos Humanos (CNDH) se\u00f1al\u00f3 este s\u00e1bado que el \u00d3rgano Administrativo de Prevenci\u00f3n y Readaptaci\u00f3n Social acept\u00f3 su petici\u00f3n para brindar las medidas cautelares, con car\u00e1cter de urgente, luego que Rub\u00e9n Aburto Mart\u00ednez denunciara que su hermano es v\u00edctima de malos tratos en la prisi\u00f3n donde se encuentra actualmente.<\/div>\n<div>\n<figure class=\"image\"><img decoding=\"async\" title=\"\" src=\"https:\/\/www.informador.mx\/export\/sites\/elinformador\/img\/2021\/05\/08\/2_1.jpg_1464456174.jpg\" alt=\"\" hspace=\"5\" vspace=\"5\" data-height=\"827\" data-size=\"w:558,h:827\" data-width=\"558\" \/><\/figure>\n<\/div>\n<p>En la queja que interpuso ante la CNDH, Rub\u00e9n Aburto Mart\u00ednez asegur\u00f3 que su hermano le coment\u00f3, v\u00eda telef\u00f3nica, que en el penal federal 12 &#8220;<strong>no le proporcionan alimentos, ni atenci\u00f3n m\u00e9dica, encontr\u00e1ndose muy d\u00e9bil<\/strong>, debido a que en enero del a\u00f1o en curso fue trasladado del CEFERESO de Huimanguillo al CEFERESO al que actualmente se encuentra, siendo que antes de ser trasladado fue contagiado de COVID-19; sin embargo, no le brindan atenci\u00f3n m\u00e9dica y el medicamento que necesita para su recuperaci\u00f3n&#8221;.<\/p>\n<p>La CNDH celebr\u00f3 la voluntad de las autoridades federales para atender esta solicitud, que, afirm\u00f3, obedece a un mandato legal y a un imperativo de respeto a los derechos humanos, omitido por varios a\u00f1os, y est\u00e1 en espera de las acciones subsecuentes inmediatas derivadas del otorgamiento y aceptaci\u00f3n de las medidas cautelares de referencia.<\/p>\n<p>Indic\u00f3 que, derivado de la aceptaci\u00f3n y cumplimiento de las medidas cautelares solicitadas el 25 de febrero, las condiciones del quejoso en reclusi\u00f3n mejoraron notoriamente, algo que \u00e9l mismo ha confirmado a la CNDH. Sin embargo, a\u00f1adi\u00f3, es un hecho que, con el cumplimiento de las medidas cautelares en esta ocasi\u00f3n aceptadas, se estar\u00e1 dando pleno cumplimiento al mandato constitucional que garantice sus derechos humanos y los de su familia.<\/p>\n<p>&#8220;Es de destacar que la CNDH contin\u00faa con el desahogo de la queja interpuesta por Mario Aburto Mart\u00ednez, en todos sus aspectos, y en su momento se dar\u00e1 a conocer los resultados de ese seguimiento&#8221;, refiri\u00f3 el organismo.<\/p>\n<p>Con informaci\u00f3n de SUN<\/p>\n","protected":false},"excerpt":{"rendered":"<p>Mario Aburto ser\u00e1 trasladado a penal en Baja California Por Redacci\u00f3n QP La CNDH anuncia&#8230;<\/p>\n","protected":false},"author":2,"featured_media":80702,"comment_status":"open","ping_status":"open","sticky":false,"template":"","format":"standard","meta":{"_monsterinsights_skip_tracking":false,"_monsterinsights_sitenote_active":false,"_monsterinsights_sitenote_note":"","_monsterinsights_sitenote_category":0,"footnotes":""},"categories":[2],"tags":[],"class_list":["post-80699","post","type-post","status-publish","format-standard","has-post-thumbnail","hentry","category-noticias"],"yoast_head":"<!-- This site is optimized with the Yoast SEO plugin v27.3 - https:\/\/yoast.com\/product\/yoast-seo-wordpress\/ -->\n<title>Mario Aburto ser\u00e1 trasladado a penal en Baja California -<\/title>\n<meta name=\"robots\" content=\"index, follow, max-snippet:-1, max-image-preview:large, max-video-preview:-1\" \/>\n<link rel=\"canonical\" href=\"https:\/\/quehacerpolitico.mx\/?p=80699\" \/>\n<meta property=\"og:locale\" content=\"es_MX\" \/>\n<meta property=\"og:type\" content=\"article\" \/>\n<meta property=\"og:title\" content=\"Mario Aburto ser\u00e1 trasladado a penal en Baja California -\" \/>\n<meta property=\"og:description\" content=\"Mario Aburto ser\u00e1 trasladado a penal en Baja California Por Redacci\u00f3n QP La CNDH anuncia...\" \/>\n<meta property=\"og:url\" content=\"https:\/\/quehacerpolitico.mx\/?p=80699\" \/>\n<meta property=\"article:published_time\" content=\"2021-05-09T01:44:25+00:00\" \/>\n<meta property=\"og:image\" content=\"https:\/\/quehacerpolitico.mx\/wp-content\/uploads\/2021\/05\/59B2DF1A-4837-4C40-A49B-F8B0DA0175EA.jpeg\" \/>\n\t<meta property=\"og:image:width\" content=\"355\" \/>\n\t<meta property=\"og:image:height\" content=\"223\" \/>\n\t<meta property=\"og:image:type\" content=\"image\/jpeg\" \/>\n<meta name=\"author\" content=\"Redacci\u00f3n QP\" \/>\n<meta name=\"twitter:card\" content=\"summary_large_image\" \/>\n<meta name=\"twitter:label1\" content=\"Escrito por\" \/>\n\t<meta name=\"twitter:data1\" content=\"Redacci\u00f3n QP\" \/>\n\t<meta name=\"twitter:label2\" content=\"Tiempo de lectura\" \/>\n\t<meta name=\"twitter:data2\" content=\"2 minutos\" \/>\n<script type=\"application\/ld+json\" class=\"yoast-schema-graph\">{\"@context\":\"https:\\\/\\\/schema.org\",\"@graph\":[{\"@type\":\"Article\",\"@id\":\"https:\\\/\\\/quehacerpolitico.mx\\\/?p=80699#article\",\"isPartOf\":{\"@id\":\"https:\\\/\\\/quehacerpolitico.mx\\\/?p=80699\"},\"author\":{\"name\":\"Redacci\u00f3n QP\",\"@id\":\"https:\\\/\\\/quehacerpolitico.mx\\\/#\\\/schema\\\/person\\\/496d8ad2d1d3f8036101dca7ee39e585\"},\"headline\":\"Mario Aburto ser\u00e1 trasladado a penal en Baja California\",\"datePublished\":\"2021-05-09T01:44:25+00:00\",\"mainEntityOfPage\":{\"@id\":\"https:\\\/\\\/quehacerpolitico.mx\\\/?p=80699\"},\"wordCount\":422,\"commentCount\":0,\"image\":{\"@id\":\"https:\\\/\\\/quehacerpolitico.mx\\\/?p=80699#primaryimage\"},\"thumbnailUrl\":\"https:\\\/\\\/quehacerpolitico.mx\\\/wp-content\\\/uploads\\\/2021\\\/05\\\/59B2DF1A-4837-4C40-A49B-F8B0DA0175EA.jpeg\",\"articleSection\":[\"Noticias\"],\"inLanguage\":\"es\",\"potentialAction\":[{\"@type\":\"CommentAction\",\"name\":\"Comment\",\"target\":[\"https:\\\/\\\/quehacerpolitico.mx\\\/?p=80699#respond\"]}]},{\"@type\":\"WebPage\",\"@id\":\"https:\\\/\\\/quehacerpolitico.mx\\\/?p=80699\",\"url\":\"https:\\\/\\\/quehacerpolitico.mx\\\/?p=80699\",\"name\":\"Mario Aburto ser\u00e1 trasladado a penal en Baja California -\",\"isPartOf\":{\"@id\":\"https:\\\/\\\/quehacerpolitico.mx\\\/#website\"},\"primaryImageOfPage\":{\"@id\":\"https:\\\/\\\/quehacerpolitico.mx\\\/?p=80699#primaryimage\"},\"image\":{\"@id\":\"https:\\\/\\\/quehacerpolitico.mx\\\/?p=80699#primaryimage\"},\"thumbnailUrl\":\"https:\\\/\\\/quehacerpolitico.mx\\\/wp-content\\\/uploads\\\/2021\\\/05\\\/59B2DF1A-4837-4C40-A49B-F8B0DA0175EA.jpeg\",\"datePublished\":\"2021-05-09T01:44:25+00:00\",\"author\":{\"@id\":\"https:\\\/\\\/quehacerpolitico.mx\\\/#\\\/schema\\\/person\\\/496d8ad2d1d3f8036101dca7ee39e585\"},\"breadcrumb\":{\"@id\":\"https:\\\/\\\/quehacerpolitico.mx\\\/?p=80699#breadcrumb\"},\"inLanguage\":\"es\",\"potentialAction\":[{\"@type\":\"ReadAction\",\"target\":[\"https:\\\/\\\/quehacerpolitico.mx\\\/?p=80699\"]}]},{\"@type\":\"ImageObject\",\"inLanguage\":\"es\",\"@id\":\"https:\\\/\\\/quehacerpolitico.mx\\\/?p=80699#primaryimage\",\"url\":\"https:\\\/\\\/quehacerpolitico.mx\\\/wp-content\\\/uploads\\\/2021\\\/05\\\/59B2DF1A-4837-4C40-A49B-F8B0DA0175EA.jpeg\",\"contentUrl\":\"https:\\\/\\\/quehacerpolitico.mx\\\/wp-content\\\/uploads\\\/2021\\\/05\\\/59B2DF1A-4837-4C40-A49B-F8B0DA0175EA.jpeg\",\"width\":355,\"height\":223},{\"@type\":\"BreadcrumbList\",\"@id\":\"https:\\\/\\\/quehacerpolitico.mx\\\/?p=80699#breadcrumb\",\"itemListElement\":[{\"@type\":\"ListItem\",\"position\":1,\"name\":\"Inicio\",\"item\":\"https:\\\/\\\/quehacerpolitico.mx\\\/\"},{\"@type\":\"ListItem\",\"position\":2,\"name\":\"Mario Aburto ser\u00e1 trasladado a penal en Baja California\"}]},{\"@type\":\"WebSite\",\"@id\":\"https:\\\/\\\/quehacerpolitico.mx\\\/#website\",\"url\":\"https:\\\/\\\/quehacerpolitico.mx\\\/\",\"name\":\"\",\"description\":\"\",\"potentialAction\":[{\"@type\":\"SearchAction\",\"target\":{\"@type\":\"EntryPoint\",\"urlTemplate\":\"https:\\\/\\\/quehacerpolitico.mx\\\/?s={search_term_string}\"},\"query-input\":{\"@type\":\"PropertyValueSpecification\",\"valueRequired\":true,\"valueName\":\"search_term_string\"}}],\"inLanguage\":\"es\"},{\"@type\":\"Person\",\"@id\":\"https:\\\/\\\/quehacerpolitico.mx\\\/#\\\/schema\\\/person\\\/496d8ad2d1d3f8036101dca7ee39e585\",\"name\":\"Redacci\u00f3n QP\",\"image\":{\"@type\":\"ImageObject\",\"inLanguage\":\"es\",\"@id\":\"https:\\\/\\\/secure.gravatar.com\\\/avatar\\\/c7164ed6fdec453195284ad24a5ae5b6e1eed2b848477fa2a4787ba9adf39a41?s=96&d=mm&r=g\",\"url\":\"https:\\\/\\\/secure.gravatar.com\\\/avatar\\\/c7164ed6fdec453195284ad24a5ae5b6e1eed2b848477fa2a4787ba9adf39a41?s=96&d=mm&r=g\",\"contentUrl\":\"https:\\\/\\\/secure.gravatar.com\\\/avatar\\\/c7164ed6fdec453195284ad24a5ae5b6e1eed2b848477fa2a4787ba9adf39a41?s=96&d=mm&r=g\",\"caption\":\"Redacci\u00f3n QP\"},\"url\":\"https:\\\/\\\/quehacerpolitico.mx\\\/?author=2\"}]}<\/script>\n<!-- \/ Yoast SEO plugin. -->","yoast_head_json":{"title":"Mario Aburto ser\u00e1 trasladado a penal en Baja California -","robots":{"index":"index","follow":"follow","max-snippet":"max-snippet:-1","max-image-preview":"max-image-preview:large","max-video-preview":"max-video-preview:-1"},"canonical":"https:\/\/quehacerpolitico.mx\/?p=80699","og_locale":"es_MX","og_type":"article","og_title":"Mario Aburto ser\u00e1 trasladado a penal en Baja California -","og_description":"Mario Aburto ser\u00e1 trasladado a penal en Baja California Por Redacci\u00f3n QP La CNDH anuncia...","og_url":"https:\/\/quehacerpolitico.mx\/?p=80699","article_published_time":"2021-05-09T01:44:25+00:00","og_image":[{"width":355,"height":223,"url":"https:\/\/quehacerpolitico.mx\/wp-content\/uploads\/2021\/05\/59B2DF1A-4837-4C40-A49B-F8B0DA0175EA.jpeg","type":"image\/jpeg"}],"author":"Redacci\u00f3n QP","twitter_card":"summary_large_image","twitter_misc":{"Escrito por":"Redacci\u00f3n QP","Tiempo de lectura":"2 minutos"},"schema":{"@context":"https:\/\/schema.org","@graph":[{"@type":"Article","@id":"https:\/\/quehacerpolitico.mx\/?p=80699#article","isPartOf":{"@id":"https:\/\/quehacerpolitico.mx\/?p=80699"},"author":{"name":"Redacci\u00f3n QP","@id":"https:\/\/quehacerpolitico.mx\/#\/schema\/person\/496d8ad2d1d3f8036101dca7ee39e585"},"headline":"Mario Aburto ser\u00e1 trasladado a penal en Baja California","datePublished":"2021-05-09T01:44:25+00:00","mainEntityOfPage":{"@id":"https:\/\/quehacerpolitico.mx\/?p=80699"},"wordCount":422,"commentCount":0,"image":{"@id":"https:\/\/quehacerpolitico.mx\/?p=80699#primaryimage"},"thumbnailUrl":"https:\/\/quehacerpolitico.mx\/wp-content\/uploads\/2021\/05\/59B2DF1A-4837-4C40-A49B-F8B0DA0175EA.jpeg","articleSection":["Noticias"],"inLanguage":"es","potentialAction":[{"@type":"CommentAction","name":"Comment","target":["https:\/\/quehacerpolitico.mx\/?p=80699#respond"]}]},{"@type":"WebPage","@id":"https:\/\/quehacerpolitico.mx\/?p=80699","url":"https:\/\/quehacerpolitico.mx\/?p=80699","name":"Mario Aburto ser\u00e1 trasladado a penal en Baja California -","isPartOf":{"@id":"https:\/\/quehacerpolitico.mx\/#website"},"primaryImageOfPage":{"@id":"https:\/\/quehacerpolitico.mx\/?p=80699#primaryimage"},"image":{"@id":"https:\/\/quehacerpolitico.mx\/?p=80699#primaryimage"},"thumbnailUrl":"https:\/\/quehacerpolitico.mx\/wp-content\/uploads\/2021\/05\/59B2DF1A-4837-4C40-A49B-F8B0DA0175EA.jpeg","datePublished":"2021-05-09T01:44:25+00:00","author":{"@id":"https:\/\/quehacerpolitico.mx\/#\/schema\/person\/496d8ad2d1d3f8036101dca7ee39e585"},"breadcrumb":{"@id":"https:\/\/quehacerpolitico.mx\/?p=80699#breadcrumb"},"inLanguage":"es","potentialAction":[{"@type":"ReadAction","target":["https:\/\/quehacerpolitico.mx\/?p=80699"]}]},{"@type":"ImageObject","inLanguage":"es","@id":"https:\/\/quehacerpolitico.mx\/?p=80699#primaryimage","url":"https:\/\/quehacerpolitico.mx\/wp-content\/uploads\/2021\/05\/59B2DF1A-4837-4C40-A49B-F8B0DA0175EA.jpeg","contentUrl":"https:\/\/quehacerpolitico.mx\/wp-content\/uploads\/2021\/05\/59B2DF1A-4837-4C40-A49B-F8B0DA0175EA.jpeg","width":355,"height":223},{"@type":"BreadcrumbList","@id":"https:\/\/quehacerpolitico.mx\/?p=80699#breadcrumb","itemListElement":[{"@type":"ListItem","position":1,"name":"Inicio","item":"https:\/\/quehacerpolitico.mx\/"},{"@type":"ListItem","position":2,"name":"Mario Aburto ser\u00e1 trasladado a penal en Baja California"}]},{"@type":"WebSite","@id":"https:\/\/quehacerpolitico.mx\/#website","url":"https:\/\/quehacerpolitico.mx\/","name":"","description":"","potentialAction":[{"@type":"SearchAction","target":{"@type":"EntryPoint","urlTemplate":"https:\/\/quehacerpolitico.mx\/?s={search_term_string}"},"query-input":{"@type":"PropertyValueSpecification","valueRequired":true,"valueName":"search_term_string"}}],"inLanguage":"es"},{"@type":"Person","@id":"https:\/\/quehacerpolitico.mx\/#\/schema\/person\/496d8ad2d1d3f8036101dca7ee39e585","name":"Redacci\u00f3n QP","image":{"@type":"ImageObject","inLanguage":"es","@id":"https:\/\/secure.gravatar.com\/avatar\/c7164ed6fdec453195284ad24a5ae5b6e1eed2b848477fa2a4787ba9adf39a41?s=96&d=mm&r=g","url":"https:\/\/secure.gravatar.com\/avatar\/c7164ed6fdec453195284ad24a5ae5b6e1eed2b848477fa2a4787ba9adf39a41?s=96&d=mm&r=g","contentUrl":"https:\/\/secure.gravatar.com\/avatar\/c7164ed6fdec453195284ad24a5ae5b6e1eed2b848477fa2a4787ba9adf39a41?s=96&d=mm&r=g","caption":"Redacci\u00f3n QP"},"url":"https:\/\/quehacerpolitico.mx\/?author=2"}]}},"featured_image_urls":{"full":["https:\/\/quehacerpolitico.mx\/wp-content\/uploads\/2021\/05\/59B2DF1A-4837-4C40-A49B-F8B0DA0175EA.jpeg",355,223,false],"thumbnail":["https:\/\/quehacerpolitico.mx\/wp-content\/uploads\/2021\/05\/59B2DF1A-4837-4C40-A49B-F8B0DA0175EA-150x150.jpeg",150,150,true],"medium":["https:\/\/quehacerpolitico.mx\/wp-content\/uploads\/2021\/05\/59B2DF1A-4837-4C40-A49B-F8B0DA0175EA-300x188.jpeg",300,188,true],"medium_large":["https:\/\/quehacerpolitico.mx\/wp-content\/uploads\/2021\/05\/59B2DF1A-4837-4C40-A49B-F8B0DA0175EA.jpeg",355,223,false],"large":["https:\/\/quehacerpolitico.mx\/wp-content\/uploads\/2021\/05\/59B2DF1A-4837-4C40-A49B-F8B0DA0175EA.jpeg",355,223,false],"1536x1536":["https:\/\/quehacerpolitico.mx\/wp-content\/uploads\/2021\/05\/59B2DF1A-4837-4C40-A49B-F8B0DA0175EA.jpeg",355,223,false],"2048x2048":["https:\/\/quehacerpolitico.mx\/wp-content\/uploads\/2021\/05\/59B2DF1A-4837-4C40-A49B-F8B0DA0175EA.jpeg",355,223,false],"covernews-featured":["https:\/\/quehacerpolitico.mx\/wp-content\/uploads\/2021\/05\/59B2DF1A-4837-4C40-A49B-F8B0DA0175EA.jpeg",355,223,false],"covernews-medium":["https:\/\/quehacerpolitico.mx\/wp-content\/uploads\/2021\/05\/59B2DF1A-4837-4C40-A49B-F8B0DA0175EA.jpeg",355,223,false]},"author_info":{"display_name":"Redacci\u00f3n QP","author_link":"https:\/\/quehacerpolitico.mx\/?author=2"},"category_info":"<a href=\"https:\/\/quehacerpolitico.mx\/?cat=2\" rel=\"category\">Noticias<\/a>","tag_info":"Noticias","comment_count":"0","_links":{"self":[{"href":"https:\/\/quehacerpolitico.mx\/index.php?rest_route=\/wp\/v2\/posts\/80699","targetHints":{"allow":["GET"]}}],"collection":[{"href":"https:\/\/quehacerpolitico.mx\/index.php?rest_route=\/wp\/v2\/posts"}],"about":[{"href":"https:\/\/quehacerpolitico.mx\/index.php?rest_route=\/wp\/v2\/types\/post"}],"author":[{"embeddable":true,"href":"https:\/\/quehacerpolitico.mx\/index.php?rest_route=\/wp\/v2\/users\/2"}],"replies":[{"embeddable":true,"href":"https:\/\/quehacerpolitico.mx\/index.php?rest_route=%2Fwp%2Fv2%2Fcomments&post=80699"}],"version-history":[{"count":0,"href":"https:\/\/quehacerpolitico.mx\/index.php?rest_route=\/wp\/v2\/posts\/80699\/revisions"}],"wp:featuredmedia":[{"embeddable":true,"href":"https:\/\/quehacerpolitico.mx\/index.php?rest_route=\/wp\/v2\/media\/80702"}],"wp:attachment":[{"href":"https:\/\/quehacerpolitico.mx\/index.php?rest_route=%2Fwp%2Fv2%2Fmedia&parent=80699"}],"wp:term":[{"taxonomy":"category","embeddable":true,"href":"https:\/\/quehacerpolitico.mx\/index.php?rest_route=%2Fwp%2Fv2%2Fcategories&post=80699"},{"taxonomy":"post_tag","embeddable":true,"href":"https:\/\/quehacerpolitico.mx\/index.php?rest_route=%2Fwp%2Fv2%2Ftags&post=80699"}],"curies":[{"name":"wp","href":"https:\/\/api.w.org\/{rel}","templated":true}]}}