{"id":80689,"date":"2021-05-09T01:00:46","date_gmt":"2021-05-09T01:00:46","guid":{"rendered":"https:\/\/quehacerpolitico.mx\/?p=80689"},"modified":"2021-05-09T01:00:46","modified_gmt":"2021-05-09T01:00:46","slug":"detienen-el-gori-de-la-union-tepito-en-cdmx","status":"publish","type":"post","link":"https:\/\/quehacerpolitico.mx\/?p=80689","title":{"rendered":"Detienen a \u2018El Gori\u2019 de la Uni\u00f3n Tepito en CDMX"},"content":{"rendered":"<h1 class=\"article_title\">Detienen a \u2018El Gori\u2019 de la Uni\u00f3n Tepito en CDMX<br \/>\nPor Redacci\u00f3n QP<\/h1>\n<div class=\"article_heading\">\n<p>Seg\u00fan la Secretaria de Seguridad Ciudadana, \u201cEl Gori\u201d se encargaba de cobrar extorsiones para la organizaci\u00f3n criminal<\/p>\n<p>La <strong>Polic\u00eda<\/strong> capitalina <strong>detuvo <\/strong>a dos hombres en la <strong>colonia Morelos<\/strong>, uno de ellos es Sa\u00fal N, alias \u201c<strong>El Gori<\/strong>\u201d, presunto integrante de la organizaci\u00f3n criminal la <strong>Uni\u00f3n Tepito<\/strong>.<\/p>\n<p>Seg\u00fan la Secretaria de Seguridad Ciudadana (<strong>SSC<\/strong>), \u201c<strong>El Gori<\/strong>\u201d se encargaba de cobrar extorsiones para la <strong>organizaci\u00f3n criminal<\/strong>.<\/p>\n<p>La captura se realiz\u00f3 la noche del viernes, 7 de mayo de 2021, en el cruce de Imprenta y Jardineros, donde \u201c<strong>El Gori<\/strong>\u201d fue encontrado en posesi\u00f3n de una subametralladora y m\u00e1s de 4 kilos de marihuana.<\/p>\n<p>Esta ma\u00f1ana, el secretario de Seguridad Ciudadana, <strong>Omar Garc\u00eda Harfuch<\/strong> inform\u00f3 a trav\u00e9s de su cuenta de Twitter lo siguiente:<\/p>\n<\/div>\n<blockquote class=\"twitter-tweet\" data-width=\"550\" data-dnt=\"true\">\n<p lang=\"es\" dir=\"ltr\">En <a href=\"https:\/\/twitter.com\/A_VCarranza?ref_src=twsrc%5Etfw\">@A_VCarranza<\/a>, compa\u00f1eros de la <a href=\"https:\/\/twitter.com\/SSC_CDMX?ref_src=twsrc%5Etfw\">@SSC_CDMX<\/a> detuvieron a dos hombres, uno de ellos apodado \u201cel Gori\u201d por varias denuncias de extorsi\u00f3n a comerciantes en el centro hist\u00f3rico, se aseguraron armas de fuego y droga. <a href=\"https:\/\/t.co\/xhBz7ETALj\">pic.twitter.com\/xhBz7ETALj<\/a><\/p>\n<p>&mdash; Omar H Garcia Harfuch (@OHarfuch) <a href=\"https:\/\/twitter.com\/OHarfuch\/status\/1391028934603644929?ref_src=twsrc%5Etfw\">May 8, 2021<\/a><\/p><\/blockquote>\n<p><script async src=\"https:\/\/platform.twitter.com\/widgets.js\" charset=\"utf-8\"><\/script><\/p>\n<div class=\"article_heading\">\n<blockquote><p>\u201cEn alcald\u00eda Venustiano Carranza compa\u00f1eros de la <strong>SSC CDMX<\/strong>detuvieron a dos hombres, uno de ellos apodado \u201c<strong>El Gori<\/strong>\u201d por varias denuncias de extorsi\u00f3n a comerciantes en el Centro Hist\u00f3rico, se aseguraron armas de fuego y droga\u201d.<\/p><\/blockquote>\n<p>Los detenidos fueron trasladados a la Fiscal\u00eda Central de Investigaci\u00f3n en la calle de Jard\u00edn de la alcald\u00eda <strong>Azcapotzalco<\/strong>.<\/p>\n<\/div>\n","protected":false},"excerpt":{"rendered":"<p>Detienen a \u2018El Gori\u2019 de la Uni\u00f3n Tepito en CDMX Por Redacci\u00f3n QP Seg\u00fan la&#8230;<\/p>\n","protected":false},"author":2,"featured_media":80692,"comment_status":"open","ping_status":"open","sticky":false,"template":"","format":"standard","meta":{"_monsterinsights_skip_tracking":false,"_monsterinsights_sitenote_active":false,"_monsterinsights_sitenote_note":"","_monsterinsights_sitenote_category":0,"footnotes":""},"categories":[55],"tags":[],"class_list":["post-80689","post","type-post","status-publish","format-standard","has-post-thumbnail","hentry","category-cdmx"],"yoast_head":"<!-- This site is optimized with the Yoast SEO plugin v27.3 - https:\/\/yoast.com\/product\/yoast-seo-wordpress\/ -->\n<title>Detienen a \u2018El Gori\u2019 de la Uni\u00f3n Tepito en CDMX -<\/title>\n<meta name=\"robots\" content=\"index, follow, max-snippet:-1, max-image-preview:large, max-video-preview:-1\" \/>\n<link rel=\"canonical\" href=\"https:\/\/quehacerpolitico.mx\/?p=80689\" \/>\n<meta property=\"og:locale\" content=\"es_MX\" \/>\n<meta property=\"og:type\" content=\"article\" \/>\n<meta property=\"og:title\" content=\"Detienen a \u2018El Gori\u2019 de la Uni\u00f3n Tepito en CDMX -\" \/>\n<meta property=\"og:description\" content=\"Detienen a \u2018El Gori\u2019 de la Uni\u00f3n Tepito en CDMX Por Redacci\u00f3n QP Seg\u00fan la...\" \/>\n<meta property=\"og:url\" content=\"https:\/\/quehacerpolitico.mx\/?p=80689\" \/>\n<meta property=\"article:published_time\" content=\"2021-05-09T01:00:46+00:00\" \/>\n<meta property=\"og:image\" content=\"https:\/\/quehacerpolitico.mx\/wp-content\/uploads\/2021\/05\/91244BBC-95A9-4CD8-8964-5182BBA6484D.jpeg\" \/>\n\t<meta property=\"og:image:width\" content=\"1024\" \/>\n\t<meta property=\"og:image:height\" content=\"681\" \/>\n\t<meta property=\"og:image:type\" content=\"image\/jpeg\" \/>\n<meta name=\"author\" content=\"Redacci\u00f3n QP\" \/>\n<meta name=\"twitter:card\" content=\"summary_large_image\" \/>\n<meta name=\"twitter:label1\" content=\"Escrito por\" \/>\n\t<meta name=\"twitter:data1\" content=\"Redacci\u00f3n QP\" \/>\n\t<meta name=\"twitter:label2\" content=\"Tiempo de lectura\" \/>\n\t<meta name=\"twitter:data2\" content=\"1 minuto\" \/>\n<script type=\"application\/ld+json\" class=\"yoast-schema-graph\">{\"@context\":\"https:\\\/\\\/schema.org\",\"@graph\":[{\"@type\":\"Article\",\"@id\":\"https:\\\/\\\/quehacerpolitico.mx\\\/?p=80689#article\",\"isPartOf\":{\"@id\":\"https:\\\/\\\/quehacerpolitico.mx\\\/?p=80689\"},\"author\":{\"name\":\"Redacci\u00f3n QP\",\"@id\":\"https:\\\/\\\/quehacerpolitico.mx\\\/#\\\/schema\\\/person\\\/496d8ad2d1d3f8036101dca7ee39e585\"},\"headline\":\"Detienen a \u2018El Gori\u2019 de la Uni\u00f3n Tepito en CDMX\",\"datePublished\":\"2021-05-09T01:00:46+00:00\",\"mainEntityOfPage\":{\"@id\":\"https:\\\/\\\/quehacerpolitico.mx\\\/?p=80689\"},\"wordCount\":226,\"commentCount\":0,\"image\":{\"@id\":\"https:\\\/\\\/quehacerpolitico.mx\\\/?p=80689#primaryimage\"},\"thumbnailUrl\":\"https:\\\/\\\/quehacerpolitico.mx\\\/wp-content\\\/uploads\\\/2021\\\/05\\\/91244BBC-95A9-4CD8-8964-5182BBA6484D.jpeg\",\"articleSection\":[\"CDMX\"],\"inLanguage\":\"es\",\"potentialAction\":[{\"@type\":\"CommentAction\",\"name\":\"Comment\",\"target\":[\"https:\\\/\\\/quehacerpolitico.mx\\\/?p=80689#respond\"]}]},{\"@type\":\"WebPage\",\"@id\":\"https:\\\/\\\/quehacerpolitico.mx\\\/?p=80689\",\"url\":\"https:\\\/\\\/quehacerpolitico.mx\\\/?p=80689\",\"name\":\"Detienen a \u2018El Gori\u2019 de la Uni\u00f3n Tepito en CDMX -\",\"isPartOf\":{\"@id\":\"https:\\\/\\\/quehacerpolitico.mx\\\/#website\"},\"primaryImageOfPage\":{\"@id\":\"https:\\\/\\\/quehacerpolitico.mx\\\/?p=80689#primaryimage\"},\"image\":{\"@id\":\"https:\\\/\\\/quehacerpolitico.mx\\\/?p=80689#primaryimage\"},\"thumbnailUrl\":\"https:\\\/\\\/quehacerpolitico.mx\\\/wp-content\\\/uploads\\\/2021\\\/05\\\/91244BBC-95A9-4CD8-8964-5182BBA6484D.jpeg\",\"datePublished\":\"2021-05-09T01:00:46+00:00\",\"author\":{\"@id\":\"https:\\\/\\\/quehacerpolitico.mx\\\/#\\\/schema\\\/person\\\/496d8ad2d1d3f8036101dca7ee39e585\"},\"breadcrumb\":{\"@id\":\"https:\\\/\\\/quehacerpolitico.mx\\\/?p=80689#breadcrumb\"},\"inLanguage\":\"es\",\"potentialAction\":[{\"@type\":\"ReadAction\",\"target\":[\"https:\\\/\\\/quehacerpolitico.mx\\\/?p=80689\"]}]},{\"@type\":\"ImageObject\",\"inLanguage\":\"es\",\"@id\":\"https:\\\/\\\/quehacerpolitico.mx\\\/?p=80689#primaryimage\",\"url\":\"https:\\\/\\\/quehacerpolitico.mx\\\/wp-content\\\/uploads\\\/2021\\\/05\\\/91244BBC-95A9-4CD8-8964-5182BBA6484D.jpeg\",\"contentUrl\":\"https:\\\/\\\/quehacerpolitico.mx\\\/wp-content\\\/uploads\\\/2021\\\/05\\\/91244BBC-95A9-4CD8-8964-5182BBA6484D.jpeg\",\"width\":1024,\"height\":681},{\"@type\":\"BreadcrumbList\",\"@id\":\"https:\\\/\\\/quehacerpolitico.mx\\\/?p=80689#breadcrumb\",\"itemListElement\":[{\"@type\":\"ListItem\",\"position\":1,\"name\":\"Inicio\",\"item\":\"https:\\\/\\\/quehacerpolitico.mx\\\/\"},{\"@type\":\"ListItem\",\"position\":2,\"name\":\"Detienen a \u2018El Gori\u2019 de la Uni\u00f3n Tepito en CDMX\"}]},{\"@type\":\"WebSite\",\"@id\":\"https:\\\/\\\/quehacerpolitico.mx\\\/#website\",\"url\":\"https:\\\/\\\/quehacerpolitico.mx\\\/\",\"name\":\"\",\"description\":\"\",\"potentialAction\":[{\"@type\":\"SearchAction\",\"target\":{\"@type\":\"EntryPoint\",\"urlTemplate\":\"https:\\\/\\\/quehacerpolitico.mx\\\/?s={search_term_string}\"},\"query-input\":{\"@type\":\"PropertyValueSpecification\",\"valueRequired\":true,\"valueName\":\"search_term_string\"}}],\"inLanguage\":\"es\"},{\"@type\":\"Person\",\"@id\":\"https:\\\/\\\/quehacerpolitico.mx\\\/#\\\/schema\\\/person\\\/496d8ad2d1d3f8036101dca7ee39e585\",\"name\":\"Redacci\u00f3n QP\",\"image\":{\"@type\":\"ImageObject\",\"inLanguage\":\"es\",\"@id\":\"https:\\\/\\\/secure.gravatar.com\\\/avatar\\\/c7164ed6fdec453195284ad24a5ae5b6e1eed2b848477fa2a4787ba9adf39a41?s=96&d=mm&r=g\",\"url\":\"https:\\\/\\\/secure.gravatar.com\\\/avatar\\\/c7164ed6fdec453195284ad24a5ae5b6e1eed2b848477fa2a4787ba9adf39a41?s=96&d=mm&r=g\",\"contentUrl\":\"https:\\\/\\\/secure.gravatar.com\\\/avatar\\\/c7164ed6fdec453195284ad24a5ae5b6e1eed2b848477fa2a4787ba9adf39a41?s=96&d=mm&r=g\",\"caption\":\"Redacci\u00f3n QP\"},\"url\":\"https:\\\/\\\/quehacerpolitico.mx\\\/?author=2\"}]}<\/script>\n<!-- \/ Yoast SEO plugin. -->","yoast_head_json":{"title":"Detienen a \u2018El Gori\u2019 de la Uni\u00f3n Tepito en CDMX -","robots":{"index":"index","follow":"follow","max-snippet":"max-snippet:-1","max-image-preview":"max-image-preview:large","max-video-preview":"max-video-preview:-1"},"canonical":"https:\/\/quehacerpolitico.mx\/?p=80689","og_locale":"es_MX","og_type":"article","og_title":"Detienen a \u2018El Gori\u2019 de la Uni\u00f3n Tepito en CDMX -","og_description":"Detienen a \u2018El Gori\u2019 de la Uni\u00f3n Tepito en CDMX Por Redacci\u00f3n QP Seg\u00fan la...","og_url":"https:\/\/quehacerpolitico.mx\/?p=80689","article_published_time":"2021-05-09T01:00:46+00:00","og_image":[{"width":1024,"height":681,"url":"https:\/\/quehacerpolitico.mx\/wp-content\/uploads\/2021\/05\/91244BBC-95A9-4CD8-8964-5182BBA6484D.jpeg","type":"image\/jpeg"}],"author":"Redacci\u00f3n QP","twitter_card":"summary_large_image","twitter_misc":{"Escrito por":"Redacci\u00f3n QP","Tiempo de lectura":"1 minuto"},"schema":{"@context":"https:\/\/schema.org","@graph":[{"@type":"Article","@id":"https:\/\/quehacerpolitico.mx\/?p=80689#article","isPartOf":{"@id":"https:\/\/quehacerpolitico.mx\/?p=80689"},"author":{"name":"Redacci\u00f3n QP","@id":"https:\/\/quehacerpolitico.mx\/#\/schema\/person\/496d8ad2d1d3f8036101dca7ee39e585"},"headline":"Detienen a \u2018El Gori\u2019 de la Uni\u00f3n Tepito en CDMX","datePublished":"2021-05-09T01:00:46+00:00","mainEntityOfPage":{"@id":"https:\/\/quehacerpolitico.mx\/?p=80689"},"wordCount":226,"commentCount":0,"image":{"@id":"https:\/\/quehacerpolitico.mx\/?p=80689#primaryimage"},"thumbnailUrl":"https:\/\/quehacerpolitico.mx\/wp-content\/uploads\/2021\/05\/91244BBC-95A9-4CD8-8964-5182BBA6484D.jpeg","articleSection":["CDMX"],"inLanguage":"es","potentialAction":[{"@type":"CommentAction","name":"Comment","target":["https:\/\/quehacerpolitico.mx\/?p=80689#respond"]}]},{"@type":"WebPage","@id":"https:\/\/quehacerpolitico.mx\/?p=80689","url":"https:\/\/quehacerpolitico.mx\/?p=80689","name":"Detienen a \u2018El Gori\u2019 de la Uni\u00f3n Tepito en CDMX -","isPartOf":{"@id":"https:\/\/quehacerpolitico.mx\/#website"},"primaryImageOfPage":{"@id":"https:\/\/quehacerpolitico.mx\/?p=80689#primaryimage"},"image":{"@id":"https:\/\/quehacerpolitico.mx\/?p=80689#primaryimage"},"thumbnailUrl":"https:\/\/quehacerpolitico.mx\/wp-content\/uploads\/2021\/05\/91244BBC-95A9-4CD8-8964-5182BBA6484D.jpeg","datePublished":"2021-05-09T01:00:46+00:00","author":{"@id":"https:\/\/quehacerpolitico.mx\/#\/schema\/person\/496d8ad2d1d3f8036101dca7ee39e585"},"breadcrumb":{"@id":"https:\/\/quehacerpolitico.mx\/?p=80689#breadcrumb"},"inLanguage":"es","potentialAction":[{"@type":"ReadAction","target":["https:\/\/quehacerpolitico.mx\/?p=80689"]}]},{"@type":"ImageObject","inLanguage":"es","@id":"https:\/\/quehacerpolitico.mx\/?p=80689#primaryimage","url":"https:\/\/quehacerpolitico.mx\/wp-content\/uploads\/2021\/05\/91244BBC-95A9-4CD8-8964-5182BBA6484D.jpeg","contentUrl":"https:\/\/quehacerpolitico.mx\/wp-content\/uploads\/2021\/05\/91244BBC-95A9-4CD8-8964-5182BBA6484D.jpeg","width":1024,"height":681},{"@type":"BreadcrumbList","@id":"https:\/\/quehacerpolitico.mx\/?p=80689#breadcrumb","itemListElement":[{"@type":"ListItem","position":1,"name":"Inicio","item":"https:\/\/quehacerpolitico.mx\/"},{"@type":"ListItem","position":2,"name":"Detienen a \u2018El Gori\u2019 de la Uni\u00f3n Tepito en CDMX"}]},{"@type":"WebSite","@id":"https:\/\/quehacerpolitico.mx\/#website","url":"https:\/\/quehacerpolitico.mx\/","name":"","description":"","potentialAction":[{"@type":"SearchAction","target":{"@type":"EntryPoint","urlTemplate":"https:\/\/quehacerpolitico.mx\/?s={search_term_string}"},"query-input":{"@type":"PropertyValueSpecification","valueRequired":true,"valueName":"search_term_string"}}],"inLanguage":"es"},{"@type":"Person","@id":"https:\/\/quehacerpolitico.mx\/#\/schema\/person\/496d8ad2d1d3f8036101dca7ee39e585","name":"Redacci\u00f3n QP","image":{"@type":"ImageObject","inLanguage":"es","@id":"https:\/\/secure.gravatar.com\/avatar\/c7164ed6fdec453195284ad24a5ae5b6e1eed2b848477fa2a4787ba9adf39a41?s=96&d=mm&r=g","url":"https:\/\/secure.gravatar.com\/avatar\/c7164ed6fdec453195284ad24a5ae5b6e1eed2b848477fa2a4787ba9adf39a41?s=96&d=mm&r=g","contentUrl":"https:\/\/secure.gravatar.com\/avatar\/c7164ed6fdec453195284ad24a5ae5b6e1eed2b848477fa2a4787ba9adf39a41?s=96&d=mm&r=g","caption":"Redacci\u00f3n QP"},"url":"https:\/\/quehacerpolitico.mx\/?author=2"}]}},"featured_image_urls":{"full":["https:\/\/quehacerpolitico.mx\/wp-content\/uploads\/2021\/05\/91244BBC-95A9-4CD8-8964-5182BBA6484D.jpeg",1024,681,false],"thumbnail":["https:\/\/quehacerpolitico.mx\/wp-content\/uploads\/2021\/05\/91244BBC-95A9-4CD8-8964-5182BBA6484D-150x150.jpeg",150,150,true],"medium":["https:\/\/quehacerpolitico.mx\/wp-content\/uploads\/2021\/05\/91244BBC-95A9-4CD8-8964-5182BBA6484D-300x200.jpeg",300,200,true],"medium_large":["https:\/\/quehacerpolitico.mx\/wp-content\/uploads\/2021\/05\/91244BBC-95A9-4CD8-8964-5182BBA6484D-768x511.jpeg",640,426,true],"large":["https:\/\/quehacerpolitico.mx\/wp-content\/uploads\/2021\/05\/91244BBC-95A9-4CD8-8964-5182BBA6484D.jpeg",640,426,false],"1536x1536":["https:\/\/quehacerpolitico.mx\/wp-content\/uploads\/2021\/05\/91244BBC-95A9-4CD8-8964-5182BBA6484D.jpeg",1024,681,false],"2048x2048":["https:\/\/quehacerpolitico.mx\/wp-content\/uploads\/2021\/05\/91244BBC-95A9-4CD8-8964-5182BBA6484D.jpeg",1024,681,false],"covernews-featured":["https:\/\/quehacerpolitico.mx\/wp-content\/uploads\/2021\/05\/91244BBC-95A9-4CD8-8964-5182BBA6484D.jpeg",1024,681,false],"covernews-medium":["https:\/\/quehacerpolitico.mx\/wp-content\/uploads\/2021\/05\/91244BBC-95A9-4CD8-8964-5182BBA6484D.jpeg",511,340,false]},"author_info":{"display_name":"Redacci\u00f3n QP","author_link":"https:\/\/quehacerpolitico.mx\/?author=2"},"category_info":"<a href=\"https:\/\/quehacerpolitico.mx\/?cat=55\" rel=\"category\">CDMX<\/a>","tag_info":"CDMX","comment_count":"0","_links":{"self":[{"href":"https:\/\/quehacerpolitico.mx\/index.php?rest_route=\/wp\/v2\/posts\/80689","targetHints":{"allow":["GET"]}}],"collection":[{"href":"https:\/\/quehacerpolitico.mx\/index.php?rest_route=\/wp\/v2\/posts"}],"about":[{"href":"https:\/\/quehacerpolitico.mx\/index.php?rest_route=\/wp\/v2\/types\/post"}],"author":[{"embeddable":true,"href":"https:\/\/quehacerpolitico.mx\/index.php?rest_route=\/wp\/v2\/users\/2"}],"replies":[{"embeddable":true,"href":"https:\/\/quehacerpolitico.mx\/index.php?rest_route=%2Fwp%2Fv2%2Fcomments&post=80689"}],"version-history":[{"count":0,"href":"https:\/\/quehacerpolitico.mx\/index.php?rest_route=\/wp\/v2\/posts\/80689\/revisions"}],"wp:featuredmedia":[{"embeddable":true,"href":"https:\/\/quehacerpolitico.mx\/index.php?rest_route=\/wp\/v2\/media\/80692"}],"wp:attachment":[{"href":"https:\/\/quehacerpolitico.mx\/index.php?rest_route=%2Fwp%2Fv2%2Fmedia&parent=80689"}],"wp:term":[{"taxonomy":"category","embeddable":true,"href":"https:\/\/quehacerpolitico.mx\/index.php?rest_route=%2Fwp%2Fv2%2Fcategories&post=80689"},{"taxonomy":"post_tag","embeddable":true,"href":"https:\/\/quehacerpolitico.mx\/index.php?rest_route=%2Fwp%2Fv2%2Ftags&post=80689"}],"curies":[{"name":"wp","href":"https:\/\/api.w.org\/{rel}","templated":true}]}}