{"id":80659,"date":"2021-05-08T18:37:34","date_gmt":"2021-05-08T18:37:34","guid":{"rendered":"https:\/\/quehacerpolitico.mx\/?p=80659"},"modified":"2021-05-08T18:37:34","modified_gmt":"2021-05-08T18:37:34","slug":"la-inflacion-en-mexico-registra-la-tasa-mas-alta-desde-finales-de-2017","status":"publish","type":"post","link":"https:\/\/quehacerpolitico.mx\/?p=80659","title":{"rendered":"La inflaci\u00f3n en M\u00e9xico registra la tasa m\u00e1s alta desde finales de 2017"},"content":{"rendered":"<h1 class=\"news-title\">La inflaci\u00f3n en M\u00e9xico registra la tasa m\u00e1s alta desde finales de 2017<br \/>\nPor Redacci\u00f3n QP<\/h1>\n<div class=\"news-subtitle\">\n<p>Los precios al consumidor subieron 6.08% durante abril en comparaci\u00f3n con el mismo mes de 2020, la mayor alza desde diciembre de 2017<\/p>\n<\/div>\n<div class=\"news-authors-list\">\n<p>Conocida como el impuesto de los pobres por da\u00f1ar m\u00e1s a quienes menos tienen, la inflaci\u00f3n volvi\u00f3 a sorprender a todos los analistas tras alcanzar un nivel m\u00e1s alto de lo esperado durante el mes pasado.<\/p>\n<blockquote class=\"twitter-tweet\" data-width=\"550\" data-dnt=\"true\">\n<p lang=\"es\" dir=\"ltr\">En abril de 2021 el \u00cdndice Nacional de Precios al Consumidor <a href=\"https:\/\/twitter.com\/hashtag\/INPC?src=hash&amp;ref_src=twsrc%5Etfw\">#INPC<\/a> registr\u00f3 una <a href=\"https:\/\/twitter.com\/hashtag\/inflaci%C3%B3n?src=hash&amp;ref_src=twsrc%5Etfw\">#inflaci\u00f3n<\/a> mensual de 0.33% y anual de 6.08%. <a href=\"https:\/\/twitter.com\/hashtag\/INEGI?src=hash&amp;ref_src=twsrc%5Etfw\">#INEGI<\/a>. En el mismo periodo de 2020 las variaciones fueron de (-)1.01 por ciento mensual y de 2.15 por ciento anual. <a href=\"https:\/\/t.co\/vrm4DZSWxT\">https:\/\/t.co\/vrm4DZSWxT<\/a> <a href=\"https:\/\/t.co\/dzWz6sM6Y2\">pic.twitter.com\/dzWz6sM6Y2<\/a><\/p>\n<p>&mdash; INEGI INFORMA (@INEGI_INFORMA) <a href=\"https:\/\/twitter.com\/INEGI_INFORMA\/status\/1390622910105128962?ref_src=twsrc%5Etfw\">May 7, 2021<\/a><\/p><\/blockquote>\n<p><script async src=\"https:\/\/platform.twitter.com\/widgets.js\" charset=\"utf-8\"><\/script><\/p>\n<div id=\"div-pos-2\">La ma\u00f1ana de este viernes, el Inegi dio a conocer que los precios al consumidor <strong>subieron 6.08%<\/strong>durante abril en comparaci\u00f3n con el mismo mes de 2020 y significa <strong>la mayor alza desde diciembre de 2017,<\/strong> cuando la inflaci\u00f3n lleg\u00f3 a 6.77%.<\/div>\n<p>Al igual que hace dos semanas, el informe sorprendi\u00f3 a todos los participantes del mercado, pues estimaban una tasa de 6.01%, de acuerdo con una encuesta que CitiBanamex aplic\u00f3 a 31 instituciones esta semana.<\/p>\n<p>El resultado sorprendi\u00f3 incluso a Actinver, el participante m\u00e1s pesimista del sondeo, cuya expectativa indicaba una tasa de 6.07%. El asombro fue mayor para Scotiabank y XP Investments, pues calcularon una inflaci\u00f3n de 5.95%.<\/p>\n<p>En comparaci\u00f3n con marzo pasado, el llamado impuesto de los pobres subi\u00f3 0.33%. Para encontrar un mes de abril con un incremento superior al registrado en 2021, hay que retroceder hasta 2009, es decir, hace 12 a\u00f1os, cuando la inflaci\u00f3n se elev\u00f3 0.35% en plena crisis econ\u00f3mica mundial y el inicio de la epidemia de influenza.<\/p>\n<p>Entre los bienes que m\u00e1s subieron destaca el <strong>chile serrano, con un repunte mensual de 42%;<\/strong>continuando con <strong>el aguacate, cuyo precio aument\u00f3 29%, y el jitomate, con un incremento de 26%.<\/strong><\/p>\n<p>Considerado el alimento principal en el pa\u00eds, <strong>las tortillas de ma\u00edz subieron 2%,<\/strong> mientras que e<strong>l pollo, reconocido por ser el c\u00e1rnico predilecto de los hogares mexicanos, se encareci\u00f3 1%<\/strong> con relaci\u00f3n a marzo de este a\u00f1o.<\/p>\n<p>Clasificado como el estado m\u00e1s peque\u00f1o por extensi\u00f3n territorial, Tlaxcala sufri\u00f3 la mayor inflaci\u00f3n del pa\u00eds, con una tasa de 1.1% en comparaci\u00f3n mensual. Le siguieron Morelos y Guerrero, ambos con un nivel de 0.9%.<\/p>\n<p>Tras el informe de inflaci\u00f3n, el peso se mantuvo estable en 20.07 unidades por d\u00f3lar, debido a que minutos antes del resultado se ubicaba en 20.06, de acuerdo con las operaciones al mayoreo publicadas por la agencia Bloomberg.<\/p>\n<p>El reporte de esta ma\u00f1ana aumenta la expectativa de que la pr\u00f3xima vez que el Banco de M\u00e9xico (Banxico) decida mover su principal tasa de inter\u00e9s ser\u00e1 para subirla, como prev\u00e9n CitiBanamex, Banorte, Scotiabank y otras ocho instituciones.<\/p>\n<p>La \u00faltima vez que la tasa subi\u00f3 fue en diciembre de 2018 y lleg\u00f3 a 8.25%, manteni\u00e9ndose en este nivel por ocho meses. A partir de agosto de 2019, el objetivo comenz\u00f3 a disminuir hasta tocar 4% a mediados de febrero pasado.<\/p>\n<p>La autoridad monetaria se ha mantenido en pausa desde entonces, mientras que <strong>la inflaci\u00f3n se ha acelerado m\u00e1s de lo previsto y, desde marzo, se ubica fuera del intervalo de variabilidad de 2% a 4%<\/strong> que el banco central estableci\u00f3 como marco para la conducci\u00f3n de su pol\u00edtica monetaria.<\/p>\n<p>El art\u00edculo 28 de la Constituci\u00f3n establece que Banxico tiene como objetivo prioritario &#8220;procurar la estabilidad del poder adquisitivo de la moneda nacional&#8221;, es decir, la estabilidad de precios o una inflaci\u00f3n baja.<\/p>\n<p>Para mayo, analistas consultados por CitiBanamex anticipan que la inflaci\u00f3n se desacelerar\u00e1 a 5.37%, aunque esta tasa se mantendr\u00e1 lejos del rango tolerado por la instituci\u00f3n que gobierna Alejandro D\u00edaz de Le\u00f3n.<\/p>\n<p>Los bancos centrales han comenzado a subir sus respectivas tasas de inter\u00e9s para enfrentar las crecientes presiones inflacionarias. Apenas este mi\u00e9rcoles, el Banco Central de Brasil elev\u00f3 su objetivo de 2.75% a 3.50%, siendo su mayor nivel desde mayo de 2020 y ubic\u00e1ndose a s\u00f3lo medio punto porcentual de su contraparte mexicana.<\/p>\n<p>El ajuste lleg\u00f3 despu\u00e9s de que la inflaci\u00f3n brasile\u00f1a alcanz\u00f3 un nivel de 6.10% en marzo, el registro m\u00e1s alto desde diciembre de 2016.<\/p>\n<p>En Estados Unidos tambi\u00e9n se especula sobre un aumento de tasas por parte de la Reserva Federal (Fed), debido a un sobrecalentamiento de su econom\u00eda que puede generar presiones inflacionarias, lo que traer\u00e1 impactos en M\u00e9xico v\u00eda producci\u00f3n, tasas, inflaci\u00f3n y tipo de cambio.<\/p>\n<p>Con informaci\u00f3n de SUN<\/p>\n<\/div>\n","protected":false},"excerpt":{"rendered":"<p>La inflaci\u00f3n en M\u00e9xico registra la tasa m\u00e1s alta desde finales de 2017 Por Redacci\u00f3n&#8230;<\/p>\n","protected":false},"author":2,"featured_media":80663,"comment_status":"open","ping_status":"open","sticky":false,"template":"","format":"standard","meta":{"_monsterinsights_skip_tracking":false,"_monsterinsights_sitenote_active":false,"_monsterinsights_sitenote_note":"","_monsterinsights_sitenote_category":0,"footnotes":""},"categories":[56],"tags":[],"class_list":["post-80659","post","type-post","status-publish","format-standard","has-post-thumbnail","hentry","category-economia"],"yoast_head":"<!-- This site is optimized with the Yoast SEO plugin v27.3 - https:\/\/yoast.com\/product\/yoast-seo-wordpress\/ -->\n<title>La inflaci\u00f3n en M\u00e9xico registra la tasa m\u00e1s alta desde finales de 2017 -<\/title>\n<meta name=\"robots\" content=\"index, follow, max-snippet:-1, max-image-preview:large, max-video-preview:-1\" \/>\n<link rel=\"canonical\" href=\"https:\/\/quehacerpolitico.mx\/?p=80659\" \/>\n<meta property=\"og:locale\" content=\"es_MX\" \/>\n<meta property=\"og:type\" content=\"article\" \/>\n<meta property=\"og:title\" content=\"La inflaci\u00f3n en M\u00e9xico registra la tasa m\u00e1s alta desde finales de 2017 -\" \/>\n<meta property=\"og:description\" content=\"La inflaci\u00f3n en M\u00e9xico registra la tasa m\u00e1s alta desde finales de 2017 Por Redacci\u00f3n...\" \/>\n<meta property=\"og:url\" content=\"https:\/\/quehacerpolitico.mx\/?p=80659\" \/>\n<meta property=\"article:published_time\" content=\"2021-05-08T18:37:34+00:00\" \/>\n<meta property=\"og:image\" content=\"https:\/\/quehacerpolitico.mx\/wp-content\/uploads\/2021\/05\/7DE71F98-7463-404C-8936-7E1284D6E4DA.jpeg\" \/>\n\t<meta property=\"og:image:width\" content=\"738\" \/>\n\t<meta property=\"og:image:height\" content=\"416\" \/>\n\t<meta property=\"og:image:type\" content=\"image\/jpeg\" \/>\n<meta name=\"author\" content=\"Redacci\u00f3n QP\" \/>\n<meta name=\"twitter:card\" content=\"summary_large_image\" \/>\n<meta name=\"twitter:label1\" content=\"Escrito por\" \/>\n\t<meta name=\"twitter:data1\" content=\"Redacci\u00f3n QP\" \/>\n\t<meta name=\"twitter:label2\" content=\"Tiempo de lectura\" \/>\n\t<meta name=\"twitter:data2\" content=\"4 minutos\" \/>\n<script type=\"application\/ld+json\" class=\"yoast-schema-graph\">{\"@context\":\"https:\\\/\\\/schema.org\",\"@graph\":[{\"@type\":\"Article\",\"@id\":\"https:\\\/\\\/quehacerpolitico.mx\\\/?p=80659#article\",\"isPartOf\":{\"@id\":\"https:\\\/\\\/quehacerpolitico.mx\\\/?p=80659\"},\"author\":{\"name\":\"Redacci\u00f3n QP\",\"@id\":\"https:\\\/\\\/quehacerpolitico.mx\\\/#\\\/schema\\\/person\\\/496d8ad2d1d3f8036101dca7ee39e585\"},\"headline\":\"La inflaci\u00f3n en M\u00e9xico registra la tasa m\u00e1s alta desde finales de 2017\",\"datePublished\":\"2021-05-08T18:37:34+00:00\",\"mainEntityOfPage\":{\"@id\":\"https:\\\/\\\/quehacerpolitico.mx\\\/?p=80659\"},\"wordCount\":748,\"commentCount\":0,\"image\":{\"@id\":\"https:\\\/\\\/quehacerpolitico.mx\\\/?p=80659#primaryimage\"},\"thumbnailUrl\":\"https:\\\/\\\/quehacerpolitico.mx\\\/wp-content\\\/uploads\\\/2021\\\/05\\\/7DE71F98-7463-404C-8936-7E1284D6E4DA.jpeg\",\"articleSection\":[\"Econom\u00eda\"],\"inLanguage\":\"es\",\"potentialAction\":[{\"@type\":\"CommentAction\",\"name\":\"Comment\",\"target\":[\"https:\\\/\\\/quehacerpolitico.mx\\\/?p=80659#respond\"]}]},{\"@type\":\"WebPage\",\"@id\":\"https:\\\/\\\/quehacerpolitico.mx\\\/?p=80659\",\"url\":\"https:\\\/\\\/quehacerpolitico.mx\\\/?p=80659\",\"name\":\"La inflaci\u00f3n en M\u00e9xico registra la tasa m\u00e1s alta desde finales de 2017 -\",\"isPartOf\":{\"@id\":\"https:\\\/\\\/quehacerpolitico.mx\\\/#website\"},\"primaryImageOfPage\":{\"@id\":\"https:\\\/\\\/quehacerpolitico.mx\\\/?p=80659#primaryimage\"},\"image\":{\"@id\":\"https:\\\/\\\/quehacerpolitico.mx\\\/?p=80659#primaryimage\"},\"thumbnailUrl\":\"https:\\\/\\\/quehacerpolitico.mx\\\/wp-content\\\/uploads\\\/2021\\\/05\\\/7DE71F98-7463-404C-8936-7E1284D6E4DA.jpeg\",\"datePublished\":\"2021-05-08T18:37:34+00:00\",\"author\":{\"@id\":\"https:\\\/\\\/quehacerpolitico.mx\\\/#\\\/schema\\\/person\\\/496d8ad2d1d3f8036101dca7ee39e585\"},\"breadcrumb\":{\"@id\":\"https:\\\/\\\/quehacerpolitico.mx\\\/?p=80659#breadcrumb\"},\"inLanguage\":\"es\",\"potentialAction\":[{\"@type\":\"ReadAction\",\"target\":[\"https:\\\/\\\/quehacerpolitico.mx\\\/?p=80659\"]}]},{\"@type\":\"ImageObject\",\"inLanguage\":\"es\",\"@id\":\"https:\\\/\\\/quehacerpolitico.mx\\\/?p=80659#primaryimage\",\"url\":\"https:\\\/\\\/quehacerpolitico.mx\\\/wp-content\\\/uploads\\\/2021\\\/05\\\/7DE71F98-7463-404C-8936-7E1284D6E4DA.jpeg\",\"contentUrl\":\"https:\\\/\\\/quehacerpolitico.mx\\\/wp-content\\\/uploads\\\/2021\\\/05\\\/7DE71F98-7463-404C-8936-7E1284D6E4DA.jpeg\",\"width\":738,\"height\":416},{\"@type\":\"BreadcrumbList\",\"@id\":\"https:\\\/\\\/quehacerpolitico.mx\\\/?p=80659#breadcrumb\",\"itemListElement\":[{\"@type\":\"ListItem\",\"position\":1,\"name\":\"Inicio\",\"item\":\"https:\\\/\\\/quehacerpolitico.mx\\\/\"},{\"@type\":\"ListItem\",\"position\":2,\"name\":\"La inflaci\u00f3n en M\u00e9xico registra la tasa m\u00e1s alta desde finales de 2017\"}]},{\"@type\":\"WebSite\",\"@id\":\"https:\\\/\\\/quehacerpolitico.mx\\\/#website\",\"url\":\"https:\\\/\\\/quehacerpolitico.mx\\\/\",\"name\":\"\",\"description\":\"\",\"potentialAction\":[{\"@type\":\"SearchAction\",\"target\":{\"@type\":\"EntryPoint\",\"urlTemplate\":\"https:\\\/\\\/quehacerpolitico.mx\\\/?s={search_term_string}\"},\"query-input\":{\"@type\":\"PropertyValueSpecification\",\"valueRequired\":true,\"valueName\":\"search_term_string\"}}],\"inLanguage\":\"es\"},{\"@type\":\"Person\",\"@id\":\"https:\\\/\\\/quehacerpolitico.mx\\\/#\\\/schema\\\/person\\\/496d8ad2d1d3f8036101dca7ee39e585\",\"name\":\"Redacci\u00f3n QP\",\"image\":{\"@type\":\"ImageObject\",\"inLanguage\":\"es\",\"@id\":\"https:\\\/\\\/secure.gravatar.com\\\/avatar\\\/c7164ed6fdec453195284ad24a5ae5b6e1eed2b848477fa2a4787ba9adf39a41?s=96&d=mm&r=g\",\"url\":\"https:\\\/\\\/secure.gravatar.com\\\/avatar\\\/c7164ed6fdec453195284ad24a5ae5b6e1eed2b848477fa2a4787ba9adf39a41?s=96&d=mm&r=g\",\"contentUrl\":\"https:\\\/\\\/secure.gravatar.com\\\/avatar\\\/c7164ed6fdec453195284ad24a5ae5b6e1eed2b848477fa2a4787ba9adf39a41?s=96&d=mm&r=g\",\"caption\":\"Redacci\u00f3n QP\"},\"url\":\"https:\\\/\\\/quehacerpolitico.mx\\\/?author=2\"}]}<\/script>\n<!-- \/ Yoast SEO plugin. -->","yoast_head_json":{"title":"La inflaci\u00f3n en M\u00e9xico registra la tasa m\u00e1s alta desde finales de 2017 -","robots":{"index":"index","follow":"follow","max-snippet":"max-snippet:-1","max-image-preview":"max-image-preview:large","max-video-preview":"max-video-preview:-1"},"canonical":"https:\/\/quehacerpolitico.mx\/?p=80659","og_locale":"es_MX","og_type":"article","og_title":"La inflaci\u00f3n en M\u00e9xico registra la tasa m\u00e1s alta desde finales de 2017 -","og_description":"La inflaci\u00f3n en M\u00e9xico registra la tasa m\u00e1s alta desde finales de 2017 Por Redacci\u00f3n...","og_url":"https:\/\/quehacerpolitico.mx\/?p=80659","article_published_time":"2021-05-08T18:37:34+00:00","og_image":[{"width":738,"height":416,"url":"https:\/\/quehacerpolitico.mx\/wp-content\/uploads\/2021\/05\/7DE71F98-7463-404C-8936-7E1284D6E4DA.jpeg","type":"image\/jpeg"}],"author":"Redacci\u00f3n QP","twitter_card":"summary_large_image","twitter_misc":{"Escrito por":"Redacci\u00f3n QP","Tiempo de lectura":"4 minutos"},"schema":{"@context":"https:\/\/schema.org","@graph":[{"@type":"Article","@id":"https:\/\/quehacerpolitico.mx\/?p=80659#article","isPartOf":{"@id":"https:\/\/quehacerpolitico.mx\/?p=80659"},"author":{"name":"Redacci\u00f3n QP","@id":"https:\/\/quehacerpolitico.mx\/#\/schema\/person\/496d8ad2d1d3f8036101dca7ee39e585"},"headline":"La inflaci\u00f3n en M\u00e9xico registra la tasa m\u00e1s alta desde finales de 2017","datePublished":"2021-05-08T18:37:34+00:00","mainEntityOfPage":{"@id":"https:\/\/quehacerpolitico.mx\/?p=80659"},"wordCount":748,"commentCount":0,"image":{"@id":"https:\/\/quehacerpolitico.mx\/?p=80659#primaryimage"},"thumbnailUrl":"https:\/\/quehacerpolitico.mx\/wp-content\/uploads\/2021\/05\/7DE71F98-7463-404C-8936-7E1284D6E4DA.jpeg","articleSection":["Econom\u00eda"],"inLanguage":"es","potentialAction":[{"@type":"CommentAction","name":"Comment","target":["https:\/\/quehacerpolitico.mx\/?p=80659#respond"]}]},{"@type":"WebPage","@id":"https:\/\/quehacerpolitico.mx\/?p=80659","url":"https:\/\/quehacerpolitico.mx\/?p=80659","name":"La inflaci\u00f3n en M\u00e9xico registra la tasa m\u00e1s alta desde finales de 2017 -","isPartOf":{"@id":"https:\/\/quehacerpolitico.mx\/#website"},"primaryImageOfPage":{"@id":"https:\/\/quehacerpolitico.mx\/?p=80659#primaryimage"},"image":{"@id":"https:\/\/quehacerpolitico.mx\/?p=80659#primaryimage"},"thumbnailUrl":"https:\/\/quehacerpolitico.mx\/wp-content\/uploads\/2021\/05\/7DE71F98-7463-404C-8936-7E1284D6E4DA.jpeg","datePublished":"2021-05-08T18:37:34+00:00","author":{"@id":"https:\/\/quehacerpolitico.mx\/#\/schema\/person\/496d8ad2d1d3f8036101dca7ee39e585"},"breadcrumb":{"@id":"https:\/\/quehacerpolitico.mx\/?p=80659#breadcrumb"},"inLanguage":"es","potentialAction":[{"@type":"ReadAction","target":["https:\/\/quehacerpolitico.mx\/?p=80659"]}]},{"@type":"ImageObject","inLanguage":"es","@id":"https:\/\/quehacerpolitico.mx\/?p=80659#primaryimage","url":"https:\/\/quehacerpolitico.mx\/wp-content\/uploads\/2021\/05\/7DE71F98-7463-404C-8936-7E1284D6E4DA.jpeg","contentUrl":"https:\/\/quehacerpolitico.mx\/wp-content\/uploads\/2021\/05\/7DE71F98-7463-404C-8936-7E1284D6E4DA.jpeg","width":738,"height":416},{"@type":"BreadcrumbList","@id":"https:\/\/quehacerpolitico.mx\/?p=80659#breadcrumb","itemListElement":[{"@type":"ListItem","position":1,"name":"Inicio","item":"https:\/\/quehacerpolitico.mx\/"},{"@type":"ListItem","position":2,"name":"La inflaci\u00f3n en M\u00e9xico registra la tasa m\u00e1s alta desde finales de 2017"}]},{"@type":"WebSite","@id":"https:\/\/quehacerpolitico.mx\/#website","url":"https:\/\/quehacerpolitico.mx\/","name":"","description":"","potentialAction":[{"@type":"SearchAction","target":{"@type":"EntryPoint","urlTemplate":"https:\/\/quehacerpolitico.mx\/?s={search_term_string}"},"query-input":{"@type":"PropertyValueSpecification","valueRequired":true,"valueName":"search_term_string"}}],"inLanguage":"es"},{"@type":"Person","@id":"https:\/\/quehacerpolitico.mx\/#\/schema\/person\/496d8ad2d1d3f8036101dca7ee39e585","name":"Redacci\u00f3n QP","image":{"@type":"ImageObject","inLanguage":"es","@id":"https:\/\/secure.gravatar.com\/avatar\/c7164ed6fdec453195284ad24a5ae5b6e1eed2b848477fa2a4787ba9adf39a41?s=96&d=mm&r=g","url":"https:\/\/secure.gravatar.com\/avatar\/c7164ed6fdec453195284ad24a5ae5b6e1eed2b848477fa2a4787ba9adf39a41?s=96&d=mm&r=g","contentUrl":"https:\/\/secure.gravatar.com\/avatar\/c7164ed6fdec453195284ad24a5ae5b6e1eed2b848477fa2a4787ba9adf39a41?s=96&d=mm&r=g","caption":"Redacci\u00f3n QP"},"url":"https:\/\/quehacerpolitico.mx\/?author=2"}]}},"featured_image_urls":{"full":["https:\/\/quehacerpolitico.mx\/wp-content\/uploads\/2021\/05\/7DE71F98-7463-404C-8936-7E1284D6E4DA.jpeg",738,416,false],"thumbnail":["https:\/\/quehacerpolitico.mx\/wp-content\/uploads\/2021\/05\/7DE71F98-7463-404C-8936-7E1284D6E4DA-150x150.jpeg",150,150,true],"medium":["https:\/\/quehacerpolitico.mx\/wp-content\/uploads\/2021\/05\/7DE71F98-7463-404C-8936-7E1284D6E4DA-300x169.jpeg",300,169,true],"medium_large":["https:\/\/quehacerpolitico.mx\/wp-content\/uploads\/2021\/05\/7DE71F98-7463-404C-8936-7E1284D6E4DA.jpeg",640,361,false],"large":["https:\/\/quehacerpolitico.mx\/wp-content\/uploads\/2021\/05\/7DE71F98-7463-404C-8936-7E1284D6E4DA.jpeg",640,361,false],"1536x1536":["https:\/\/quehacerpolitico.mx\/wp-content\/uploads\/2021\/05\/7DE71F98-7463-404C-8936-7E1284D6E4DA.jpeg",738,416,false],"2048x2048":["https:\/\/quehacerpolitico.mx\/wp-content\/uploads\/2021\/05\/7DE71F98-7463-404C-8936-7E1284D6E4DA.jpeg",738,416,false],"covernews-featured":["https:\/\/quehacerpolitico.mx\/wp-content\/uploads\/2021\/05\/7DE71F98-7463-404C-8936-7E1284D6E4DA.jpeg",738,416,false],"covernews-medium":["https:\/\/quehacerpolitico.mx\/wp-content\/uploads\/2021\/05\/7DE71F98-7463-404C-8936-7E1284D6E4DA.jpeg",540,304,false]},"author_info":{"display_name":"Redacci\u00f3n QP","author_link":"https:\/\/quehacerpolitico.mx\/?author=2"},"category_info":"<a href=\"https:\/\/quehacerpolitico.mx\/?cat=56\" rel=\"category\">Econom\u00eda<\/a>","tag_info":"Econom\u00eda","comment_count":"0","_links":{"self":[{"href":"https:\/\/quehacerpolitico.mx\/index.php?rest_route=\/wp\/v2\/posts\/80659","targetHints":{"allow":["GET"]}}],"collection":[{"href":"https:\/\/quehacerpolitico.mx\/index.php?rest_route=\/wp\/v2\/posts"}],"about":[{"href":"https:\/\/quehacerpolitico.mx\/index.php?rest_route=\/wp\/v2\/types\/post"}],"author":[{"embeddable":true,"href":"https:\/\/quehacerpolitico.mx\/index.php?rest_route=\/wp\/v2\/users\/2"}],"replies":[{"embeddable":true,"href":"https:\/\/quehacerpolitico.mx\/index.php?rest_route=%2Fwp%2Fv2%2Fcomments&post=80659"}],"version-history":[{"count":0,"href":"https:\/\/quehacerpolitico.mx\/index.php?rest_route=\/wp\/v2\/posts\/80659\/revisions"}],"wp:featuredmedia":[{"embeddable":true,"href":"https:\/\/quehacerpolitico.mx\/index.php?rest_route=\/wp\/v2\/media\/80663"}],"wp:attachment":[{"href":"https:\/\/quehacerpolitico.mx\/index.php?rest_route=%2Fwp%2Fv2%2Fmedia&parent=80659"}],"wp:term":[{"taxonomy":"category","embeddable":true,"href":"https:\/\/quehacerpolitico.mx\/index.php?rest_route=%2Fwp%2Fv2%2Fcategories&post=80659"},{"taxonomy":"post_tag","embeddable":true,"href":"https:\/\/quehacerpolitico.mx\/index.php?rest_route=%2Fwp%2Fv2%2Ftags&post=80659"}],"curies":[{"name":"wp","href":"https:\/\/api.w.org\/{rel}","templated":true}]}}