{"id":80655,"date":"2021-05-08T18:19:53","date_gmt":"2021-05-08T18:19:53","guid":{"rendered":"https:\/\/quehacerpolitico.mx\/?p=80655"},"modified":"2021-05-08T18:19:53","modified_gmt":"2021-05-08T18:19:53","slug":"se-fueron-la-izquierda-la-supervivencia-tras-la-tragedia","status":"publish","type":"post","link":"https:\/\/quehacerpolitico.mx\/?p=80655","title":{"rendered":"\u201cSe fueron a la izquierda\u201d: la supervivencia tras la tragedia"},"content":{"rendered":"<h1 class=\"news-title\">\u201cSe fueron a la izquierda\u201d: la supervivencia tras la tragedia<br \/>\nPor Redacci\u00f3n QP<\/h1>\n<p>El editor Diego Mej\u00eda profundiza en la nueva novela de la escritora y periodista Monica Hesse<\/p>\n<div class=\"news-media-bbd\">\n<figure><img loading=\"lazy\" decoding=\"async\" class=\"webfeedsFeaturedVisual\" src=\"https:\/\/www.informador.mx\/__export\/1620452766212\/sites\/elinformador\/img\/2021\/05\/08\/imagen_imagen_41570894_x1_cmyk_crop1620452716422.jpg_788543494.jpg\" alt=\"\u201cSe fueron a la izquierda\u201d. Una obra de la escritora y periodista Monica Hesse.  ESPECIAL\" width=\"355\" height=\"223\" \/><figcaption class=\"swiper-caption\">\u201cSe fueron a la izquierda\u201d. Una obra de la escritora y periodista Monica Hesse. ESPECIAL<\/p>\n<\/figcaption><\/figure>\n<\/div>\n<div class=\"news-body row\">\n<div id=\"div-pos-2\">La guerra tiene diversos rostros, y para la escritora y periodista Monica Hesse (\u201cThe Washington Post\u201d) indagar <strong>qu\u00e9 sucede despu\u00e9s de un trauma tan doloroso como lo fue la Segunda Guerra Mundial\u00a0es parte del planteamiento que ofrece en \u201cSe fueron a la izquierda\u201d,<\/strong> su m\u00e1s reciente novela en la que explora otra perspectiva sobre quienes lograron salvarse de los campos de exterminio.<\/div>\n<p>\u201cSe fueron a la izquierda\u201d desglosa la vida de \u201cZofia\u201d, joven de 18 a\u00f1os de edad, quien al terminar la guerra su instinto la lleva a rastrear a su hermano \u201cAbek\u201d, sin tener certeza si \u00e9l tambi\u00e9n pudo sobrevivir a los trabajos forzados del campo de concentraci\u00f3n al que fue enviado; sin embargo, <strong>la traves\u00eda de \u201cZofia\u201d revela que los horrores de la guerra no han concluido del todo y hay heridas familiares a\u00fan por sanar.<\/strong><\/p>\n<p>\u201cEs lo m\u00e1s interesante de la novela, porque tradicionalmente en las historias de la Segunda Guerra Mundial, casi siempre se enfocan en el inicio de la guerra, cuando la vida le cambia a todos o tal cual sobre la guerra: los campos de concentraci\u00f3n, la batalla, los soldados, los prisioneros, las familias que esperan, pero pocas veces se toca el tema qu\u00e9 ocurre despu\u00e9s de. Tendemos a romantizar que fueron rescatados y vivieron felices para siempre, pero no es cierto, hay que reconstruirnos, fortalecernos, tenemos que ver la manera de sanar\u201d, explica Diego Mej\u00eda, editor de \u201cSe fueron a la izquierda\u201d, para su versi\u00f3n en espa\u00f1ol para Penguin Random House.<\/p>\n<div>\n<figure class=\"image\"><img decoding=\"async\" title=\"\" src=\"https:\/\/www.informador.mx\/export\/sites\/elinformador\/img\/2021\/05\/08\/imagen_imagen_41570894_x1_cmyk_1.jpg_245285163.jpg\" alt=\"\" hspace=\"5\" vspace=\"5\" data-height=\"1097\" data-size=\"w:1900,h:2980\" data-width=\"700\" \/><\/figure>\n<\/div>\n<p>El editor resalta las particularidades de esta novela de Monica Hesse (premio Narrative Storytelling de la Society for Feature Journalism), quien tras su debut literario con \u201cLa chica del abrigo azul\u201d, deslumbr\u00f3 por su estilo narrativo en primera persona sobre los estragos y los desaf\u00edos de quienes se ven atrapados en un genocidio sin saber la suerte qu\u00e9 tendr\u00e1 su vida ante las decisiones de otros.<\/p>\n<p>\u201cEs una gran narradora, sabe generar empat\u00eda con sus personajes. Es directo su estilo, tanto en \u2018La chica del abrigo azul\u2019, como en \u2018Se fueron a la izquierda\u2019 est\u00e1n narradas en primera persona, sabe muy bien c\u00f3mo describir a sus personajes, el proceso psicol\u00f3gico por el que pasan, sabe en qu\u00e9 momento contar las cosas\u201d.<\/p>\n<p>Diego Mej\u00eda resalta que las historias ficcionadas sobre la Segunda Guerra Mundial son populares entre los lectores mexicanos, y partiendo de premisas como la que ofrece Monica Hesse, el lector nacional empatiza al sentirse identificado con personajes dispuestos a la resiliencia, la supervivencia y la reconstrucci\u00f3n emocional, pues M\u00e9xico ante sus tragedias se muestra como una sociedad solidaria y con la esperanza como estandarte.<\/p>\n<p>\u201cNo es solo la supervivencia, es el hecho de reconstruirte y renacer. Todos renacemos constantemente, somos un pueblo muy solidario cuando se necesita. Es no quedarte estancado, decir no me mor\u00ed, por dentro tengo que renacer, sanar esas heridas, creo que por aqu\u00ed es donde -el lector- puede identificarse y vincularse emocionalmente con esta novela\u201d, finaliza.<\/p>\n<\/div>\n","protected":false},"excerpt":{"rendered":"<p>\u201cSe fueron a la izquierda\u201d: la supervivencia tras la tragedia Por Redacci\u00f3n QP El editor&#8230;<\/p>\n","protected":false},"author":2,"featured_media":80657,"comment_status":"open","ping_status":"open","sticky":false,"template":"","format":"standard","meta":{"_monsterinsights_skip_tracking":false,"_monsterinsights_sitenote_active":false,"_monsterinsights_sitenote_note":"","_monsterinsights_sitenote_category":0,"footnotes":""},"categories":[58],"tags":[],"class_list":["post-80655","post","type-post","status-publish","format-standard","has-post-thumbnail","hentry","category-cultura"],"yoast_head":"<!-- This site is optimized with the Yoast SEO plugin v27.3 - https:\/\/yoast.com\/product\/yoast-seo-wordpress\/ -->\n<title>\u201cSe fueron a la izquierda\u201d: la supervivencia tras la tragedia -<\/title>\n<meta name=\"robots\" content=\"index, follow, max-snippet:-1, max-image-preview:large, max-video-preview:-1\" \/>\n<link rel=\"canonical\" href=\"https:\/\/quehacerpolitico.mx\/?p=80655\" \/>\n<meta property=\"og:locale\" content=\"es_MX\" \/>\n<meta property=\"og:type\" content=\"article\" \/>\n<meta property=\"og:title\" content=\"\u201cSe fueron a la izquierda\u201d: la supervivencia tras la tragedia -\" \/>\n<meta property=\"og:description\" content=\"\u201cSe fueron a la izquierda\u201d: la supervivencia tras la tragedia Por Redacci\u00f3n QP El editor...\" \/>\n<meta property=\"og:url\" content=\"https:\/\/quehacerpolitico.mx\/?p=80655\" \/>\n<meta property=\"article:published_time\" content=\"2021-05-08T18:19:53+00:00\" \/>\n<meta property=\"og:image\" content=\"https:\/\/quehacerpolitico.mx\/wp-content\/uploads\/2021\/05\/67CEA780-37A8-4210-86A0-EE8091D00378.jpeg\" \/>\n\t<meta property=\"og:image:width\" content=\"355\" \/>\n\t<meta property=\"og:image:height\" content=\"223\" \/>\n\t<meta property=\"og:image:type\" content=\"image\/jpeg\" \/>\n<meta name=\"author\" content=\"Redacci\u00f3n QP\" \/>\n<meta name=\"twitter:card\" content=\"summary_large_image\" \/>\n<meta name=\"twitter:label1\" content=\"Escrito por\" \/>\n\t<meta name=\"twitter:data1\" content=\"Redacci\u00f3n QP\" \/>\n\t<meta name=\"twitter:label2\" content=\"Tiempo de lectura\" \/>\n\t<meta name=\"twitter:data2\" content=\"3 minutos\" \/>\n<script type=\"application\/ld+json\" class=\"yoast-schema-graph\">{\"@context\":\"https:\\\/\\\/schema.org\",\"@graph\":[{\"@type\":\"Article\",\"@id\":\"https:\\\/\\\/quehacerpolitico.mx\\\/?p=80655#article\",\"isPartOf\":{\"@id\":\"https:\\\/\\\/quehacerpolitico.mx\\\/?p=80655\"},\"author\":{\"name\":\"Redacci\u00f3n QP\",\"@id\":\"https:\\\/\\\/quehacerpolitico.mx\\\/#\\\/schema\\\/person\\\/496d8ad2d1d3f8036101dca7ee39e585\"},\"headline\":\"\u201cSe fueron a la izquierda\u201d: la supervivencia tras la tragedia\",\"datePublished\":\"2021-05-08T18:19:53+00:00\",\"mainEntityOfPage\":{\"@id\":\"https:\\\/\\\/quehacerpolitico.mx\\\/?p=80655\"},\"wordCount\":566,\"commentCount\":0,\"image\":{\"@id\":\"https:\\\/\\\/quehacerpolitico.mx\\\/?p=80655#primaryimage\"},\"thumbnailUrl\":\"https:\\\/\\\/quehacerpolitico.mx\\\/wp-content\\\/uploads\\\/2021\\\/05\\\/67CEA780-37A8-4210-86A0-EE8091D00378.jpeg\",\"articleSection\":[\"Cultura y Entretenimiento\"],\"inLanguage\":\"es\",\"potentialAction\":[{\"@type\":\"CommentAction\",\"name\":\"Comment\",\"target\":[\"https:\\\/\\\/quehacerpolitico.mx\\\/?p=80655#respond\"]}]},{\"@type\":\"WebPage\",\"@id\":\"https:\\\/\\\/quehacerpolitico.mx\\\/?p=80655\",\"url\":\"https:\\\/\\\/quehacerpolitico.mx\\\/?p=80655\",\"name\":\"\u201cSe fueron a la izquierda\u201d: la supervivencia tras la tragedia -\",\"isPartOf\":{\"@id\":\"https:\\\/\\\/quehacerpolitico.mx\\\/#website\"},\"primaryImageOfPage\":{\"@id\":\"https:\\\/\\\/quehacerpolitico.mx\\\/?p=80655#primaryimage\"},\"image\":{\"@id\":\"https:\\\/\\\/quehacerpolitico.mx\\\/?p=80655#primaryimage\"},\"thumbnailUrl\":\"https:\\\/\\\/quehacerpolitico.mx\\\/wp-content\\\/uploads\\\/2021\\\/05\\\/67CEA780-37A8-4210-86A0-EE8091D00378.jpeg\",\"datePublished\":\"2021-05-08T18:19:53+00:00\",\"author\":{\"@id\":\"https:\\\/\\\/quehacerpolitico.mx\\\/#\\\/schema\\\/person\\\/496d8ad2d1d3f8036101dca7ee39e585\"},\"breadcrumb\":{\"@id\":\"https:\\\/\\\/quehacerpolitico.mx\\\/?p=80655#breadcrumb\"},\"inLanguage\":\"es\",\"potentialAction\":[{\"@type\":\"ReadAction\",\"target\":[\"https:\\\/\\\/quehacerpolitico.mx\\\/?p=80655\"]}]},{\"@type\":\"ImageObject\",\"inLanguage\":\"es\",\"@id\":\"https:\\\/\\\/quehacerpolitico.mx\\\/?p=80655#primaryimage\",\"url\":\"https:\\\/\\\/quehacerpolitico.mx\\\/wp-content\\\/uploads\\\/2021\\\/05\\\/67CEA780-37A8-4210-86A0-EE8091D00378.jpeg\",\"contentUrl\":\"https:\\\/\\\/quehacerpolitico.mx\\\/wp-content\\\/uploads\\\/2021\\\/05\\\/67CEA780-37A8-4210-86A0-EE8091D00378.jpeg\",\"width\":355,\"height\":223},{\"@type\":\"BreadcrumbList\",\"@id\":\"https:\\\/\\\/quehacerpolitico.mx\\\/?p=80655#breadcrumb\",\"itemListElement\":[{\"@type\":\"ListItem\",\"position\":1,\"name\":\"Inicio\",\"item\":\"https:\\\/\\\/quehacerpolitico.mx\\\/\"},{\"@type\":\"ListItem\",\"position\":2,\"name\":\"\u201cSe fueron a la izquierda\u201d: la supervivencia tras la tragedia\"}]},{\"@type\":\"WebSite\",\"@id\":\"https:\\\/\\\/quehacerpolitico.mx\\\/#website\",\"url\":\"https:\\\/\\\/quehacerpolitico.mx\\\/\",\"name\":\"\",\"description\":\"\",\"potentialAction\":[{\"@type\":\"SearchAction\",\"target\":{\"@type\":\"EntryPoint\",\"urlTemplate\":\"https:\\\/\\\/quehacerpolitico.mx\\\/?s={search_term_string}\"},\"query-input\":{\"@type\":\"PropertyValueSpecification\",\"valueRequired\":true,\"valueName\":\"search_term_string\"}}],\"inLanguage\":\"es\"},{\"@type\":\"Person\",\"@id\":\"https:\\\/\\\/quehacerpolitico.mx\\\/#\\\/schema\\\/person\\\/496d8ad2d1d3f8036101dca7ee39e585\",\"name\":\"Redacci\u00f3n QP\",\"image\":{\"@type\":\"ImageObject\",\"inLanguage\":\"es\",\"@id\":\"https:\\\/\\\/secure.gravatar.com\\\/avatar\\\/c7164ed6fdec453195284ad24a5ae5b6e1eed2b848477fa2a4787ba9adf39a41?s=96&d=mm&r=g\",\"url\":\"https:\\\/\\\/secure.gravatar.com\\\/avatar\\\/c7164ed6fdec453195284ad24a5ae5b6e1eed2b848477fa2a4787ba9adf39a41?s=96&d=mm&r=g\",\"contentUrl\":\"https:\\\/\\\/secure.gravatar.com\\\/avatar\\\/c7164ed6fdec453195284ad24a5ae5b6e1eed2b848477fa2a4787ba9adf39a41?s=96&d=mm&r=g\",\"caption\":\"Redacci\u00f3n QP\"},\"url\":\"https:\\\/\\\/quehacerpolitico.mx\\\/?author=2\"}]}<\/script>\n<!-- \/ Yoast SEO plugin. -->","yoast_head_json":{"title":"\u201cSe fueron a la izquierda\u201d: la supervivencia tras la tragedia -","robots":{"index":"index","follow":"follow","max-snippet":"max-snippet:-1","max-image-preview":"max-image-preview:large","max-video-preview":"max-video-preview:-1"},"canonical":"https:\/\/quehacerpolitico.mx\/?p=80655","og_locale":"es_MX","og_type":"article","og_title":"\u201cSe fueron a la izquierda\u201d: la supervivencia tras la tragedia -","og_description":"\u201cSe fueron a la izquierda\u201d: la supervivencia tras la tragedia Por Redacci\u00f3n QP El editor...","og_url":"https:\/\/quehacerpolitico.mx\/?p=80655","article_published_time":"2021-05-08T18:19:53+00:00","og_image":[{"width":355,"height":223,"url":"https:\/\/quehacerpolitico.mx\/wp-content\/uploads\/2021\/05\/67CEA780-37A8-4210-86A0-EE8091D00378.jpeg","type":"image\/jpeg"}],"author":"Redacci\u00f3n QP","twitter_card":"summary_large_image","twitter_misc":{"Escrito por":"Redacci\u00f3n QP","Tiempo de lectura":"3 minutos"},"schema":{"@context":"https:\/\/schema.org","@graph":[{"@type":"Article","@id":"https:\/\/quehacerpolitico.mx\/?p=80655#article","isPartOf":{"@id":"https:\/\/quehacerpolitico.mx\/?p=80655"},"author":{"name":"Redacci\u00f3n QP","@id":"https:\/\/quehacerpolitico.mx\/#\/schema\/person\/496d8ad2d1d3f8036101dca7ee39e585"},"headline":"\u201cSe fueron a la izquierda\u201d: la supervivencia tras la tragedia","datePublished":"2021-05-08T18:19:53+00:00","mainEntityOfPage":{"@id":"https:\/\/quehacerpolitico.mx\/?p=80655"},"wordCount":566,"commentCount":0,"image":{"@id":"https:\/\/quehacerpolitico.mx\/?p=80655#primaryimage"},"thumbnailUrl":"https:\/\/quehacerpolitico.mx\/wp-content\/uploads\/2021\/05\/67CEA780-37A8-4210-86A0-EE8091D00378.jpeg","articleSection":["Cultura y Entretenimiento"],"inLanguage":"es","potentialAction":[{"@type":"CommentAction","name":"Comment","target":["https:\/\/quehacerpolitico.mx\/?p=80655#respond"]}]},{"@type":"WebPage","@id":"https:\/\/quehacerpolitico.mx\/?p=80655","url":"https:\/\/quehacerpolitico.mx\/?p=80655","name":"\u201cSe fueron a la izquierda\u201d: la supervivencia tras la tragedia -","isPartOf":{"@id":"https:\/\/quehacerpolitico.mx\/#website"},"primaryImageOfPage":{"@id":"https:\/\/quehacerpolitico.mx\/?p=80655#primaryimage"},"image":{"@id":"https:\/\/quehacerpolitico.mx\/?p=80655#primaryimage"},"thumbnailUrl":"https:\/\/quehacerpolitico.mx\/wp-content\/uploads\/2021\/05\/67CEA780-37A8-4210-86A0-EE8091D00378.jpeg","datePublished":"2021-05-08T18:19:53+00:00","author":{"@id":"https:\/\/quehacerpolitico.mx\/#\/schema\/person\/496d8ad2d1d3f8036101dca7ee39e585"},"breadcrumb":{"@id":"https:\/\/quehacerpolitico.mx\/?p=80655#breadcrumb"},"inLanguage":"es","potentialAction":[{"@type":"ReadAction","target":["https:\/\/quehacerpolitico.mx\/?p=80655"]}]},{"@type":"ImageObject","inLanguage":"es","@id":"https:\/\/quehacerpolitico.mx\/?p=80655#primaryimage","url":"https:\/\/quehacerpolitico.mx\/wp-content\/uploads\/2021\/05\/67CEA780-37A8-4210-86A0-EE8091D00378.jpeg","contentUrl":"https:\/\/quehacerpolitico.mx\/wp-content\/uploads\/2021\/05\/67CEA780-37A8-4210-86A0-EE8091D00378.jpeg","width":355,"height":223},{"@type":"BreadcrumbList","@id":"https:\/\/quehacerpolitico.mx\/?p=80655#breadcrumb","itemListElement":[{"@type":"ListItem","position":1,"name":"Inicio","item":"https:\/\/quehacerpolitico.mx\/"},{"@type":"ListItem","position":2,"name":"\u201cSe fueron a la izquierda\u201d: la supervivencia tras la tragedia"}]},{"@type":"WebSite","@id":"https:\/\/quehacerpolitico.mx\/#website","url":"https:\/\/quehacerpolitico.mx\/","name":"","description":"","potentialAction":[{"@type":"SearchAction","target":{"@type":"EntryPoint","urlTemplate":"https:\/\/quehacerpolitico.mx\/?s={search_term_string}"},"query-input":{"@type":"PropertyValueSpecification","valueRequired":true,"valueName":"search_term_string"}}],"inLanguage":"es"},{"@type":"Person","@id":"https:\/\/quehacerpolitico.mx\/#\/schema\/person\/496d8ad2d1d3f8036101dca7ee39e585","name":"Redacci\u00f3n QP","image":{"@type":"ImageObject","inLanguage":"es","@id":"https:\/\/secure.gravatar.com\/avatar\/c7164ed6fdec453195284ad24a5ae5b6e1eed2b848477fa2a4787ba9adf39a41?s=96&d=mm&r=g","url":"https:\/\/secure.gravatar.com\/avatar\/c7164ed6fdec453195284ad24a5ae5b6e1eed2b848477fa2a4787ba9adf39a41?s=96&d=mm&r=g","contentUrl":"https:\/\/secure.gravatar.com\/avatar\/c7164ed6fdec453195284ad24a5ae5b6e1eed2b848477fa2a4787ba9adf39a41?s=96&d=mm&r=g","caption":"Redacci\u00f3n QP"},"url":"https:\/\/quehacerpolitico.mx\/?author=2"}]}},"featured_image_urls":{"full":["https:\/\/quehacerpolitico.mx\/wp-content\/uploads\/2021\/05\/67CEA780-37A8-4210-86A0-EE8091D00378.jpeg",355,223,false],"thumbnail":["https:\/\/quehacerpolitico.mx\/wp-content\/uploads\/2021\/05\/67CEA780-37A8-4210-86A0-EE8091D00378-150x150.jpeg",150,150,true],"medium":["https:\/\/quehacerpolitico.mx\/wp-content\/uploads\/2021\/05\/67CEA780-37A8-4210-86A0-EE8091D00378-300x188.jpeg",300,188,true],"medium_large":["https:\/\/quehacerpolitico.mx\/wp-content\/uploads\/2021\/05\/67CEA780-37A8-4210-86A0-EE8091D00378.jpeg",355,223,false],"large":["https:\/\/quehacerpolitico.mx\/wp-content\/uploads\/2021\/05\/67CEA780-37A8-4210-86A0-EE8091D00378.jpeg",355,223,false],"1536x1536":["https:\/\/quehacerpolitico.mx\/wp-content\/uploads\/2021\/05\/67CEA780-37A8-4210-86A0-EE8091D00378.jpeg",355,223,false],"2048x2048":["https:\/\/quehacerpolitico.mx\/wp-content\/uploads\/2021\/05\/67CEA780-37A8-4210-86A0-EE8091D00378.jpeg",355,223,false],"covernews-featured":["https:\/\/quehacerpolitico.mx\/wp-content\/uploads\/2021\/05\/67CEA780-37A8-4210-86A0-EE8091D00378.jpeg",355,223,false],"covernews-medium":["https:\/\/quehacerpolitico.mx\/wp-content\/uploads\/2021\/05\/67CEA780-37A8-4210-86A0-EE8091D00378.jpeg",355,223,false]},"author_info":{"display_name":"Redacci\u00f3n QP","author_link":"https:\/\/quehacerpolitico.mx\/?author=2"},"category_info":"<a href=\"https:\/\/quehacerpolitico.mx\/?cat=58\" rel=\"category\">Cultura y Entretenimiento<\/a>","tag_info":"Cultura y Entretenimiento","comment_count":"0","_links":{"self":[{"href":"https:\/\/quehacerpolitico.mx\/index.php?rest_route=\/wp\/v2\/posts\/80655","targetHints":{"allow":["GET"]}}],"collection":[{"href":"https:\/\/quehacerpolitico.mx\/index.php?rest_route=\/wp\/v2\/posts"}],"about":[{"href":"https:\/\/quehacerpolitico.mx\/index.php?rest_route=\/wp\/v2\/types\/post"}],"author":[{"embeddable":true,"href":"https:\/\/quehacerpolitico.mx\/index.php?rest_route=\/wp\/v2\/users\/2"}],"replies":[{"embeddable":true,"href":"https:\/\/quehacerpolitico.mx\/index.php?rest_route=%2Fwp%2Fv2%2Fcomments&post=80655"}],"version-history":[{"count":0,"href":"https:\/\/quehacerpolitico.mx\/index.php?rest_route=\/wp\/v2\/posts\/80655\/revisions"}],"wp:featuredmedia":[{"embeddable":true,"href":"https:\/\/quehacerpolitico.mx\/index.php?rest_route=\/wp\/v2\/media\/80657"}],"wp:attachment":[{"href":"https:\/\/quehacerpolitico.mx\/index.php?rest_route=%2Fwp%2Fv2%2Fmedia&parent=80655"}],"wp:term":[{"taxonomy":"category","embeddable":true,"href":"https:\/\/quehacerpolitico.mx\/index.php?rest_route=%2Fwp%2Fv2%2Fcategories&post=80655"},{"taxonomy":"post_tag","embeddable":true,"href":"https:\/\/quehacerpolitico.mx\/index.php?rest_route=%2Fwp%2Fv2%2Ftags&post=80655"}],"curies":[{"name":"wp","href":"https:\/\/api.w.org\/{rel}","templated":true}]}}