{"id":80650,"date":"2021-05-08T18:09:17","date_gmt":"2021-05-08T18:09:17","guid":{"rendered":"https:\/\/quehacerpolitico.mx\/?p=80650"},"modified":"2021-05-08T18:09:17","modified_gmt":"2021-05-08T18:09:17","slug":"el-tigre-azcarraga-vuelve-rugir-con-la-4t","status":"publish","type":"post","link":"https:\/\/quehacerpolitico.mx\/?p=80650","title":{"rendered":"\u201cEl Tigre\u201d Azc\u00e1rraga vuelve a rugir con la 4T"},"content":{"rendered":"<h1 class=\"news-title\">\u201cEl Tigre\u201d Azc\u00e1rraga vuelve a rugir con la 4T<br \/>\nPor Redacci\u00f3n QP<\/h1>\n<p>Presentan edici\u00f3n de aniversario del libro que desentra\u00f1a la vida de Emilio Azc\u00e1rraga Milmo y la empresa Televisa<\/p>\n<div class=\"news-media-bbd\">\n<figure><img loading=\"lazy\" decoding=\"async\" class=\"webfeedsFeaturedVisual\" src=\"https:\/\/www.informador.mx\/__export\/1620366318184\/sites\/elinformador\/img\/2021\/05\/07\/imagen_el_tigre_300_cmyk_crop1620366213116.jpg_788543494.jpg\" alt=\"Claudia Fern\u00e1ndez y Andrew Paxman reescribieron la introducci\u00f3n del libro para actualizarlo. ESPECIAL\" width=\"355\" height=\"223\" \/><figcaption class=\"swiper-caption\">Claudia Fern\u00e1ndez y Andrew Paxman reescribieron la introducci\u00f3n del libro para actualizarlo. ESPECIAL<\/p>\n<\/figcaption><\/figure>\n<\/div>\n<div class=\"news-body row\">\n<div id=\"div-pos-2\">Los autores Claudia Fern\u00e1ndez y Andrew Paxman a trav\u00e9s de Penguin Random House, lanzan una nueva edici\u00f3n de su libro \u201cEl Tigre. Emilio Azc\u00e1rraga y su imperio Televisa\u201d, investigaci\u00f3n que celebra su aniversario n\u00famero veinte. En las nuevas p\u00e1ginas que constituyen al texto, <strong>el p\u00fablico encontrar\u00e1 un an\u00e1lisis de la relaci\u00f3n de ese emporio televisivo con el gobierno de la cuarta transformaci\u00f3n (4T),<\/strong> as\u00ed lo cuenta en entrevista Paxman, quien es profesor-investigador del Centro de Investigaci\u00f3n y Docencia Econ\u00f3micas (CIDE).<\/div>\n<div id=\"div-pos-2\">\u201cEsta es la cuarta edici\u00f3n del libro, en cada una de las reediciones Claudia Fern\u00e1ndez y yo <strong>hemos reescrito la introducci\u00f3n para actualizar la informaci\u00f3n que tenemos y comentar sobre la evoluci\u00f3n de Televisa en cuanto a su relaci\u00f3n con el poder\u201d.<\/strong> Por ejemplo, recuerda que en la edici\u00f3n anterior del 2013, se dedicaron a analizar la elecci\u00f3n presidencial de Enrique Pe\u00f1a Nieto, \u201cy en esta ocasi\u00f3n hacemos unos comentarios sobre la relaci\u00f3n muy curiosa entre Televisa y la 4T tras la elecci\u00f3n de Andr\u00e9s Manuel L\u00f3pez Obrador\u201d.<\/div>\n<div id=\"teads_ad\">\n<div id=\"div-gpt-ad-1548262875188-0\" data-google-query-id=\"CLPOjIbVuvACFUdRAQodS_UOzA\">\n<div id=\"google_ads_iframe_\/1001694\/INF_intext_1_0__container__\">Se\u00f1ala que a lo largo de este tiempo se han dado muchos cambios en el panorama televisivo de M\u00e9xico, en espec\u00edfico desde la muerte de Emilio Azc\u00e1rraga Milmo en 1997, \u201cpero tambi\u00e9n se notan continuidades, y la m\u00e1s llamativa y la m\u00e1s notable es la persistencia de la relaci\u00f3n simbi\u00f3tica entre Televisa y el poder, espec\u00edficamente con el Presidente o el que quiere\u00a0serlo. Por ejemplo, en el 2000, cuando Televisa \u00a0todav\u00eda no hab\u00eda dejado atr\u00e1s el priismo de antes, pero cuando se acercaba la fecha del voto y parec\u00eda que (Vicente) Fox iba a ganar, la televisora ajust\u00f3 el tono de su cobertura para ya no favorecer al PRI e impl\u00edcitamente hacer las paces con el PAN\u201d.<\/div>\n<\/div>\n<\/div>\n<p>Luego recuerda que <strong>en el 2006 la empresa tambi\u00e9n apoy\u00f3 a Felipe Calder\u00f3n, \u201cporque no le ca\u00eda bien L\u00f3pez Obrador y su proyecto m\u00e1s izquierdista, porque Televisa siempre ha sido una empresa conservadora que ha cre\u00eddo en las pol\u00edticas neoliberales y una buena relaci\u00f3n con Estados Unidos. La relaci\u00f3n entre Televisa y Pe\u00f1a es muy conocida porque era tan duradera. Y a partir del 2017 vemos una reconciliaci\u00f3n entre Televisa y Andr\u00e9s Manuel L\u00f3pez Obrador (AMLO)<\/strong> entre quienes hab\u00eda habido pr\u00e1cticamente malaleche durante 14 a\u00f1os\u201d.<\/p>\n<div>\n<figure class=\"image\"><img decoding=\"async\" title=\"\" src=\"https:\/\/www.informador.mx\/export\/sites\/elinformador\/img\/2021\/05\/07\/imagen_el_tigre_300_cmyk_1.jpg_155703626.jpg\" alt=\"\" hspace=\"5\" vspace=\"5\" data-height=\"1063\" data-size=\"w:1502,h:2283\" data-width=\"700\" \/><figcaption>Portada del libro escrito por Claudia Fern\u00e1ndez y Andrew Paxman, a trav\u00e9s de Penguin Random House. ESPECIAL<\/figcaption><\/figure>\n<\/div>\n<p>Expresa que con anterioridad la relaci\u00f3n fue estable cuando AMLO fue jefe de gobierno de la Ciudad de M\u00e9xico hasta que surgieron los video-esc\u00e1ndalos del 2004. \u201cTelevisa reconoce que la figura del Presidente le es muy importante, tiene que llevarse bien con \u00e9l porque el Presidente puede decir muchas cosas\u201d, puntualiza que porque <strong>es una empresa que depende mucho de las concesiones y necesita preservar el territorio que tiene,<\/strong> \u201ctambi\u00e9n necesita evitar que haya fuertes competidores en sus sectores y el competidor potencial al que m\u00e1s ha temido en las \u00faltimas dos d\u00e9cadas es Carlos Slim. Entonces, ha necesitado que cada Presidente (Fox, Calder\u00f3n, Pe\u00f1a y ahora AMLO) detenga a Slim a que entre al campo de la televisi\u00f3n por cable utilizando su gran red de fibra \u00f3ptica de Telmex\u201d.<\/p>\n<p>Destaca el investigador que aunque el poder monop\u00f3lico de Televisa ha disminuido desde la \u00e9poca de \u201cEl Tigre\u201d, \u201csigue siendo por mucho la empresa medi\u00e1tica, m\u00e1s poderosa e influyente de M\u00e9xico, as\u00ed que cada Presidente, no importando su actitud personal, o sus diferencias ideol\u00f3gicas con la empresa, se ha dado cuenta que necesita de Televisa para difundir su mensaje y su propaganda\u201d.<\/p>\n<p>Por otro lado, el autor tambi\u00e9n habla de los retos de la empresa tras la competencia de las plataformas, hace unos d\u00edas se avis\u00f3 de la fusi\u00f3n de Televisa con Univisi\u00f3n donde hay retos como la generaci\u00f3n de contenidos que tiene que ser competitiva con la industria global en cuanto a esquemas de producci\u00f3n y las t\u00e9cnicas que son m\u00e1s detalladas, as\u00ed como el que el p\u00fablico joven latino que vive en Estados Unidos se est\u00e1 decantando por consumir contenidos en ingl\u00e9s o biling\u00fces y ese ser\u00e1 otro campo de acci\u00f3n para esta fusi\u00f3n en la b\u00fasqueda de atraer a ese p\u00fablico.<\/p>\n<p>\u201cEl Tigre\u201d fue una figura autoritaria y paternalista, el perfil com\u00fan de alguien que es due\u00f1o de un monopolio, y en ese sentido, expresa el autor que los que est\u00e1n a cargo de los emporios han entendido que en esta actualidad la imagen p\u00fablica es muy importante.<\/p>\n<p>Adem\u00e1s, hace la reflexi\u00f3n de que <strong>hacen falta m\u00e1s investigaciones biogr\u00e1ficas sobre personajes similares a \u201cEl Tigre\u201d; con la excepci\u00f3n de \u00a0Carlos Slim, por ejemplo, Ricardo Salinas Pliego o Germ\u00e1n Larrea y su relaci\u00f3n con el poder,<\/strong> expresa Andrew que hay mucho terreno por explorar para los autores que se interesen en el tema.<\/p>\n<\/div>\n","protected":false},"excerpt":{"rendered":"<p>\u201cEl Tigre\u201d Azc\u00e1rraga vuelve a rugir con la 4T Por Redacci\u00f3n QP Presentan edici\u00f3n de&#8230;<\/p>\n","protected":false},"author":2,"featured_media":80653,"comment_status":"open","ping_status":"open","sticky":false,"template":"","format":"standard","meta":{"_monsterinsights_skip_tracking":false,"_monsterinsights_sitenote_active":false,"_monsterinsights_sitenote_note":"","_monsterinsights_sitenote_category":0,"footnotes":""},"categories":[58],"tags":[],"class_list":["post-80650","post","type-post","status-publish","format-standard","has-post-thumbnail","hentry","category-cultura"],"yoast_head":"<!-- This site is optimized with the Yoast SEO plugin v27.3 - https:\/\/yoast.com\/product\/yoast-seo-wordpress\/ -->\n<title>\u201cEl Tigre\u201d Azc\u00e1rraga vuelve a rugir con la 4T -<\/title>\n<meta name=\"robots\" content=\"index, follow, max-snippet:-1, max-image-preview:large, max-video-preview:-1\" \/>\n<link rel=\"canonical\" href=\"https:\/\/quehacerpolitico.mx\/?p=80650\" \/>\n<meta property=\"og:locale\" content=\"es_MX\" \/>\n<meta property=\"og:type\" content=\"article\" \/>\n<meta property=\"og:title\" content=\"\u201cEl Tigre\u201d Azc\u00e1rraga vuelve a rugir con la 4T -\" \/>\n<meta property=\"og:description\" content=\"\u201cEl Tigre\u201d Azc\u00e1rraga vuelve a rugir con la 4T Por Redacci\u00f3n QP Presentan edici\u00f3n de...\" \/>\n<meta property=\"og:url\" content=\"https:\/\/quehacerpolitico.mx\/?p=80650\" \/>\n<meta property=\"article:published_time\" content=\"2021-05-08T18:09:17+00:00\" \/>\n<meta property=\"og:image\" content=\"https:\/\/quehacerpolitico.mx\/wp-content\/uploads\/2021\/05\/75664B49-3E5E-4512-8C1B-15C3005C6BDE.jpeg\" \/>\n\t<meta property=\"og:image:width\" content=\"678\" \/>\n\t<meta property=\"og:image:height\" content=\"452\" \/>\n\t<meta property=\"og:image:type\" content=\"image\/jpeg\" \/>\n<meta name=\"author\" content=\"Redacci\u00f3n QP\" \/>\n<meta name=\"twitter:card\" content=\"summary_large_image\" \/>\n<meta name=\"twitter:label1\" content=\"Escrito por\" \/>\n\t<meta name=\"twitter:data1\" content=\"Redacci\u00f3n QP\" \/>\n\t<meta name=\"twitter:label2\" content=\"Tiempo de lectura\" \/>\n\t<meta name=\"twitter:data2\" content=\"5 minutos\" \/>\n<script type=\"application\/ld+json\" class=\"yoast-schema-graph\">{\"@context\":\"https:\\\/\\\/schema.org\",\"@graph\":[{\"@type\":\"Article\",\"@id\":\"https:\\\/\\\/quehacerpolitico.mx\\\/?p=80650#article\",\"isPartOf\":{\"@id\":\"https:\\\/\\\/quehacerpolitico.mx\\\/?p=80650\"},\"author\":{\"name\":\"Redacci\u00f3n QP\",\"@id\":\"https:\\\/\\\/quehacerpolitico.mx\\\/#\\\/schema\\\/person\\\/496d8ad2d1d3f8036101dca7ee39e585\"},\"headline\":\"\u201cEl Tigre\u201d Azc\u00e1rraga vuelve a rugir con la 4T\",\"datePublished\":\"2021-05-08T18:09:17+00:00\",\"mainEntityOfPage\":{\"@id\":\"https:\\\/\\\/quehacerpolitico.mx\\\/?p=80650\"},\"wordCount\":936,\"commentCount\":0,\"image\":{\"@id\":\"https:\\\/\\\/quehacerpolitico.mx\\\/?p=80650#primaryimage\"},\"thumbnailUrl\":\"https:\\\/\\\/quehacerpolitico.mx\\\/wp-content\\\/uploads\\\/2021\\\/05\\\/75664B49-3E5E-4512-8C1B-15C3005C6BDE.jpeg\",\"articleSection\":[\"Cultura y Entretenimiento\"],\"inLanguage\":\"es\",\"potentialAction\":[{\"@type\":\"CommentAction\",\"name\":\"Comment\",\"target\":[\"https:\\\/\\\/quehacerpolitico.mx\\\/?p=80650#respond\"]}]},{\"@type\":\"WebPage\",\"@id\":\"https:\\\/\\\/quehacerpolitico.mx\\\/?p=80650\",\"url\":\"https:\\\/\\\/quehacerpolitico.mx\\\/?p=80650\",\"name\":\"\u201cEl Tigre\u201d Azc\u00e1rraga vuelve a rugir con la 4T -\",\"isPartOf\":{\"@id\":\"https:\\\/\\\/quehacerpolitico.mx\\\/#website\"},\"primaryImageOfPage\":{\"@id\":\"https:\\\/\\\/quehacerpolitico.mx\\\/?p=80650#primaryimage\"},\"image\":{\"@id\":\"https:\\\/\\\/quehacerpolitico.mx\\\/?p=80650#primaryimage\"},\"thumbnailUrl\":\"https:\\\/\\\/quehacerpolitico.mx\\\/wp-content\\\/uploads\\\/2021\\\/05\\\/75664B49-3E5E-4512-8C1B-15C3005C6BDE.jpeg\",\"datePublished\":\"2021-05-08T18:09:17+00:00\",\"author\":{\"@id\":\"https:\\\/\\\/quehacerpolitico.mx\\\/#\\\/schema\\\/person\\\/496d8ad2d1d3f8036101dca7ee39e585\"},\"breadcrumb\":{\"@id\":\"https:\\\/\\\/quehacerpolitico.mx\\\/?p=80650#breadcrumb\"},\"inLanguage\":\"es\",\"potentialAction\":[{\"@type\":\"ReadAction\",\"target\":[\"https:\\\/\\\/quehacerpolitico.mx\\\/?p=80650\"]}]},{\"@type\":\"ImageObject\",\"inLanguage\":\"es\",\"@id\":\"https:\\\/\\\/quehacerpolitico.mx\\\/?p=80650#primaryimage\",\"url\":\"https:\\\/\\\/quehacerpolitico.mx\\\/wp-content\\\/uploads\\\/2021\\\/05\\\/75664B49-3E5E-4512-8C1B-15C3005C6BDE.jpeg\",\"contentUrl\":\"https:\\\/\\\/quehacerpolitico.mx\\\/wp-content\\\/uploads\\\/2021\\\/05\\\/75664B49-3E5E-4512-8C1B-15C3005C6BDE.jpeg\",\"width\":678,\"height\":452},{\"@type\":\"BreadcrumbList\",\"@id\":\"https:\\\/\\\/quehacerpolitico.mx\\\/?p=80650#breadcrumb\",\"itemListElement\":[{\"@type\":\"ListItem\",\"position\":1,\"name\":\"Inicio\",\"item\":\"https:\\\/\\\/quehacerpolitico.mx\\\/\"},{\"@type\":\"ListItem\",\"position\":2,\"name\":\"\u201cEl Tigre\u201d Azc\u00e1rraga vuelve a rugir con la 4T\"}]},{\"@type\":\"WebSite\",\"@id\":\"https:\\\/\\\/quehacerpolitico.mx\\\/#website\",\"url\":\"https:\\\/\\\/quehacerpolitico.mx\\\/\",\"name\":\"\",\"description\":\"\",\"potentialAction\":[{\"@type\":\"SearchAction\",\"target\":{\"@type\":\"EntryPoint\",\"urlTemplate\":\"https:\\\/\\\/quehacerpolitico.mx\\\/?s={search_term_string}\"},\"query-input\":{\"@type\":\"PropertyValueSpecification\",\"valueRequired\":true,\"valueName\":\"search_term_string\"}}],\"inLanguage\":\"es\"},{\"@type\":\"Person\",\"@id\":\"https:\\\/\\\/quehacerpolitico.mx\\\/#\\\/schema\\\/person\\\/496d8ad2d1d3f8036101dca7ee39e585\",\"name\":\"Redacci\u00f3n QP\",\"image\":{\"@type\":\"ImageObject\",\"inLanguage\":\"es\",\"@id\":\"https:\\\/\\\/secure.gravatar.com\\\/avatar\\\/c7164ed6fdec453195284ad24a5ae5b6e1eed2b848477fa2a4787ba9adf39a41?s=96&d=mm&r=g\",\"url\":\"https:\\\/\\\/secure.gravatar.com\\\/avatar\\\/c7164ed6fdec453195284ad24a5ae5b6e1eed2b848477fa2a4787ba9adf39a41?s=96&d=mm&r=g\",\"contentUrl\":\"https:\\\/\\\/secure.gravatar.com\\\/avatar\\\/c7164ed6fdec453195284ad24a5ae5b6e1eed2b848477fa2a4787ba9adf39a41?s=96&d=mm&r=g\",\"caption\":\"Redacci\u00f3n QP\"},\"url\":\"https:\\\/\\\/quehacerpolitico.mx\\\/?author=2\"}]}<\/script>\n<!-- \/ Yoast SEO plugin. -->","yoast_head_json":{"title":"\u201cEl Tigre\u201d Azc\u00e1rraga vuelve a rugir con la 4T -","robots":{"index":"index","follow":"follow","max-snippet":"max-snippet:-1","max-image-preview":"max-image-preview:large","max-video-preview":"max-video-preview:-1"},"canonical":"https:\/\/quehacerpolitico.mx\/?p=80650","og_locale":"es_MX","og_type":"article","og_title":"\u201cEl Tigre\u201d Azc\u00e1rraga vuelve a rugir con la 4T -","og_description":"\u201cEl Tigre\u201d Azc\u00e1rraga vuelve a rugir con la 4T Por Redacci\u00f3n QP Presentan edici\u00f3n de...","og_url":"https:\/\/quehacerpolitico.mx\/?p=80650","article_published_time":"2021-05-08T18:09:17+00:00","og_image":[{"width":678,"height":452,"url":"https:\/\/quehacerpolitico.mx\/wp-content\/uploads\/2021\/05\/75664B49-3E5E-4512-8C1B-15C3005C6BDE.jpeg","type":"image\/jpeg"}],"author":"Redacci\u00f3n QP","twitter_card":"summary_large_image","twitter_misc":{"Escrito por":"Redacci\u00f3n QP","Tiempo de lectura":"5 minutos"},"schema":{"@context":"https:\/\/schema.org","@graph":[{"@type":"Article","@id":"https:\/\/quehacerpolitico.mx\/?p=80650#article","isPartOf":{"@id":"https:\/\/quehacerpolitico.mx\/?p=80650"},"author":{"name":"Redacci\u00f3n QP","@id":"https:\/\/quehacerpolitico.mx\/#\/schema\/person\/496d8ad2d1d3f8036101dca7ee39e585"},"headline":"\u201cEl Tigre\u201d Azc\u00e1rraga vuelve a rugir con la 4T","datePublished":"2021-05-08T18:09:17+00:00","mainEntityOfPage":{"@id":"https:\/\/quehacerpolitico.mx\/?p=80650"},"wordCount":936,"commentCount":0,"image":{"@id":"https:\/\/quehacerpolitico.mx\/?p=80650#primaryimage"},"thumbnailUrl":"https:\/\/quehacerpolitico.mx\/wp-content\/uploads\/2021\/05\/75664B49-3E5E-4512-8C1B-15C3005C6BDE.jpeg","articleSection":["Cultura y Entretenimiento"],"inLanguage":"es","potentialAction":[{"@type":"CommentAction","name":"Comment","target":["https:\/\/quehacerpolitico.mx\/?p=80650#respond"]}]},{"@type":"WebPage","@id":"https:\/\/quehacerpolitico.mx\/?p=80650","url":"https:\/\/quehacerpolitico.mx\/?p=80650","name":"\u201cEl Tigre\u201d Azc\u00e1rraga vuelve a rugir con la 4T -","isPartOf":{"@id":"https:\/\/quehacerpolitico.mx\/#website"},"primaryImageOfPage":{"@id":"https:\/\/quehacerpolitico.mx\/?p=80650#primaryimage"},"image":{"@id":"https:\/\/quehacerpolitico.mx\/?p=80650#primaryimage"},"thumbnailUrl":"https:\/\/quehacerpolitico.mx\/wp-content\/uploads\/2021\/05\/75664B49-3E5E-4512-8C1B-15C3005C6BDE.jpeg","datePublished":"2021-05-08T18:09:17+00:00","author":{"@id":"https:\/\/quehacerpolitico.mx\/#\/schema\/person\/496d8ad2d1d3f8036101dca7ee39e585"},"breadcrumb":{"@id":"https:\/\/quehacerpolitico.mx\/?p=80650#breadcrumb"},"inLanguage":"es","potentialAction":[{"@type":"ReadAction","target":["https:\/\/quehacerpolitico.mx\/?p=80650"]}]},{"@type":"ImageObject","inLanguage":"es","@id":"https:\/\/quehacerpolitico.mx\/?p=80650#primaryimage","url":"https:\/\/quehacerpolitico.mx\/wp-content\/uploads\/2021\/05\/75664B49-3E5E-4512-8C1B-15C3005C6BDE.jpeg","contentUrl":"https:\/\/quehacerpolitico.mx\/wp-content\/uploads\/2021\/05\/75664B49-3E5E-4512-8C1B-15C3005C6BDE.jpeg","width":678,"height":452},{"@type":"BreadcrumbList","@id":"https:\/\/quehacerpolitico.mx\/?p=80650#breadcrumb","itemListElement":[{"@type":"ListItem","position":1,"name":"Inicio","item":"https:\/\/quehacerpolitico.mx\/"},{"@type":"ListItem","position":2,"name":"\u201cEl Tigre\u201d Azc\u00e1rraga vuelve a rugir con la 4T"}]},{"@type":"WebSite","@id":"https:\/\/quehacerpolitico.mx\/#website","url":"https:\/\/quehacerpolitico.mx\/","name":"","description":"","potentialAction":[{"@type":"SearchAction","target":{"@type":"EntryPoint","urlTemplate":"https:\/\/quehacerpolitico.mx\/?s={search_term_string}"},"query-input":{"@type":"PropertyValueSpecification","valueRequired":true,"valueName":"search_term_string"}}],"inLanguage":"es"},{"@type":"Person","@id":"https:\/\/quehacerpolitico.mx\/#\/schema\/person\/496d8ad2d1d3f8036101dca7ee39e585","name":"Redacci\u00f3n QP","image":{"@type":"ImageObject","inLanguage":"es","@id":"https:\/\/secure.gravatar.com\/avatar\/c7164ed6fdec453195284ad24a5ae5b6e1eed2b848477fa2a4787ba9adf39a41?s=96&d=mm&r=g","url":"https:\/\/secure.gravatar.com\/avatar\/c7164ed6fdec453195284ad24a5ae5b6e1eed2b848477fa2a4787ba9adf39a41?s=96&d=mm&r=g","contentUrl":"https:\/\/secure.gravatar.com\/avatar\/c7164ed6fdec453195284ad24a5ae5b6e1eed2b848477fa2a4787ba9adf39a41?s=96&d=mm&r=g","caption":"Redacci\u00f3n QP"},"url":"https:\/\/quehacerpolitico.mx\/?author=2"}]}},"featured_image_urls":{"full":["https:\/\/quehacerpolitico.mx\/wp-content\/uploads\/2021\/05\/75664B49-3E5E-4512-8C1B-15C3005C6BDE.jpeg",678,452,false],"thumbnail":["https:\/\/quehacerpolitico.mx\/wp-content\/uploads\/2021\/05\/75664B49-3E5E-4512-8C1B-15C3005C6BDE-150x150.jpeg",150,150,true],"medium":["https:\/\/quehacerpolitico.mx\/wp-content\/uploads\/2021\/05\/75664B49-3E5E-4512-8C1B-15C3005C6BDE-300x200.jpeg",300,200,true],"medium_large":["https:\/\/quehacerpolitico.mx\/wp-content\/uploads\/2021\/05\/75664B49-3E5E-4512-8C1B-15C3005C6BDE.jpeg",640,427,false],"large":["https:\/\/quehacerpolitico.mx\/wp-content\/uploads\/2021\/05\/75664B49-3E5E-4512-8C1B-15C3005C6BDE.jpeg",640,427,false],"1536x1536":["https:\/\/quehacerpolitico.mx\/wp-content\/uploads\/2021\/05\/75664B49-3E5E-4512-8C1B-15C3005C6BDE.jpeg",678,452,false],"2048x2048":["https:\/\/quehacerpolitico.mx\/wp-content\/uploads\/2021\/05\/75664B49-3E5E-4512-8C1B-15C3005C6BDE.jpeg",678,452,false],"covernews-featured":["https:\/\/quehacerpolitico.mx\/wp-content\/uploads\/2021\/05\/75664B49-3E5E-4512-8C1B-15C3005C6BDE.jpeg",678,452,false],"covernews-medium":["https:\/\/quehacerpolitico.mx\/wp-content\/uploads\/2021\/05\/75664B49-3E5E-4512-8C1B-15C3005C6BDE.jpeg",510,340,false]},"author_info":{"display_name":"Redacci\u00f3n QP","author_link":"https:\/\/quehacerpolitico.mx\/?author=2"},"category_info":"<a href=\"https:\/\/quehacerpolitico.mx\/?cat=58\" rel=\"category\">Cultura y Entretenimiento<\/a>","tag_info":"Cultura y Entretenimiento","comment_count":"0","_links":{"self":[{"href":"https:\/\/quehacerpolitico.mx\/index.php?rest_route=\/wp\/v2\/posts\/80650","targetHints":{"allow":["GET"]}}],"collection":[{"href":"https:\/\/quehacerpolitico.mx\/index.php?rest_route=\/wp\/v2\/posts"}],"about":[{"href":"https:\/\/quehacerpolitico.mx\/index.php?rest_route=\/wp\/v2\/types\/post"}],"author":[{"embeddable":true,"href":"https:\/\/quehacerpolitico.mx\/index.php?rest_route=\/wp\/v2\/users\/2"}],"replies":[{"embeddable":true,"href":"https:\/\/quehacerpolitico.mx\/index.php?rest_route=%2Fwp%2Fv2%2Fcomments&post=80650"}],"version-history":[{"count":0,"href":"https:\/\/quehacerpolitico.mx\/index.php?rest_route=\/wp\/v2\/posts\/80650\/revisions"}],"wp:featuredmedia":[{"embeddable":true,"href":"https:\/\/quehacerpolitico.mx\/index.php?rest_route=\/wp\/v2\/media\/80653"}],"wp:attachment":[{"href":"https:\/\/quehacerpolitico.mx\/index.php?rest_route=%2Fwp%2Fv2%2Fmedia&parent=80650"}],"wp:term":[{"taxonomy":"category","embeddable":true,"href":"https:\/\/quehacerpolitico.mx\/index.php?rest_route=%2Fwp%2Fv2%2Fcategories&post=80650"},{"taxonomy":"post_tag","embeddable":true,"href":"https:\/\/quehacerpolitico.mx\/index.php?rest_route=%2Fwp%2Fv2%2Ftags&post=80650"}],"curies":[{"name":"wp","href":"https:\/\/api.w.org\/{rel}","templated":true}]}}