{"id":8061,"date":"2018-10-30T15:04:29","date_gmt":"2018-10-30T15:04:29","guid":{"rendered":"http:\/\/quehacerpolitico.mx\/julen-lopetegui-fue-cesado-de-la-direccion-tecnica-del-real-madrid\/"},"modified":"2018-10-30T15:04:29","modified_gmt":"2018-10-30T15:04:29","slug":"julen-lopetegui-fue-cesado-de-la-direccion-tecnica-del-real-madrid","status":"publish","type":"post","link":"https:\/\/quehacerpolitico.mx\/?p=8061","title":{"rendered":"Julen Lopetegui fue cesado de la direcci\u00f3n t\u00e9cnica del Real Madrid"},"content":{"rendered":"<h2 class=\"genTitle\">Julen Lopetegui fue cesado de la direcci\u00f3n t\u00e9cnica del Real Madrid<\/h2>\n<p>Por Redaccion QP<\/p>\n<p>El <strong>Real Madrid<\/strong> anunci\u00f3 a trav\u00e9s de un comunicado que <strong>Julen Lopetegui<\/strong> ha dejado de ser <strong>Director T\u00e9cnico<\/strong> del equipo merengue, luego de la <strong>derrota<\/strong> humillante 5-1 ante el <strong>Barcelona.<\/strong><\/p>\n<p>La directiva se reuni\u00f3 para tomar la decisi\u00f3n de cesar al espa\u00f1ol, y poco despu\u00e9s anunci\u00f3 que se ha acordado resolver el contrato que vinculaba al entrenador con el club:<\/p>\n<blockquote>\n<p>\u201cEsta decisi\u00f3n, tiene como fin cambiar la din\u00e1mica en la que se encuentra el primer equipo, cuando a\u00fan son alcanzables todos los objetivos de esta temporada\u201d.<\/p>\n<\/blockquote>\n<p>Despu\u00e9s de no conseguir la victoria en cuatro fechas, y perder el cl\u00e1sico con un marcador escandaloso, el Real ha llegado a la conclusi\u00f3n de que Lopetegui ya no es la mejor opci\u00f3n para conseguir los objetivos marcados en la temporada.<\/p>\n<blockquote>\n<p>\u201cLa Junta Directiva entiende que existe una gran desproporci\u00f3n entre la calidad de la plantilla del Real Madrid, que cuenta con 8 jugadores nominados al pr\u00f3ximo Bal\u00f3n de Oro, algo sin precedentes en la historia del club, y los resultados obtenidos hasta la fecha\u201d.<\/p>\n<\/blockquote>\n<p>Ante la salida de Lopetegui, ser\u00e1 Santiago Solari quien quede al mando del Madrid, como t\u00e9cnico interino, los merengues tienen 15 d\u00edas para anunciar qui\u00e9n ser\u00e1 su pr\u00f3ximo t\u00e9cnico o bien concederle un contrato al t\u00e9cnico de la filial como indica la regla de la Real Federaci\u00f3n Espa\u00f1ola de f\u00fatbol.<\/p>\n<p>Por \u00faltimom los blancos mostraron la gratitud hac\u00eda el t\u00e9cnico por el compromiso con el equipo: \u201cEl club agradece a Julen Lopetegui y a todo su equipo t\u00e9cnico el esfuerzo y el trabajo realizado y les desea lo mejor en su carrera profesional\u201d.<\/p>\n<p>As\u00ed, el entrenador espa\u00f1ol deja al Real Madrid en la posici\u00f3n n\u00famero siete con 14 puntos, despu\u00e9s de nueve jornadas jugadas. El Barcelona es l\u00edder con 18.<\/p>\n","protected":false},"excerpt":{"rendered":"<p>Julen Lopetegui fue cesado de la direcci\u00f3n t\u00e9cnica del Real Madrid<br \/>\nPor Redacci\u00f3n QP<\/p>\n","protected":false},"author":2,"featured_media":8060,"comment_status":"open","ping_status":"open","sticky":false,"template":"","format":"standard","meta":{"_monsterinsights_skip_tracking":false,"_monsterinsights_sitenote_active":false,"_monsterinsights_sitenote_note":"","_monsterinsights_sitenote_category":0,"footnotes":""},"categories":[54],"tags":[],"class_list":["post-8061","post","type-post","status-publish","format-standard","has-post-thumbnail","hentry","category-deportes"],"yoast_head":"<!-- This site is optimized with the Yoast SEO plugin v27.3 - https:\/\/yoast.com\/product\/yoast-seo-wordpress\/ -->\n<title>Julen Lopetegui fue cesado de la direcci\u00f3n t\u00e9cnica del Real Madrid -<\/title>\n<meta name=\"robots\" content=\"index, follow, max-snippet:-1, max-image-preview:large, max-video-preview:-1\" \/>\n<link rel=\"canonical\" href=\"https:\/\/quehacerpolitico.mx\/?p=8061\" \/>\n<meta property=\"og:locale\" content=\"es_MX\" \/>\n<meta property=\"og:type\" content=\"article\" \/>\n<meta property=\"og:title\" content=\"Julen Lopetegui fue cesado de la direcci\u00f3n t\u00e9cnica del Real Madrid -\" \/>\n<meta property=\"og:description\" content=\"Julen Lopetegui fue cesado de la direcci\u00f3n t\u00e9cnica del Real Madrid Por Redacci\u00f3n QP\" \/>\n<meta property=\"og:url\" content=\"https:\/\/quehacerpolitico.mx\/?p=8061\" \/>\n<meta property=\"article:published_time\" content=\"2018-10-30T15:04:29+00:00\" \/>\n<meta name=\"author\" content=\"Redacci\u00f3n QP\" \/>\n<meta name=\"twitter:card\" content=\"summary_large_image\" \/>\n<meta name=\"twitter:label1\" content=\"Escrito por\" \/>\n\t<meta name=\"twitter:data1\" content=\"Redacci\u00f3n QP\" \/>\n\t<meta name=\"twitter:label2\" content=\"Tiempo de lectura\" \/>\n\t<meta name=\"twitter:data2\" content=\"2 minutos\" \/>\n<script type=\"application\/ld+json\" class=\"yoast-schema-graph\">{\"@context\":\"https:\\\/\\\/schema.org\",\"@graph\":[{\"@type\":\"Article\",\"@id\":\"https:\\\/\\\/quehacerpolitico.mx\\\/?p=8061#article\",\"isPartOf\":{\"@id\":\"https:\\\/\\\/quehacerpolitico.mx\\\/?p=8061\"},\"author\":{\"name\":\"Redacci\u00f3n QP\",\"@id\":\"https:\\\/\\\/quehacerpolitico.mx\\\/#\\\/schema\\\/person\\\/496d8ad2d1d3f8036101dca7ee39e585\"},\"headline\":\"Julen Lopetegui fue cesado de la direcci\u00f3n t\u00e9cnica del Real Madrid\",\"datePublished\":\"2018-10-30T15:04:29+00:00\",\"mainEntityOfPage\":{\"@id\":\"https:\\\/\\\/quehacerpolitico.mx\\\/?p=8061\"},\"wordCount\":348,\"commentCount\":0,\"image\":{\"@id\":\"https:\\\/\\\/quehacerpolitico.mx\\\/?p=8061#primaryimage\"},\"thumbnailUrl\":\"\",\"articleSection\":[\"Deportes\"],\"inLanguage\":\"es\",\"potentialAction\":[{\"@type\":\"CommentAction\",\"name\":\"Comment\",\"target\":[\"https:\\\/\\\/quehacerpolitico.mx\\\/?p=8061#respond\"]}]},{\"@type\":\"WebPage\",\"@id\":\"https:\\\/\\\/quehacerpolitico.mx\\\/?p=8061\",\"url\":\"https:\\\/\\\/quehacerpolitico.mx\\\/?p=8061\",\"name\":\"Julen Lopetegui fue cesado de la direcci\u00f3n t\u00e9cnica del Real Madrid -\",\"isPartOf\":{\"@id\":\"https:\\\/\\\/quehacerpolitico.mx\\\/#website\"},\"primaryImageOfPage\":{\"@id\":\"https:\\\/\\\/quehacerpolitico.mx\\\/?p=8061#primaryimage\"},\"image\":{\"@id\":\"https:\\\/\\\/quehacerpolitico.mx\\\/?p=8061#primaryimage\"},\"thumbnailUrl\":\"\",\"datePublished\":\"2018-10-30T15:04:29+00:00\",\"author\":{\"@id\":\"https:\\\/\\\/quehacerpolitico.mx\\\/#\\\/schema\\\/person\\\/496d8ad2d1d3f8036101dca7ee39e585\"},\"breadcrumb\":{\"@id\":\"https:\\\/\\\/quehacerpolitico.mx\\\/?p=8061#breadcrumb\"},\"inLanguage\":\"es\",\"potentialAction\":[{\"@type\":\"ReadAction\",\"target\":[\"https:\\\/\\\/quehacerpolitico.mx\\\/?p=8061\"]}]},{\"@type\":\"ImageObject\",\"inLanguage\":\"es\",\"@id\":\"https:\\\/\\\/quehacerpolitico.mx\\\/?p=8061#primaryimage\",\"url\":\"\",\"contentUrl\":\"\"},{\"@type\":\"BreadcrumbList\",\"@id\":\"https:\\\/\\\/quehacerpolitico.mx\\\/?p=8061#breadcrumb\",\"itemListElement\":[{\"@type\":\"ListItem\",\"position\":1,\"name\":\"Inicio\",\"item\":\"https:\\\/\\\/quehacerpolitico.mx\\\/\"},{\"@type\":\"ListItem\",\"position\":2,\"name\":\"Julen Lopetegui fue cesado de la direcci\u00f3n t\u00e9cnica del Real Madrid\"}]},{\"@type\":\"WebSite\",\"@id\":\"https:\\\/\\\/quehacerpolitico.mx\\\/#website\",\"url\":\"https:\\\/\\\/quehacerpolitico.mx\\\/\",\"name\":\"\",\"description\":\"\",\"potentialAction\":[{\"@type\":\"SearchAction\",\"target\":{\"@type\":\"EntryPoint\",\"urlTemplate\":\"https:\\\/\\\/quehacerpolitico.mx\\\/?s={search_term_string}\"},\"query-input\":{\"@type\":\"PropertyValueSpecification\",\"valueRequired\":true,\"valueName\":\"search_term_string\"}}],\"inLanguage\":\"es\"},{\"@type\":\"Person\",\"@id\":\"https:\\\/\\\/quehacerpolitico.mx\\\/#\\\/schema\\\/person\\\/496d8ad2d1d3f8036101dca7ee39e585\",\"name\":\"Redacci\u00f3n QP\",\"image\":{\"@type\":\"ImageObject\",\"inLanguage\":\"es\",\"@id\":\"https:\\\/\\\/secure.gravatar.com\\\/avatar\\\/c7164ed6fdec453195284ad24a5ae5b6e1eed2b848477fa2a4787ba9adf39a41?s=96&d=mm&r=g\",\"url\":\"https:\\\/\\\/secure.gravatar.com\\\/avatar\\\/c7164ed6fdec453195284ad24a5ae5b6e1eed2b848477fa2a4787ba9adf39a41?s=96&d=mm&r=g\",\"contentUrl\":\"https:\\\/\\\/secure.gravatar.com\\\/avatar\\\/c7164ed6fdec453195284ad24a5ae5b6e1eed2b848477fa2a4787ba9adf39a41?s=96&d=mm&r=g\",\"caption\":\"Redacci\u00f3n QP\"},\"url\":\"https:\\\/\\\/quehacerpolitico.mx\\\/?author=2\"}]}<\/script>\n<!-- \/ Yoast SEO plugin. -->","yoast_head_json":{"title":"Julen Lopetegui fue cesado de la direcci\u00f3n t\u00e9cnica del Real Madrid -","robots":{"index":"index","follow":"follow","max-snippet":"max-snippet:-1","max-image-preview":"max-image-preview:large","max-video-preview":"max-video-preview:-1"},"canonical":"https:\/\/quehacerpolitico.mx\/?p=8061","og_locale":"es_MX","og_type":"article","og_title":"Julen Lopetegui fue cesado de la direcci\u00f3n t\u00e9cnica del Real Madrid -","og_description":"Julen Lopetegui fue cesado de la direcci\u00f3n t\u00e9cnica del Real Madrid Por Redacci\u00f3n QP","og_url":"https:\/\/quehacerpolitico.mx\/?p=8061","article_published_time":"2018-10-30T15:04:29+00:00","author":"Redacci\u00f3n QP","twitter_card":"summary_large_image","twitter_misc":{"Escrito por":"Redacci\u00f3n QP","Tiempo de lectura":"2 minutos"},"schema":{"@context":"https:\/\/schema.org","@graph":[{"@type":"Article","@id":"https:\/\/quehacerpolitico.mx\/?p=8061#article","isPartOf":{"@id":"https:\/\/quehacerpolitico.mx\/?p=8061"},"author":{"name":"Redacci\u00f3n QP","@id":"https:\/\/quehacerpolitico.mx\/#\/schema\/person\/496d8ad2d1d3f8036101dca7ee39e585"},"headline":"Julen Lopetegui fue cesado de la direcci\u00f3n t\u00e9cnica del Real Madrid","datePublished":"2018-10-30T15:04:29+00:00","mainEntityOfPage":{"@id":"https:\/\/quehacerpolitico.mx\/?p=8061"},"wordCount":348,"commentCount":0,"image":{"@id":"https:\/\/quehacerpolitico.mx\/?p=8061#primaryimage"},"thumbnailUrl":"","articleSection":["Deportes"],"inLanguage":"es","potentialAction":[{"@type":"CommentAction","name":"Comment","target":["https:\/\/quehacerpolitico.mx\/?p=8061#respond"]}]},{"@type":"WebPage","@id":"https:\/\/quehacerpolitico.mx\/?p=8061","url":"https:\/\/quehacerpolitico.mx\/?p=8061","name":"Julen Lopetegui fue cesado de la direcci\u00f3n t\u00e9cnica del Real Madrid -","isPartOf":{"@id":"https:\/\/quehacerpolitico.mx\/#website"},"primaryImageOfPage":{"@id":"https:\/\/quehacerpolitico.mx\/?p=8061#primaryimage"},"image":{"@id":"https:\/\/quehacerpolitico.mx\/?p=8061#primaryimage"},"thumbnailUrl":"","datePublished":"2018-10-30T15:04:29+00:00","author":{"@id":"https:\/\/quehacerpolitico.mx\/#\/schema\/person\/496d8ad2d1d3f8036101dca7ee39e585"},"breadcrumb":{"@id":"https:\/\/quehacerpolitico.mx\/?p=8061#breadcrumb"},"inLanguage":"es","potentialAction":[{"@type":"ReadAction","target":["https:\/\/quehacerpolitico.mx\/?p=8061"]}]},{"@type":"ImageObject","inLanguage":"es","@id":"https:\/\/quehacerpolitico.mx\/?p=8061#primaryimage","url":"","contentUrl":""},{"@type":"BreadcrumbList","@id":"https:\/\/quehacerpolitico.mx\/?p=8061#breadcrumb","itemListElement":[{"@type":"ListItem","position":1,"name":"Inicio","item":"https:\/\/quehacerpolitico.mx\/"},{"@type":"ListItem","position":2,"name":"Julen Lopetegui fue cesado de la direcci\u00f3n t\u00e9cnica del Real Madrid"}]},{"@type":"WebSite","@id":"https:\/\/quehacerpolitico.mx\/#website","url":"https:\/\/quehacerpolitico.mx\/","name":"","description":"","potentialAction":[{"@type":"SearchAction","target":{"@type":"EntryPoint","urlTemplate":"https:\/\/quehacerpolitico.mx\/?s={search_term_string}"},"query-input":{"@type":"PropertyValueSpecification","valueRequired":true,"valueName":"search_term_string"}}],"inLanguage":"es"},{"@type":"Person","@id":"https:\/\/quehacerpolitico.mx\/#\/schema\/person\/496d8ad2d1d3f8036101dca7ee39e585","name":"Redacci\u00f3n QP","image":{"@type":"ImageObject","inLanguage":"es","@id":"https:\/\/secure.gravatar.com\/avatar\/c7164ed6fdec453195284ad24a5ae5b6e1eed2b848477fa2a4787ba9adf39a41?s=96&d=mm&r=g","url":"https:\/\/secure.gravatar.com\/avatar\/c7164ed6fdec453195284ad24a5ae5b6e1eed2b848477fa2a4787ba9adf39a41?s=96&d=mm&r=g","contentUrl":"https:\/\/secure.gravatar.com\/avatar\/c7164ed6fdec453195284ad24a5ae5b6e1eed2b848477fa2a4787ba9adf39a41?s=96&d=mm&r=g","caption":"Redacci\u00f3n QP"},"url":"https:\/\/quehacerpolitico.mx\/?author=2"}]}},"featured_image_urls":{"full":"","thumbnail":"","medium":"","medium_large":"","large":"","1536x1536":"","2048x2048":"","covernews-featured":"","covernews-medium":""},"author_info":{"display_name":"Redacci\u00f3n QP","author_link":"https:\/\/quehacerpolitico.mx\/?author=2"},"category_info":"<a href=\"https:\/\/quehacerpolitico.mx\/?cat=54\" rel=\"category\">Deportes<\/a>","tag_info":"Deportes","comment_count":"0","_links":{"self":[{"href":"https:\/\/quehacerpolitico.mx\/index.php?rest_route=\/wp\/v2\/posts\/8061","targetHints":{"allow":["GET"]}}],"collection":[{"href":"https:\/\/quehacerpolitico.mx\/index.php?rest_route=\/wp\/v2\/posts"}],"about":[{"href":"https:\/\/quehacerpolitico.mx\/index.php?rest_route=\/wp\/v2\/types\/post"}],"author":[{"embeddable":true,"href":"https:\/\/quehacerpolitico.mx\/index.php?rest_route=\/wp\/v2\/users\/2"}],"replies":[{"embeddable":true,"href":"https:\/\/quehacerpolitico.mx\/index.php?rest_route=%2Fwp%2Fv2%2Fcomments&post=8061"}],"version-history":[{"count":0,"href":"https:\/\/quehacerpolitico.mx\/index.php?rest_route=\/wp\/v2\/posts\/8061\/revisions"}],"wp:featuredmedia":[{"embeddable":true,"href":"https:\/\/quehacerpolitico.mx\/index.php?rest_route=\/"}],"wp:attachment":[{"href":"https:\/\/quehacerpolitico.mx\/index.php?rest_route=%2Fwp%2Fv2%2Fmedia&parent=8061"}],"wp:term":[{"taxonomy":"category","embeddable":true,"href":"https:\/\/quehacerpolitico.mx\/index.php?rest_route=%2Fwp%2Fv2%2Fcategories&post=8061"},{"taxonomy":"post_tag","embeddable":true,"href":"https:\/\/quehacerpolitico.mx\/index.php?rest_route=%2Fwp%2Fv2%2Ftags&post=8061"}],"curies":[{"name":"wp","href":"https:\/\/api.w.org\/{rel}","templated":true}]}}