{"id":80483,"date":"2021-05-05T15:42:19","date_gmt":"2021-05-05T15:42:19","guid":{"rendered":"https:\/\/quehacerpolitico.mx\/?p=80483"},"modified":"2021-05-05T15:42:19","modified_gmt":"2021-05-05T15:42:19","slug":"habra-justicia-y-castigo-para-culpables-por-accidente-en-l12-del-metro-asegura-amlo","status":"publish","type":"post","link":"https:\/\/quehacerpolitico.mx\/?p=80483","title":{"rendered":"Habr\u00e1 justicia y castigo para culpables por accidente en L12 del Metro, asegura AMLO"},"content":{"rendered":"<h1 class=\"article_title\">Habr\u00e1 justicia y castigo para culpables por accidente en L12 del Metro, asegura AMLO<br \/>\nPor Redacci\u00f3n QP<\/h1>\n<p>El presidente reiter\u00f3 el apoyo del gobierno federal a la jefa de gobierno de la Ciudad de M\u00e9xico, Claudia Sheinbaum.<\/p>\n<p>El presidente Andres Manuel L\u00f3pez Obrador coment\u00f3 este mi\u00e9rcoles 5 de mayo que se har\u00e1 una investigaci\u00f3n a fondo sobre el accidente ocurrido en la L\u00ednea 12 del Metro en la Ciudad de M\u00e9xico y que se castigar\u00e1 a los culpables.<\/p>\n<blockquote class=\"twitter-tweet\" data-width=\"550\" data-dnt=\"true\">\n<p lang=\"es\" dir=\"ltr\">&quot;Va a haber justicia, no va a ser como antes que todo lo ocultaban&quot;, promete el presidente <a href=\"https:\/\/twitter.com\/lopezobrador_?ref_src=twsrc%5Etfw\">@lopezobrador_<\/a> en la tragedia del <a href=\"https:\/\/twitter.com\/hashtag\/MetroCDMX?src=hash&amp;ref_src=twsrc%5Etfw\">#MetroCDMX<\/a> <a href=\"https:\/\/t.co\/h8HpIxOo13\">pic.twitter.com\/h8HpIxOo13<\/a><\/p>\n<p>&mdash; Ruido en la Red (@RuidoEnLaRed) <a href=\"https:\/\/twitter.com\/RuidoEnLaRed\/status\/1389921988311883776?ref_src=twsrc%5Etfw\">May 5, 2021<\/a><\/p><\/blockquote>\n<p><script async src=\"https:\/\/platform.twitter.com\/widgets.js\" charset=\"utf-8\"><\/script><\/p>\n<p>\u201cSe va a hacer una investigaci\u00f3n a fondo, minuciosas para deslindar responsabilidades y castigar a los culpables. Para eso ya se estableci\u00f3 comunicaci\u00f3n con un equipo de expertos que va a llevar a cabo un peritaje, y conocer las causas que originaron esta desgracia, qu\u00e9 fue lo que fall\u00f3 y qui\u00e9nes son los responsables\u201d, se\u00f1al\u00f3 el mandatario en su rueda de prensa matutina en Palacio Nacional.<\/p>\n<p>El presidente dijo que se va a seguir informando sobre los tristes acontecimientos y sobre la tragedia. Reiter\u00f3 el apoyo del gobierno federal a la jefa de gobierno de la Ciudad de M\u00e9xico, Claudia Sheinbaum.<\/p>\n<p>Explic\u00f3 que no hay una fecha a\u00fan para que se d\u00e9 a conocer un dictamen sobre lo sucedido en el Metro. Acot\u00f3 que corresponde a la Fiscal\u00eda, ya que es un asunto judicial, incluso penal, porque hay personas que perdieron la vida.<\/p>\n<blockquote class=\"twitter-tweet\" data-width=\"550\" data-dnt=\"true\">\n<p lang=\"es\" dir=\"ltr\">Y en la <a href=\"https:\/\/twitter.com\/hashtag\/ma%C3%B1anera?src=hash&amp;ref_src=twsrc%5Etfw\">#ma\u00f1anera<\/a> hubo condolencias por el colapso de la L\u00ednea 12 del <a href=\"https:\/\/twitter.com\/MetroCDMX?ref_src=twsrc%5Etfw\">@MetroCDMX<\/a> y no pod\u00edan faltar los ataques a la prensa.<a href=\"https:\/\/t.co\/uhmFcTUXA2\">pic.twitter.com\/uhmFcTUXA2<\/a><\/p>\n<p>&mdash; Ruido en la Red (@RuidoEnLaRed) <a href=\"https:\/\/twitter.com\/RuidoEnLaRed\/status\/1389898165654941697?ref_src=twsrc%5Etfw\">May 5, 2021<\/a><\/p><\/blockquote>\n<p><script async src=\"https:\/\/platform.twitter.com\/widgets.js\" charset=\"utf-8\"><\/script><\/p>\n<p>Record\u00f3 que la jefa de gobierno Claudia Sheinbaum decidi\u00f3 que intervenga una empresa extranjera para hacer un dictamen.<\/p>\n<blockquote><p>\u201cElla (Claudia Sheinbaum ) ha dicho que se va actuar, y yo coincido, con apego a la legalidad y tambi\u00e9n con justicia, va haber justicia, no va ser como antes, que todo lo ocultaban y hab\u00eda relaciones de complicidad, componendas, impunidad; hay que esperar nada m\u00e1s a que se tengan estos dict\u00e1menes y procurar que sea lo m\u00e1s pronto posible.<\/p><\/blockquote>\n<p><em>Con informaci\u00f3n de Presidencia de la Rep\u00fablica<\/em><\/p>\n","protected":false},"excerpt":{"rendered":"<p>Habr\u00e1 justicia y castigo para culpables por accidente en L12 del Metro, asegura AMLO Por&#8230;<\/p>\n","protected":false},"author":2,"featured_media":80487,"comment_status":"open","ping_status":"open","sticky":false,"template":"","format":"standard","meta":{"_monsterinsights_skip_tracking":false,"_monsterinsights_sitenote_active":false,"_monsterinsights_sitenote_note":"","_monsterinsights_sitenote_category":0,"footnotes":""},"categories":[2],"tags":[],"class_list":["post-80483","post","type-post","status-publish","format-standard","has-post-thumbnail","hentry","category-noticias"],"yoast_head":"<!-- This site is optimized with the Yoast SEO plugin v27.3 - https:\/\/yoast.com\/product\/yoast-seo-wordpress\/ -->\n<title>Habr\u00e1 justicia y castigo para culpables por accidente en L12 del Metro, asegura AMLO -<\/title>\n<meta name=\"robots\" content=\"index, follow, max-snippet:-1, max-image-preview:large, max-video-preview:-1\" \/>\n<link rel=\"canonical\" href=\"https:\/\/quehacerpolitico.mx\/?p=80483\" \/>\n<meta property=\"og:locale\" content=\"es_MX\" \/>\n<meta property=\"og:type\" content=\"article\" \/>\n<meta property=\"og:title\" content=\"Habr\u00e1 justicia y castigo para culpables por accidente en L12 del Metro, asegura AMLO -\" \/>\n<meta property=\"og:description\" content=\"Habr\u00e1 justicia y castigo para culpables por accidente en L12 del Metro, asegura AMLO Por...\" \/>\n<meta property=\"og:url\" content=\"https:\/\/quehacerpolitico.mx\/?p=80483\" \/>\n<meta property=\"article:published_time\" content=\"2021-05-05T15:42:19+00:00\" \/>\n<meta property=\"og:image\" content=\"https:\/\/quehacerpolitico.mx\/wp-content\/uploads\/2021\/05\/D5E46063-0928-4C41-A045-59C8AD0EBACB.jpeg\" \/>\n\t<meta property=\"og:image:width\" content=\"1242\" \/>\n\t<meta property=\"og:image:height\" content=\"675\" \/>\n\t<meta property=\"og:image:type\" content=\"image\/jpeg\" \/>\n<meta name=\"author\" content=\"Redacci\u00f3n QP\" \/>\n<meta name=\"twitter:card\" content=\"summary_large_image\" \/>\n<meta name=\"twitter:label1\" content=\"Escrito por\" \/>\n\t<meta name=\"twitter:data1\" content=\"Redacci\u00f3n QP\" \/>\n\t<meta name=\"twitter:label2\" content=\"Tiempo de lectura\" \/>\n\t<meta name=\"twitter:data2\" content=\"2 minutos\" \/>\n<script type=\"application\/ld+json\" class=\"yoast-schema-graph\">{\"@context\":\"https:\\\/\\\/schema.org\",\"@graph\":[{\"@type\":\"Article\",\"@id\":\"https:\\\/\\\/quehacerpolitico.mx\\\/?p=80483#article\",\"isPartOf\":{\"@id\":\"https:\\\/\\\/quehacerpolitico.mx\\\/?p=80483\"},\"author\":{\"name\":\"Redacci\u00f3n QP\",\"@id\":\"https:\\\/\\\/quehacerpolitico.mx\\\/#\\\/schema\\\/person\\\/496d8ad2d1d3f8036101dca7ee39e585\"},\"headline\":\"Habr\u00e1 justicia y castigo para culpables por accidente en L12 del Metro, asegura AMLO\",\"datePublished\":\"2021-05-05T15:42:19+00:00\",\"mainEntityOfPage\":{\"@id\":\"https:\\\/\\\/quehacerpolitico.mx\\\/?p=80483\"},\"wordCount\":350,\"commentCount\":0,\"image\":{\"@id\":\"https:\\\/\\\/quehacerpolitico.mx\\\/?p=80483#primaryimage\"},\"thumbnailUrl\":\"https:\\\/\\\/quehacerpolitico.mx\\\/wp-content\\\/uploads\\\/2021\\\/05\\\/D5E46063-0928-4C41-A045-59C8AD0EBACB.jpeg\",\"articleSection\":[\"Noticias\"],\"inLanguage\":\"es\",\"potentialAction\":[{\"@type\":\"CommentAction\",\"name\":\"Comment\",\"target\":[\"https:\\\/\\\/quehacerpolitico.mx\\\/?p=80483#respond\"]}]},{\"@type\":\"WebPage\",\"@id\":\"https:\\\/\\\/quehacerpolitico.mx\\\/?p=80483\",\"url\":\"https:\\\/\\\/quehacerpolitico.mx\\\/?p=80483\",\"name\":\"Habr\u00e1 justicia y castigo para culpables por accidente en L12 del Metro, asegura AMLO -\",\"isPartOf\":{\"@id\":\"https:\\\/\\\/quehacerpolitico.mx\\\/#website\"},\"primaryImageOfPage\":{\"@id\":\"https:\\\/\\\/quehacerpolitico.mx\\\/?p=80483#primaryimage\"},\"image\":{\"@id\":\"https:\\\/\\\/quehacerpolitico.mx\\\/?p=80483#primaryimage\"},\"thumbnailUrl\":\"https:\\\/\\\/quehacerpolitico.mx\\\/wp-content\\\/uploads\\\/2021\\\/05\\\/D5E46063-0928-4C41-A045-59C8AD0EBACB.jpeg\",\"datePublished\":\"2021-05-05T15:42:19+00:00\",\"author\":{\"@id\":\"https:\\\/\\\/quehacerpolitico.mx\\\/#\\\/schema\\\/person\\\/496d8ad2d1d3f8036101dca7ee39e585\"},\"breadcrumb\":{\"@id\":\"https:\\\/\\\/quehacerpolitico.mx\\\/?p=80483#breadcrumb\"},\"inLanguage\":\"es\",\"potentialAction\":[{\"@type\":\"ReadAction\",\"target\":[\"https:\\\/\\\/quehacerpolitico.mx\\\/?p=80483\"]}]},{\"@type\":\"ImageObject\",\"inLanguage\":\"es\",\"@id\":\"https:\\\/\\\/quehacerpolitico.mx\\\/?p=80483#primaryimage\",\"url\":\"https:\\\/\\\/quehacerpolitico.mx\\\/wp-content\\\/uploads\\\/2021\\\/05\\\/D5E46063-0928-4C41-A045-59C8AD0EBACB.jpeg\",\"contentUrl\":\"https:\\\/\\\/quehacerpolitico.mx\\\/wp-content\\\/uploads\\\/2021\\\/05\\\/D5E46063-0928-4C41-A045-59C8AD0EBACB.jpeg\",\"width\":1242,\"height\":675},{\"@type\":\"BreadcrumbList\",\"@id\":\"https:\\\/\\\/quehacerpolitico.mx\\\/?p=80483#breadcrumb\",\"itemListElement\":[{\"@type\":\"ListItem\",\"position\":1,\"name\":\"Inicio\",\"item\":\"https:\\\/\\\/quehacerpolitico.mx\\\/\"},{\"@type\":\"ListItem\",\"position\":2,\"name\":\"Habr\u00e1 justicia y castigo para culpables por accidente en L12 del Metro, asegura AMLO\"}]},{\"@type\":\"WebSite\",\"@id\":\"https:\\\/\\\/quehacerpolitico.mx\\\/#website\",\"url\":\"https:\\\/\\\/quehacerpolitico.mx\\\/\",\"name\":\"\",\"description\":\"\",\"potentialAction\":[{\"@type\":\"SearchAction\",\"target\":{\"@type\":\"EntryPoint\",\"urlTemplate\":\"https:\\\/\\\/quehacerpolitico.mx\\\/?s={search_term_string}\"},\"query-input\":{\"@type\":\"PropertyValueSpecification\",\"valueRequired\":true,\"valueName\":\"search_term_string\"}}],\"inLanguage\":\"es\"},{\"@type\":\"Person\",\"@id\":\"https:\\\/\\\/quehacerpolitico.mx\\\/#\\\/schema\\\/person\\\/496d8ad2d1d3f8036101dca7ee39e585\",\"name\":\"Redacci\u00f3n QP\",\"image\":{\"@type\":\"ImageObject\",\"inLanguage\":\"es\",\"@id\":\"https:\\\/\\\/secure.gravatar.com\\\/avatar\\\/c7164ed6fdec453195284ad24a5ae5b6e1eed2b848477fa2a4787ba9adf39a41?s=96&d=mm&r=g\",\"url\":\"https:\\\/\\\/secure.gravatar.com\\\/avatar\\\/c7164ed6fdec453195284ad24a5ae5b6e1eed2b848477fa2a4787ba9adf39a41?s=96&d=mm&r=g\",\"contentUrl\":\"https:\\\/\\\/secure.gravatar.com\\\/avatar\\\/c7164ed6fdec453195284ad24a5ae5b6e1eed2b848477fa2a4787ba9adf39a41?s=96&d=mm&r=g\",\"caption\":\"Redacci\u00f3n QP\"},\"url\":\"https:\\\/\\\/quehacerpolitico.mx\\\/?author=2\"}]}<\/script>\n<!-- \/ Yoast SEO plugin. -->","yoast_head_json":{"title":"Habr\u00e1 justicia y castigo para culpables por accidente en L12 del Metro, asegura AMLO -","robots":{"index":"index","follow":"follow","max-snippet":"max-snippet:-1","max-image-preview":"max-image-preview:large","max-video-preview":"max-video-preview:-1"},"canonical":"https:\/\/quehacerpolitico.mx\/?p=80483","og_locale":"es_MX","og_type":"article","og_title":"Habr\u00e1 justicia y castigo para culpables por accidente en L12 del Metro, asegura AMLO -","og_description":"Habr\u00e1 justicia y castigo para culpables por accidente en L12 del Metro, asegura AMLO Por...","og_url":"https:\/\/quehacerpolitico.mx\/?p=80483","article_published_time":"2021-05-05T15:42:19+00:00","og_image":[{"width":1242,"height":675,"url":"https:\/\/quehacerpolitico.mx\/wp-content\/uploads\/2021\/05\/D5E46063-0928-4C41-A045-59C8AD0EBACB.jpeg","type":"image\/jpeg"}],"author":"Redacci\u00f3n QP","twitter_card":"summary_large_image","twitter_misc":{"Escrito por":"Redacci\u00f3n QP","Tiempo de lectura":"2 minutos"},"schema":{"@context":"https:\/\/schema.org","@graph":[{"@type":"Article","@id":"https:\/\/quehacerpolitico.mx\/?p=80483#article","isPartOf":{"@id":"https:\/\/quehacerpolitico.mx\/?p=80483"},"author":{"name":"Redacci\u00f3n QP","@id":"https:\/\/quehacerpolitico.mx\/#\/schema\/person\/496d8ad2d1d3f8036101dca7ee39e585"},"headline":"Habr\u00e1 justicia y castigo para culpables por accidente en L12 del Metro, asegura AMLO","datePublished":"2021-05-05T15:42:19+00:00","mainEntityOfPage":{"@id":"https:\/\/quehacerpolitico.mx\/?p=80483"},"wordCount":350,"commentCount":0,"image":{"@id":"https:\/\/quehacerpolitico.mx\/?p=80483#primaryimage"},"thumbnailUrl":"https:\/\/quehacerpolitico.mx\/wp-content\/uploads\/2021\/05\/D5E46063-0928-4C41-A045-59C8AD0EBACB.jpeg","articleSection":["Noticias"],"inLanguage":"es","potentialAction":[{"@type":"CommentAction","name":"Comment","target":["https:\/\/quehacerpolitico.mx\/?p=80483#respond"]}]},{"@type":"WebPage","@id":"https:\/\/quehacerpolitico.mx\/?p=80483","url":"https:\/\/quehacerpolitico.mx\/?p=80483","name":"Habr\u00e1 justicia y castigo para culpables por accidente en L12 del Metro, asegura AMLO -","isPartOf":{"@id":"https:\/\/quehacerpolitico.mx\/#website"},"primaryImageOfPage":{"@id":"https:\/\/quehacerpolitico.mx\/?p=80483#primaryimage"},"image":{"@id":"https:\/\/quehacerpolitico.mx\/?p=80483#primaryimage"},"thumbnailUrl":"https:\/\/quehacerpolitico.mx\/wp-content\/uploads\/2021\/05\/D5E46063-0928-4C41-A045-59C8AD0EBACB.jpeg","datePublished":"2021-05-05T15:42:19+00:00","author":{"@id":"https:\/\/quehacerpolitico.mx\/#\/schema\/person\/496d8ad2d1d3f8036101dca7ee39e585"},"breadcrumb":{"@id":"https:\/\/quehacerpolitico.mx\/?p=80483#breadcrumb"},"inLanguage":"es","potentialAction":[{"@type":"ReadAction","target":["https:\/\/quehacerpolitico.mx\/?p=80483"]}]},{"@type":"ImageObject","inLanguage":"es","@id":"https:\/\/quehacerpolitico.mx\/?p=80483#primaryimage","url":"https:\/\/quehacerpolitico.mx\/wp-content\/uploads\/2021\/05\/D5E46063-0928-4C41-A045-59C8AD0EBACB.jpeg","contentUrl":"https:\/\/quehacerpolitico.mx\/wp-content\/uploads\/2021\/05\/D5E46063-0928-4C41-A045-59C8AD0EBACB.jpeg","width":1242,"height":675},{"@type":"BreadcrumbList","@id":"https:\/\/quehacerpolitico.mx\/?p=80483#breadcrumb","itemListElement":[{"@type":"ListItem","position":1,"name":"Inicio","item":"https:\/\/quehacerpolitico.mx\/"},{"@type":"ListItem","position":2,"name":"Habr\u00e1 justicia y castigo para culpables por accidente en L12 del Metro, asegura AMLO"}]},{"@type":"WebSite","@id":"https:\/\/quehacerpolitico.mx\/#website","url":"https:\/\/quehacerpolitico.mx\/","name":"","description":"","potentialAction":[{"@type":"SearchAction","target":{"@type":"EntryPoint","urlTemplate":"https:\/\/quehacerpolitico.mx\/?s={search_term_string}"},"query-input":{"@type":"PropertyValueSpecification","valueRequired":true,"valueName":"search_term_string"}}],"inLanguage":"es"},{"@type":"Person","@id":"https:\/\/quehacerpolitico.mx\/#\/schema\/person\/496d8ad2d1d3f8036101dca7ee39e585","name":"Redacci\u00f3n QP","image":{"@type":"ImageObject","inLanguage":"es","@id":"https:\/\/secure.gravatar.com\/avatar\/c7164ed6fdec453195284ad24a5ae5b6e1eed2b848477fa2a4787ba9adf39a41?s=96&d=mm&r=g","url":"https:\/\/secure.gravatar.com\/avatar\/c7164ed6fdec453195284ad24a5ae5b6e1eed2b848477fa2a4787ba9adf39a41?s=96&d=mm&r=g","contentUrl":"https:\/\/secure.gravatar.com\/avatar\/c7164ed6fdec453195284ad24a5ae5b6e1eed2b848477fa2a4787ba9adf39a41?s=96&d=mm&r=g","caption":"Redacci\u00f3n QP"},"url":"https:\/\/quehacerpolitico.mx\/?author=2"}]}},"featured_image_urls":{"full":["https:\/\/quehacerpolitico.mx\/wp-content\/uploads\/2021\/05\/D5E46063-0928-4C41-A045-59C8AD0EBACB.jpeg",1242,675,false],"thumbnail":["https:\/\/quehacerpolitico.mx\/wp-content\/uploads\/2021\/05\/D5E46063-0928-4C41-A045-59C8AD0EBACB-150x150.jpeg",150,150,true],"medium":["https:\/\/quehacerpolitico.mx\/wp-content\/uploads\/2021\/05\/D5E46063-0928-4C41-A045-59C8AD0EBACB-300x163.jpeg",300,163,true],"medium_large":["https:\/\/quehacerpolitico.mx\/wp-content\/uploads\/2021\/05\/D5E46063-0928-4C41-A045-59C8AD0EBACB-768x417.jpeg",640,348,true],"large":["https:\/\/quehacerpolitico.mx\/wp-content\/uploads\/2021\/05\/D5E46063-0928-4C41-A045-59C8AD0EBACB-1024x557.jpeg",640,348,true],"1536x1536":["https:\/\/quehacerpolitico.mx\/wp-content\/uploads\/2021\/05\/D5E46063-0928-4C41-A045-59C8AD0EBACB.jpeg",1242,675,false],"2048x2048":["https:\/\/quehacerpolitico.mx\/wp-content\/uploads\/2021\/05\/D5E46063-0928-4C41-A045-59C8AD0EBACB.jpeg",1242,675,false],"covernews-featured":["https:\/\/quehacerpolitico.mx\/wp-content\/uploads\/2021\/05\/D5E46063-0928-4C41-A045-59C8AD0EBACB.jpeg",1024,557,false],"covernews-medium":["https:\/\/quehacerpolitico.mx\/wp-content\/uploads\/2021\/05\/D5E46063-0928-4C41-A045-59C8AD0EBACB.jpeg",540,293,false]},"author_info":{"display_name":"Redacci\u00f3n QP","author_link":"https:\/\/quehacerpolitico.mx\/?author=2"},"category_info":"<a href=\"https:\/\/quehacerpolitico.mx\/?cat=2\" rel=\"category\">Noticias<\/a>","tag_info":"Noticias","comment_count":"0","_links":{"self":[{"href":"https:\/\/quehacerpolitico.mx\/index.php?rest_route=\/wp\/v2\/posts\/80483","targetHints":{"allow":["GET"]}}],"collection":[{"href":"https:\/\/quehacerpolitico.mx\/index.php?rest_route=\/wp\/v2\/posts"}],"about":[{"href":"https:\/\/quehacerpolitico.mx\/index.php?rest_route=\/wp\/v2\/types\/post"}],"author":[{"embeddable":true,"href":"https:\/\/quehacerpolitico.mx\/index.php?rest_route=\/wp\/v2\/users\/2"}],"replies":[{"embeddable":true,"href":"https:\/\/quehacerpolitico.mx\/index.php?rest_route=%2Fwp%2Fv2%2Fcomments&post=80483"}],"version-history":[{"count":0,"href":"https:\/\/quehacerpolitico.mx\/index.php?rest_route=\/wp\/v2\/posts\/80483\/revisions"}],"wp:featuredmedia":[{"embeddable":true,"href":"https:\/\/quehacerpolitico.mx\/index.php?rest_route=\/wp\/v2\/media\/80487"}],"wp:attachment":[{"href":"https:\/\/quehacerpolitico.mx\/index.php?rest_route=%2Fwp%2Fv2%2Fmedia&parent=80483"}],"wp:term":[{"taxonomy":"category","embeddable":true,"href":"https:\/\/quehacerpolitico.mx\/index.php?rest_route=%2Fwp%2Fv2%2Fcategories&post=80483"},{"taxonomy":"post_tag","embeddable":true,"href":"https:\/\/quehacerpolitico.mx\/index.php?rest_route=%2Fwp%2Fv2%2Ftags&post=80483"}],"curies":[{"name":"wp","href":"https:\/\/api.w.org\/{rel}","templated":true}]}}