{"id":80478,"date":"2021-05-05T03:55:54","date_gmt":"2021-05-05T03:55:54","guid":{"rendered":"https:\/\/quehacerpolitico.mx\/?p=80478"},"modified":"2021-05-05T03:55:54","modified_gmt":"2021-05-05T03:55:54","slug":"hallan-sin-vida-brandon-giovanny-el-menor-que-era-buscado-por-su-familia-tras-accidente-del-metro","status":"publish","type":"post","link":"https:\/\/quehacerpolitico.mx\/?p=80478","title":{"rendered":"Hallan sin vida a Brandon Giovanny, el menor que era buscado por su familia tras accidente del Metro"},"content":{"rendered":"<h1 class=\"article_title\">Hallan sin vida a Brandon Giovanny, el menor que era buscado por su familia tras accidente del Metro<br \/>\nPor Redacci\u00f3n QP<\/h1>\n<p>La noticia de su deceso se produjo horas despu\u00e9s de que las autoridades activaran la Alerta Amber para dar con su paradero<\/p>\n<p>Las autoridades de la Ciudad de M\u00e9xico dieron a conocer, la noche del martes 4 de mayo de 2021, que fue hallado sin vida <strong>Brandon Giovanny Hern\u00e1ndez Tapia<\/strong>, el menor de 12 a\u00f1os que hab\u00eda sido reportado como desaparecido\u00a0tras el accidente en el Metro Olivos de la L\u00ednea 12 del Metro<\/p>\n<p>https:\/\/twitter.com\/c4jimenez\/status\/1389741192594743300?s=21<\/p>\n<p>El cuerpo del menor fue identificado por sus familiares en la Fiscal\u00eda de Coordinaci\u00f3n Territorial Iztapalapa-6.<\/p>\n<blockquote class=\"twitter-tweet\" data-width=\"550\" data-dnt=\"true\">\n<p lang=\"es\" dir=\"ltr\"><a href=\"https:\/\/twitter.com\/hashtag\/FGJCDMX?src=hash&amp;ref_src=twsrc%5Etfw\">#FGJCDMX<\/a> aplica protocolos de b\u00fasqueda para localizar a una persona menor de edad, desaparecida tras hechos en la L\u00ednea 12 del Metro <a href=\"https:\/\/t.co\/KJ1a0DqWId\">pic.twitter.com\/KJ1a0DqWId<\/a><\/p>\n<p>&mdash; Fiscal\u00eda CDMX (@FiscaliaCDMX) <a href=\"https:\/\/twitter.com\/FiscaliaCDMX\/status\/1389732079743684611?ref_src=twsrc%5Etfw\">May 5, 2021<\/a><\/p><\/blockquote>\n<p><script async src=\"https:\/\/platform.twitter.com\/widgets.js\" charset=\"utf-8\"><\/script><\/p>\n<blockquote class=\"twitter-tweet\" data-width=\"550\" data-dnt=\"true\">\n<p lang=\"es\" dir=\"ltr\">La <a href=\"https:\/\/twitter.com\/hashtag\/FGJCDMX?src=hash&amp;ref_src=twsrc%5Etfw\">#FGJCDMX<\/a> contin\u00faa fortaleci\u00e9ndose y orienta su actuaci\u00f3n a la consecuci\u00f3n de una procuraci\u00f3n de justicia que garantice el acceso oportuno y efectivo a la justicia para ni\u00f1as, ni\u00f1os y adolescentes,<\/p>\n<p>&mdash; Fiscal\u00eda CDMX (@FiscaliaCDMX) <a href=\"https:\/\/twitter.com\/FiscaliaCDMX\/status\/1389732091554717696?ref_src=twsrc%5Etfw\">May 5, 2021<\/a><\/p><\/blockquote>\n<p><script async src=\"https:\/\/platform.twitter.com\/widgets.js\" charset=\"utf-8\"><\/script><\/p>\n<div class=\"css-1dbjc4n\">\n<blockquote>\n<div id=\"tweet-text\" class=\"css-901oao r-18jsvk2 r-1qd0xha r-a023e6 r-16dba41 r-rjixqe r-bcqeeo r-bnwqim r-qvutc0\" dir=\"auto\" lang=\"es\">\n<p><span class=\"css-901oao css-16my406 r-poiln3 r-bcqeeo r-qvutc0\">\u201cLa <\/span><span class=\"r-18u37iz\"><a class=\"css-4rbku5 css-18t94o4 css-901oao css-16my406 r-1n1174f r-1loqt21 r-poiln3 r-bcqeeo r-qvutc0\" dir=\"ltr\" role=\"link\" href=\"https:\/\/twitter.com\/hashtag\/FGJCDMX?src=hashtag_click\">#FGJCDMX<\/a><\/span><span class=\"css-901oao css-16my406 r-poiln3 r-bcqeeo r-qvutc0\"> lamenta informar que el menor de edad Brandon Giovanny, reportado como desaparecido, fue identificado por familiares en IZP-6, fallecido por los hechos ocurridos en la l\u00ednea 12 del <\/span><span class=\"r-18u37iz\"><a class=\"css-4rbku5 css-18t94o4 css-901oao css-16my406 r-1n1174f r-1loqt21 r-poiln3 r-bcqeeo r-qvutc0\" dir=\"ltr\" role=\"link\" href=\"https:\/\/twitter.com\/MetroCDMX\">@MetroCDMX\u201d,<\/a> inform\u00f3 la Fiscal\u00eda por medio de su cuenta de Twitter.<br \/>\n<\/span><\/p>\n<\/div>\n<\/blockquote>\n<h2>Viajaba en un convoy de la L\u00ednea 12 del Metro y era buscado por su familia<\/h2>\n<\/div>\n<p>Horas antes de confirmarse su deceso, la Fiscal\u00eda General de Justicia de la Ciudad de M\u00e9xico hab\u00eda activado la Alerta Amber en b\u00fasqueda de cualquier informaci\u00f3n que ayudara a sus seres queridos a dar con su paradero. \u00a0 En el comunicado se hace \u00e9nfasis que se desconoce su paradero desde la noche del lunes 3 de mayo de 2021 y que posiblemente viajaba en un convoy de la L\u00ednea 12 del Metro.<\/p>\n<p>Su madre y abuela han relatado a los medios de comunicaci\u00f3n que el <strong>padre del menor de edad se encuentra internado en el Hospital Balbuena<\/strong> tras desplomarse el Metro.<\/p>\n<p>\u201cApenas encontramos a mi yerno. \u00c9l est\u00e1 en Balbuena y est\u00e1 en muy malas condiciones\u201d, relat\u00f3 la abuela en el transcurso de la tarde<\/p>\n<p><em>Con informaci\u00f3n de la Fiscal\u00eda de la CDMX<\/em><\/p>\n","protected":false},"excerpt":{"rendered":"<p>Hallan sin vida a Brandon Giovanny, el menor que era buscado por su familia tras&#8230;<\/p>\n","protected":false},"author":2,"featured_media":80481,"comment_status":"open","ping_status":"open","sticky":false,"template":"","format":"standard","meta":{"_monsterinsights_skip_tracking":false,"_monsterinsights_sitenote_active":false,"_monsterinsights_sitenote_note":"","_monsterinsights_sitenote_category":0,"footnotes":""},"categories":[55],"tags":[],"class_list":["post-80478","post","type-post","status-publish","format-standard","has-post-thumbnail","hentry","category-cdmx"],"yoast_head":"<!-- This site is optimized with the Yoast SEO plugin v27.3 - https:\/\/yoast.com\/product\/yoast-seo-wordpress\/ -->\n<title>Hallan sin vida a Brandon Giovanny, el menor que era buscado por su familia tras accidente del Metro -<\/title>\n<meta name=\"robots\" content=\"index, follow, max-snippet:-1, max-image-preview:large, max-video-preview:-1\" \/>\n<link rel=\"canonical\" href=\"https:\/\/quehacerpolitico.mx\/?p=80478\" \/>\n<meta property=\"og:locale\" content=\"es_MX\" \/>\n<meta property=\"og:type\" content=\"article\" \/>\n<meta property=\"og:title\" content=\"Hallan sin vida a Brandon Giovanny, el menor que era buscado por su familia tras accidente del Metro -\" \/>\n<meta property=\"og:description\" content=\"Hallan sin vida a Brandon Giovanny, el menor que era buscado por su familia tras...\" \/>\n<meta property=\"og:url\" content=\"https:\/\/quehacerpolitico.mx\/?p=80478\" \/>\n<meta property=\"article:published_time\" content=\"2021-05-05T03:55:54+00:00\" \/>\n<meta property=\"og:image\" content=\"https:\/\/quehacerpolitico.mx\/wp-content\/uploads\/2021\/05\/55E50CDA-E45D-49EC-BDCC-1DC639154199.jpeg\" \/>\n\t<meta property=\"og:image:width\" content=\"700\" \/>\n\t<meta property=\"og:image:height\" content=\"598\" \/>\n\t<meta property=\"og:image:type\" content=\"image\/jpeg\" \/>\n<meta name=\"author\" content=\"Redacci\u00f3n QP\" \/>\n<meta name=\"twitter:card\" content=\"summary_large_image\" \/>\n<meta name=\"twitter:label1\" content=\"Escrito por\" \/>\n\t<meta name=\"twitter:data1\" content=\"Redacci\u00f3n QP\" \/>\n\t<meta name=\"twitter:label2\" content=\"Tiempo de lectura\" \/>\n\t<meta name=\"twitter:data2\" content=\"2 minutos\" \/>\n<script type=\"application\/ld+json\" class=\"yoast-schema-graph\">{\"@context\":\"https:\\\/\\\/schema.org\",\"@graph\":[{\"@type\":\"Article\",\"@id\":\"https:\\\/\\\/quehacerpolitico.mx\\\/?p=80478#article\",\"isPartOf\":{\"@id\":\"https:\\\/\\\/quehacerpolitico.mx\\\/?p=80478\"},\"author\":{\"name\":\"Redacci\u00f3n QP\",\"@id\":\"https:\\\/\\\/quehacerpolitico.mx\\\/#\\\/schema\\\/person\\\/496d8ad2d1d3f8036101dca7ee39e585\"},\"headline\":\"Hallan sin vida a Brandon Giovanny, el menor que era buscado por su familia tras accidente del Metro\",\"datePublished\":\"2021-05-05T03:55:54+00:00\",\"mainEntityOfPage\":{\"@id\":\"https:\\\/\\\/quehacerpolitico.mx\\\/?p=80478\"},\"wordCount\":349,\"commentCount\":0,\"image\":{\"@id\":\"https:\\\/\\\/quehacerpolitico.mx\\\/?p=80478#primaryimage\"},\"thumbnailUrl\":\"https:\\\/\\\/quehacerpolitico.mx\\\/wp-content\\\/uploads\\\/2021\\\/05\\\/55E50CDA-E45D-49EC-BDCC-1DC639154199.jpeg\",\"articleSection\":[\"CDMX\"],\"inLanguage\":\"es\",\"potentialAction\":[{\"@type\":\"CommentAction\",\"name\":\"Comment\",\"target\":[\"https:\\\/\\\/quehacerpolitico.mx\\\/?p=80478#respond\"]}]},{\"@type\":\"WebPage\",\"@id\":\"https:\\\/\\\/quehacerpolitico.mx\\\/?p=80478\",\"url\":\"https:\\\/\\\/quehacerpolitico.mx\\\/?p=80478\",\"name\":\"Hallan sin vida a Brandon Giovanny, el menor que era buscado por su familia tras accidente del Metro -\",\"isPartOf\":{\"@id\":\"https:\\\/\\\/quehacerpolitico.mx\\\/#website\"},\"primaryImageOfPage\":{\"@id\":\"https:\\\/\\\/quehacerpolitico.mx\\\/?p=80478#primaryimage\"},\"image\":{\"@id\":\"https:\\\/\\\/quehacerpolitico.mx\\\/?p=80478#primaryimage\"},\"thumbnailUrl\":\"https:\\\/\\\/quehacerpolitico.mx\\\/wp-content\\\/uploads\\\/2021\\\/05\\\/55E50CDA-E45D-49EC-BDCC-1DC639154199.jpeg\",\"datePublished\":\"2021-05-05T03:55:54+00:00\",\"author\":{\"@id\":\"https:\\\/\\\/quehacerpolitico.mx\\\/#\\\/schema\\\/person\\\/496d8ad2d1d3f8036101dca7ee39e585\"},\"breadcrumb\":{\"@id\":\"https:\\\/\\\/quehacerpolitico.mx\\\/?p=80478#breadcrumb\"},\"inLanguage\":\"es\",\"potentialAction\":[{\"@type\":\"ReadAction\",\"target\":[\"https:\\\/\\\/quehacerpolitico.mx\\\/?p=80478\"]}]},{\"@type\":\"ImageObject\",\"inLanguage\":\"es\",\"@id\":\"https:\\\/\\\/quehacerpolitico.mx\\\/?p=80478#primaryimage\",\"url\":\"https:\\\/\\\/quehacerpolitico.mx\\\/wp-content\\\/uploads\\\/2021\\\/05\\\/55E50CDA-E45D-49EC-BDCC-1DC639154199.jpeg\",\"contentUrl\":\"https:\\\/\\\/quehacerpolitico.mx\\\/wp-content\\\/uploads\\\/2021\\\/05\\\/55E50CDA-E45D-49EC-BDCC-1DC639154199.jpeg\",\"width\":700,\"height\":598},{\"@type\":\"BreadcrumbList\",\"@id\":\"https:\\\/\\\/quehacerpolitico.mx\\\/?p=80478#breadcrumb\",\"itemListElement\":[{\"@type\":\"ListItem\",\"position\":1,\"name\":\"Inicio\",\"item\":\"https:\\\/\\\/quehacerpolitico.mx\\\/\"},{\"@type\":\"ListItem\",\"position\":2,\"name\":\"Hallan sin vida a Brandon Giovanny, el menor que era buscado por su familia tras accidente del Metro\"}]},{\"@type\":\"WebSite\",\"@id\":\"https:\\\/\\\/quehacerpolitico.mx\\\/#website\",\"url\":\"https:\\\/\\\/quehacerpolitico.mx\\\/\",\"name\":\"\",\"description\":\"\",\"potentialAction\":[{\"@type\":\"SearchAction\",\"target\":{\"@type\":\"EntryPoint\",\"urlTemplate\":\"https:\\\/\\\/quehacerpolitico.mx\\\/?s={search_term_string}\"},\"query-input\":{\"@type\":\"PropertyValueSpecification\",\"valueRequired\":true,\"valueName\":\"search_term_string\"}}],\"inLanguage\":\"es\"},{\"@type\":\"Person\",\"@id\":\"https:\\\/\\\/quehacerpolitico.mx\\\/#\\\/schema\\\/person\\\/496d8ad2d1d3f8036101dca7ee39e585\",\"name\":\"Redacci\u00f3n QP\",\"image\":{\"@type\":\"ImageObject\",\"inLanguage\":\"es\",\"@id\":\"https:\\\/\\\/secure.gravatar.com\\\/avatar\\\/c7164ed6fdec453195284ad24a5ae5b6e1eed2b848477fa2a4787ba9adf39a41?s=96&d=mm&r=g\",\"url\":\"https:\\\/\\\/secure.gravatar.com\\\/avatar\\\/c7164ed6fdec453195284ad24a5ae5b6e1eed2b848477fa2a4787ba9adf39a41?s=96&d=mm&r=g\",\"contentUrl\":\"https:\\\/\\\/secure.gravatar.com\\\/avatar\\\/c7164ed6fdec453195284ad24a5ae5b6e1eed2b848477fa2a4787ba9adf39a41?s=96&d=mm&r=g\",\"caption\":\"Redacci\u00f3n QP\"},\"url\":\"https:\\\/\\\/quehacerpolitico.mx\\\/?author=2\"}]}<\/script>\n<!-- \/ Yoast SEO plugin. -->","yoast_head_json":{"title":"Hallan sin vida a Brandon Giovanny, el menor que era buscado por su familia tras accidente del Metro -","robots":{"index":"index","follow":"follow","max-snippet":"max-snippet:-1","max-image-preview":"max-image-preview:large","max-video-preview":"max-video-preview:-1"},"canonical":"https:\/\/quehacerpolitico.mx\/?p=80478","og_locale":"es_MX","og_type":"article","og_title":"Hallan sin vida a Brandon Giovanny, el menor que era buscado por su familia tras accidente del Metro -","og_description":"Hallan sin vida a Brandon Giovanny, el menor que era buscado por su familia tras...","og_url":"https:\/\/quehacerpolitico.mx\/?p=80478","article_published_time":"2021-05-05T03:55:54+00:00","og_image":[{"width":700,"height":598,"url":"https:\/\/quehacerpolitico.mx\/wp-content\/uploads\/2021\/05\/55E50CDA-E45D-49EC-BDCC-1DC639154199.jpeg","type":"image\/jpeg"}],"author":"Redacci\u00f3n QP","twitter_card":"summary_large_image","twitter_misc":{"Escrito por":"Redacci\u00f3n QP","Tiempo de lectura":"2 minutos"},"schema":{"@context":"https:\/\/schema.org","@graph":[{"@type":"Article","@id":"https:\/\/quehacerpolitico.mx\/?p=80478#article","isPartOf":{"@id":"https:\/\/quehacerpolitico.mx\/?p=80478"},"author":{"name":"Redacci\u00f3n QP","@id":"https:\/\/quehacerpolitico.mx\/#\/schema\/person\/496d8ad2d1d3f8036101dca7ee39e585"},"headline":"Hallan sin vida a Brandon Giovanny, el menor que era buscado por su familia tras accidente del Metro","datePublished":"2021-05-05T03:55:54+00:00","mainEntityOfPage":{"@id":"https:\/\/quehacerpolitico.mx\/?p=80478"},"wordCount":349,"commentCount":0,"image":{"@id":"https:\/\/quehacerpolitico.mx\/?p=80478#primaryimage"},"thumbnailUrl":"https:\/\/quehacerpolitico.mx\/wp-content\/uploads\/2021\/05\/55E50CDA-E45D-49EC-BDCC-1DC639154199.jpeg","articleSection":["CDMX"],"inLanguage":"es","potentialAction":[{"@type":"CommentAction","name":"Comment","target":["https:\/\/quehacerpolitico.mx\/?p=80478#respond"]}]},{"@type":"WebPage","@id":"https:\/\/quehacerpolitico.mx\/?p=80478","url":"https:\/\/quehacerpolitico.mx\/?p=80478","name":"Hallan sin vida a Brandon Giovanny, el menor que era buscado por su familia tras accidente del Metro -","isPartOf":{"@id":"https:\/\/quehacerpolitico.mx\/#website"},"primaryImageOfPage":{"@id":"https:\/\/quehacerpolitico.mx\/?p=80478#primaryimage"},"image":{"@id":"https:\/\/quehacerpolitico.mx\/?p=80478#primaryimage"},"thumbnailUrl":"https:\/\/quehacerpolitico.mx\/wp-content\/uploads\/2021\/05\/55E50CDA-E45D-49EC-BDCC-1DC639154199.jpeg","datePublished":"2021-05-05T03:55:54+00:00","author":{"@id":"https:\/\/quehacerpolitico.mx\/#\/schema\/person\/496d8ad2d1d3f8036101dca7ee39e585"},"breadcrumb":{"@id":"https:\/\/quehacerpolitico.mx\/?p=80478#breadcrumb"},"inLanguage":"es","potentialAction":[{"@type":"ReadAction","target":["https:\/\/quehacerpolitico.mx\/?p=80478"]}]},{"@type":"ImageObject","inLanguage":"es","@id":"https:\/\/quehacerpolitico.mx\/?p=80478#primaryimage","url":"https:\/\/quehacerpolitico.mx\/wp-content\/uploads\/2021\/05\/55E50CDA-E45D-49EC-BDCC-1DC639154199.jpeg","contentUrl":"https:\/\/quehacerpolitico.mx\/wp-content\/uploads\/2021\/05\/55E50CDA-E45D-49EC-BDCC-1DC639154199.jpeg","width":700,"height":598},{"@type":"BreadcrumbList","@id":"https:\/\/quehacerpolitico.mx\/?p=80478#breadcrumb","itemListElement":[{"@type":"ListItem","position":1,"name":"Inicio","item":"https:\/\/quehacerpolitico.mx\/"},{"@type":"ListItem","position":2,"name":"Hallan sin vida a Brandon Giovanny, el menor que era buscado por su familia tras accidente del Metro"}]},{"@type":"WebSite","@id":"https:\/\/quehacerpolitico.mx\/#website","url":"https:\/\/quehacerpolitico.mx\/","name":"","description":"","potentialAction":[{"@type":"SearchAction","target":{"@type":"EntryPoint","urlTemplate":"https:\/\/quehacerpolitico.mx\/?s={search_term_string}"},"query-input":{"@type":"PropertyValueSpecification","valueRequired":true,"valueName":"search_term_string"}}],"inLanguage":"es"},{"@type":"Person","@id":"https:\/\/quehacerpolitico.mx\/#\/schema\/person\/496d8ad2d1d3f8036101dca7ee39e585","name":"Redacci\u00f3n QP","image":{"@type":"ImageObject","inLanguage":"es","@id":"https:\/\/secure.gravatar.com\/avatar\/c7164ed6fdec453195284ad24a5ae5b6e1eed2b848477fa2a4787ba9adf39a41?s=96&d=mm&r=g","url":"https:\/\/secure.gravatar.com\/avatar\/c7164ed6fdec453195284ad24a5ae5b6e1eed2b848477fa2a4787ba9adf39a41?s=96&d=mm&r=g","contentUrl":"https:\/\/secure.gravatar.com\/avatar\/c7164ed6fdec453195284ad24a5ae5b6e1eed2b848477fa2a4787ba9adf39a41?s=96&d=mm&r=g","caption":"Redacci\u00f3n QP"},"url":"https:\/\/quehacerpolitico.mx\/?author=2"}]}},"featured_image_urls":{"full":["https:\/\/quehacerpolitico.mx\/wp-content\/uploads\/2021\/05\/55E50CDA-E45D-49EC-BDCC-1DC639154199.jpeg",700,598,false],"thumbnail":["https:\/\/quehacerpolitico.mx\/wp-content\/uploads\/2021\/05\/55E50CDA-E45D-49EC-BDCC-1DC639154199-150x150.jpeg",150,150,true],"medium":["https:\/\/quehacerpolitico.mx\/wp-content\/uploads\/2021\/05\/55E50CDA-E45D-49EC-BDCC-1DC639154199-300x256.jpeg",300,256,true],"medium_large":["https:\/\/quehacerpolitico.mx\/wp-content\/uploads\/2021\/05\/55E50CDA-E45D-49EC-BDCC-1DC639154199.jpeg",640,547,false],"large":["https:\/\/quehacerpolitico.mx\/wp-content\/uploads\/2021\/05\/55E50CDA-E45D-49EC-BDCC-1DC639154199.jpeg",640,547,false],"1536x1536":["https:\/\/quehacerpolitico.mx\/wp-content\/uploads\/2021\/05\/55E50CDA-E45D-49EC-BDCC-1DC639154199.jpeg",700,598,false],"2048x2048":["https:\/\/quehacerpolitico.mx\/wp-content\/uploads\/2021\/05\/55E50CDA-E45D-49EC-BDCC-1DC639154199.jpeg",700,598,false],"covernews-featured":["https:\/\/quehacerpolitico.mx\/wp-content\/uploads\/2021\/05\/55E50CDA-E45D-49EC-BDCC-1DC639154199.jpeg",700,598,false],"covernews-medium":["https:\/\/quehacerpolitico.mx\/wp-content\/uploads\/2021\/05\/55E50CDA-E45D-49EC-BDCC-1DC639154199.jpeg",398,340,false]},"author_info":{"display_name":"Redacci\u00f3n QP","author_link":"https:\/\/quehacerpolitico.mx\/?author=2"},"category_info":"<a href=\"https:\/\/quehacerpolitico.mx\/?cat=55\" rel=\"category\">CDMX<\/a>","tag_info":"CDMX","comment_count":"0","_links":{"self":[{"href":"https:\/\/quehacerpolitico.mx\/index.php?rest_route=\/wp\/v2\/posts\/80478","targetHints":{"allow":["GET"]}}],"collection":[{"href":"https:\/\/quehacerpolitico.mx\/index.php?rest_route=\/wp\/v2\/posts"}],"about":[{"href":"https:\/\/quehacerpolitico.mx\/index.php?rest_route=\/wp\/v2\/types\/post"}],"author":[{"embeddable":true,"href":"https:\/\/quehacerpolitico.mx\/index.php?rest_route=\/wp\/v2\/users\/2"}],"replies":[{"embeddable":true,"href":"https:\/\/quehacerpolitico.mx\/index.php?rest_route=%2Fwp%2Fv2%2Fcomments&post=80478"}],"version-history":[{"count":0,"href":"https:\/\/quehacerpolitico.mx\/index.php?rest_route=\/wp\/v2\/posts\/80478\/revisions"}],"wp:featuredmedia":[{"embeddable":true,"href":"https:\/\/quehacerpolitico.mx\/index.php?rest_route=\/wp\/v2\/media\/80481"}],"wp:attachment":[{"href":"https:\/\/quehacerpolitico.mx\/index.php?rest_route=%2Fwp%2Fv2%2Fmedia&parent=80478"}],"wp:term":[{"taxonomy":"category","embeddable":true,"href":"https:\/\/quehacerpolitico.mx\/index.php?rest_route=%2Fwp%2Fv2%2Fcategories&post=80478"},{"taxonomy":"post_tag","embeddable":true,"href":"https:\/\/quehacerpolitico.mx\/index.php?rest_route=%2Fwp%2Fv2%2Ftags&post=80478"}],"curies":[{"name":"wp","href":"https:\/\/api.w.org\/{rel}","templated":true}]}}