{"id":80471,"date":"2021-05-04T18:32:22","date_gmt":"2021-05-04T18:32:22","guid":{"rendered":"https:\/\/quehacerpolitico.mx\/?p=80471"},"modified":"2021-05-04T18:32:22","modified_gmt":"2021-05-04T18:32:22","slug":"el-comite-interinstitucional-de-igualdad-de-genero-del-poder-judicial-de-la-federacion-cumple-anos-de-funcionamiento-y-desarrollo-de-acciones-en-la-materia","status":"publish","type":"post","link":"https:\/\/quehacerpolitico.mx\/?p=80471","title":{"rendered":"EL COMIT\u00c9 INTERINSTITUCIONAL DE IGUALDAD DE G\u00c9NERO DEL PODER JUDICIAL DE LA FEDERACI\u00d3N CUMPLE ONCE A\u00d1OS DE FUNCIONAMIENTO Y DESARROLLO DE ACCIONES EN LA MATERIA"},"content":{"rendered":"<p><strong><span data-originalfontsize=\"12pt\" data-originalcomputedfontsize=\"16\">EL COMIT\u00c9 INTERINSTITUCIONAL DE IGUALDAD DE G\u00c9NERO DEL PODER JUDICIAL DE LA FEDERACI\u00d3N CUMPLE ONCE A\u00d1OS DE FUNCIONAMIENTO Y DESARROLLO DE ACCIONES EN LA MATERIA<\/span><\/strong><\/p>\n<p>Por Redacci\u00f3n QP<\/p>\n<p><span data-originalfontsize=\"12pt\" data-originalcomputedfontsize=\"16\">El 4 de mayo de 2010, representantes de la Suprema Corte de Justicia de la Naci\u00f3n (SCJN), del Consejo de la Judicatura Federal (CJF) y del Tribunal Electoral del Poder Judicial de la Federaci\u00f3n (TEPJF), acordaron la creaci\u00f3n de un comit\u00e9 interinstitucional para impulsar acciones coordinadas en materia de igualdad de g\u00e9nero en cada una de las tres instancias judiciales que conforman el Poder Judicial de la Federaci\u00f3n.<\/span><\/p>\n<p><span data-originalfontsize=\"12pt\" data-originalcomputedfontsize=\"16\">A once a\u00f1os de su creaci\u00f3n, este Comit\u00e9 refrenda su compromiso por institucionalizar y transversalizar la perspectiva de g\u00e9nero en los \u00f3rganos que lo conforman, as\u00ed como generar nuevas sinergias que le permitan acelerar el paso en el desarrollo de proyectos que abonen a la raz\u00f3n que dio origen a este \u00f3rgano hace ya m\u00e1s de una d\u00e9cada.<\/span><\/p>\n<p><span data-originalfontsize=\"12pt\" data-originalcomputedfontsize=\"16\">Bajo la presidencia de la Ministra Yasm\u00edn Esquivel Mossa y con la contribuci\u00f3n de sus integrantes, la Consejera Eva Ver\u00f3nica de Gyv\u00e9s Z\u00e1rate (representante del CJF), y la Magistrada M\u00f3nica Aral\u00ed Soto Fregoso (representante del TEPJF), as\u00ed como con el apoyo de la secretaria t\u00e9cnica, Fernanda G\u00f3mez Balderas (titular de la Unidad General de Igualdad de G\u00e9nero de la SCJN), el Comit\u00e9 realizar\u00e1 m\u00faltiples acciones este y el pr\u00f3ximo a\u00f1o para cumplir con su objetivo.<\/span><\/p>\n<p><span data-originalfontsize=\"12pt\" data-originalcomputedfontsize=\"16\">Entre las estrategias a desarrollar desde este espacio de coordinaci\u00f3n interinstitucional se encuentran: la de profundizar en la institucionalizaci\u00f3n y transversalizaci\u00f3n de la perspectiva de g\u00e9nero a trav\u00e9s de la capacitaci\u00f3n y diversas acciones de sensibilizaci\u00f3n, la vinculaci\u00f3n interinstitucional,\u00a0 la organizaci\u00f3n de mesas de discusi\u00f3n con especialistas y la conmemoraci\u00f3n de fechas relevantes en materia de igualdad de g\u00e9nero, entre otras actividades para difundir y sensibilizar al p\u00fablico en general. El Comit\u00e9 propone tambi\u00e9n la instalaci\u00f3n de grupos de trabajo para abarcar un mayor n\u00famero de tem\u00e1ticas y dar seguimiento y cumplimiento puntual a las acciones establecidas.<\/span><\/p>\n","protected":false},"excerpt":{"rendered":"<p>EL COMIT\u00c9 INTERINSTITUCIONAL DE IGUALDAD DE G\u00c9NERO DEL PODER JUDICIAL DE LA FEDERACI\u00d3N CUMPLE ONCE&#8230;<\/p>\n","protected":false},"author":2,"featured_media":79353,"comment_status":"open","ping_status":"open","sticky":false,"template":"","format":"standard","meta":{"_monsterinsights_skip_tracking":false,"_monsterinsights_sitenote_active":false,"_monsterinsights_sitenote_note":"","_monsterinsights_sitenote_category":0,"footnotes":""},"categories":[2],"tags":[],"class_list":["post-80471","post","type-post","status-publish","format-standard","has-post-thumbnail","hentry","category-noticias"],"yoast_head":"<!-- This site is optimized with the Yoast SEO plugin v27.3 - https:\/\/yoast.com\/product\/yoast-seo-wordpress\/ -->\n<title>EL COMIT\u00c9 INTERINSTITUCIONAL DE IGUALDAD DE G\u00c9NERO DEL PODER JUDICIAL DE LA FEDERACI\u00d3N CUMPLE ONCE A\u00d1OS DE FUNCIONAMIENTO Y DESARROLLO DE ACCIONES EN LA MATERIA -<\/title>\n<meta name=\"robots\" content=\"index, follow, max-snippet:-1, max-image-preview:large, max-video-preview:-1\" \/>\n<link rel=\"canonical\" href=\"https:\/\/quehacerpolitico.mx\/?p=80471\" \/>\n<meta property=\"og:locale\" content=\"es_MX\" \/>\n<meta property=\"og:type\" content=\"article\" \/>\n<meta property=\"og:title\" content=\"EL COMIT\u00c9 INTERINSTITUCIONAL DE IGUALDAD DE G\u00c9NERO DEL PODER JUDICIAL DE LA FEDERACI\u00d3N CUMPLE ONCE A\u00d1OS DE FUNCIONAMIENTO Y DESARROLLO DE ACCIONES EN LA MATERIA -\" \/>\n<meta property=\"og:description\" content=\"EL COMIT\u00c9 INTERINSTITUCIONAL DE IGUALDAD DE G\u00c9NERO DEL PODER JUDICIAL DE LA FEDERACI\u00d3N CUMPLE ONCE...\" \/>\n<meta property=\"og:url\" content=\"https:\/\/quehacerpolitico.mx\/?p=80471\" \/>\n<meta property=\"article:published_time\" content=\"2021-05-04T18:32:22+00:00\" \/>\n<meta property=\"og:image\" content=\"https:\/\/quehacerpolitico.mx\/wp-content\/uploads\/2021\/04\/08993C86-E8E4-4616-92CE-9D9B569D6E6B.jpeg\" \/>\n\t<meta property=\"og:image:width\" content=\"642\" \/>\n\t<meta property=\"og:image:height\" content=\"336\" \/>\n\t<meta property=\"og:image:type\" content=\"image\/jpeg\" \/>\n<meta name=\"author\" content=\"Redacci\u00f3n QP\" \/>\n<meta name=\"twitter:card\" content=\"summary_large_image\" \/>\n<meta name=\"twitter:label1\" content=\"Escrito por\" \/>\n\t<meta name=\"twitter:data1\" content=\"Redacci\u00f3n QP\" \/>\n\t<meta name=\"twitter:label2\" content=\"Tiempo de lectura\" \/>\n\t<meta name=\"twitter:data2\" content=\"2 minutos\" \/>\n<script type=\"application\/ld+json\" class=\"yoast-schema-graph\">{\"@context\":\"https:\\\/\\\/schema.org\",\"@graph\":[{\"@type\":\"Article\",\"@id\":\"https:\\\/\\\/quehacerpolitico.mx\\\/?p=80471#article\",\"isPartOf\":{\"@id\":\"https:\\\/\\\/quehacerpolitico.mx\\\/?p=80471\"},\"author\":{\"name\":\"Redacci\u00f3n QP\",\"@id\":\"https:\\\/\\\/quehacerpolitico.mx\\\/#\\\/schema\\\/person\\\/496d8ad2d1d3f8036101dca7ee39e585\"},\"headline\":\"EL COMIT\u00c9 INTERINSTITUCIONAL DE IGUALDAD DE G\u00c9NERO DEL PODER JUDICIAL DE LA FEDERACI\u00d3N CUMPLE ONCE A\u00d1OS DE FUNCIONAMIENTO Y DESARROLLO DE ACCIONES EN LA MATERIA\",\"datePublished\":\"2021-05-04T18:32:22+00:00\",\"mainEntityOfPage\":{\"@id\":\"https:\\\/\\\/quehacerpolitico.mx\\\/?p=80471\"},\"wordCount\":396,\"commentCount\":0,\"image\":{\"@id\":\"https:\\\/\\\/quehacerpolitico.mx\\\/?p=80471#primaryimage\"},\"thumbnailUrl\":\"https:\\\/\\\/quehacerpolitico.mx\\\/wp-content\\\/uploads\\\/2021\\\/04\\\/08993C86-E8E4-4616-92CE-9D9B569D6E6B.jpeg\",\"articleSection\":[\"Noticias\"],\"inLanguage\":\"es\",\"potentialAction\":[{\"@type\":\"CommentAction\",\"name\":\"Comment\",\"target\":[\"https:\\\/\\\/quehacerpolitico.mx\\\/?p=80471#respond\"]}]},{\"@type\":\"WebPage\",\"@id\":\"https:\\\/\\\/quehacerpolitico.mx\\\/?p=80471\",\"url\":\"https:\\\/\\\/quehacerpolitico.mx\\\/?p=80471\",\"name\":\"EL COMIT\u00c9 INTERINSTITUCIONAL DE IGUALDAD DE G\u00c9NERO DEL PODER JUDICIAL DE LA FEDERACI\u00d3N CUMPLE ONCE A\u00d1OS DE FUNCIONAMIENTO Y DESARROLLO DE ACCIONES EN LA MATERIA -\",\"isPartOf\":{\"@id\":\"https:\\\/\\\/quehacerpolitico.mx\\\/#website\"},\"primaryImageOfPage\":{\"@id\":\"https:\\\/\\\/quehacerpolitico.mx\\\/?p=80471#primaryimage\"},\"image\":{\"@id\":\"https:\\\/\\\/quehacerpolitico.mx\\\/?p=80471#primaryimage\"},\"thumbnailUrl\":\"https:\\\/\\\/quehacerpolitico.mx\\\/wp-content\\\/uploads\\\/2021\\\/04\\\/08993C86-E8E4-4616-92CE-9D9B569D6E6B.jpeg\",\"datePublished\":\"2021-05-04T18:32:22+00:00\",\"author\":{\"@id\":\"https:\\\/\\\/quehacerpolitico.mx\\\/#\\\/schema\\\/person\\\/496d8ad2d1d3f8036101dca7ee39e585\"},\"breadcrumb\":{\"@id\":\"https:\\\/\\\/quehacerpolitico.mx\\\/?p=80471#breadcrumb\"},\"inLanguage\":\"es\",\"potentialAction\":[{\"@type\":\"ReadAction\",\"target\":[\"https:\\\/\\\/quehacerpolitico.mx\\\/?p=80471\"]}]},{\"@type\":\"ImageObject\",\"inLanguage\":\"es\",\"@id\":\"https:\\\/\\\/quehacerpolitico.mx\\\/?p=80471#primaryimage\",\"url\":\"https:\\\/\\\/quehacerpolitico.mx\\\/wp-content\\\/uploads\\\/2021\\\/04\\\/08993C86-E8E4-4616-92CE-9D9B569D6E6B.jpeg\",\"contentUrl\":\"https:\\\/\\\/quehacerpolitico.mx\\\/wp-content\\\/uploads\\\/2021\\\/04\\\/08993C86-E8E4-4616-92CE-9D9B569D6E6B.jpeg\",\"width\":642,\"height\":336},{\"@type\":\"BreadcrumbList\",\"@id\":\"https:\\\/\\\/quehacerpolitico.mx\\\/?p=80471#breadcrumb\",\"itemListElement\":[{\"@type\":\"ListItem\",\"position\":1,\"name\":\"Inicio\",\"item\":\"https:\\\/\\\/quehacerpolitico.mx\\\/\"},{\"@type\":\"ListItem\",\"position\":2,\"name\":\"EL COMIT\u00c9 INTERINSTITUCIONAL DE IGUALDAD DE G\u00c9NERO DEL PODER JUDICIAL DE LA FEDERACI\u00d3N CUMPLE ONCE A\u00d1OS DE FUNCIONAMIENTO Y DESARROLLO DE ACCIONES EN LA MATERIA\"}]},{\"@type\":\"WebSite\",\"@id\":\"https:\\\/\\\/quehacerpolitico.mx\\\/#website\",\"url\":\"https:\\\/\\\/quehacerpolitico.mx\\\/\",\"name\":\"\",\"description\":\"\",\"potentialAction\":[{\"@type\":\"SearchAction\",\"target\":{\"@type\":\"EntryPoint\",\"urlTemplate\":\"https:\\\/\\\/quehacerpolitico.mx\\\/?s={search_term_string}\"},\"query-input\":{\"@type\":\"PropertyValueSpecification\",\"valueRequired\":true,\"valueName\":\"search_term_string\"}}],\"inLanguage\":\"es\"},{\"@type\":\"Person\",\"@id\":\"https:\\\/\\\/quehacerpolitico.mx\\\/#\\\/schema\\\/person\\\/496d8ad2d1d3f8036101dca7ee39e585\",\"name\":\"Redacci\u00f3n QP\",\"image\":{\"@type\":\"ImageObject\",\"inLanguage\":\"es\",\"@id\":\"https:\\\/\\\/secure.gravatar.com\\\/avatar\\\/c7164ed6fdec453195284ad24a5ae5b6e1eed2b848477fa2a4787ba9adf39a41?s=96&d=mm&r=g\",\"url\":\"https:\\\/\\\/secure.gravatar.com\\\/avatar\\\/c7164ed6fdec453195284ad24a5ae5b6e1eed2b848477fa2a4787ba9adf39a41?s=96&d=mm&r=g\",\"contentUrl\":\"https:\\\/\\\/secure.gravatar.com\\\/avatar\\\/c7164ed6fdec453195284ad24a5ae5b6e1eed2b848477fa2a4787ba9adf39a41?s=96&d=mm&r=g\",\"caption\":\"Redacci\u00f3n QP\"},\"url\":\"https:\\\/\\\/quehacerpolitico.mx\\\/?author=2\"}]}<\/script>\n<!-- \/ Yoast SEO plugin. -->","yoast_head_json":{"title":"EL COMIT\u00c9 INTERINSTITUCIONAL DE IGUALDAD DE G\u00c9NERO DEL PODER JUDICIAL DE LA FEDERACI\u00d3N CUMPLE ONCE A\u00d1OS DE FUNCIONAMIENTO Y DESARROLLO DE ACCIONES EN LA MATERIA -","robots":{"index":"index","follow":"follow","max-snippet":"max-snippet:-1","max-image-preview":"max-image-preview:large","max-video-preview":"max-video-preview:-1"},"canonical":"https:\/\/quehacerpolitico.mx\/?p=80471","og_locale":"es_MX","og_type":"article","og_title":"EL COMIT\u00c9 INTERINSTITUCIONAL DE IGUALDAD DE G\u00c9NERO DEL PODER JUDICIAL DE LA FEDERACI\u00d3N CUMPLE ONCE A\u00d1OS DE FUNCIONAMIENTO Y DESARROLLO DE ACCIONES EN LA MATERIA -","og_description":"EL COMIT\u00c9 INTERINSTITUCIONAL DE IGUALDAD DE G\u00c9NERO DEL PODER JUDICIAL DE LA FEDERACI\u00d3N CUMPLE ONCE...","og_url":"https:\/\/quehacerpolitico.mx\/?p=80471","article_published_time":"2021-05-04T18:32:22+00:00","og_image":[{"width":642,"height":336,"url":"https:\/\/quehacerpolitico.mx\/wp-content\/uploads\/2021\/04\/08993C86-E8E4-4616-92CE-9D9B569D6E6B.jpeg","type":"image\/jpeg"}],"author":"Redacci\u00f3n QP","twitter_card":"summary_large_image","twitter_misc":{"Escrito por":"Redacci\u00f3n QP","Tiempo de lectura":"2 minutos"},"schema":{"@context":"https:\/\/schema.org","@graph":[{"@type":"Article","@id":"https:\/\/quehacerpolitico.mx\/?p=80471#article","isPartOf":{"@id":"https:\/\/quehacerpolitico.mx\/?p=80471"},"author":{"name":"Redacci\u00f3n QP","@id":"https:\/\/quehacerpolitico.mx\/#\/schema\/person\/496d8ad2d1d3f8036101dca7ee39e585"},"headline":"EL COMIT\u00c9 INTERINSTITUCIONAL DE IGUALDAD DE G\u00c9NERO DEL PODER JUDICIAL DE LA FEDERACI\u00d3N CUMPLE ONCE A\u00d1OS DE FUNCIONAMIENTO Y DESARROLLO DE ACCIONES EN LA MATERIA","datePublished":"2021-05-04T18:32:22+00:00","mainEntityOfPage":{"@id":"https:\/\/quehacerpolitico.mx\/?p=80471"},"wordCount":396,"commentCount":0,"image":{"@id":"https:\/\/quehacerpolitico.mx\/?p=80471#primaryimage"},"thumbnailUrl":"https:\/\/quehacerpolitico.mx\/wp-content\/uploads\/2021\/04\/08993C86-E8E4-4616-92CE-9D9B569D6E6B.jpeg","articleSection":["Noticias"],"inLanguage":"es","potentialAction":[{"@type":"CommentAction","name":"Comment","target":["https:\/\/quehacerpolitico.mx\/?p=80471#respond"]}]},{"@type":"WebPage","@id":"https:\/\/quehacerpolitico.mx\/?p=80471","url":"https:\/\/quehacerpolitico.mx\/?p=80471","name":"EL COMIT\u00c9 INTERINSTITUCIONAL DE IGUALDAD DE G\u00c9NERO DEL PODER JUDICIAL DE LA FEDERACI\u00d3N CUMPLE ONCE A\u00d1OS DE FUNCIONAMIENTO Y DESARROLLO DE ACCIONES EN LA MATERIA -","isPartOf":{"@id":"https:\/\/quehacerpolitico.mx\/#website"},"primaryImageOfPage":{"@id":"https:\/\/quehacerpolitico.mx\/?p=80471#primaryimage"},"image":{"@id":"https:\/\/quehacerpolitico.mx\/?p=80471#primaryimage"},"thumbnailUrl":"https:\/\/quehacerpolitico.mx\/wp-content\/uploads\/2021\/04\/08993C86-E8E4-4616-92CE-9D9B569D6E6B.jpeg","datePublished":"2021-05-04T18:32:22+00:00","author":{"@id":"https:\/\/quehacerpolitico.mx\/#\/schema\/person\/496d8ad2d1d3f8036101dca7ee39e585"},"breadcrumb":{"@id":"https:\/\/quehacerpolitico.mx\/?p=80471#breadcrumb"},"inLanguage":"es","potentialAction":[{"@type":"ReadAction","target":["https:\/\/quehacerpolitico.mx\/?p=80471"]}]},{"@type":"ImageObject","inLanguage":"es","@id":"https:\/\/quehacerpolitico.mx\/?p=80471#primaryimage","url":"https:\/\/quehacerpolitico.mx\/wp-content\/uploads\/2021\/04\/08993C86-E8E4-4616-92CE-9D9B569D6E6B.jpeg","contentUrl":"https:\/\/quehacerpolitico.mx\/wp-content\/uploads\/2021\/04\/08993C86-E8E4-4616-92CE-9D9B569D6E6B.jpeg","width":642,"height":336},{"@type":"BreadcrumbList","@id":"https:\/\/quehacerpolitico.mx\/?p=80471#breadcrumb","itemListElement":[{"@type":"ListItem","position":1,"name":"Inicio","item":"https:\/\/quehacerpolitico.mx\/"},{"@type":"ListItem","position":2,"name":"EL COMIT\u00c9 INTERINSTITUCIONAL DE IGUALDAD DE G\u00c9NERO DEL PODER JUDICIAL DE LA FEDERACI\u00d3N CUMPLE ONCE A\u00d1OS DE FUNCIONAMIENTO Y DESARROLLO DE ACCIONES EN LA MATERIA"}]},{"@type":"WebSite","@id":"https:\/\/quehacerpolitico.mx\/#website","url":"https:\/\/quehacerpolitico.mx\/","name":"","description":"","potentialAction":[{"@type":"SearchAction","target":{"@type":"EntryPoint","urlTemplate":"https:\/\/quehacerpolitico.mx\/?s={search_term_string}"},"query-input":{"@type":"PropertyValueSpecification","valueRequired":true,"valueName":"search_term_string"}}],"inLanguage":"es"},{"@type":"Person","@id":"https:\/\/quehacerpolitico.mx\/#\/schema\/person\/496d8ad2d1d3f8036101dca7ee39e585","name":"Redacci\u00f3n QP","image":{"@type":"ImageObject","inLanguage":"es","@id":"https:\/\/secure.gravatar.com\/avatar\/c7164ed6fdec453195284ad24a5ae5b6e1eed2b848477fa2a4787ba9adf39a41?s=96&d=mm&r=g","url":"https:\/\/secure.gravatar.com\/avatar\/c7164ed6fdec453195284ad24a5ae5b6e1eed2b848477fa2a4787ba9adf39a41?s=96&d=mm&r=g","contentUrl":"https:\/\/secure.gravatar.com\/avatar\/c7164ed6fdec453195284ad24a5ae5b6e1eed2b848477fa2a4787ba9adf39a41?s=96&d=mm&r=g","caption":"Redacci\u00f3n QP"},"url":"https:\/\/quehacerpolitico.mx\/?author=2"}]}},"featured_image_urls":{"full":["https:\/\/quehacerpolitico.mx\/wp-content\/uploads\/2021\/04\/08993C86-E8E4-4616-92CE-9D9B569D6E6B.jpeg",642,336,false],"thumbnail":["https:\/\/quehacerpolitico.mx\/wp-content\/uploads\/2021\/04\/08993C86-E8E4-4616-92CE-9D9B569D6E6B-150x150.jpeg",150,150,true],"medium":["https:\/\/quehacerpolitico.mx\/wp-content\/uploads\/2021\/04\/08993C86-E8E4-4616-92CE-9D9B569D6E6B-300x157.jpeg",300,157,true],"medium_large":["https:\/\/quehacerpolitico.mx\/wp-content\/uploads\/2021\/04\/08993C86-E8E4-4616-92CE-9D9B569D6E6B.jpeg",640,335,false],"large":["https:\/\/quehacerpolitico.mx\/wp-content\/uploads\/2021\/04\/08993C86-E8E4-4616-92CE-9D9B569D6E6B.jpeg",640,335,false],"1536x1536":["https:\/\/quehacerpolitico.mx\/wp-content\/uploads\/2021\/04\/08993C86-E8E4-4616-92CE-9D9B569D6E6B.jpeg",642,336,false],"2048x2048":["https:\/\/quehacerpolitico.mx\/wp-content\/uploads\/2021\/04\/08993C86-E8E4-4616-92CE-9D9B569D6E6B.jpeg",642,336,false],"covernews-featured":["https:\/\/quehacerpolitico.mx\/wp-content\/uploads\/2021\/04\/08993C86-E8E4-4616-92CE-9D9B569D6E6B.jpeg",642,336,false],"covernews-medium":["https:\/\/quehacerpolitico.mx\/wp-content\/uploads\/2021\/04\/08993C86-E8E4-4616-92CE-9D9B569D6E6B.jpeg",540,283,false]},"author_info":{"display_name":"Redacci\u00f3n QP","author_link":"https:\/\/quehacerpolitico.mx\/?author=2"},"category_info":"<a href=\"https:\/\/quehacerpolitico.mx\/?cat=2\" rel=\"category\">Noticias<\/a>","tag_info":"Noticias","comment_count":"0","_links":{"self":[{"href":"https:\/\/quehacerpolitico.mx\/index.php?rest_route=\/wp\/v2\/posts\/80471","targetHints":{"allow":["GET"]}}],"collection":[{"href":"https:\/\/quehacerpolitico.mx\/index.php?rest_route=\/wp\/v2\/posts"}],"about":[{"href":"https:\/\/quehacerpolitico.mx\/index.php?rest_route=\/wp\/v2\/types\/post"}],"author":[{"embeddable":true,"href":"https:\/\/quehacerpolitico.mx\/index.php?rest_route=\/wp\/v2\/users\/2"}],"replies":[{"embeddable":true,"href":"https:\/\/quehacerpolitico.mx\/index.php?rest_route=%2Fwp%2Fv2%2Fcomments&post=80471"}],"version-history":[{"count":0,"href":"https:\/\/quehacerpolitico.mx\/index.php?rest_route=\/wp\/v2\/posts\/80471\/revisions"}],"wp:featuredmedia":[{"embeddable":true,"href":"https:\/\/quehacerpolitico.mx\/index.php?rest_route=\/wp\/v2\/media\/79353"}],"wp:attachment":[{"href":"https:\/\/quehacerpolitico.mx\/index.php?rest_route=%2Fwp%2Fv2%2Fmedia&parent=80471"}],"wp:term":[{"taxonomy":"category","embeddable":true,"href":"https:\/\/quehacerpolitico.mx\/index.php?rest_route=%2Fwp%2Fv2%2Fcategories&post=80471"},{"taxonomy":"post_tag","embeddable":true,"href":"https:\/\/quehacerpolitico.mx\/index.php?rest_route=%2Fwp%2Fv2%2Ftags&post=80471"}],"curies":[{"name":"wp","href":"https:\/\/api.w.org\/{rel}","templated":true}]}}