{"id":80465,"date":"2021-05-04T18:18:48","date_gmt":"2021-05-04T18:18:48","guid":{"rendered":"https:\/\/quehacerpolitico.mx\/?p=80465"},"modified":"2021-05-04T18:18:48","modified_gmt":"2021-05-04T18:18:48","slug":"tras-colapso-en-linea-12-del-metro-usuarios-advierten-sobre-riesgo-en-estacion-pantitlan","status":"publish","type":"post","link":"https:\/\/quehacerpolitico.mx\/?p=80465","title":{"rendered":"Tras colapso en L\u00ednea 12 del Metro, usuarios advierten sobre riesgo en estaci\u00f3n Pantitl\u00e1n"},"content":{"rendered":"<p>Tras colapso en L\u00ednea 12 del Metro, usuarios advierten sobre riesgo en estaci\u00f3n Pantitl\u00e1n<br \/>\nPor Redacci\u00f3n QP<\/p>\n<p>Tras el accidente en la L\u00ednea 12 del Metro, usuarios advirtieron sobre el riego latente que existe en Pantitl\u00e1n y otras estaciones, que aseguran son una \u201cbomba de tiempo\u201d<\/p>\n<p>Tras el <strong>desplome d<\/strong>e una trabe en la Linea 12\u00a0<strong>del Metro<\/strong> que dej\u00f3 como saldo 23 personas muertas y 79 lesionadas, los usuarios advirtieron sobre el <strong>riesgo latente <\/strong>que existe en otras estaciones del <strong>Sistema de Transporte Colectivo<\/strong> (STC), tal es el caso de la <strong>estaci\u00f3n Pantitl\u00e1n<\/strong><a href=\"https:\/\/bit.ly\/2LzPkK6\" target=\"_blank\" rel=\"noopener\">,<\/a> donde se observan estructuras vencidas y agrietadas.<\/p>\n<p>A trav\u00e9s de redes sociales y con el hashtag Pantitl\u00e1n, usuarios del sistema de transporte publicaron fotograf\u00edas en las que es evidente el da\u00f1o en las estructuras de la estaci\u00f3n Pantitl\u00e1n, que aseguran es una bomba de tiempo latente.<\/p>\n<p>En las im\u00e1genes compartidas por internautas se pueden ver estructuras vencidas y agrietadas, al tiempo que pidieron a las autoridades capitalinas tomar cartas en el asunto y as\u00ed evitar una tragedia.<\/p>\n<blockquote class=\"twitter-tweet\" data-width=\"550\" data-dnt=\"true\">\n<p lang=\"es\" dir=\"ltr\"><a href=\"https:\/\/twitter.com\/hashtag\/Linea12?src=hash&amp;ref_src=twsrc%5Etfw\">#Linea12<\/a> <a href=\"https:\/\/twitter.com\/hashtag\/MetroCDMX?src=hash&amp;ref_src=twsrc%5Etfw\">#MetroCDMX<\/a> <br \/>Metro Pantitl\u00e1n es una bomba de tiempo. <a href=\"https:\/\/t.co\/LTDpHJvhdj\">pic.twitter.com\/LTDpHJvhdj<\/a><\/p>\n<p>&mdash; Fernysaan (@Fernysaann) <a href=\"https:\/\/twitter.com\/Fernysaann\/status\/1389447440541966337?ref_src=twsrc%5Etfw\">May 4, 2021<\/a><\/p><\/blockquote>\n<p><script async src=\"https:\/\/platform.twitter.com\/widgets.js\" charset=\"utf-8\"><\/script><\/p>\n<blockquote class=\"twitter-tweet\" data-width=\"550\" data-dnt=\"true\">\n<p lang=\"es\" dir=\"ltr\">Seguir\u00e1 el metro Pantitl\u00e1n? \u00a1URGE MANTENIMIENTO!<br \/>        ((1era llamada ))\ud83d\udde3\ufe0f\ud83d\udde3\ufe0f <a href=\"https:\/\/t.co\/s11rDdpz2y\">pic.twitter.com\/s11rDdpz2y<\/a><\/p>\n<p>&mdash; \u263e\u2661 \u1d38\u1d58\u207f\u2071\u1d57\u1d43 (@sele_nuska) <a href=\"https:\/\/twitter.com\/sele_nuska\/status\/1389456547860856835?ref_src=twsrc%5Etfw\">May 4, 2021<\/a><\/p><\/blockquote>\n<p><script async src=\"https:\/\/platform.twitter.com\/widgets.js\" charset=\"utf-8\"><\/script><\/p>\n<h2><strong>Usuarios denuncian riesgo en L\u00edneas 4 y B del Metro<\/strong><\/h2>\n<p>Adem\u00e1s de la estaci\u00f3n Pantitl\u00e1n, usuarios denunciaron a trav\u00e9s de redes sociales los da\u00f1os estructurales que presentan las <strong>L\u00edneas 4<\/strong> y<strong> B del Metro, <\/strong>ambas elevadas.<\/p>\n<p>Usuarios dieron a conocer im\u00e1genes en las que se ven da\u00f1os en las estructuras en las estaciones Consulado de la L\u00ednea 4 del Metro, que corre de Mart\u00edn Carrera a Santa Anita, y en la estaci\u00f3n Ocean\u00eda, que corre de Ciudad Azteca a Buenavista.<\/p>\n<blockquote class=\"twitter-tweet\" data-width=\"550\" data-dnt=\"true\">\n<p lang=\"es\" dir=\"ltr\">OTRAS BOMBAS DE<br \/>TIEMPO DEL <a href=\"https:\/\/twitter.com\/hashtag\/METRO?src=hash&amp;ref_src=twsrc%5Etfw\">#METRO<\/a><\/p>\n<p>\u26a0\ufe0f Al menos tres estaciones m\u00e1s del <a href=\"https:\/\/twitter.com\/hashtag\/MetroCDMX?src=hash&amp;ref_src=twsrc%5Etfw\">#MetroCDMX<\/a> est\u00e1n en riesgo de colapso: Pantitl\u00e1n (39 a\u00f1os) Ocean\u00eda L\u00ednea B (22 a\u00f1os) y Consulado L\u00ednea 4 (40 a\u00f1os). En las primeras dos transitan diariamente cerca de un mill\u00f3n de personas. \u00bfQu\u00e9 suceder\u00e1? \ud83d\udea8 <a href=\"https:\/\/t.co\/jrMWqyIKxm\">pic.twitter.com\/jrMWqyIKxm<\/a><\/p>\n<p>&mdash; Fernando Moreno \u270d (@Fer_moreno17) <a href=\"https:\/\/twitter.com\/Fer_moreno17\/status\/1389583377041342473?ref_src=twsrc%5Etfw\">May 4, 2021<\/a><\/p><\/blockquote>\n<p><script async src=\"https:\/\/platform.twitter.com\/widgets.js\" charset=\"utf-8\"><\/script><\/p>\n<div class=\"field-paragraphs\">\n<div class=\"entity entity-paragraphs-item paragraphs-item-code-paragraph\">\n<div class=\"content\">\n<div class=\"field-embed-code\"><iframe class=\"i-amphtml-fill-content\" src=\"https:\/\/www.facebook.com\/plugins\/post.php?href=https%3A%2F%2Fwww.facebook.com%2Fphoto%2F%3Ffbid%3D4376272332416861%26set%3Dp.4376272332416861&amp;width=500&amp;show_text=true&amp;height=498&amp;appId#amp=1\" name=\"amp_iframe0\" frameborder=\"0\" sandbox=\"allow-scripts allow-same-origin\" data-mce-fragment=\"1\"><\/iframe><\/div>\n<\/div>\n<\/div>\n<\/div>\n<div class=\"field-paragraphs\">\n<div class=\"entity entity-paragraphs-item paragraphs-item-text-paragraph\">\n<div class=\"content\">\n<div class=\"field-text-paragraph\">\n<h2><strong>Se desploma trabe en estaci\u00f3n Olivos en L\u00ednea 12 del Metro<\/strong><\/h2>\n<p>Cerca de las 10:25 de la noche, a la altura de la estaci\u00f3n Olivos de la L\u00ednea 12 del Metro, una trabe de concreto se desplom\u00f3 sobre avenida Tl\u00e1huac provocando el descarrilamiento de uno de sus trenes.<\/p>\n<p>Los hechos ocurrieron entre las estaciones Tezonco y Olivos de la L\u00ednea 12 del Metro y dejaron como saldo m\u00e1s de una veintena de personas fallecidas seg\u00fan la informaci\u00f3n de las propias autoridades en voz de Claudia Sheinbaum, Jefa de Gobierno de la Ciudad de M\u00e9xico.<\/p>\n<\/div>\n<\/div>\n<\/div>\n<\/div>\n","protected":false},"excerpt":{"rendered":"<p>Tras colapso en L\u00ednea 12 del Metro, usuarios advierten sobre riesgo en estaci\u00f3n Pantitl\u00e1n Por&#8230;<\/p>\n","protected":false},"author":2,"featured_media":80469,"comment_status":"open","ping_status":"open","sticky":false,"template":"","format":"standard","meta":{"_monsterinsights_skip_tracking":false,"_monsterinsights_sitenote_active":false,"_monsterinsights_sitenote_note":"","_monsterinsights_sitenote_category":0,"footnotes":""},"categories":[55],"tags":[],"class_list":["post-80465","post","type-post","status-publish","format-standard","has-post-thumbnail","hentry","category-cdmx"],"yoast_head":"<!-- This site is optimized with the Yoast SEO plugin v27.3 - https:\/\/yoast.com\/product\/yoast-seo-wordpress\/ -->\n<title>Tras colapso en L\u00ednea 12 del Metro, usuarios advierten sobre riesgo en estaci\u00f3n Pantitl\u00e1n -<\/title>\n<meta name=\"robots\" content=\"index, follow, max-snippet:-1, max-image-preview:large, max-video-preview:-1\" \/>\n<link rel=\"canonical\" href=\"https:\/\/quehacerpolitico.mx\/?p=80465\" \/>\n<meta property=\"og:locale\" content=\"es_MX\" \/>\n<meta property=\"og:type\" content=\"article\" \/>\n<meta property=\"og:title\" content=\"Tras colapso en L\u00ednea 12 del Metro, usuarios advierten sobre riesgo en estaci\u00f3n Pantitl\u00e1n -\" \/>\n<meta property=\"og:description\" content=\"Tras colapso en L\u00ednea 12 del Metro, usuarios advierten sobre riesgo en estaci\u00f3n Pantitl\u00e1n Por...\" \/>\n<meta property=\"og:url\" content=\"https:\/\/quehacerpolitico.mx\/?p=80465\" \/>\n<meta property=\"article:published_time\" content=\"2021-05-04T18:18:48+00:00\" \/>\n<meta property=\"og:image\" content=\"https:\/\/quehacerpolitico.mx\/wp-content\/uploads\/2021\/05\/56EAAF09-2230-497F-9ED6-AEED4AAB2CF7.jpeg\" \/>\n\t<meta property=\"og:image:width\" content=\"696\" \/>\n\t<meta property=\"og:image:height\" content=\"433\" \/>\n\t<meta property=\"og:image:type\" content=\"image\/jpeg\" \/>\n<meta name=\"author\" content=\"Redacci\u00f3n QP\" \/>\n<meta name=\"twitter:card\" content=\"summary_large_image\" \/>\n<meta name=\"twitter:label1\" content=\"Escrito por\" \/>\n\t<meta name=\"twitter:data1\" content=\"Redacci\u00f3n QP\" \/>\n\t<meta name=\"twitter:label2\" content=\"Tiempo de lectura\" \/>\n\t<meta name=\"twitter:data2\" content=\"2 minutos\" \/>\n<script type=\"application\/ld+json\" class=\"yoast-schema-graph\">{\"@context\":\"https:\\\/\\\/schema.org\",\"@graph\":[{\"@type\":\"Article\",\"@id\":\"https:\\\/\\\/quehacerpolitico.mx\\\/?p=80465#article\",\"isPartOf\":{\"@id\":\"https:\\\/\\\/quehacerpolitico.mx\\\/?p=80465\"},\"author\":{\"name\":\"Redacci\u00f3n QP\",\"@id\":\"https:\\\/\\\/quehacerpolitico.mx\\\/#\\\/schema\\\/person\\\/496d8ad2d1d3f8036101dca7ee39e585\"},\"headline\":\"Tras colapso en L\u00ednea 12 del Metro, usuarios advierten sobre riesgo en estaci\u00f3n Pantitl\u00e1n\",\"datePublished\":\"2021-05-04T18:18:48+00:00\",\"mainEntityOfPage\":{\"@id\":\"https:\\\/\\\/quehacerpolitico.mx\\\/?p=80465\"},\"wordCount\":407,\"commentCount\":0,\"image\":{\"@id\":\"https:\\\/\\\/quehacerpolitico.mx\\\/?p=80465#primaryimage\"},\"thumbnailUrl\":\"https:\\\/\\\/quehacerpolitico.mx\\\/wp-content\\\/uploads\\\/2021\\\/05\\\/56EAAF09-2230-497F-9ED6-AEED4AAB2CF7.jpeg\",\"articleSection\":[\"CDMX\"],\"inLanguage\":\"es\",\"potentialAction\":[{\"@type\":\"CommentAction\",\"name\":\"Comment\",\"target\":[\"https:\\\/\\\/quehacerpolitico.mx\\\/?p=80465#respond\"]}]},{\"@type\":\"WebPage\",\"@id\":\"https:\\\/\\\/quehacerpolitico.mx\\\/?p=80465\",\"url\":\"https:\\\/\\\/quehacerpolitico.mx\\\/?p=80465\",\"name\":\"Tras colapso en L\u00ednea 12 del Metro, usuarios advierten sobre riesgo en estaci\u00f3n Pantitl\u00e1n -\",\"isPartOf\":{\"@id\":\"https:\\\/\\\/quehacerpolitico.mx\\\/#website\"},\"primaryImageOfPage\":{\"@id\":\"https:\\\/\\\/quehacerpolitico.mx\\\/?p=80465#primaryimage\"},\"image\":{\"@id\":\"https:\\\/\\\/quehacerpolitico.mx\\\/?p=80465#primaryimage\"},\"thumbnailUrl\":\"https:\\\/\\\/quehacerpolitico.mx\\\/wp-content\\\/uploads\\\/2021\\\/05\\\/56EAAF09-2230-497F-9ED6-AEED4AAB2CF7.jpeg\",\"datePublished\":\"2021-05-04T18:18:48+00:00\",\"author\":{\"@id\":\"https:\\\/\\\/quehacerpolitico.mx\\\/#\\\/schema\\\/person\\\/496d8ad2d1d3f8036101dca7ee39e585\"},\"breadcrumb\":{\"@id\":\"https:\\\/\\\/quehacerpolitico.mx\\\/?p=80465#breadcrumb\"},\"inLanguage\":\"es\",\"potentialAction\":[{\"@type\":\"ReadAction\",\"target\":[\"https:\\\/\\\/quehacerpolitico.mx\\\/?p=80465\"]}]},{\"@type\":\"ImageObject\",\"inLanguage\":\"es\",\"@id\":\"https:\\\/\\\/quehacerpolitico.mx\\\/?p=80465#primaryimage\",\"url\":\"https:\\\/\\\/quehacerpolitico.mx\\\/wp-content\\\/uploads\\\/2021\\\/05\\\/56EAAF09-2230-497F-9ED6-AEED4AAB2CF7.jpeg\",\"contentUrl\":\"https:\\\/\\\/quehacerpolitico.mx\\\/wp-content\\\/uploads\\\/2021\\\/05\\\/56EAAF09-2230-497F-9ED6-AEED4AAB2CF7.jpeg\",\"width\":696,\"height\":433},{\"@type\":\"BreadcrumbList\",\"@id\":\"https:\\\/\\\/quehacerpolitico.mx\\\/?p=80465#breadcrumb\",\"itemListElement\":[{\"@type\":\"ListItem\",\"position\":1,\"name\":\"Inicio\",\"item\":\"https:\\\/\\\/quehacerpolitico.mx\\\/\"},{\"@type\":\"ListItem\",\"position\":2,\"name\":\"Tras colapso en L\u00ednea 12 del Metro, usuarios advierten sobre riesgo en estaci\u00f3n Pantitl\u00e1n\"}]},{\"@type\":\"WebSite\",\"@id\":\"https:\\\/\\\/quehacerpolitico.mx\\\/#website\",\"url\":\"https:\\\/\\\/quehacerpolitico.mx\\\/\",\"name\":\"\",\"description\":\"\",\"potentialAction\":[{\"@type\":\"SearchAction\",\"target\":{\"@type\":\"EntryPoint\",\"urlTemplate\":\"https:\\\/\\\/quehacerpolitico.mx\\\/?s={search_term_string}\"},\"query-input\":{\"@type\":\"PropertyValueSpecification\",\"valueRequired\":true,\"valueName\":\"search_term_string\"}}],\"inLanguage\":\"es\"},{\"@type\":\"Person\",\"@id\":\"https:\\\/\\\/quehacerpolitico.mx\\\/#\\\/schema\\\/person\\\/496d8ad2d1d3f8036101dca7ee39e585\",\"name\":\"Redacci\u00f3n QP\",\"image\":{\"@type\":\"ImageObject\",\"inLanguage\":\"es\",\"@id\":\"https:\\\/\\\/secure.gravatar.com\\\/avatar\\\/c7164ed6fdec453195284ad24a5ae5b6e1eed2b848477fa2a4787ba9adf39a41?s=96&d=mm&r=g\",\"url\":\"https:\\\/\\\/secure.gravatar.com\\\/avatar\\\/c7164ed6fdec453195284ad24a5ae5b6e1eed2b848477fa2a4787ba9adf39a41?s=96&d=mm&r=g\",\"contentUrl\":\"https:\\\/\\\/secure.gravatar.com\\\/avatar\\\/c7164ed6fdec453195284ad24a5ae5b6e1eed2b848477fa2a4787ba9adf39a41?s=96&d=mm&r=g\",\"caption\":\"Redacci\u00f3n QP\"},\"url\":\"https:\\\/\\\/quehacerpolitico.mx\\\/?author=2\"}]}<\/script>\n<!-- \/ Yoast SEO plugin. -->","yoast_head_json":{"title":"Tras colapso en L\u00ednea 12 del Metro, usuarios advierten sobre riesgo en estaci\u00f3n Pantitl\u00e1n -","robots":{"index":"index","follow":"follow","max-snippet":"max-snippet:-1","max-image-preview":"max-image-preview:large","max-video-preview":"max-video-preview:-1"},"canonical":"https:\/\/quehacerpolitico.mx\/?p=80465","og_locale":"es_MX","og_type":"article","og_title":"Tras colapso en L\u00ednea 12 del Metro, usuarios advierten sobre riesgo en estaci\u00f3n Pantitl\u00e1n -","og_description":"Tras colapso en L\u00ednea 12 del Metro, usuarios advierten sobre riesgo en estaci\u00f3n Pantitl\u00e1n Por...","og_url":"https:\/\/quehacerpolitico.mx\/?p=80465","article_published_time":"2021-05-04T18:18:48+00:00","og_image":[{"width":696,"height":433,"url":"https:\/\/quehacerpolitico.mx\/wp-content\/uploads\/2021\/05\/56EAAF09-2230-497F-9ED6-AEED4AAB2CF7.jpeg","type":"image\/jpeg"}],"author":"Redacci\u00f3n QP","twitter_card":"summary_large_image","twitter_misc":{"Escrito por":"Redacci\u00f3n QP","Tiempo de lectura":"2 minutos"},"schema":{"@context":"https:\/\/schema.org","@graph":[{"@type":"Article","@id":"https:\/\/quehacerpolitico.mx\/?p=80465#article","isPartOf":{"@id":"https:\/\/quehacerpolitico.mx\/?p=80465"},"author":{"name":"Redacci\u00f3n QP","@id":"https:\/\/quehacerpolitico.mx\/#\/schema\/person\/496d8ad2d1d3f8036101dca7ee39e585"},"headline":"Tras colapso en L\u00ednea 12 del Metro, usuarios advierten sobre riesgo en estaci\u00f3n Pantitl\u00e1n","datePublished":"2021-05-04T18:18:48+00:00","mainEntityOfPage":{"@id":"https:\/\/quehacerpolitico.mx\/?p=80465"},"wordCount":407,"commentCount":0,"image":{"@id":"https:\/\/quehacerpolitico.mx\/?p=80465#primaryimage"},"thumbnailUrl":"https:\/\/quehacerpolitico.mx\/wp-content\/uploads\/2021\/05\/56EAAF09-2230-497F-9ED6-AEED4AAB2CF7.jpeg","articleSection":["CDMX"],"inLanguage":"es","potentialAction":[{"@type":"CommentAction","name":"Comment","target":["https:\/\/quehacerpolitico.mx\/?p=80465#respond"]}]},{"@type":"WebPage","@id":"https:\/\/quehacerpolitico.mx\/?p=80465","url":"https:\/\/quehacerpolitico.mx\/?p=80465","name":"Tras colapso en L\u00ednea 12 del Metro, usuarios advierten sobre riesgo en estaci\u00f3n Pantitl\u00e1n -","isPartOf":{"@id":"https:\/\/quehacerpolitico.mx\/#website"},"primaryImageOfPage":{"@id":"https:\/\/quehacerpolitico.mx\/?p=80465#primaryimage"},"image":{"@id":"https:\/\/quehacerpolitico.mx\/?p=80465#primaryimage"},"thumbnailUrl":"https:\/\/quehacerpolitico.mx\/wp-content\/uploads\/2021\/05\/56EAAF09-2230-497F-9ED6-AEED4AAB2CF7.jpeg","datePublished":"2021-05-04T18:18:48+00:00","author":{"@id":"https:\/\/quehacerpolitico.mx\/#\/schema\/person\/496d8ad2d1d3f8036101dca7ee39e585"},"breadcrumb":{"@id":"https:\/\/quehacerpolitico.mx\/?p=80465#breadcrumb"},"inLanguage":"es","potentialAction":[{"@type":"ReadAction","target":["https:\/\/quehacerpolitico.mx\/?p=80465"]}]},{"@type":"ImageObject","inLanguage":"es","@id":"https:\/\/quehacerpolitico.mx\/?p=80465#primaryimage","url":"https:\/\/quehacerpolitico.mx\/wp-content\/uploads\/2021\/05\/56EAAF09-2230-497F-9ED6-AEED4AAB2CF7.jpeg","contentUrl":"https:\/\/quehacerpolitico.mx\/wp-content\/uploads\/2021\/05\/56EAAF09-2230-497F-9ED6-AEED4AAB2CF7.jpeg","width":696,"height":433},{"@type":"BreadcrumbList","@id":"https:\/\/quehacerpolitico.mx\/?p=80465#breadcrumb","itemListElement":[{"@type":"ListItem","position":1,"name":"Inicio","item":"https:\/\/quehacerpolitico.mx\/"},{"@type":"ListItem","position":2,"name":"Tras colapso en L\u00ednea 12 del Metro, usuarios advierten sobre riesgo en estaci\u00f3n Pantitl\u00e1n"}]},{"@type":"WebSite","@id":"https:\/\/quehacerpolitico.mx\/#website","url":"https:\/\/quehacerpolitico.mx\/","name":"","description":"","potentialAction":[{"@type":"SearchAction","target":{"@type":"EntryPoint","urlTemplate":"https:\/\/quehacerpolitico.mx\/?s={search_term_string}"},"query-input":{"@type":"PropertyValueSpecification","valueRequired":true,"valueName":"search_term_string"}}],"inLanguage":"es"},{"@type":"Person","@id":"https:\/\/quehacerpolitico.mx\/#\/schema\/person\/496d8ad2d1d3f8036101dca7ee39e585","name":"Redacci\u00f3n QP","image":{"@type":"ImageObject","inLanguage":"es","@id":"https:\/\/secure.gravatar.com\/avatar\/c7164ed6fdec453195284ad24a5ae5b6e1eed2b848477fa2a4787ba9adf39a41?s=96&d=mm&r=g","url":"https:\/\/secure.gravatar.com\/avatar\/c7164ed6fdec453195284ad24a5ae5b6e1eed2b848477fa2a4787ba9adf39a41?s=96&d=mm&r=g","contentUrl":"https:\/\/secure.gravatar.com\/avatar\/c7164ed6fdec453195284ad24a5ae5b6e1eed2b848477fa2a4787ba9adf39a41?s=96&d=mm&r=g","caption":"Redacci\u00f3n QP"},"url":"https:\/\/quehacerpolitico.mx\/?author=2"}]}},"featured_image_urls":{"full":["https:\/\/quehacerpolitico.mx\/wp-content\/uploads\/2021\/05\/56EAAF09-2230-497F-9ED6-AEED4AAB2CF7.jpeg",696,433,false],"thumbnail":["https:\/\/quehacerpolitico.mx\/wp-content\/uploads\/2021\/05\/56EAAF09-2230-497F-9ED6-AEED4AAB2CF7-150x150.jpeg",150,150,true],"medium":["https:\/\/quehacerpolitico.mx\/wp-content\/uploads\/2021\/05\/56EAAF09-2230-497F-9ED6-AEED4AAB2CF7-300x187.jpeg",300,187,true],"medium_large":["https:\/\/quehacerpolitico.mx\/wp-content\/uploads\/2021\/05\/56EAAF09-2230-497F-9ED6-AEED4AAB2CF7.jpeg",640,398,false],"large":["https:\/\/quehacerpolitico.mx\/wp-content\/uploads\/2021\/05\/56EAAF09-2230-497F-9ED6-AEED4AAB2CF7.jpeg",640,398,false],"1536x1536":["https:\/\/quehacerpolitico.mx\/wp-content\/uploads\/2021\/05\/56EAAF09-2230-497F-9ED6-AEED4AAB2CF7.jpeg",696,433,false],"2048x2048":["https:\/\/quehacerpolitico.mx\/wp-content\/uploads\/2021\/05\/56EAAF09-2230-497F-9ED6-AEED4AAB2CF7.jpeg",696,433,false],"covernews-featured":["https:\/\/quehacerpolitico.mx\/wp-content\/uploads\/2021\/05\/56EAAF09-2230-497F-9ED6-AEED4AAB2CF7.jpeg",696,433,false],"covernews-medium":["https:\/\/quehacerpolitico.mx\/wp-content\/uploads\/2021\/05\/56EAAF09-2230-497F-9ED6-AEED4AAB2CF7.jpeg",540,336,false]},"author_info":{"display_name":"Redacci\u00f3n QP","author_link":"https:\/\/quehacerpolitico.mx\/?author=2"},"category_info":"<a href=\"https:\/\/quehacerpolitico.mx\/?cat=55\" rel=\"category\">CDMX<\/a>","tag_info":"CDMX","comment_count":"0","_links":{"self":[{"href":"https:\/\/quehacerpolitico.mx\/index.php?rest_route=\/wp\/v2\/posts\/80465","targetHints":{"allow":["GET"]}}],"collection":[{"href":"https:\/\/quehacerpolitico.mx\/index.php?rest_route=\/wp\/v2\/posts"}],"about":[{"href":"https:\/\/quehacerpolitico.mx\/index.php?rest_route=\/wp\/v2\/types\/post"}],"author":[{"embeddable":true,"href":"https:\/\/quehacerpolitico.mx\/index.php?rest_route=\/wp\/v2\/users\/2"}],"replies":[{"embeddable":true,"href":"https:\/\/quehacerpolitico.mx\/index.php?rest_route=%2Fwp%2Fv2%2Fcomments&post=80465"}],"version-history":[{"count":0,"href":"https:\/\/quehacerpolitico.mx\/index.php?rest_route=\/wp\/v2\/posts\/80465\/revisions"}],"wp:featuredmedia":[{"embeddable":true,"href":"https:\/\/quehacerpolitico.mx\/index.php?rest_route=\/wp\/v2\/media\/80469"}],"wp:attachment":[{"href":"https:\/\/quehacerpolitico.mx\/index.php?rest_route=%2Fwp%2Fv2%2Fmedia&parent=80465"}],"wp:term":[{"taxonomy":"category","embeddable":true,"href":"https:\/\/quehacerpolitico.mx\/index.php?rest_route=%2Fwp%2Fv2%2Fcategories&post=80465"},{"taxonomy":"post_tag","embeddable":true,"href":"https:\/\/quehacerpolitico.mx\/index.php?rest_route=%2Fwp%2Fv2%2Ftags&post=80465"}],"curies":[{"name":"wp","href":"https:\/\/api.w.org\/{rel}","templated":true}]}}