{"id":80393,"date":"2021-05-04T02:08:28","date_gmt":"2021-05-04T02:08:28","guid":{"rendered":"https:\/\/quehacerpolitico.mx\/?p=80393"},"modified":"2021-05-04T02:08:28","modified_gmt":"2021-05-04T02:08:28","slug":"juez-fallo-en-favor-de-el-guero-palma-al-no-probarse-denuncias","status":"publish","type":"post","link":"https:\/\/quehacerpolitico.mx\/?p=80393","title":{"rendered":"Juez fall\u00f3 en favor de &#8220;El G\u00fcero&#8221; Palma al no probarse denuncias"},"content":{"rendered":"<h1 class=\"news-title\">Juez fall\u00f3 en favor de &#8220;El G\u00fcero&#8221; Palma al no probarse denuncias<br \/>\nPor Redacci\u00f3n QP<\/h1>\n<div class=\"news-subtitle\">\n<p>La FGR no logr\u00f3 acreditar la acusaci\u00f3n de delincuencia organizada en contra de H\u00e9ctor Palma<\/p>\n<\/div>\n<div class=\"social-share-box normal\">\n<p>La Fiscal\u00eda General de la Rep\u00fablica no logr\u00f3 reunir pruebas suficientes en contra de H\u00e9ctor &#8220;El G\u00fcero&#8221; Palma en la acusaci\u00f3n de delincuencia organizada, en su hip\u00f3tesis de delitos contra la salud.<\/p>\n<div id=\"div-pos-2\">As\u00ed lo afirm\u00f3 el juez Segundo de Distrito de Procesos Penales Federales del estado de Jalisco, quien <strong>el 1 de abril pasado notific\u00f3 la resoluci\u00f3n con la que absolvi\u00f3 y orden\u00f3 la inmediata libertad de uno de los fundadores del &#8220;C\u00e1rtel de Sinaloa&#8221;.<\/strong><\/div>\n<div id=\"teads_ad\">\n<div id=\"div-gpt-ad-1548262875188-0\" data-google-query-id=\"CILI9dT2rvACFbjA9gIdqvgJDw\">\n<div id=\"google_ads_iframe_\/1001694\/INF_intext_1_0__container__\">&#8220;Se concluye, que los medios probatorios que obran en el sumario resultan insuficientes para acreditar el delito de delincuencia organizada, previsto en el art\u00edculo 2, fracci\u00f3n I (hip\u00f3tesis delitos contra la salud) y sancionado por el numeral 4, fracci\u00f3n I, inciso a), de la Ley Federal contra la Delincuencia Organizada, por ello, resulta innecesario entrar al estudio de la responsabilidad del acusado en la comisi\u00f3n de \u00e9ste&#8221;, se\u00f1al\u00f3 el juzgador.<\/div>\n<\/div>\n<\/div>\n<div class=\"banner b2\">\n<div id=\"div-gpt-ad-1505954097040-2\" data-google-query-id=\"CIPI9dT2rvACFbjA9gIdqvgJDw\">\n<p>En la sentencia, el juez se\u00f1al\u00f3 que entre las pruebas con las que la FGR intent\u00f3 acreditar la vinculaci\u00f3n de &#8220;El G\u00fcero&#8221; Palma al narcotr\u00e1fico est\u00e1n <strong>las sentencias dictadas contra Eduardo Gast\u00e9lum Barraza, identificado como colaborador de Joaqu\u00edn &#8220;El Chapo&#8221; Guzm\u00e1n y otros supuestos integrantes del &#8220;C\u00e1rtel de Sinaloa&#8221;.<\/strong><\/p>\n<p><strong>Tambi\u00e9n fueron a\u00f1adidas las investigaciones iniciadas por la Fiscal\u00eda de Nayarit contra Palma Salazar por el homicidio de dos polic\u00edas estatales<\/strong>, en las que desde el 5 de septiembre de 2017 el capo tambi\u00e9n obtuvo auto de libertad, las declaraciones de dos testigos colaboradores de la FGR, entre otras.<\/p>\n<p><iframe loading=\"lazy\" title=\"FGR no pudo acreditar que &quot;El G\u00fcero&quot; Palma es narco, por ello se orden\u00f3 su liberaci\u00f3n\" width=\"640\" height=\"360\" src=\"https:\/\/www.youtube.com\/embed\/lkulplMsKeA?feature=oembed\" frameborder=\"0\" allow=\"accelerometer; autoplay; clipboard-write; encrypted-media; gyroscope; picture-in-picture; web-share\" referrerpolicy=\"strict-origin-when-cross-origin\" allowfullscreen><\/iframe><\/p>\n<p>La FGR argument\u00f3 que Palma Salazar formaba parte del &#8220;C\u00e1rtel de Sinaloa&#8221; por lo que supuestamente cometi\u00f3 el delito de delincuencia organizada <strong>en su hip\u00f3tesis de delitos contra la salud de manera permanente y reiterada.<\/strong><\/p>\n<p>Sin embargo, el juez indic\u00f3 que las pruebas que present\u00f3 la FGR s\u00f3lo acreditaban la existencia del C\u00e1rtel pero no la vinculaci\u00f3n &#8220;permanente o reiterada&#8221; de Palma Salazar a la organizaci\u00f3n que fund\u00f3.<\/p>\n<p>Destac\u00f3 que anteriormente Palma Salazar fue absuelto en M\u00e9xico por delitos contra la salud y que al analizar la acusaci\u00f3n que la FGR present\u00f3 en su contra coincide en tiempo y forma con los hechos por los que el capo ya fue declarado inocente.<\/p>\n<p>&#8220;La fiscal federal se\u00f1ala la pertenencia del activo al conglomerado criminal, cuando menos, desde mil novecientos ochenta y nueve, hasta el a\u00f1o dos mil uno, en que detuvieron a su colaborador de nombre Jorge Iv\u00e1n Gast\u00e9lum \u00c1vila, alias &#8220;El Cholo&#8221;; persona a trav\u00e9s de la cual, supuestamente dirig\u00eda el referido c\u00e1rtel, y de manera indefinida atribuyen su incursi\u00f3n al &#8216;C\u00e1rtel del Pac\u00edfico&#8217; o &#8216;C\u00e1rtel de Sinaloa&#8217;; que sigui\u00f3 operando desde el centro de su reclusi\u00f3n, esto es, desde el interior del Centro Federal de Readaptaci\u00f3n Social, n\u00famero 2, Puente Grande, Jalisco, a pesar que fue detenido el veinticuatro de junio de mil novecientos noventa y cinco.<\/p>\n<p>&#8220;Sin embargo, existen pronunciamientos judiciales en sentencias firmes instruidas con el activo del delito en las que se le absolvi\u00f3 de la acusaci\u00f3n ministerial de la comisi\u00f3n del delito de asociaci\u00f3n delictuosa que prev\u00e9 los mismos elementos constitutivos del diverso de delincuencia organizada a excepci\u00f3n de los delitos determinados taxativamente de la legislaci\u00f3n especial, entre los que se encuentra el il\u00edcito contra la salud&#8221;, relat\u00f3 el juez.<\/p>\n<p>Por lo que al haber sido sometido a proceso por los mismos hechos, con diferente clasificaci\u00f3n, no es posible fincarle responsabilidad en ese sentido.<\/p>\n<p>Con informaci\u00f3n de SUN<\/p>\n<\/div>\n<\/div>\n<\/div>\n","protected":false},"excerpt":{"rendered":"<p>Juez fall\u00f3 en favor de &#8220;El G\u00fcero&#8221; Palma al no probarse denuncias Por Redacci\u00f3n QP&#8230;<\/p>\n","protected":false},"author":2,"featured_media":80396,"comment_status":"open","ping_status":"open","sticky":false,"template":"","format":"standard","meta":{"_monsterinsights_skip_tracking":false,"_monsterinsights_sitenote_active":false,"_monsterinsights_sitenote_note":"","_monsterinsights_sitenote_category":0,"footnotes":""},"categories":[2],"tags":[],"class_list":["post-80393","post","type-post","status-publish","format-standard","has-post-thumbnail","hentry","category-noticias"],"yoast_head":"<!-- This site is optimized with the Yoast SEO plugin v27.3 - https:\/\/yoast.com\/product\/yoast-seo-wordpress\/ -->\n<title>Juez fall\u00f3 en favor de &quot;El G\u00fcero&quot; Palma al no probarse denuncias -<\/title>\n<meta name=\"robots\" content=\"index, follow, max-snippet:-1, max-image-preview:large, max-video-preview:-1\" \/>\n<link rel=\"canonical\" href=\"https:\/\/quehacerpolitico.mx\/?p=80393\" \/>\n<meta property=\"og:locale\" content=\"es_MX\" \/>\n<meta property=\"og:type\" content=\"article\" \/>\n<meta property=\"og:title\" content=\"Juez fall\u00f3 en favor de &quot;El G\u00fcero&quot; Palma al no probarse denuncias -\" \/>\n<meta property=\"og:description\" content=\"Juez fall\u00f3 en favor de &#8220;El G\u00fcero&#8221; Palma al no probarse denuncias Por Redacci\u00f3n QP...\" \/>\n<meta property=\"og:url\" content=\"https:\/\/quehacerpolitico.mx\/?p=80393\" \/>\n<meta property=\"article:published_time\" content=\"2021-05-04T02:08:28+00:00\" \/>\n<meta property=\"og:image\" content=\"https:\/\/quehacerpolitico.mx\/wp-content\/uploads\/2021\/05\/20D811A4-FE08-4D07-86BD-BA31A69B6EA6.jpeg\" \/>\n\t<meta property=\"og:image:width\" content=\"738\" \/>\n\t<meta property=\"og:image:height\" content=\"415\" \/>\n\t<meta property=\"og:image:type\" content=\"image\/jpeg\" \/>\n<meta name=\"author\" content=\"Redacci\u00f3n QP\" \/>\n<meta name=\"twitter:card\" content=\"summary_large_image\" \/>\n<meta name=\"twitter:label1\" content=\"Escrito por\" \/>\n\t<meta name=\"twitter:data1\" content=\"Redacci\u00f3n QP\" \/>\n\t<meta name=\"twitter:label2\" content=\"Tiempo de lectura\" \/>\n\t<meta name=\"twitter:data2\" content=\"3 minutos\" \/>\n<script type=\"application\/ld+json\" class=\"yoast-schema-graph\">{\"@context\":\"https:\\\/\\\/schema.org\",\"@graph\":[{\"@type\":\"Article\",\"@id\":\"https:\\\/\\\/quehacerpolitico.mx\\\/?p=80393#article\",\"isPartOf\":{\"@id\":\"https:\\\/\\\/quehacerpolitico.mx\\\/?p=80393\"},\"author\":{\"name\":\"Redacci\u00f3n QP\",\"@id\":\"https:\\\/\\\/quehacerpolitico.mx\\\/#\\\/schema\\\/person\\\/496d8ad2d1d3f8036101dca7ee39e585\"},\"headline\":\"Juez fall\u00f3 en favor de &#8220;El G\u00fcero&#8221; Palma al no probarse denuncias\",\"datePublished\":\"2021-05-04T02:08:28+00:00\",\"mainEntityOfPage\":{\"@id\":\"https:\\\/\\\/quehacerpolitico.mx\\\/?p=80393\"},\"wordCount\":659,\"commentCount\":0,\"image\":{\"@id\":\"https:\\\/\\\/quehacerpolitico.mx\\\/?p=80393#primaryimage\"},\"thumbnailUrl\":\"https:\\\/\\\/quehacerpolitico.mx\\\/wp-content\\\/uploads\\\/2021\\\/05\\\/20D811A4-FE08-4D07-86BD-BA31A69B6EA6.jpeg\",\"articleSection\":[\"Noticias\"],\"inLanguage\":\"es\",\"potentialAction\":[{\"@type\":\"CommentAction\",\"name\":\"Comment\",\"target\":[\"https:\\\/\\\/quehacerpolitico.mx\\\/?p=80393#respond\"]}]},{\"@type\":\"WebPage\",\"@id\":\"https:\\\/\\\/quehacerpolitico.mx\\\/?p=80393\",\"url\":\"https:\\\/\\\/quehacerpolitico.mx\\\/?p=80393\",\"name\":\"Juez fall\u00f3 en favor de \\\"El G\u00fcero\\\" Palma al no probarse denuncias -\",\"isPartOf\":{\"@id\":\"https:\\\/\\\/quehacerpolitico.mx\\\/#website\"},\"primaryImageOfPage\":{\"@id\":\"https:\\\/\\\/quehacerpolitico.mx\\\/?p=80393#primaryimage\"},\"image\":{\"@id\":\"https:\\\/\\\/quehacerpolitico.mx\\\/?p=80393#primaryimage\"},\"thumbnailUrl\":\"https:\\\/\\\/quehacerpolitico.mx\\\/wp-content\\\/uploads\\\/2021\\\/05\\\/20D811A4-FE08-4D07-86BD-BA31A69B6EA6.jpeg\",\"datePublished\":\"2021-05-04T02:08:28+00:00\",\"author\":{\"@id\":\"https:\\\/\\\/quehacerpolitico.mx\\\/#\\\/schema\\\/person\\\/496d8ad2d1d3f8036101dca7ee39e585\"},\"breadcrumb\":{\"@id\":\"https:\\\/\\\/quehacerpolitico.mx\\\/?p=80393#breadcrumb\"},\"inLanguage\":\"es\",\"potentialAction\":[{\"@type\":\"ReadAction\",\"target\":[\"https:\\\/\\\/quehacerpolitico.mx\\\/?p=80393\"]}]},{\"@type\":\"ImageObject\",\"inLanguage\":\"es\",\"@id\":\"https:\\\/\\\/quehacerpolitico.mx\\\/?p=80393#primaryimage\",\"url\":\"https:\\\/\\\/quehacerpolitico.mx\\\/wp-content\\\/uploads\\\/2021\\\/05\\\/20D811A4-FE08-4D07-86BD-BA31A69B6EA6.jpeg\",\"contentUrl\":\"https:\\\/\\\/quehacerpolitico.mx\\\/wp-content\\\/uploads\\\/2021\\\/05\\\/20D811A4-FE08-4D07-86BD-BA31A69B6EA6.jpeg\",\"width\":738,\"height\":415},{\"@type\":\"BreadcrumbList\",\"@id\":\"https:\\\/\\\/quehacerpolitico.mx\\\/?p=80393#breadcrumb\",\"itemListElement\":[{\"@type\":\"ListItem\",\"position\":1,\"name\":\"Inicio\",\"item\":\"https:\\\/\\\/quehacerpolitico.mx\\\/\"},{\"@type\":\"ListItem\",\"position\":2,\"name\":\"Juez fall\u00f3 en favor de &#8220;El G\u00fcero&#8221; Palma al no probarse denuncias\"}]},{\"@type\":\"WebSite\",\"@id\":\"https:\\\/\\\/quehacerpolitico.mx\\\/#website\",\"url\":\"https:\\\/\\\/quehacerpolitico.mx\\\/\",\"name\":\"\",\"description\":\"\",\"potentialAction\":[{\"@type\":\"SearchAction\",\"target\":{\"@type\":\"EntryPoint\",\"urlTemplate\":\"https:\\\/\\\/quehacerpolitico.mx\\\/?s={search_term_string}\"},\"query-input\":{\"@type\":\"PropertyValueSpecification\",\"valueRequired\":true,\"valueName\":\"search_term_string\"}}],\"inLanguage\":\"es\"},{\"@type\":\"Person\",\"@id\":\"https:\\\/\\\/quehacerpolitico.mx\\\/#\\\/schema\\\/person\\\/496d8ad2d1d3f8036101dca7ee39e585\",\"name\":\"Redacci\u00f3n QP\",\"image\":{\"@type\":\"ImageObject\",\"inLanguage\":\"es\",\"@id\":\"https:\\\/\\\/secure.gravatar.com\\\/avatar\\\/c7164ed6fdec453195284ad24a5ae5b6e1eed2b848477fa2a4787ba9adf39a41?s=96&d=mm&r=g\",\"url\":\"https:\\\/\\\/secure.gravatar.com\\\/avatar\\\/c7164ed6fdec453195284ad24a5ae5b6e1eed2b848477fa2a4787ba9adf39a41?s=96&d=mm&r=g\",\"contentUrl\":\"https:\\\/\\\/secure.gravatar.com\\\/avatar\\\/c7164ed6fdec453195284ad24a5ae5b6e1eed2b848477fa2a4787ba9adf39a41?s=96&d=mm&r=g\",\"caption\":\"Redacci\u00f3n QP\"},\"url\":\"https:\\\/\\\/quehacerpolitico.mx\\\/?author=2\"}]}<\/script>\n<!-- \/ Yoast SEO plugin. -->","yoast_head_json":{"title":"Juez fall\u00f3 en favor de \"El G\u00fcero\" Palma al no probarse denuncias -","robots":{"index":"index","follow":"follow","max-snippet":"max-snippet:-1","max-image-preview":"max-image-preview:large","max-video-preview":"max-video-preview:-1"},"canonical":"https:\/\/quehacerpolitico.mx\/?p=80393","og_locale":"es_MX","og_type":"article","og_title":"Juez fall\u00f3 en favor de \"El G\u00fcero\" Palma al no probarse denuncias -","og_description":"Juez fall\u00f3 en favor de &#8220;El G\u00fcero&#8221; Palma al no probarse denuncias Por Redacci\u00f3n QP...","og_url":"https:\/\/quehacerpolitico.mx\/?p=80393","article_published_time":"2021-05-04T02:08:28+00:00","og_image":[{"width":738,"height":415,"url":"https:\/\/quehacerpolitico.mx\/wp-content\/uploads\/2021\/05\/20D811A4-FE08-4D07-86BD-BA31A69B6EA6.jpeg","type":"image\/jpeg"}],"author":"Redacci\u00f3n QP","twitter_card":"summary_large_image","twitter_misc":{"Escrito por":"Redacci\u00f3n QP","Tiempo de lectura":"3 minutos"},"schema":{"@context":"https:\/\/schema.org","@graph":[{"@type":"Article","@id":"https:\/\/quehacerpolitico.mx\/?p=80393#article","isPartOf":{"@id":"https:\/\/quehacerpolitico.mx\/?p=80393"},"author":{"name":"Redacci\u00f3n QP","@id":"https:\/\/quehacerpolitico.mx\/#\/schema\/person\/496d8ad2d1d3f8036101dca7ee39e585"},"headline":"Juez fall\u00f3 en favor de &#8220;El G\u00fcero&#8221; Palma al no probarse denuncias","datePublished":"2021-05-04T02:08:28+00:00","mainEntityOfPage":{"@id":"https:\/\/quehacerpolitico.mx\/?p=80393"},"wordCount":659,"commentCount":0,"image":{"@id":"https:\/\/quehacerpolitico.mx\/?p=80393#primaryimage"},"thumbnailUrl":"https:\/\/quehacerpolitico.mx\/wp-content\/uploads\/2021\/05\/20D811A4-FE08-4D07-86BD-BA31A69B6EA6.jpeg","articleSection":["Noticias"],"inLanguage":"es","potentialAction":[{"@type":"CommentAction","name":"Comment","target":["https:\/\/quehacerpolitico.mx\/?p=80393#respond"]}]},{"@type":"WebPage","@id":"https:\/\/quehacerpolitico.mx\/?p=80393","url":"https:\/\/quehacerpolitico.mx\/?p=80393","name":"Juez fall\u00f3 en favor de \"El G\u00fcero\" Palma al no probarse denuncias -","isPartOf":{"@id":"https:\/\/quehacerpolitico.mx\/#website"},"primaryImageOfPage":{"@id":"https:\/\/quehacerpolitico.mx\/?p=80393#primaryimage"},"image":{"@id":"https:\/\/quehacerpolitico.mx\/?p=80393#primaryimage"},"thumbnailUrl":"https:\/\/quehacerpolitico.mx\/wp-content\/uploads\/2021\/05\/20D811A4-FE08-4D07-86BD-BA31A69B6EA6.jpeg","datePublished":"2021-05-04T02:08:28+00:00","author":{"@id":"https:\/\/quehacerpolitico.mx\/#\/schema\/person\/496d8ad2d1d3f8036101dca7ee39e585"},"breadcrumb":{"@id":"https:\/\/quehacerpolitico.mx\/?p=80393#breadcrumb"},"inLanguage":"es","potentialAction":[{"@type":"ReadAction","target":["https:\/\/quehacerpolitico.mx\/?p=80393"]}]},{"@type":"ImageObject","inLanguage":"es","@id":"https:\/\/quehacerpolitico.mx\/?p=80393#primaryimage","url":"https:\/\/quehacerpolitico.mx\/wp-content\/uploads\/2021\/05\/20D811A4-FE08-4D07-86BD-BA31A69B6EA6.jpeg","contentUrl":"https:\/\/quehacerpolitico.mx\/wp-content\/uploads\/2021\/05\/20D811A4-FE08-4D07-86BD-BA31A69B6EA6.jpeg","width":738,"height":415},{"@type":"BreadcrumbList","@id":"https:\/\/quehacerpolitico.mx\/?p=80393#breadcrumb","itemListElement":[{"@type":"ListItem","position":1,"name":"Inicio","item":"https:\/\/quehacerpolitico.mx\/"},{"@type":"ListItem","position":2,"name":"Juez fall\u00f3 en favor de &#8220;El G\u00fcero&#8221; Palma al no probarse denuncias"}]},{"@type":"WebSite","@id":"https:\/\/quehacerpolitico.mx\/#website","url":"https:\/\/quehacerpolitico.mx\/","name":"","description":"","potentialAction":[{"@type":"SearchAction","target":{"@type":"EntryPoint","urlTemplate":"https:\/\/quehacerpolitico.mx\/?s={search_term_string}"},"query-input":{"@type":"PropertyValueSpecification","valueRequired":true,"valueName":"search_term_string"}}],"inLanguage":"es"},{"@type":"Person","@id":"https:\/\/quehacerpolitico.mx\/#\/schema\/person\/496d8ad2d1d3f8036101dca7ee39e585","name":"Redacci\u00f3n QP","image":{"@type":"ImageObject","inLanguage":"es","@id":"https:\/\/secure.gravatar.com\/avatar\/c7164ed6fdec453195284ad24a5ae5b6e1eed2b848477fa2a4787ba9adf39a41?s=96&d=mm&r=g","url":"https:\/\/secure.gravatar.com\/avatar\/c7164ed6fdec453195284ad24a5ae5b6e1eed2b848477fa2a4787ba9adf39a41?s=96&d=mm&r=g","contentUrl":"https:\/\/secure.gravatar.com\/avatar\/c7164ed6fdec453195284ad24a5ae5b6e1eed2b848477fa2a4787ba9adf39a41?s=96&d=mm&r=g","caption":"Redacci\u00f3n QP"},"url":"https:\/\/quehacerpolitico.mx\/?author=2"}]}},"featured_image_urls":{"full":["https:\/\/quehacerpolitico.mx\/wp-content\/uploads\/2021\/05\/20D811A4-FE08-4D07-86BD-BA31A69B6EA6.jpeg",738,415,false],"thumbnail":["https:\/\/quehacerpolitico.mx\/wp-content\/uploads\/2021\/05\/20D811A4-FE08-4D07-86BD-BA31A69B6EA6-150x150.jpeg",150,150,true],"medium":["https:\/\/quehacerpolitico.mx\/wp-content\/uploads\/2021\/05\/20D811A4-FE08-4D07-86BD-BA31A69B6EA6-300x169.jpeg",300,169,true],"medium_large":["https:\/\/quehacerpolitico.mx\/wp-content\/uploads\/2021\/05\/20D811A4-FE08-4D07-86BD-BA31A69B6EA6.jpeg",640,360,false],"large":["https:\/\/quehacerpolitico.mx\/wp-content\/uploads\/2021\/05\/20D811A4-FE08-4D07-86BD-BA31A69B6EA6.jpeg",640,360,false],"1536x1536":["https:\/\/quehacerpolitico.mx\/wp-content\/uploads\/2021\/05\/20D811A4-FE08-4D07-86BD-BA31A69B6EA6.jpeg",738,415,false],"2048x2048":["https:\/\/quehacerpolitico.mx\/wp-content\/uploads\/2021\/05\/20D811A4-FE08-4D07-86BD-BA31A69B6EA6.jpeg",738,415,false],"covernews-featured":["https:\/\/quehacerpolitico.mx\/wp-content\/uploads\/2021\/05\/20D811A4-FE08-4D07-86BD-BA31A69B6EA6.jpeg",738,415,false],"covernews-medium":["https:\/\/quehacerpolitico.mx\/wp-content\/uploads\/2021\/05\/20D811A4-FE08-4D07-86BD-BA31A69B6EA6.jpeg",540,304,false]},"author_info":{"display_name":"Redacci\u00f3n QP","author_link":"https:\/\/quehacerpolitico.mx\/?author=2"},"category_info":"<a href=\"https:\/\/quehacerpolitico.mx\/?cat=2\" rel=\"category\">Noticias<\/a>","tag_info":"Noticias","comment_count":"0","_links":{"self":[{"href":"https:\/\/quehacerpolitico.mx\/index.php?rest_route=\/wp\/v2\/posts\/80393","targetHints":{"allow":["GET"]}}],"collection":[{"href":"https:\/\/quehacerpolitico.mx\/index.php?rest_route=\/wp\/v2\/posts"}],"about":[{"href":"https:\/\/quehacerpolitico.mx\/index.php?rest_route=\/wp\/v2\/types\/post"}],"author":[{"embeddable":true,"href":"https:\/\/quehacerpolitico.mx\/index.php?rest_route=\/wp\/v2\/users\/2"}],"replies":[{"embeddable":true,"href":"https:\/\/quehacerpolitico.mx\/index.php?rest_route=%2Fwp%2Fv2%2Fcomments&post=80393"}],"version-history":[{"count":0,"href":"https:\/\/quehacerpolitico.mx\/index.php?rest_route=\/wp\/v2\/posts\/80393\/revisions"}],"wp:featuredmedia":[{"embeddable":true,"href":"https:\/\/quehacerpolitico.mx\/index.php?rest_route=\/wp\/v2\/media\/80396"}],"wp:attachment":[{"href":"https:\/\/quehacerpolitico.mx\/index.php?rest_route=%2Fwp%2Fv2%2Fmedia&parent=80393"}],"wp:term":[{"taxonomy":"category","embeddable":true,"href":"https:\/\/quehacerpolitico.mx\/index.php?rest_route=%2Fwp%2Fv2%2Fcategories&post=80393"},{"taxonomy":"post_tag","embeddable":true,"href":"https:\/\/quehacerpolitico.mx\/index.php?rest_route=%2Fwp%2Fv2%2Ftags&post=80393"}],"curies":[{"name":"wp","href":"https:\/\/api.w.org\/{rel}","templated":true}]}}