{"id":80385,"date":"2021-05-04T01:26:10","date_gmt":"2021-05-04T01:26:10","guid":{"rendered":"https:\/\/quehacerpolitico.mx\/?p=80385"},"modified":"2021-05-04T01:26:10","modified_gmt":"2021-05-04T01:26:10","slug":"hoy-en-mexico-217-mil-345-muertos-y-2-millones-349-mil-900-casos-confirmados-por-covid-19","status":"publish","type":"post","link":"https:\/\/quehacerpolitico.mx\/?p=80385","title":{"rendered":"Hoy en Mexico 217 mil 345 muertos y 2 millones 349 mil 900 casos confirmados por COVID-19"},"content":{"rendered":"<h1 class=\"article_title\">Hoy en Mexico 217 mil 345 muertos y 2 millones 349 mil 900 casos confirmados por COVID-19<br \/>\nPor Redacci\u00f3n QP<\/h1>\n<p>Las autoridades de Salud dan a conocer que M\u00e9xico ya suma 217 mil 345 muertos por COVID-19<\/p>\n<p>Las autoridades de Salud dan a conocer, la noche del lunes 3 de mayo de 2021, que M\u00e9xico ya suma 217 mil 345 muertos y 2 millones 349 mil 900 casos confirmados por COVID-19.<\/p>\n<h2>Casos estimados<\/h2>\n<p>Los casos estimados acumulados ascender\u00edan a 2 millones 536 mil 400, de los cuales 20 mil 527 seguir\u00edan activos.<\/p>\n<p>Las personas recuperadas se sit\u00faan en 1 mill\u00f3n 872 mil 375.<\/p>\n<p>Hasta el momento se han completado 7 millones 792 mil 707 esquemas de vacunaci\u00f3n.<\/p>\n<h2>Ocupaci\u00f3n hospitalaria<\/h2>\n<p>La ocupaci\u00f3n de camas de hospitalizaci\u00f3n general es del 12% a nivel nacional, al estar libres 25 mil 726 camas de las 29 mil 152 reportadas.<\/p>\n<p>Ning\u00fan estado registra una ocupaci\u00f3n superior al 30%<\/p>\n<p>La ocupaci\u00f3n de camas con ventilador es del 15% a nivel nacional, al haber disponibles 8 mil 614 camas de las 10 mil 193 reportadas.<\/p>\n<p>Solo en los estados de Chihuahua y Tabasco se registra una ocupaci\u00f3n de camas con ventilador superior al 30%.<\/p>\n<p>El domingo 2 de mayo, hasta el corte de las 21:00 horas, se aplicaron 139 mil 158 vacunas.<\/p>\n<p>Hasta el momento se han suministrado 18 millones 471 mil 669 dosis, de las 25 millones 424 mil 355 recibidas.<\/p>\n<p>Las vacunas perdidas ascienden a 25 mil 222.<\/p>\n<blockquote class=\"twitter-tweet\" data-width=\"550\" data-dnt=\"true\">\n<p lang=\"es\" dir=\"ltr\">A nivel nacional, 88% de camas de hospitalizaci\u00f3n general est\u00e1n disponibles y 12% ocupadas. En camas con ventiladores, 85% est\u00e1n disponibles y 15% ocupadas. 2\/2 <a href=\"https:\/\/t.co\/wCXcVI2ri7\">pic.twitter.com\/wCXcVI2ri7<\/a><\/p>\n<p>&mdash; Hugo L\u00f3pez-Gatell Ram\u00edrez (@HLGatell) <a href=\"https:\/\/twitter.com\/HLGatell\/status\/1389373051620397059?ref_src=twsrc%5Etfw\">May 4, 2021<\/a><\/p><\/blockquote>\n<p><script async src=\"https:\/\/platform.twitter.com\/widgets.js\" charset=\"utf-8\"><\/script><\/p>\n<h2>Avance de vacunaci\u00f3n<\/h2>\n<p><strong>Personal de salud<\/strong><\/p>\n<p>Entre el personal de salud se han aplicado 182 mil 008 medios esquemas y 842 mil 990 esquemas completos.<\/p>\n<p><strong>Personal educativo<\/strong><\/p>\n<p>Entre el personal educativo se han aplicado 977 medios esquemas y 915 mil 158 esquemas completos.<\/p>\n<p><strong>Personas adultas mayores<\/strong><\/p>\n<p>Entre las personas adultas mayores se han aplicado 4 millones 650 mil 168 medios esquemas y 6 millones 034 mil 559 esquemas completos.<\/p>\n<blockquote class=\"twitter-tweet\" data-width=\"550\" data-dnt=\"true\">\n<p lang=\"es\" dir=\"ltr\">Comunicado T\u00e9cnico Diario: Nuevo Coronavirus en el Mundo <a href=\"https:\/\/twitter.com\/hashtag\/COVID19?src=hash&amp;ref_src=twsrc%5Etfw\">#COVID19<\/a> | 3 de mayo de 2021<\/p>\n<p>\u27a1\ufe0f <a href=\"https:\/\/t.co\/XURbbvEM6L\">https:\/\/t.co\/XURbbvEM6L<\/a> <a href=\"https:\/\/t.co\/1O1jZfs4ND\">pic.twitter.com\/1O1jZfs4ND<\/a><\/p>\n<p>&mdash; SALUD M\u00e9xico (@SSalud_mx) <a href=\"https:\/\/twitter.com\/SSalud_mx\/status\/1389387893110710279?ref_src=twsrc%5Etfw\">May 4, 2021<\/a><\/p><\/blockquote>\n<p><script async src=\"https:\/\/platform.twitter.com\/widgets.js\" charset=\"utf-8\"><\/script><\/p>\n<h2>Reacciones al\u00e9rgicas<\/h2>\n<p>Las reacciones al\u00e9rgicas ascienden a 17 mil 273, de las cuales 299 han sido graves.<\/p>\n<p>De los casos graves, solo 100 personas siguen hospitalizadas.<\/p>\n<blockquote class=\"twitter-tweet\" data-width=\"550\" data-dnt=\"true\">\n<p lang=\"es\" dir=\"ltr\">Conferencia de prensa <a href=\"https:\/\/twitter.com\/hashtag\/COVID19?src=hash&amp;ref_src=twsrc%5Etfw\">#COVID19<\/a> | 3 de mayo de 2021 <a href=\"https:\/\/twitter.com\/hashtag\/GraciasPorCuidarnos?src=hash&amp;ref_src=twsrc%5Etfw\">#GraciasPorCuidarnos<\/a> <a href=\"https:\/\/t.co\/e2EGfy8xUm\">https:\/\/t.co\/e2EGfy8xUm<\/a><\/p>\n<p>&mdash; SALUD M\u00e9xico (@SSalud_mx) <a href=\"https:\/\/twitter.com\/SSalud_mx\/status\/1389369189958303745?ref_src=twsrc%5Etfw\">May 4, 2021<\/a><\/p><\/blockquote>\n<p><script async src=\"https:\/\/platform.twitter.com\/widgets.js\" charset=\"utf-8\"><\/script><\/p>\n<p>Con informaci\u00f3n de la Secretar\u00eda de Salud<\/p>\n","protected":false},"excerpt":{"rendered":"<p>Hoy en Mexico 217 mil 345 muertos y 2 millones 349 mil 900 casos confirmados&#8230;<\/p>\n","protected":false},"author":2,"featured_media":80388,"comment_status":"open","ping_status":"open","sticky":false,"template":"","format":"standard","meta":{"_monsterinsights_skip_tracking":false,"_monsterinsights_sitenote_active":false,"_monsterinsights_sitenote_note":"","_monsterinsights_sitenote_category":0,"footnotes":""},"categories":[55],"tags":[],"class_list":["post-80385","post","type-post","status-publish","format-standard","has-post-thumbnail","hentry","category-cdmx"],"yoast_head":"<!-- This site is optimized with the Yoast SEO plugin v27.3 - https:\/\/yoast.com\/product\/yoast-seo-wordpress\/ -->\n<title>Hoy en Mexico 217 mil 345 muertos y 2 millones 349 mil 900 casos confirmados por COVID-19 -<\/title>\n<meta name=\"robots\" content=\"index, follow, max-snippet:-1, max-image-preview:large, max-video-preview:-1\" \/>\n<link rel=\"canonical\" href=\"https:\/\/quehacerpolitico.mx\/?p=80385\" \/>\n<meta property=\"og:locale\" content=\"es_MX\" \/>\n<meta property=\"og:type\" content=\"article\" \/>\n<meta property=\"og:title\" content=\"Hoy en Mexico 217 mil 345 muertos y 2 millones 349 mil 900 casos confirmados por COVID-19 -\" \/>\n<meta property=\"og:description\" content=\"Hoy en Mexico 217 mil 345 muertos y 2 millones 349 mil 900 casos confirmados...\" \/>\n<meta property=\"og:url\" content=\"https:\/\/quehacerpolitico.mx\/?p=80385\" \/>\n<meta property=\"article:published_time\" content=\"2021-05-04T01:26:10+00:00\" \/>\n<meta property=\"og:image\" content=\"https:\/\/quehacerpolitico.mx\/wp-content\/uploads\/2021\/05\/E596EACC-772B-4EB8-997F-8D4B972903A0.jpeg\" \/>\n\t<meta property=\"og:image:width\" content=\"1242\" \/>\n\t<meta property=\"og:image:height\" content=\"676\" \/>\n\t<meta property=\"og:image:type\" content=\"image\/jpeg\" \/>\n<meta name=\"author\" content=\"Redacci\u00f3n QP\" \/>\n<meta name=\"twitter:card\" content=\"summary_large_image\" \/>\n<meta name=\"twitter:label1\" content=\"Escrito por\" \/>\n\t<meta name=\"twitter:data1\" content=\"Redacci\u00f3n QP\" \/>\n\t<meta name=\"twitter:label2\" content=\"Tiempo de lectura\" \/>\n\t<meta name=\"twitter:data2\" content=\"2 minutos\" \/>\n<script type=\"application\/ld+json\" class=\"yoast-schema-graph\">{\"@context\":\"https:\\\/\\\/schema.org\",\"@graph\":[{\"@type\":\"Article\",\"@id\":\"https:\\\/\\\/quehacerpolitico.mx\\\/?p=80385#article\",\"isPartOf\":{\"@id\":\"https:\\\/\\\/quehacerpolitico.mx\\\/?p=80385\"},\"author\":{\"name\":\"Redacci\u00f3n QP\",\"@id\":\"https:\\\/\\\/quehacerpolitico.mx\\\/#\\\/schema\\\/person\\\/496d8ad2d1d3f8036101dca7ee39e585\"},\"headline\":\"Hoy en Mexico 217 mil 345 muertos y 2 millones 349 mil 900 casos confirmados por COVID-19\",\"datePublished\":\"2021-05-04T01:26:10+00:00\",\"mainEntityOfPage\":{\"@id\":\"https:\\\/\\\/quehacerpolitico.mx\\\/?p=80385\"},\"wordCount\":331,\"commentCount\":0,\"image\":{\"@id\":\"https:\\\/\\\/quehacerpolitico.mx\\\/?p=80385#primaryimage\"},\"thumbnailUrl\":\"https:\\\/\\\/quehacerpolitico.mx\\\/wp-content\\\/uploads\\\/2021\\\/05\\\/E596EACC-772B-4EB8-997F-8D4B972903A0.jpeg\",\"articleSection\":[\"CDMX\"],\"inLanguage\":\"es\",\"potentialAction\":[{\"@type\":\"CommentAction\",\"name\":\"Comment\",\"target\":[\"https:\\\/\\\/quehacerpolitico.mx\\\/?p=80385#respond\"]}]},{\"@type\":\"WebPage\",\"@id\":\"https:\\\/\\\/quehacerpolitico.mx\\\/?p=80385\",\"url\":\"https:\\\/\\\/quehacerpolitico.mx\\\/?p=80385\",\"name\":\"Hoy en Mexico 217 mil 345 muertos y 2 millones 349 mil 900 casos confirmados por COVID-19 -\",\"isPartOf\":{\"@id\":\"https:\\\/\\\/quehacerpolitico.mx\\\/#website\"},\"primaryImageOfPage\":{\"@id\":\"https:\\\/\\\/quehacerpolitico.mx\\\/?p=80385#primaryimage\"},\"image\":{\"@id\":\"https:\\\/\\\/quehacerpolitico.mx\\\/?p=80385#primaryimage\"},\"thumbnailUrl\":\"https:\\\/\\\/quehacerpolitico.mx\\\/wp-content\\\/uploads\\\/2021\\\/05\\\/E596EACC-772B-4EB8-997F-8D4B972903A0.jpeg\",\"datePublished\":\"2021-05-04T01:26:10+00:00\",\"author\":{\"@id\":\"https:\\\/\\\/quehacerpolitico.mx\\\/#\\\/schema\\\/person\\\/496d8ad2d1d3f8036101dca7ee39e585\"},\"breadcrumb\":{\"@id\":\"https:\\\/\\\/quehacerpolitico.mx\\\/?p=80385#breadcrumb\"},\"inLanguage\":\"es\",\"potentialAction\":[{\"@type\":\"ReadAction\",\"target\":[\"https:\\\/\\\/quehacerpolitico.mx\\\/?p=80385\"]}]},{\"@type\":\"ImageObject\",\"inLanguage\":\"es\",\"@id\":\"https:\\\/\\\/quehacerpolitico.mx\\\/?p=80385#primaryimage\",\"url\":\"https:\\\/\\\/quehacerpolitico.mx\\\/wp-content\\\/uploads\\\/2021\\\/05\\\/E596EACC-772B-4EB8-997F-8D4B972903A0.jpeg\",\"contentUrl\":\"https:\\\/\\\/quehacerpolitico.mx\\\/wp-content\\\/uploads\\\/2021\\\/05\\\/E596EACC-772B-4EB8-997F-8D4B972903A0.jpeg\",\"width\":1242,\"height\":676},{\"@type\":\"BreadcrumbList\",\"@id\":\"https:\\\/\\\/quehacerpolitico.mx\\\/?p=80385#breadcrumb\",\"itemListElement\":[{\"@type\":\"ListItem\",\"position\":1,\"name\":\"Inicio\",\"item\":\"https:\\\/\\\/quehacerpolitico.mx\\\/\"},{\"@type\":\"ListItem\",\"position\":2,\"name\":\"Hoy en Mexico 217 mil 345 muertos y 2 millones 349 mil 900 casos confirmados por COVID-19\"}]},{\"@type\":\"WebSite\",\"@id\":\"https:\\\/\\\/quehacerpolitico.mx\\\/#website\",\"url\":\"https:\\\/\\\/quehacerpolitico.mx\\\/\",\"name\":\"\",\"description\":\"\",\"potentialAction\":[{\"@type\":\"SearchAction\",\"target\":{\"@type\":\"EntryPoint\",\"urlTemplate\":\"https:\\\/\\\/quehacerpolitico.mx\\\/?s={search_term_string}\"},\"query-input\":{\"@type\":\"PropertyValueSpecification\",\"valueRequired\":true,\"valueName\":\"search_term_string\"}}],\"inLanguage\":\"es\"},{\"@type\":\"Person\",\"@id\":\"https:\\\/\\\/quehacerpolitico.mx\\\/#\\\/schema\\\/person\\\/496d8ad2d1d3f8036101dca7ee39e585\",\"name\":\"Redacci\u00f3n QP\",\"image\":{\"@type\":\"ImageObject\",\"inLanguage\":\"es\",\"@id\":\"https:\\\/\\\/secure.gravatar.com\\\/avatar\\\/c7164ed6fdec453195284ad24a5ae5b6e1eed2b848477fa2a4787ba9adf39a41?s=96&d=mm&r=g\",\"url\":\"https:\\\/\\\/secure.gravatar.com\\\/avatar\\\/c7164ed6fdec453195284ad24a5ae5b6e1eed2b848477fa2a4787ba9adf39a41?s=96&d=mm&r=g\",\"contentUrl\":\"https:\\\/\\\/secure.gravatar.com\\\/avatar\\\/c7164ed6fdec453195284ad24a5ae5b6e1eed2b848477fa2a4787ba9adf39a41?s=96&d=mm&r=g\",\"caption\":\"Redacci\u00f3n QP\"},\"url\":\"https:\\\/\\\/quehacerpolitico.mx\\\/?author=2\"}]}<\/script>\n<!-- \/ Yoast SEO plugin. -->","yoast_head_json":{"title":"Hoy en Mexico 217 mil 345 muertos y 2 millones 349 mil 900 casos confirmados por COVID-19 -","robots":{"index":"index","follow":"follow","max-snippet":"max-snippet:-1","max-image-preview":"max-image-preview:large","max-video-preview":"max-video-preview:-1"},"canonical":"https:\/\/quehacerpolitico.mx\/?p=80385","og_locale":"es_MX","og_type":"article","og_title":"Hoy en Mexico 217 mil 345 muertos y 2 millones 349 mil 900 casos confirmados por COVID-19 -","og_description":"Hoy en Mexico 217 mil 345 muertos y 2 millones 349 mil 900 casos confirmados...","og_url":"https:\/\/quehacerpolitico.mx\/?p=80385","article_published_time":"2021-05-04T01:26:10+00:00","og_image":[{"width":1242,"height":676,"url":"https:\/\/quehacerpolitico.mx\/wp-content\/uploads\/2021\/05\/E596EACC-772B-4EB8-997F-8D4B972903A0.jpeg","type":"image\/jpeg"}],"author":"Redacci\u00f3n QP","twitter_card":"summary_large_image","twitter_misc":{"Escrito por":"Redacci\u00f3n QP","Tiempo de lectura":"2 minutos"},"schema":{"@context":"https:\/\/schema.org","@graph":[{"@type":"Article","@id":"https:\/\/quehacerpolitico.mx\/?p=80385#article","isPartOf":{"@id":"https:\/\/quehacerpolitico.mx\/?p=80385"},"author":{"name":"Redacci\u00f3n QP","@id":"https:\/\/quehacerpolitico.mx\/#\/schema\/person\/496d8ad2d1d3f8036101dca7ee39e585"},"headline":"Hoy en Mexico 217 mil 345 muertos y 2 millones 349 mil 900 casos confirmados por COVID-19","datePublished":"2021-05-04T01:26:10+00:00","mainEntityOfPage":{"@id":"https:\/\/quehacerpolitico.mx\/?p=80385"},"wordCount":331,"commentCount":0,"image":{"@id":"https:\/\/quehacerpolitico.mx\/?p=80385#primaryimage"},"thumbnailUrl":"https:\/\/quehacerpolitico.mx\/wp-content\/uploads\/2021\/05\/E596EACC-772B-4EB8-997F-8D4B972903A0.jpeg","articleSection":["CDMX"],"inLanguage":"es","potentialAction":[{"@type":"CommentAction","name":"Comment","target":["https:\/\/quehacerpolitico.mx\/?p=80385#respond"]}]},{"@type":"WebPage","@id":"https:\/\/quehacerpolitico.mx\/?p=80385","url":"https:\/\/quehacerpolitico.mx\/?p=80385","name":"Hoy en Mexico 217 mil 345 muertos y 2 millones 349 mil 900 casos confirmados por COVID-19 -","isPartOf":{"@id":"https:\/\/quehacerpolitico.mx\/#website"},"primaryImageOfPage":{"@id":"https:\/\/quehacerpolitico.mx\/?p=80385#primaryimage"},"image":{"@id":"https:\/\/quehacerpolitico.mx\/?p=80385#primaryimage"},"thumbnailUrl":"https:\/\/quehacerpolitico.mx\/wp-content\/uploads\/2021\/05\/E596EACC-772B-4EB8-997F-8D4B972903A0.jpeg","datePublished":"2021-05-04T01:26:10+00:00","author":{"@id":"https:\/\/quehacerpolitico.mx\/#\/schema\/person\/496d8ad2d1d3f8036101dca7ee39e585"},"breadcrumb":{"@id":"https:\/\/quehacerpolitico.mx\/?p=80385#breadcrumb"},"inLanguage":"es","potentialAction":[{"@type":"ReadAction","target":["https:\/\/quehacerpolitico.mx\/?p=80385"]}]},{"@type":"ImageObject","inLanguage":"es","@id":"https:\/\/quehacerpolitico.mx\/?p=80385#primaryimage","url":"https:\/\/quehacerpolitico.mx\/wp-content\/uploads\/2021\/05\/E596EACC-772B-4EB8-997F-8D4B972903A0.jpeg","contentUrl":"https:\/\/quehacerpolitico.mx\/wp-content\/uploads\/2021\/05\/E596EACC-772B-4EB8-997F-8D4B972903A0.jpeg","width":1242,"height":676},{"@type":"BreadcrumbList","@id":"https:\/\/quehacerpolitico.mx\/?p=80385#breadcrumb","itemListElement":[{"@type":"ListItem","position":1,"name":"Inicio","item":"https:\/\/quehacerpolitico.mx\/"},{"@type":"ListItem","position":2,"name":"Hoy en Mexico 217 mil 345 muertos y 2 millones 349 mil 900 casos confirmados por COVID-19"}]},{"@type":"WebSite","@id":"https:\/\/quehacerpolitico.mx\/#website","url":"https:\/\/quehacerpolitico.mx\/","name":"","description":"","potentialAction":[{"@type":"SearchAction","target":{"@type":"EntryPoint","urlTemplate":"https:\/\/quehacerpolitico.mx\/?s={search_term_string}"},"query-input":{"@type":"PropertyValueSpecification","valueRequired":true,"valueName":"search_term_string"}}],"inLanguage":"es"},{"@type":"Person","@id":"https:\/\/quehacerpolitico.mx\/#\/schema\/person\/496d8ad2d1d3f8036101dca7ee39e585","name":"Redacci\u00f3n QP","image":{"@type":"ImageObject","inLanguage":"es","@id":"https:\/\/secure.gravatar.com\/avatar\/c7164ed6fdec453195284ad24a5ae5b6e1eed2b848477fa2a4787ba9adf39a41?s=96&d=mm&r=g","url":"https:\/\/secure.gravatar.com\/avatar\/c7164ed6fdec453195284ad24a5ae5b6e1eed2b848477fa2a4787ba9adf39a41?s=96&d=mm&r=g","contentUrl":"https:\/\/secure.gravatar.com\/avatar\/c7164ed6fdec453195284ad24a5ae5b6e1eed2b848477fa2a4787ba9adf39a41?s=96&d=mm&r=g","caption":"Redacci\u00f3n QP"},"url":"https:\/\/quehacerpolitico.mx\/?author=2"}]}},"featured_image_urls":{"full":["https:\/\/quehacerpolitico.mx\/wp-content\/uploads\/2021\/05\/E596EACC-772B-4EB8-997F-8D4B972903A0.jpeg",1242,676,false],"thumbnail":["https:\/\/quehacerpolitico.mx\/wp-content\/uploads\/2021\/05\/E596EACC-772B-4EB8-997F-8D4B972903A0-150x150.jpeg",150,150,true],"medium":["https:\/\/quehacerpolitico.mx\/wp-content\/uploads\/2021\/05\/E596EACC-772B-4EB8-997F-8D4B972903A0-300x163.jpeg",300,163,true],"medium_large":["https:\/\/quehacerpolitico.mx\/wp-content\/uploads\/2021\/05\/E596EACC-772B-4EB8-997F-8D4B972903A0-768x418.jpeg",640,348,true],"large":["https:\/\/quehacerpolitico.mx\/wp-content\/uploads\/2021\/05\/E596EACC-772B-4EB8-997F-8D4B972903A0-1024x557.jpeg",640,348,true],"1536x1536":["https:\/\/quehacerpolitico.mx\/wp-content\/uploads\/2021\/05\/E596EACC-772B-4EB8-997F-8D4B972903A0.jpeg",1242,676,false],"2048x2048":["https:\/\/quehacerpolitico.mx\/wp-content\/uploads\/2021\/05\/E596EACC-772B-4EB8-997F-8D4B972903A0.jpeg",1242,676,false],"covernews-featured":["https:\/\/quehacerpolitico.mx\/wp-content\/uploads\/2021\/05\/E596EACC-772B-4EB8-997F-8D4B972903A0.jpeg",1024,557,false],"covernews-medium":["https:\/\/quehacerpolitico.mx\/wp-content\/uploads\/2021\/05\/E596EACC-772B-4EB8-997F-8D4B972903A0.jpeg",540,294,false]},"author_info":{"display_name":"Redacci\u00f3n QP","author_link":"https:\/\/quehacerpolitico.mx\/?author=2"},"category_info":"<a href=\"https:\/\/quehacerpolitico.mx\/?cat=55\" rel=\"category\">CDMX<\/a>","tag_info":"CDMX","comment_count":"0","_links":{"self":[{"href":"https:\/\/quehacerpolitico.mx\/index.php?rest_route=\/wp\/v2\/posts\/80385","targetHints":{"allow":["GET"]}}],"collection":[{"href":"https:\/\/quehacerpolitico.mx\/index.php?rest_route=\/wp\/v2\/posts"}],"about":[{"href":"https:\/\/quehacerpolitico.mx\/index.php?rest_route=\/wp\/v2\/types\/post"}],"author":[{"embeddable":true,"href":"https:\/\/quehacerpolitico.mx\/index.php?rest_route=\/wp\/v2\/users\/2"}],"replies":[{"embeddable":true,"href":"https:\/\/quehacerpolitico.mx\/index.php?rest_route=%2Fwp%2Fv2%2Fcomments&post=80385"}],"version-history":[{"count":0,"href":"https:\/\/quehacerpolitico.mx\/index.php?rest_route=\/wp\/v2\/posts\/80385\/revisions"}],"wp:featuredmedia":[{"embeddable":true,"href":"https:\/\/quehacerpolitico.mx\/index.php?rest_route=\/wp\/v2\/media\/80388"}],"wp:attachment":[{"href":"https:\/\/quehacerpolitico.mx\/index.php?rest_route=%2Fwp%2Fv2%2Fmedia&parent=80385"}],"wp:term":[{"taxonomy":"category","embeddable":true,"href":"https:\/\/quehacerpolitico.mx\/index.php?rest_route=%2Fwp%2Fv2%2Fcategories&post=80385"},{"taxonomy":"post_tag","embeddable":true,"href":"https:\/\/quehacerpolitico.mx\/index.php?rest_route=%2Fwp%2Fv2%2Ftags&post=80385"}],"curies":[{"name":"wp","href":"https:\/\/api.w.org\/{rel}","templated":true}]}}