{"id":80379,"date":"2021-05-03T16:06:10","date_gmt":"2021-05-03T16:06:10","guid":{"rendered":"https:\/\/quehacerpolitico.mx\/?p=80379"},"modified":"2021-05-03T16:06:10","modified_gmt":"2021-05-03T16:06:10","slug":"secretario-general-del-pri-y-mas-de-mil-militantes-se-unen-romo","status":"publish","type":"post","link":"https:\/\/quehacerpolitico.mx\/?p=80379","title":{"rendered":"SECRETARIO GENERAL DEL PRI Y M\u00c1S DE MIL MILITANTES SE UNEN A ROMO"},"content":{"rendered":"<p>SECRETARIO GENERAL DEL PRI Y M\u00c1S DE MIL MILITANTES SE UNEN A ROMO<\/p>\n<p>Por Redacci\u00f3n QP<\/p>\n<p>-Es fundamental la visi\u00f3n de los j\u00f3venes en nuestra campa\u00f1a, afirma el candidato.<br \/>\n-Se sumaron las asociaciones: Expresi\u00f3n Juvenil Revolucionaria, Instituto Reyes Heroles, Movimiento CNOP, Unidad Revolucionaria, Vanguardia Juvenil Agrarista y Movimiento PRI Mx.<\/p>\n<p>El candidato a alcalde en Miguel Hidalgo, V\u00edctor Hugo Romo de Vivar Guerra, recibi\u00f3 en las filas de su campa\u00f1a al secretario general del PRI en MH, Bidkar Calzada, junto con la &#8220;Ola Roja&#8221;, integrada por m\u00e1s de mil militantes y liderazgos juveniles que se suman al proyecto de la coalici\u00f3n Juntos Haremos Historia.<\/p>\n<p>En una video transmisi\u00f3n desde la explanada del Auditorio Nacional, Romo asegur\u00f3 que el nutrido grupo de l\u00edderes juveniles se adhiere de forma voluntaria al proyecto de gobierno ganador, ya que son mujeres y hombres que siguen militando en el PRI, pero quieren apoyar la transformaci\u00f3n y el progreso de la alcald\u00eda.<\/p>\n<p>&#8220;El color de la juventud se teje, se cosecha. Por eso hoy abrimos las puertas y la casa al talento, al trabajo y al entusiasmo de los j\u00f3venes priistas&#8221;, cit\u00f3 Romo.<\/p>\n<p>En el mismo sentido, sostuvo que las juventudes junto con \u00e9l, est\u00e1n en la misma ruta de mejorar la calidad de vida de las y los vecinos de la alcald\u00eda, y este d\u00eda se refrenda con la alianza que simbolizaron los j\u00f3venes con un cambio de chalecos rojos por negros, desde las escalinatas del Auditorio Nacional.<\/p>\n<p>Adem\u00e1s, apunt\u00f3 el abanderado de Morena-PT-PVEM, los j\u00f3venes reconocen el valor social y suman su talento en favor del bienestar de la poblaci\u00f3n miguelhidalguense con proyectos como Mi Primera Chamba MH, el Consejo Juvenil, as\u00ed como las dem\u00e1s acciones enfocadas en las juventudes.<\/p>\n<p>Bidkar Calzada, secretario general del PRI en MH y tambi\u00e9n aspirante a Concejal, reconoci\u00f3 en la plataforma electoral de Romo la oportunidad para cambiar &#8220;nuestra Miguel Hidalgo, porque somos esas juventudes rebeldes que queremos hacer el bien en nuestra comunidad&#8221;.<\/p>\n<blockquote class=\"twitter-tweet\" data-width=\"550\" data-dnt=\"true\">\n<p lang=\"es\" dir=\"ltr\">La lucha por el bienestar de las y los miguelhidalguenses tiene como fuerza la suma de voluntades que se dirigen a un mismo objetivo, la Ola Roja Juvenil del PRI con esta misma visi\u00f3n se une a nuestro proyecto de continuidad en <a href=\"https:\/\/twitter.com\/hashtag\/MiguelHidalgo?src=hash&amp;ref_src=twsrc%5Etfw\">#MiguelHidalgo<\/a> <a href=\"https:\/\/twitter.com\/hashtag\/SaberGobernar?src=hash&amp;ref_src=twsrc%5Etfw\">#SaberGobernar<\/a><a href=\"https:\/\/twitter.com\/hashtag\/RomoCONTIGO?src=hash&amp;ref_src=twsrc%5Etfw\">#RomoCONTIGO<\/a> <a href=\"https:\/\/t.co\/yvYhGMzHAY\">pic.twitter.com\/yvYhGMzHAY<\/a><\/p>\n<p>&mdash; Victor Romo (@vromog) <a href=\"https:\/\/twitter.com\/vromog\/status\/1389242223045353478?ref_src=twsrc%5Etfw\">May 3, 2021<\/a><\/p><\/blockquote>\n<p><script async src=\"https:\/\/platform.twitter.com\/widgets.js\" charset=\"utf-8\"><\/script><\/p>\n<p>Romo garantiz\u00f3 que una vez obtenido el triunfo el pr\u00f3ximo 6 de junio, los j\u00f3venes ser\u00e1n parte fundamental del proyecto de gobierno, porque &#8220;cuando mejora M\u00e9xico, es cuando los j\u00f3venes se ponen las pilas&#8221;.<\/p>\n<p>Luego de reconocer en el pol\u00edtico miguelhidalguense su inter\u00e9s y trabajo en las causas juveniles como la equidad de g\u00e9nero, los derechos LGBT+ y el fomento al empleo, los j\u00f3venes mostraron su entusiasmo con un &#8220;\u00a1V\u00edctor, amigo, los j\u00f3venes contigo!&#8221;.<\/p>\n<p>Con esta adhesi\u00f3n, ya son m\u00e1s de 2 mil 500 militantes y dirigentes de otros partidos que expresan p\u00fablicamente su decisi\u00f3n de sumarse a la campa\u00f1a de V\u00edctor Romo.<\/p>\n<p>Romo estuvo acompa\u00f1ado de los dirigentes: Judith Ben\u00edtez, presidenta de la Unidad Revolucionaria del PRI en MH; Atzimba Le\u00f3n, secretaria general de la Expresi\u00f3n Juvenil Revolucionaria MH; Brian Varona, delegado del Instituto Reyes Heroles, y Javier Batie, dirigente de la CNOP Ciudad de M\u00e9xico<\/p>\n","protected":false},"excerpt":{"rendered":"<p>SECRETARIO GENERAL DEL PRI Y M\u00c1S DE MIL MILITANTES SE UNEN A ROMO Por Redacci\u00f3n&#8230;<\/p>\n","protected":false},"author":2,"featured_media":80381,"comment_status":"open","ping_status":"open","sticky":false,"template":"","format":"standard","meta":{"_monsterinsights_skip_tracking":false,"_monsterinsights_sitenote_active":false,"_monsterinsights_sitenote_note":"","_monsterinsights_sitenote_category":0,"footnotes":""},"categories":[55],"tags":[],"class_list":["post-80379","post","type-post","status-publish","format-standard","has-post-thumbnail","hentry","category-cdmx"],"yoast_head":"<!-- This site is optimized with the Yoast SEO plugin v27.3 - https:\/\/yoast.com\/product\/yoast-seo-wordpress\/ -->\n<title>SECRETARIO GENERAL DEL PRI Y M\u00c1S DE MIL MILITANTES SE UNEN A ROMO -<\/title>\n<meta name=\"robots\" content=\"index, follow, max-snippet:-1, max-image-preview:large, max-video-preview:-1\" \/>\n<link rel=\"canonical\" href=\"https:\/\/quehacerpolitico.mx\/?p=80379\" \/>\n<meta property=\"og:locale\" content=\"es_MX\" \/>\n<meta property=\"og:type\" content=\"article\" \/>\n<meta property=\"og:title\" content=\"SECRETARIO GENERAL DEL PRI Y M\u00c1S DE MIL MILITANTES SE UNEN A ROMO -\" \/>\n<meta property=\"og:description\" content=\"SECRETARIO GENERAL DEL PRI Y M\u00c1S DE MIL MILITANTES SE UNEN A ROMO Por Redacci\u00f3n...\" \/>\n<meta property=\"og:url\" content=\"https:\/\/quehacerpolitico.mx\/?p=80379\" \/>\n<meta property=\"article:published_time\" content=\"2021-05-03T16:06:10+00:00\" \/>\n<meta property=\"og:image\" content=\"https:\/\/quehacerpolitico.mx\/wp-content\/uploads\/2021\/05\/4B15F7DD-BDCF-4659-9FEB-83E771DD3741.jpeg\" \/>\n\t<meta property=\"og:image:width\" content=\"1024\" \/>\n\t<meta property=\"og:image:height\" content=\"682\" \/>\n\t<meta property=\"og:image:type\" content=\"image\/jpeg\" \/>\n<meta name=\"author\" content=\"Redacci\u00f3n QP\" \/>\n<meta name=\"twitter:card\" content=\"summary_large_image\" \/>\n<meta name=\"twitter:label1\" content=\"Escrito por\" \/>\n\t<meta name=\"twitter:data1\" content=\"Redacci\u00f3n QP\" \/>\n\t<meta name=\"twitter:label2\" content=\"Tiempo de lectura\" \/>\n\t<meta name=\"twitter:data2\" content=\"3 minutos\" \/>\n<script type=\"application\/ld+json\" class=\"yoast-schema-graph\">{\"@context\":\"https:\\\/\\\/schema.org\",\"@graph\":[{\"@type\":\"Article\",\"@id\":\"https:\\\/\\\/quehacerpolitico.mx\\\/?p=80379#article\",\"isPartOf\":{\"@id\":\"https:\\\/\\\/quehacerpolitico.mx\\\/?p=80379\"},\"author\":{\"name\":\"Redacci\u00f3n QP\",\"@id\":\"https:\\\/\\\/quehacerpolitico.mx\\\/#\\\/schema\\\/person\\\/496d8ad2d1d3f8036101dca7ee39e585\"},\"headline\":\"SECRETARIO GENERAL DEL PRI Y M\u00c1S DE MIL MILITANTES SE UNEN A ROMO\",\"datePublished\":\"2021-05-03T16:06:10+00:00\",\"mainEntityOfPage\":{\"@id\":\"https:\\\/\\\/quehacerpolitico.mx\\\/?p=80379\"},\"wordCount\":536,\"commentCount\":0,\"image\":{\"@id\":\"https:\\\/\\\/quehacerpolitico.mx\\\/?p=80379#primaryimage\"},\"thumbnailUrl\":\"https:\\\/\\\/quehacerpolitico.mx\\\/wp-content\\\/uploads\\\/2021\\\/05\\\/4B15F7DD-BDCF-4659-9FEB-83E771DD3741.jpeg\",\"articleSection\":[\"CDMX\"],\"inLanguage\":\"es\",\"potentialAction\":[{\"@type\":\"CommentAction\",\"name\":\"Comment\",\"target\":[\"https:\\\/\\\/quehacerpolitico.mx\\\/?p=80379#respond\"]}]},{\"@type\":\"WebPage\",\"@id\":\"https:\\\/\\\/quehacerpolitico.mx\\\/?p=80379\",\"url\":\"https:\\\/\\\/quehacerpolitico.mx\\\/?p=80379\",\"name\":\"SECRETARIO GENERAL DEL PRI Y M\u00c1S DE MIL MILITANTES SE UNEN A ROMO -\",\"isPartOf\":{\"@id\":\"https:\\\/\\\/quehacerpolitico.mx\\\/#website\"},\"primaryImageOfPage\":{\"@id\":\"https:\\\/\\\/quehacerpolitico.mx\\\/?p=80379#primaryimage\"},\"image\":{\"@id\":\"https:\\\/\\\/quehacerpolitico.mx\\\/?p=80379#primaryimage\"},\"thumbnailUrl\":\"https:\\\/\\\/quehacerpolitico.mx\\\/wp-content\\\/uploads\\\/2021\\\/05\\\/4B15F7DD-BDCF-4659-9FEB-83E771DD3741.jpeg\",\"datePublished\":\"2021-05-03T16:06:10+00:00\",\"author\":{\"@id\":\"https:\\\/\\\/quehacerpolitico.mx\\\/#\\\/schema\\\/person\\\/496d8ad2d1d3f8036101dca7ee39e585\"},\"breadcrumb\":{\"@id\":\"https:\\\/\\\/quehacerpolitico.mx\\\/?p=80379#breadcrumb\"},\"inLanguage\":\"es\",\"potentialAction\":[{\"@type\":\"ReadAction\",\"target\":[\"https:\\\/\\\/quehacerpolitico.mx\\\/?p=80379\"]}]},{\"@type\":\"ImageObject\",\"inLanguage\":\"es\",\"@id\":\"https:\\\/\\\/quehacerpolitico.mx\\\/?p=80379#primaryimage\",\"url\":\"https:\\\/\\\/quehacerpolitico.mx\\\/wp-content\\\/uploads\\\/2021\\\/05\\\/4B15F7DD-BDCF-4659-9FEB-83E771DD3741.jpeg\",\"contentUrl\":\"https:\\\/\\\/quehacerpolitico.mx\\\/wp-content\\\/uploads\\\/2021\\\/05\\\/4B15F7DD-BDCF-4659-9FEB-83E771DD3741.jpeg\",\"width\":1024,\"height\":682},{\"@type\":\"BreadcrumbList\",\"@id\":\"https:\\\/\\\/quehacerpolitico.mx\\\/?p=80379#breadcrumb\",\"itemListElement\":[{\"@type\":\"ListItem\",\"position\":1,\"name\":\"Inicio\",\"item\":\"https:\\\/\\\/quehacerpolitico.mx\\\/\"},{\"@type\":\"ListItem\",\"position\":2,\"name\":\"SECRETARIO GENERAL DEL PRI Y M\u00c1S DE MIL MILITANTES SE UNEN A ROMO\"}]},{\"@type\":\"WebSite\",\"@id\":\"https:\\\/\\\/quehacerpolitico.mx\\\/#website\",\"url\":\"https:\\\/\\\/quehacerpolitico.mx\\\/\",\"name\":\"\",\"description\":\"\",\"potentialAction\":[{\"@type\":\"SearchAction\",\"target\":{\"@type\":\"EntryPoint\",\"urlTemplate\":\"https:\\\/\\\/quehacerpolitico.mx\\\/?s={search_term_string}\"},\"query-input\":{\"@type\":\"PropertyValueSpecification\",\"valueRequired\":true,\"valueName\":\"search_term_string\"}}],\"inLanguage\":\"es\"},{\"@type\":\"Person\",\"@id\":\"https:\\\/\\\/quehacerpolitico.mx\\\/#\\\/schema\\\/person\\\/496d8ad2d1d3f8036101dca7ee39e585\",\"name\":\"Redacci\u00f3n QP\",\"image\":{\"@type\":\"ImageObject\",\"inLanguage\":\"es\",\"@id\":\"https:\\\/\\\/secure.gravatar.com\\\/avatar\\\/c7164ed6fdec453195284ad24a5ae5b6e1eed2b848477fa2a4787ba9adf39a41?s=96&d=mm&r=g\",\"url\":\"https:\\\/\\\/secure.gravatar.com\\\/avatar\\\/c7164ed6fdec453195284ad24a5ae5b6e1eed2b848477fa2a4787ba9adf39a41?s=96&d=mm&r=g\",\"contentUrl\":\"https:\\\/\\\/secure.gravatar.com\\\/avatar\\\/c7164ed6fdec453195284ad24a5ae5b6e1eed2b848477fa2a4787ba9adf39a41?s=96&d=mm&r=g\",\"caption\":\"Redacci\u00f3n QP\"},\"url\":\"https:\\\/\\\/quehacerpolitico.mx\\\/?author=2\"}]}<\/script>\n<!-- \/ Yoast SEO plugin. -->","yoast_head_json":{"title":"SECRETARIO GENERAL DEL PRI Y M\u00c1S DE MIL MILITANTES SE UNEN A ROMO -","robots":{"index":"index","follow":"follow","max-snippet":"max-snippet:-1","max-image-preview":"max-image-preview:large","max-video-preview":"max-video-preview:-1"},"canonical":"https:\/\/quehacerpolitico.mx\/?p=80379","og_locale":"es_MX","og_type":"article","og_title":"SECRETARIO GENERAL DEL PRI Y M\u00c1S DE MIL MILITANTES SE UNEN A ROMO -","og_description":"SECRETARIO GENERAL DEL PRI Y M\u00c1S DE MIL MILITANTES SE UNEN A ROMO Por Redacci\u00f3n...","og_url":"https:\/\/quehacerpolitico.mx\/?p=80379","article_published_time":"2021-05-03T16:06:10+00:00","og_image":[{"width":1024,"height":682,"url":"https:\/\/quehacerpolitico.mx\/wp-content\/uploads\/2021\/05\/4B15F7DD-BDCF-4659-9FEB-83E771DD3741.jpeg","type":"image\/jpeg"}],"author":"Redacci\u00f3n QP","twitter_card":"summary_large_image","twitter_misc":{"Escrito por":"Redacci\u00f3n QP","Tiempo de lectura":"3 minutos"},"schema":{"@context":"https:\/\/schema.org","@graph":[{"@type":"Article","@id":"https:\/\/quehacerpolitico.mx\/?p=80379#article","isPartOf":{"@id":"https:\/\/quehacerpolitico.mx\/?p=80379"},"author":{"name":"Redacci\u00f3n QP","@id":"https:\/\/quehacerpolitico.mx\/#\/schema\/person\/496d8ad2d1d3f8036101dca7ee39e585"},"headline":"SECRETARIO GENERAL DEL PRI Y M\u00c1S DE MIL MILITANTES SE UNEN A ROMO","datePublished":"2021-05-03T16:06:10+00:00","mainEntityOfPage":{"@id":"https:\/\/quehacerpolitico.mx\/?p=80379"},"wordCount":536,"commentCount":0,"image":{"@id":"https:\/\/quehacerpolitico.mx\/?p=80379#primaryimage"},"thumbnailUrl":"https:\/\/quehacerpolitico.mx\/wp-content\/uploads\/2021\/05\/4B15F7DD-BDCF-4659-9FEB-83E771DD3741.jpeg","articleSection":["CDMX"],"inLanguage":"es","potentialAction":[{"@type":"CommentAction","name":"Comment","target":["https:\/\/quehacerpolitico.mx\/?p=80379#respond"]}]},{"@type":"WebPage","@id":"https:\/\/quehacerpolitico.mx\/?p=80379","url":"https:\/\/quehacerpolitico.mx\/?p=80379","name":"SECRETARIO GENERAL DEL PRI Y M\u00c1S DE MIL MILITANTES SE UNEN A ROMO -","isPartOf":{"@id":"https:\/\/quehacerpolitico.mx\/#website"},"primaryImageOfPage":{"@id":"https:\/\/quehacerpolitico.mx\/?p=80379#primaryimage"},"image":{"@id":"https:\/\/quehacerpolitico.mx\/?p=80379#primaryimage"},"thumbnailUrl":"https:\/\/quehacerpolitico.mx\/wp-content\/uploads\/2021\/05\/4B15F7DD-BDCF-4659-9FEB-83E771DD3741.jpeg","datePublished":"2021-05-03T16:06:10+00:00","author":{"@id":"https:\/\/quehacerpolitico.mx\/#\/schema\/person\/496d8ad2d1d3f8036101dca7ee39e585"},"breadcrumb":{"@id":"https:\/\/quehacerpolitico.mx\/?p=80379#breadcrumb"},"inLanguage":"es","potentialAction":[{"@type":"ReadAction","target":["https:\/\/quehacerpolitico.mx\/?p=80379"]}]},{"@type":"ImageObject","inLanguage":"es","@id":"https:\/\/quehacerpolitico.mx\/?p=80379#primaryimage","url":"https:\/\/quehacerpolitico.mx\/wp-content\/uploads\/2021\/05\/4B15F7DD-BDCF-4659-9FEB-83E771DD3741.jpeg","contentUrl":"https:\/\/quehacerpolitico.mx\/wp-content\/uploads\/2021\/05\/4B15F7DD-BDCF-4659-9FEB-83E771DD3741.jpeg","width":1024,"height":682},{"@type":"BreadcrumbList","@id":"https:\/\/quehacerpolitico.mx\/?p=80379#breadcrumb","itemListElement":[{"@type":"ListItem","position":1,"name":"Inicio","item":"https:\/\/quehacerpolitico.mx\/"},{"@type":"ListItem","position":2,"name":"SECRETARIO GENERAL DEL PRI Y M\u00c1S DE MIL MILITANTES SE UNEN A ROMO"}]},{"@type":"WebSite","@id":"https:\/\/quehacerpolitico.mx\/#website","url":"https:\/\/quehacerpolitico.mx\/","name":"","description":"","potentialAction":[{"@type":"SearchAction","target":{"@type":"EntryPoint","urlTemplate":"https:\/\/quehacerpolitico.mx\/?s={search_term_string}"},"query-input":{"@type":"PropertyValueSpecification","valueRequired":true,"valueName":"search_term_string"}}],"inLanguage":"es"},{"@type":"Person","@id":"https:\/\/quehacerpolitico.mx\/#\/schema\/person\/496d8ad2d1d3f8036101dca7ee39e585","name":"Redacci\u00f3n QP","image":{"@type":"ImageObject","inLanguage":"es","@id":"https:\/\/secure.gravatar.com\/avatar\/c7164ed6fdec453195284ad24a5ae5b6e1eed2b848477fa2a4787ba9adf39a41?s=96&d=mm&r=g","url":"https:\/\/secure.gravatar.com\/avatar\/c7164ed6fdec453195284ad24a5ae5b6e1eed2b848477fa2a4787ba9adf39a41?s=96&d=mm&r=g","contentUrl":"https:\/\/secure.gravatar.com\/avatar\/c7164ed6fdec453195284ad24a5ae5b6e1eed2b848477fa2a4787ba9adf39a41?s=96&d=mm&r=g","caption":"Redacci\u00f3n QP"},"url":"https:\/\/quehacerpolitico.mx\/?author=2"}]}},"featured_image_urls":{"full":["https:\/\/quehacerpolitico.mx\/wp-content\/uploads\/2021\/05\/4B15F7DD-BDCF-4659-9FEB-83E771DD3741.jpeg",1024,682,false],"thumbnail":["https:\/\/quehacerpolitico.mx\/wp-content\/uploads\/2021\/05\/4B15F7DD-BDCF-4659-9FEB-83E771DD3741-150x150.jpeg",150,150,true],"medium":["https:\/\/quehacerpolitico.mx\/wp-content\/uploads\/2021\/05\/4B15F7DD-BDCF-4659-9FEB-83E771DD3741-300x200.jpeg",300,200,true],"medium_large":["https:\/\/quehacerpolitico.mx\/wp-content\/uploads\/2021\/05\/4B15F7DD-BDCF-4659-9FEB-83E771DD3741-768x512.jpeg",640,427,true],"large":["https:\/\/quehacerpolitico.mx\/wp-content\/uploads\/2021\/05\/4B15F7DD-BDCF-4659-9FEB-83E771DD3741.jpeg",640,426,false],"1536x1536":["https:\/\/quehacerpolitico.mx\/wp-content\/uploads\/2021\/05\/4B15F7DD-BDCF-4659-9FEB-83E771DD3741.jpeg",1024,682,false],"2048x2048":["https:\/\/quehacerpolitico.mx\/wp-content\/uploads\/2021\/05\/4B15F7DD-BDCF-4659-9FEB-83E771DD3741.jpeg",1024,682,false],"covernews-featured":["https:\/\/quehacerpolitico.mx\/wp-content\/uploads\/2021\/05\/4B15F7DD-BDCF-4659-9FEB-83E771DD3741.jpeg",1024,682,false],"covernews-medium":["https:\/\/quehacerpolitico.mx\/wp-content\/uploads\/2021\/05\/4B15F7DD-BDCF-4659-9FEB-83E771DD3741.jpeg",510,340,false]},"author_info":{"display_name":"Redacci\u00f3n QP","author_link":"https:\/\/quehacerpolitico.mx\/?author=2"},"category_info":"<a href=\"https:\/\/quehacerpolitico.mx\/?cat=55\" rel=\"category\">CDMX<\/a>","tag_info":"CDMX","comment_count":"0","_links":{"self":[{"href":"https:\/\/quehacerpolitico.mx\/index.php?rest_route=\/wp\/v2\/posts\/80379","targetHints":{"allow":["GET"]}}],"collection":[{"href":"https:\/\/quehacerpolitico.mx\/index.php?rest_route=\/wp\/v2\/posts"}],"about":[{"href":"https:\/\/quehacerpolitico.mx\/index.php?rest_route=\/wp\/v2\/types\/post"}],"author":[{"embeddable":true,"href":"https:\/\/quehacerpolitico.mx\/index.php?rest_route=\/wp\/v2\/users\/2"}],"replies":[{"embeddable":true,"href":"https:\/\/quehacerpolitico.mx\/index.php?rest_route=%2Fwp%2Fv2%2Fcomments&post=80379"}],"version-history":[{"count":0,"href":"https:\/\/quehacerpolitico.mx\/index.php?rest_route=\/wp\/v2\/posts\/80379\/revisions"}],"wp:featuredmedia":[{"embeddable":true,"href":"https:\/\/quehacerpolitico.mx\/index.php?rest_route=\/wp\/v2\/media\/80381"}],"wp:attachment":[{"href":"https:\/\/quehacerpolitico.mx\/index.php?rest_route=%2Fwp%2Fv2%2Fmedia&parent=80379"}],"wp:term":[{"taxonomy":"category","embeddable":true,"href":"https:\/\/quehacerpolitico.mx\/index.php?rest_route=%2Fwp%2Fv2%2Fcategories&post=80379"},{"taxonomy":"post_tag","embeddable":true,"href":"https:\/\/quehacerpolitico.mx\/index.php?rest_route=%2Fwp%2Fv2%2Ftags&post=80379"}],"curies":[{"name":"wp","href":"https:\/\/api.w.org\/{rel}","templated":true}]}}