{"id":80369,"date":"2021-05-03T03:12:39","date_gmt":"2021-05-03T03:12:39","guid":{"rendered":"https:\/\/quehacerpolitico.mx\/?p=80369"},"modified":"2021-05-03T03:12:39","modified_gmt":"2021-05-03T03:12:39","slug":"checo-perez-es-nombrado-como-piloto-del-dia-del-gp-de-portugal","status":"publish","type":"post","link":"https:\/\/quehacerpolitico.mx\/?p=80369","title":{"rendered":"\u2018Checo\u2019 P\u00e9rez es nombrado como \u2018piloto del d\u00eda\u2019 del GP de Portugal"},"content":{"rendered":"<h1 class=\"article_title\">\u2018Checo\u2019 P\u00e9rez es nombrado como \u2018piloto del d\u00eda\u2019 del GP de Portugal<br \/>\nPor Redacci\u00f3n QP<\/h1>\n<p>El piloto mexicano manifest\u00f3 en Portimao que &#8220;quedar taponado por Lando Norris, de McLaren, comprometi\u00f3&#8221; su &#8220;carrera&#8221;<\/p>\n<p>El piloto mexicano de Red Bull, Sergio \u2018Checo\u2019 P\u00e9rez\u00a0fue nombrado como el mejor piloto del <strong>Gran Premio de Portugal<\/strong> a pesar de que qued\u00f3 en <strong>cuarto lugar.<\/strong><\/p>\n<p>El piloto mexicano manifest\u00f3 en Portimao que \u201cquedar taponado por Lando Norris, de McLaren, comprometi\u00f3\u201d su \u201ccarrera\u201d<\/p>\n<blockquote><p>\u201cHoy he tenido una carrera bastante ocupada durante todo el tiempo. Lando (Norris) logr\u00f3 adelantarme en la cuarta curva, pero pens\u00e9 que hab\u00eda sacado las cuatro ruedas de su coche fuera de la pista. As\u00ed que no me defend\u00ed, pensando que me tendr\u00eda que devolver la posici\u00f3n, por rebasar los l\u00edmites de la pista. Pero ese no fue el caso\u201d, indic\u00f3 el piloto mexicano, que ahora es sexto en el Mundial, con 22 puntos.<\/p>\n<p>\u201cFue un error de c\u00e1lculo por mi parte y un fallo, porque estar taponado por detr\u00e1s de Lando comprometi\u00f3 nuestra carrera y nos cost\u00f3 mucho tiempo\u201d, apunt\u00f3 \u2018Checo\u2019, nacido hace 31 a\u00f1os en Guadalajara (Jalisco) tras disputar su tercera carrera desde que pilota para Red Bull.<\/p>\n<p>\u201cCuando logr\u00e9 adelantarlo, mi ritmo era bueno, pero creo que el da\u00f1o ya estaba hecho. Despu\u00e9s intentamos hacer algo diferente con la estrategia, al ir largo (\u00e9l fue el \u00faltimo en cambiar neum\u00e1ticos), con la esperanza de un coche de seguridad, pero no funcion\u00f3 y el cuarto puesto fue lo m\u00e1ximo que pudimos sacar\u201d, opin\u00f3 el bravo piloto tapat\u00edo.<\/p><\/blockquote>\n<p>\u201cDefinitivamente estamos haciendo un gran progreso con el coche y el ritmo de carrera, lo entiendo cada vez m\u00e1s con los kil\u00f3metros extra que estoy pilotando\u201d, a\u00f1adi\u00f3 \u2018Checo\u2019. que el a\u00f1o pasado logr\u00f3 su primer triunfo en F1 en Bahrein.<\/p>\n<p>\u201cEst\u00e1 claro que todav\u00eda hay \u00e1reas en las que debo mejorar, pero esto es s\u00f3lo un proceso y seguiremos trabajando duro con miras a la pr\u00f3xima semana en Barcelona (sede del Gran Premio de Espa\u00f1a)\u201d, coment\u00f3.<\/p>\n<blockquote><p>\u201cHa estado muy apretado todo de nuevo con los Mercedes durante todo el fin de semana y creo que esto va a seguir siendo as\u00ed durante toda la temporada. Algunos fines de semana ser\u00e1n m\u00e1s r\u00e1pidos y otros ser\u00e1n como \u00e9ste, as\u00ed que s\u00f3lo tenemos que asegurarnos de mantener la cabeza baja y seguir trabajando duramente\u201d, manifest\u00f3 \u2018Checo\u2019 este domingo en Portimao.<\/p><\/blockquote>\n<p>Con informaci\u00f3n de EFE<\/p>\n","protected":false},"excerpt":{"rendered":"<p>\u2018Checo\u2019 P\u00e9rez es nombrado como \u2018piloto del d\u00eda\u2019 del GP de Portugal Por Redacci\u00f3n QP&#8230;<\/p>\n","protected":false},"author":2,"featured_media":80373,"comment_status":"open","ping_status":"open","sticky":false,"template":"","format":"standard","meta":{"_monsterinsights_skip_tracking":false,"_monsterinsights_sitenote_active":false,"_monsterinsights_sitenote_note":"","_monsterinsights_sitenote_category":0,"footnotes":""},"categories":[54],"tags":[],"class_list":["post-80369","post","type-post","status-publish","format-standard","has-post-thumbnail","hentry","category-deportes"],"yoast_head":"<!-- This site is optimized with the Yoast SEO plugin v27.3 - https:\/\/yoast.com\/product\/yoast-seo-wordpress\/ -->\n<title>\u2018Checo\u2019 P\u00e9rez es nombrado como \u2018piloto del d\u00eda\u2019 del GP de Portugal -<\/title>\n<meta name=\"robots\" content=\"index, follow, max-snippet:-1, max-image-preview:large, max-video-preview:-1\" \/>\n<link rel=\"canonical\" href=\"https:\/\/quehacerpolitico.mx\/?p=80369\" \/>\n<meta property=\"og:locale\" content=\"es_MX\" \/>\n<meta property=\"og:type\" content=\"article\" \/>\n<meta property=\"og:title\" content=\"\u2018Checo\u2019 P\u00e9rez es nombrado como \u2018piloto del d\u00eda\u2019 del GP de Portugal -\" \/>\n<meta property=\"og:description\" content=\"\u2018Checo\u2019 P\u00e9rez es nombrado como \u2018piloto del d\u00eda\u2019 del GP de Portugal Por Redacci\u00f3n QP...\" \/>\n<meta property=\"og:url\" content=\"https:\/\/quehacerpolitico.mx\/?p=80369\" \/>\n<meta property=\"article:published_time\" content=\"2021-05-03T03:12:39+00:00\" \/>\n<meta property=\"og:image\" content=\"https:\/\/quehacerpolitico.mx\/wp-content\/uploads\/2021\/05\/7412556C-DEC7-4CB2-BE07-7D2D2F716B44.jpeg\" \/>\n\t<meta property=\"og:image:width\" content=\"750\" \/>\n\t<meta property=\"og:image:height\" content=\"495\" \/>\n\t<meta property=\"og:image:type\" content=\"image\/jpeg\" \/>\n<meta name=\"author\" content=\"Redacci\u00f3n QP\" \/>\n<meta name=\"twitter:card\" content=\"summary_large_image\" \/>\n<meta name=\"twitter:label1\" content=\"Escrito por\" \/>\n\t<meta name=\"twitter:data1\" content=\"Redacci\u00f3n QP\" \/>\n\t<meta name=\"twitter:label2\" content=\"Tiempo de lectura\" \/>\n\t<meta name=\"twitter:data2\" content=\"2 minutos\" \/>\n<script type=\"application\/ld+json\" class=\"yoast-schema-graph\">{\"@context\":\"https:\\\/\\\/schema.org\",\"@graph\":[{\"@type\":\"Article\",\"@id\":\"https:\\\/\\\/quehacerpolitico.mx\\\/?p=80369#article\",\"isPartOf\":{\"@id\":\"https:\\\/\\\/quehacerpolitico.mx\\\/?p=80369\"},\"author\":{\"name\":\"Redacci\u00f3n QP\",\"@id\":\"https:\\\/\\\/quehacerpolitico.mx\\\/#\\\/schema\\\/person\\\/496d8ad2d1d3f8036101dca7ee39e585\"},\"headline\":\"\u2018Checo\u2019 P\u00e9rez es nombrado como \u2018piloto del d\u00eda\u2019 del GP de Portugal\",\"datePublished\":\"2021-05-03T03:12:39+00:00\",\"mainEntityOfPage\":{\"@id\":\"https:\\\/\\\/quehacerpolitico.mx\\\/?p=80369\"},\"wordCount\":440,\"commentCount\":0,\"image\":{\"@id\":\"https:\\\/\\\/quehacerpolitico.mx\\\/?p=80369#primaryimage\"},\"thumbnailUrl\":\"https:\\\/\\\/quehacerpolitico.mx\\\/wp-content\\\/uploads\\\/2021\\\/05\\\/7412556C-DEC7-4CB2-BE07-7D2D2F716B44.jpeg\",\"articleSection\":[\"Deportes\"],\"inLanguage\":\"es\",\"potentialAction\":[{\"@type\":\"CommentAction\",\"name\":\"Comment\",\"target\":[\"https:\\\/\\\/quehacerpolitico.mx\\\/?p=80369#respond\"]}]},{\"@type\":\"WebPage\",\"@id\":\"https:\\\/\\\/quehacerpolitico.mx\\\/?p=80369\",\"url\":\"https:\\\/\\\/quehacerpolitico.mx\\\/?p=80369\",\"name\":\"\u2018Checo\u2019 P\u00e9rez es nombrado como \u2018piloto del d\u00eda\u2019 del GP de Portugal -\",\"isPartOf\":{\"@id\":\"https:\\\/\\\/quehacerpolitico.mx\\\/#website\"},\"primaryImageOfPage\":{\"@id\":\"https:\\\/\\\/quehacerpolitico.mx\\\/?p=80369#primaryimage\"},\"image\":{\"@id\":\"https:\\\/\\\/quehacerpolitico.mx\\\/?p=80369#primaryimage\"},\"thumbnailUrl\":\"https:\\\/\\\/quehacerpolitico.mx\\\/wp-content\\\/uploads\\\/2021\\\/05\\\/7412556C-DEC7-4CB2-BE07-7D2D2F716B44.jpeg\",\"datePublished\":\"2021-05-03T03:12:39+00:00\",\"author\":{\"@id\":\"https:\\\/\\\/quehacerpolitico.mx\\\/#\\\/schema\\\/person\\\/496d8ad2d1d3f8036101dca7ee39e585\"},\"breadcrumb\":{\"@id\":\"https:\\\/\\\/quehacerpolitico.mx\\\/?p=80369#breadcrumb\"},\"inLanguage\":\"es\",\"potentialAction\":[{\"@type\":\"ReadAction\",\"target\":[\"https:\\\/\\\/quehacerpolitico.mx\\\/?p=80369\"]}]},{\"@type\":\"ImageObject\",\"inLanguage\":\"es\",\"@id\":\"https:\\\/\\\/quehacerpolitico.mx\\\/?p=80369#primaryimage\",\"url\":\"https:\\\/\\\/quehacerpolitico.mx\\\/wp-content\\\/uploads\\\/2021\\\/05\\\/7412556C-DEC7-4CB2-BE07-7D2D2F716B44.jpeg\",\"contentUrl\":\"https:\\\/\\\/quehacerpolitico.mx\\\/wp-content\\\/uploads\\\/2021\\\/05\\\/7412556C-DEC7-4CB2-BE07-7D2D2F716B44.jpeg\",\"width\":750,\"height\":495},{\"@type\":\"BreadcrumbList\",\"@id\":\"https:\\\/\\\/quehacerpolitico.mx\\\/?p=80369#breadcrumb\",\"itemListElement\":[{\"@type\":\"ListItem\",\"position\":1,\"name\":\"Inicio\",\"item\":\"https:\\\/\\\/quehacerpolitico.mx\\\/\"},{\"@type\":\"ListItem\",\"position\":2,\"name\":\"\u2018Checo\u2019 P\u00e9rez es nombrado como \u2018piloto del d\u00eda\u2019 del GP de Portugal\"}]},{\"@type\":\"WebSite\",\"@id\":\"https:\\\/\\\/quehacerpolitico.mx\\\/#website\",\"url\":\"https:\\\/\\\/quehacerpolitico.mx\\\/\",\"name\":\"\",\"description\":\"\",\"potentialAction\":[{\"@type\":\"SearchAction\",\"target\":{\"@type\":\"EntryPoint\",\"urlTemplate\":\"https:\\\/\\\/quehacerpolitico.mx\\\/?s={search_term_string}\"},\"query-input\":{\"@type\":\"PropertyValueSpecification\",\"valueRequired\":true,\"valueName\":\"search_term_string\"}}],\"inLanguage\":\"es\"},{\"@type\":\"Person\",\"@id\":\"https:\\\/\\\/quehacerpolitico.mx\\\/#\\\/schema\\\/person\\\/496d8ad2d1d3f8036101dca7ee39e585\",\"name\":\"Redacci\u00f3n QP\",\"image\":{\"@type\":\"ImageObject\",\"inLanguage\":\"es\",\"@id\":\"https:\\\/\\\/secure.gravatar.com\\\/avatar\\\/c7164ed6fdec453195284ad24a5ae5b6e1eed2b848477fa2a4787ba9adf39a41?s=96&d=mm&r=g\",\"url\":\"https:\\\/\\\/secure.gravatar.com\\\/avatar\\\/c7164ed6fdec453195284ad24a5ae5b6e1eed2b848477fa2a4787ba9adf39a41?s=96&d=mm&r=g\",\"contentUrl\":\"https:\\\/\\\/secure.gravatar.com\\\/avatar\\\/c7164ed6fdec453195284ad24a5ae5b6e1eed2b848477fa2a4787ba9adf39a41?s=96&d=mm&r=g\",\"caption\":\"Redacci\u00f3n QP\"},\"url\":\"https:\\\/\\\/quehacerpolitico.mx\\\/?author=2\"}]}<\/script>\n<!-- \/ Yoast SEO plugin. -->","yoast_head_json":{"title":"\u2018Checo\u2019 P\u00e9rez es nombrado como \u2018piloto del d\u00eda\u2019 del GP de Portugal -","robots":{"index":"index","follow":"follow","max-snippet":"max-snippet:-1","max-image-preview":"max-image-preview:large","max-video-preview":"max-video-preview:-1"},"canonical":"https:\/\/quehacerpolitico.mx\/?p=80369","og_locale":"es_MX","og_type":"article","og_title":"\u2018Checo\u2019 P\u00e9rez es nombrado como \u2018piloto del d\u00eda\u2019 del GP de Portugal -","og_description":"\u2018Checo\u2019 P\u00e9rez es nombrado como \u2018piloto del d\u00eda\u2019 del GP de Portugal Por Redacci\u00f3n QP...","og_url":"https:\/\/quehacerpolitico.mx\/?p=80369","article_published_time":"2021-05-03T03:12:39+00:00","og_image":[{"width":750,"height":495,"url":"https:\/\/quehacerpolitico.mx\/wp-content\/uploads\/2021\/05\/7412556C-DEC7-4CB2-BE07-7D2D2F716B44.jpeg","type":"image\/jpeg"}],"author":"Redacci\u00f3n QP","twitter_card":"summary_large_image","twitter_misc":{"Escrito por":"Redacci\u00f3n QP","Tiempo de lectura":"2 minutos"},"schema":{"@context":"https:\/\/schema.org","@graph":[{"@type":"Article","@id":"https:\/\/quehacerpolitico.mx\/?p=80369#article","isPartOf":{"@id":"https:\/\/quehacerpolitico.mx\/?p=80369"},"author":{"name":"Redacci\u00f3n QP","@id":"https:\/\/quehacerpolitico.mx\/#\/schema\/person\/496d8ad2d1d3f8036101dca7ee39e585"},"headline":"\u2018Checo\u2019 P\u00e9rez es nombrado como \u2018piloto del d\u00eda\u2019 del GP de Portugal","datePublished":"2021-05-03T03:12:39+00:00","mainEntityOfPage":{"@id":"https:\/\/quehacerpolitico.mx\/?p=80369"},"wordCount":440,"commentCount":0,"image":{"@id":"https:\/\/quehacerpolitico.mx\/?p=80369#primaryimage"},"thumbnailUrl":"https:\/\/quehacerpolitico.mx\/wp-content\/uploads\/2021\/05\/7412556C-DEC7-4CB2-BE07-7D2D2F716B44.jpeg","articleSection":["Deportes"],"inLanguage":"es","potentialAction":[{"@type":"CommentAction","name":"Comment","target":["https:\/\/quehacerpolitico.mx\/?p=80369#respond"]}]},{"@type":"WebPage","@id":"https:\/\/quehacerpolitico.mx\/?p=80369","url":"https:\/\/quehacerpolitico.mx\/?p=80369","name":"\u2018Checo\u2019 P\u00e9rez es nombrado como \u2018piloto del d\u00eda\u2019 del GP de Portugal -","isPartOf":{"@id":"https:\/\/quehacerpolitico.mx\/#website"},"primaryImageOfPage":{"@id":"https:\/\/quehacerpolitico.mx\/?p=80369#primaryimage"},"image":{"@id":"https:\/\/quehacerpolitico.mx\/?p=80369#primaryimage"},"thumbnailUrl":"https:\/\/quehacerpolitico.mx\/wp-content\/uploads\/2021\/05\/7412556C-DEC7-4CB2-BE07-7D2D2F716B44.jpeg","datePublished":"2021-05-03T03:12:39+00:00","author":{"@id":"https:\/\/quehacerpolitico.mx\/#\/schema\/person\/496d8ad2d1d3f8036101dca7ee39e585"},"breadcrumb":{"@id":"https:\/\/quehacerpolitico.mx\/?p=80369#breadcrumb"},"inLanguage":"es","potentialAction":[{"@type":"ReadAction","target":["https:\/\/quehacerpolitico.mx\/?p=80369"]}]},{"@type":"ImageObject","inLanguage":"es","@id":"https:\/\/quehacerpolitico.mx\/?p=80369#primaryimage","url":"https:\/\/quehacerpolitico.mx\/wp-content\/uploads\/2021\/05\/7412556C-DEC7-4CB2-BE07-7D2D2F716B44.jpeg","contentUrl":"https:\/\/quehacerpolitico.mx\/wp-content\/uploads\/2021\/05\/7412556C-DEC7-4CB2-BE07-7D2D2F716B44.jpeg","width":750,"height":495},{"@type":"BreadcrumbList","@id":"https:\/\/quehacerpolitico.mx\/?p=80369#breadcrumb","itemListElement":[{"@type":"ListItem","position":1,"name":"Inicio","item":"https:\/\/quehacerpolitico.mx\/"},{"@type":"ListItem","position":2,"name":"\u2018Checo\u2019 P\u00e9rez es nombrado como \u2018piloto del d\u00eda\u2019 del GP de Portugal"}]},{"@type":"WebSite","@id":"https:\/\/quehacerpolitico.mx\/#website","url":"https:\/\/quehacerpolitico.mx\/","name":"","description":"","potentialAction":[{"@type":"SearchAction","target":{"@type":"EntryPoint","urlTemplate":"https:\/\/quehacerpolitico.mx\/?s={search_term_string}"},"query-input":{"@type":"PropertyValueSpecification","valueRequired":true,"valueName":"search_term_string"}}],"inLanguage":"es"},{"@type":"Person","@id":"https:\/\/quehacerpolitico.mx\/#\/schema\/person\/496d8ad2d1d3f8036101dca7ee39e585","name":"Redacci\u00f3n QP","image":{"@type":"ImageObject","inLanguage":"es","@id":"https:\/\/secure.gravatar.com\/avatar\/c7164ed6fdec453195284ad24a5ae5b6e1eed2b848477fa2a4787ba9adf39a41?s=96&d=mm&r=g","url":"https:\/\/secure.gravatar.com\/avatar\/c7164ed6fdec453195284ad24a5ae5b6e1eed2b848477fa2a4787ba9adf39a41?s=96&d=mm&r=g","contentUrl":"https:\/\/secure.gravatar.com\/avatar\/c7164ed6fdec453195284ad24a5ae5b6e1eed2b848477fa2a4787ba9adf39a41?s=96&d=mm&r=g","caption":"Redacci\u00f3n QP"},"url":"https:\/\/quehacerpolitico.mx\/?author=2"}]}},"featured_image_urls":{"full":["https:\/\/quehacerpolitico.mx\/wp-content\/uploads\/2021\/05\/7412556C-DEC7-4CB2-BE07-7D2D2F716B44.jpeg",750,495,false],"thumbnail":["https:\/\/quehacerpolitico.mx\/wp-content\/uploads\/2021\/05\/7412556C-DEC7-4CB2-BE07-7D2D2F716B44-150x150.jpeg",150,150,true],"medium":["https:\/\/quehacerpolitico.mx\/wp-content\/uploads\/2021\/05\/7412556C-DEC7-4CB2-BE07-7D2D2F716B44-300x198.jpeg",300,198,true],"medium_large":["https:\/\/quehacerpolitico.mx\/wp-content\/uploads\/2021\/05\/7412556C-DEC7-4CB2-BE07-7D2D2F716B44.jpeg",640,422,false],"large":["https:\/\/quehacerpolitico.mx\/wp-content\/uploads\/2021\/05\/7412556C-DEC7-4CB2-BE07-7D2D2F716B44.jpeg",640,422,false],"1536x1536":["https:\/\/quehacerpolitico.mx\/wp-content\/uploads\/2021\/05\/7412556C-DEC7-4CB2-BE07-7D2D2F716B44.jpeg",750,495,false],"2048x2048":["https:\/\/quehacerpolitico.mx\/wp-content\/uploads\/2021\/05\/7412556C-DEC7-4CB2-BE07-7D2D2F716B44.jpeg",750,495,false],"covernews-featured":["https:\/\/quehacerpolitico.mx\/wp-content\/uploads\/2021\/05\/7412556C-DEC7-4CB2-BE07-7D2D2F716B44.jpeg",750,495,false],"covernews-medium":["https:\/\/quehacerpolitico.mx\/wp-content\/uploads\/2021\/05\/7412556C-DEC7-4CB2-BE07-7D2D2F716B44.jpeg",515,340,false]},"author_info":{"display_name":"Redacci\u00f3n QP","author_link":"https:\/\/quehacerpolitico.mx\/?author=2"},"category_info":"<a href=\"https:\/\/quehacerpolitico.mx\/?cat=54\" rel=\"category\">Deportes<\/a>","tag_info":"Deportes","comment_count":"0","_links":{"self":[{"href":"https:\/\/quehacerpolitico.mx\/index.php?rest_route=\/wp\/v2\/posts\/80369","targetHints":{"allow":["GET"]}}],"collection":[{"href":"https:\/\/quehacerpolitico.mx\/index.php?rest_route=\/wp\/v2\/posts"}],"about":[{"href":"https:\/\/quehacerpolitico.mx\/index.php?rest_route=\/wp\/v2\/types\/post"}],"author":[{"embeddable":true,"href":"https:\/\/quehacerpolitico.mx\/index.php?rest_route=\/wp\/v2\/users\/2"}],"replies":[{"embeddable":true,"href":"https:\/\/quehacerpolitico.mx\/index.php?rest_route=%2Fwp%2Fv2%2Fcomments&post=80369"}],"version-history":[{"count":0,"href":"https:\/\/quehacerpolitico.mx\/index.php?rest_route=\/wp\/v2\/posts\/80369\/revisions"}],"wp:featuredmedia":[{"embeddable":true,"href":"https:\/\/quehacerpolitico.mx\/index.php?rest_route=\/wp\/v2\/media\/80373"}],"wp:attachment":[{"href":"https:\/\/quehacerpolitico.mx\/index.php?rest_route=%2Fwp%2Fv2%2Fmedia&parent=80369"}],"wp:term":[{"taxonomy":"category","embeddable":true,"href":"https:\/\/quehacerpolitico.mx\/index.php?rest_route=%2Fwp%2Fv2%2Fcategories&post=80369"},{"taxonomy":"post_tag","embeddable":true,"href":"https:\/\/quehacerpolitico.mx\/index.php?rest_route=%2Fwp%2Fv2%2Ftags&post=80369"}],"curies":[{"name":"wp","href":"https:\/\/api.w.org\/{rel}","templated":true}]}}