{"id":80358,"date":"2021-05-02T19:23:23","date_gmt":"2021-05-02T19:23:23","guid":{"rendered":"https:\/\/quehacerpolitico.mx\/?p=80358"},"modified":"2021-05-02T19:23:23","modified_gmt":"2021-05-02T19:23:23","slug":"regresa-reforzada-la-protectora-de-la-movilidad-mh","status":"publish","type":"post","link":"https:\/\/quehacerpolitico.mx\/?p=80358","title":{"rendered":"REGRESA REFORZADA LA PROTECTORA DE LA MOVILIDAD MH: ROMO"},"content":{"rendered":"<p>REGRESA REFORZADA LA PROTECTORA DE LA MOVILIDAD MH: ROMO<\/p>\n<p>Por Redacci\u00f3n QP<\/p>\n<p>&#8211; Se entregar\u00e1n 10 mil bicicletas al mismo n\u00famero de egresados de la biciescuela en el trienio.<br \/>\n&#8211; MH ser\u00e1 la Holanda de la CdMx, asegura el candidato.<br \/>\n&#8211; Ya logramos que el 22% incorpore la bici a sus traslados, vamos por el 35%, propone.<br \/>\n&#8211; Su gobierno realizar\u00e1 el \u201cCiclot\u00f3n MH\u201d un domingo al mes y abrir\u00e1 tres biciescuelas m\u00e1s, anuncia.<\/p>\n<p>Al afirmar que la plataforma &#8220;La Protectora de la Movilidad&#8221; lleg\u00f3 para quedarse, el candidato a alcalde de Miguel Hidalgo, V\u00edctor Hugo Romo de Vivar Guerra, anunci\u00f3 los nuevos beneficios de la tarjeta que avala este programa.<\/p>\n<p>Precis\u00f3 que con esta tarjeta los miguelhidalguenses tendr\u00e1n acceso a descuentos en bienes, servicios y accesorios para sus bicicletas.<\/p>\n<p>Desde el Monumento al Ciclista, ubicado en el Casco de Santo Tom\u00e1s, Romo asegur\u00f3 que como jefe delegacional y despu\u00e9s como alcalde, desde 2012 ha transformado la movilidad en favor de las vecinas y vecinos de las 89 colonias de la demarcaci\u00f3n.<\/p>\n<p>\u201cYa logramos en seis a\u00f1os darle a la poblaci\u00f3n de MH 10 mil bicis y tres biciescuelas. Tenemos el \u00fanico programa social que entrega salud, transporte y felicidad&#8221;, subray\u00f3.<\/p>\n<p>Adem\u00e1s anunci\u00f3: vamos a entregar 10 mil bicicletas m\u00e1s, vamos abrir tres biciescuelas m\u00e1s y seis talleres de compostura.<\/p>\n<p>Expres\u00f3 que el objetivo de promover el uso de la bici, es erradicar los tres tumores de la salud, que son la hipertensi\u00f3n, la obesidad y la diabetes.<\/p>\n<p>Por ello, asegur\u00f3, &#8220;la bici es el ejemplo modelo para cuidar y a la madre tierra, porque no contamina, no hace tr\u00e1nsito y beneficia la salud&#8221;.<\/p>\n<p>El candidato postulado por Morena-PT-PVEM, conocido como el &#8220;bicialcalde&#8221;, precis\u00f3 que en 2012 s\u00f3lo el 1.8% de la poblaci\u00f3n en Miguel Hidalgo usaba la bici, y actualmente el 22% la utiliza como medio de transporte; es decir, uno de cada cinco habitantes.<\/p>\n<p>Agreg\u00f3 que en los siguientes tres a\u00f1os de su gobierno, despu\u00e9s del 6 de junio, la meta es llegar al 35% de la poblaci\u00f3n.<\/p>\n<p>Acompa\u00f1ado de ciclistas y al t\u00e9rmino de una rodada de 10 kil\u00f3metros, Romo anunci\u00f3 que su gobierno firmar\u00e1 un convenio con la direcci\u00f3n de la SEP en la ciudad de M\u00e9xico, para que en primarias, secundarias y preparatorias incorporadas de Miguel Hidalgo, se instalen las biciescuelas correspondientes y se inculque desde la ni\u00f1ez el uso de bicicleta, que es el transporte del futuro.<\/p>\n<p>Asimismo, anunci\u00f3 la instalaci\u00f3n de cuatro biciestacionamientos gigantes, los cuales ser\u00e1n de acceso gratuito para todo aquel miguelhidalguense que tenga la Protectora de la Movilidad.<\/p>\n<p>Mencion\u00f3 que MH fue la primera delegaci\u00f3n en otorgar incentivos no contaminantes a trav\u00e9s de la bicicleta, con lo que impuls\u00f3 el uso de \u00e9sta como medio de transporte y al mismo tiempo como actividad f\u00edsica.<\/p>\n<blockquote class=\"twitter-tweet\" data-width=\"550\" data-dnt=\"true\">\n<p lang=\"es\" dir=\"ltr\">Realizamos este anuncio en compa\u00f1\u00eda de de los candidatos a Diputado <a href=\"https:\/\/twitter.com\/Javier_Hidalgo?ref_src=twsrc%5Etfw\">@Javier_Hidalgo<\/a> <a href=\"https:\/\/twitter.com\/uliseslabrador?ref_src=twsrc%5Etfw\">@uliseslabrador<\/a>, Zaira Hern\u00e1ndez de <a href=\"https:\/\/twitter.com\/hashtag\/Intr%C3%A9pidosMH?src=hash&amp;ref_src=twsrc%5Etfw\">#Intr\u00e9pidosMH<\/a>, Claudia Santoyo y <a href=\"https:\/\/twitter.com\/RaulParedesP?ref_src=twsrc%5Etfw\">@RaulParedesP<\/a><a href=\"https:\/\/twitter.com\/hashtag\/SaberGobernar?src=hash&amp;ref_src=twsrc%5Etfw\">#SaberGobernar<\/a><a href=\"https:\/\/twitter.com\/hashtag\/RomoCONTIGO?src=hash&amp;ref_src=twsrc%5Etfw\">#RomoCONTIGO<\/a> <a href=\"https:\/\/t.co\/Zw5RJVlXwn\">pic.twitter.com\/Zw5RJVlXwn<\/a><\/p>\n<p>&mdash; Victor Romo (@vromog) <a href=\"https:\/\/twitter.com\/vromog\/status\/1388957833094381571?ref_src=twsrc%5Etfw\">May 2, 2021<\/a><\/p><\/blockquote>\n<p><script async src=\"https:\/\/platform.twitter.com\/widgets.js\" charset=\"utf-8\"><\/script><\/p>\n<p>Adem\u00e1s, subray\u00f3 que como gobernante de la demarcaci\u00f3n, logr\u00f3 posicionarla como la que m\u00e1s invirti\u00f3 en infraestructura ciclista y sustentable en toda la ciudad de M\u00e9xico.<\/p>\n<p>El pol\u00edtico morenista refrend\u00f3 que La Protectora de la Movilidad es una exitosa acci\u00f3n de gobierno que es incluyente, democr\u00e1tica y tiene visi\u00f3n de futuro ya que beneficia directamente a cerca de 400 mil miguelhidalguenses.<\/p>\n<p>Romo anunci\u00f3 que una vez al mes se llevar\u00e1 a cabo en la demarcaci\u00f3n el CICLOT\u00d3N para fomentar el uso de la bici en las 89 colonias.<\/p>\n<p>Destac\u00f3 los beneficios de la ecomovilidad para elevar la calidad de vida urbana, el bienestar colectivo, y a\u00f1adi\u00f3 que andar en bici reduce el uso del autom\u00f3vil, disminuye la contaminaci\u00f3n, contribuye con la pacificaci\u00f3n de las calles y generan mayor seguridad para toda la poblaci\u00f3n.<\/p>\n<p>Sobre la inversi\u00f3n en infraestructura, el candidato anunci\u00f3 que Miguel Hidalgo se convertir\u00e1 en la \u201cHolanda de la CDMX\u201d, al tener la mayor red ciclista y mejor conectada.<\/p>\n<p>Tambi\u00e9n declar\u00f3 que las campa\u00f1as del Rey Peat\u00f3n y Familia Peatona se convertir\u00e1n en programa de gobierno.<\/p>\n<p>\u201cVamos a seguir fomentando el uso de la bicicleta como veh\u00edculo, que adem\u00e1s nos sirve como ejercicio, mejora nuestra salud. Por eso pensamos en el peat\u00f3n, en la familia y su libre tr\u00e1nsito en las calles, que caminen con seguridad y que Miguel Hidalgo siga siendo vanguardia en movilidad sustentable&#8221;, cit\u00f3 el candidato de Morena.<\/p>\n<p>En cuanto al fomento de la movilidad sustentable, adelant\u00f3 que capacitar\u00e1 y dotar\u00e1 de bicicletas a m\u00e1s de 5 mil ciudadanos; capacitar\u00e1 por lo menos a mil mam\u00e1s en ciclismo urbano; se evolucionar\u00e1 la Biciescuela a un Centro de Educaci\u00f3n en Movilidad (CEM).<\/p>\n<p>Agreg\u00f3 que MH ser\u00e1 la primera alcald\u00eda con el programa Bikefriendly, con Wi-fi gratuito en las biciestaciones, m\u00e1s biciestacionamientos, se impulsar\u00e1 el programa piloto \u201cA la escuela en bicibus\u201d, y ser\u00e1 la alcald\u00eda n\u00famero uno en el uso de la bicicleta entre sus funcionarios.<\/p>\n<p>A Romo lo acompa\u00f1aron a la presentaci\u00f3n de esta acci\u00f3n social Ulises Labrador, candidato a diputado local; Xavier Hidalgo, candidato a diputado federal; Virgilio Pasotti, promotor de la movilidad; un grupo de ciclistas y su esposa, Claudia Santoyo.<\/p>\n<p>Por su parte, el candidato a diputado local, Ulises Labrador, se comprometi\u00f3 a legislar para encumbrar a la MH como ejemplo de movilidad en toda la capital.<\/p>\n<p>En otros temas de agenda, el candidato realizar\u00e1 recorridos vecinales por el mercado Garda y las colonias Reforma Pensil y Popotla.<\/p>\n","protected":false},"excerpt":{"rendered":"<p>REGRESA REFORZADA LA PROTECTORA DE LA MOVILIDAD MH: ROMO Por Redacci\u00f3n QP &#8211; Se entregar\u00e1n&#8230;<\/p>\n","protected":false},"author":2,"featured_media":80359,"comment_status":"open","ping_status":"open","sticky":false,"template":"","format":"standard","meta":{"_monsterinsights_skip_tracking":false,"_monsterinsights_sitenote_active":false,"_monsterinsights_sitenote_note":"","_monsterinsights_sitenote_category":0,"footnotes":""},"categories":[55],"tags":[],"class_list":["post-80358","post","type-post","status-publish","format-standard","has-post-thumbnail","hentry","category-cdmx"],"yoast_head":"<!-- This site is optimized with the Yoast SEO plugin v27.3 - https:\/\/yoast.com\/product\/yoast-seo-wordpress\/ -->\n<title>REGRESA REFORZADA LA PROTECTORA DE LA MOVILIDAD MH: ROMO -<\/title>\n<meta name=\"robots\" content=\"index, follow, max-snippet:-1, max-image-preview:large, max-video-preview:-1\" \/>\n<link rel=\"canonical\" href=\"https:\/\/quehacerpolitico.mx\/?p=80358\" \/>\n<meta property=\"og:locale\" content=\"es_MX\" \/>\n<meta property=\"og:type\" content=\"article\" \/>\n<meta property=\"og:title\" content=\"REGRESA REFORZADA LA PROTECTORA DE LA MOVILIDAD MH: ROMO -\" \/>\n<meta property=\"og:description\" content=\"REGRESA REFORZADA LA PROTECTORA DE LA MOVILIDAD MH: ROMO Por Redacci\u00f3n QP &#8211; Se entregar\u00e1n...\" \/>\n<meta property=\"og:url\" content=\"https:\/\/quehacerpolitico.mx\/?p=80358\" \/>\n<meta property=\"article:published_time\" content=\"2021-05-02T19:23:23+00:00\" \/>\n<meta property=\"og:image\" content=\"https:\/\/quehacerpolitico.mx\/wp-content\/uploads\/2021\/05\/80963AB6-ECA9-479C-9BAC-F0D55D2EF024.jpeg\" \/>\n\t<meta property=\"og:image:width\" content=\"1280\" \/>\n\t<meta property=\"og:image:height\" content=\"993\" \/>\n\t<meta property=\"og:image:type\" content=\"image\/jpeg\" \/>\n<meta name=\"author\" content=\"Redacci\u00f3n QP\" \/>\n<meta name=\"twitter:card\" content=\"summary_large_image\" \/>\n<meta name=\"twitter:label1\" content=\"Escrito por\" \/>\n\t<meta name=\"twitter:data1\" content=\"Redacci\u00f3n QP\" \/>\n\t<meta name=\"twitter:label2\" content=\"Tiempo de lectura\" \/>\n\t<meta name=\"twitter:data2\" content=\"5 minutos\" \/>\n<script type=\"application\/ld+json\" class=\"yoast-schema-graph\">{\"@context\":\"https:\\\/\\\/schema.org\",\"@graph\":[{\"@type\":\"Article\",\"@id\":\"https:\\\/\\\/quehacerpolitico.mx\\\/?p=80358#article\",\"isPartOf\":{\"@id\":\"https:\\\/\\\/quehacerpolitico.mx\\\/?p=80358\"},\"author\":{\"name\":\"Redacci\u00f3n QP\",\"@id\":\"https:\\\/\\\/quehacerpolitico.mx\\\/#\\\/schema\\\/person\\\/496d8ad2d1d3f8036101dca7ee39e585\"},\"headline\":\"REGRESA REFORZADA LA PROTECTORA DE LA MOVILIDAD MH: ROMO\",\"datePublished\":\"2021-05-02T19:23:23+00:00\",\"mainEntityOfPage\":{\"@id\":\"https:\\\/\\\/quehacerpolitico.mx\\\/?p=80358\"},\"wordCount\":936,\"commentCount\":0,\"image\":{\"@id\":\"https:\\\/\\\/quehacerpolitico.mx\\\/?p=80358#primaryimage\"},\"thumbnailUrl\":\"https:\\\/\\\/quehacerpolitico.mx\\\/wp-content\\\/uploads\\\/2021\\\/05\\\/80963AB6-ECA9-479C-9BAC-F0D55D2EF024.jpeg\",\"articleSection\":[\"CDMX\"],\"inLanguage\":\"es\",\"potentialAction\":[{\"@type\":\"CommentAction\",\"name\":\"Comment\",\"target\":[\"https:\\\/\\\/quehacerpolitico.mx\\\/?p=80358#respond\"]}]},{\"@type\":\"WebPage\",\"@id\":\"https:\\\/\\\/quehacerpolitico.mx\\\/?p=80358\",\"url\":\"https:\\\/\\\/quehacerpolitico.mx\\\/?p=80358\",\"name\":\"REGRESA REFORZADA LA PROTECTORA DE LA MOVILIDAD MH: ROMO -\",\"isPartOf\":{\"@id\":\"https:\\\/\\\/quehacerpolitico.mx\\\/#website\"},\"primaryImageOfPage\":{\"@id\":\"https:\\\/\\\/quehacerpolitico.mx\\\/?p=80358#primaryimage\"},\"image\":{\"@id\":\"https:\\\/\\\/quehacerpolitico.mx\\\/?p=80358#primaryimage\"},\"thumbnailUrl\":\"https:\\\/\\\/quehacerpolitico.mx\\\/wp-content\\\/uploads\\\/2021\\\/05\\\/80963AB6-ECA9-479C-9BAC-F0D55D2EF024.jpeg\",\"datePublished\":\"2021-05-02T19:23:23+00:00\",\"author\":{\"@id\":\"https:\\\/\\\/quehacerpolitico.mx\\\/#\\\/schema\\\/person\\\/496d8ad2d1d3f8036101dca7ee39e585\"},\"breadcrumb\":{\"@id\":\"https:\\\/\\\/quehacerpolitico.mx\\\/?p=80358#breadcrumb\"},\"inLanguage\":\"es\",\"potentialAction\":[{\"@type\":\"ReadAction\",\"target\":[\"https:\\\/\\\/quehacerpolitico.mx\\\/?p=80358\"]}]},{\"@type\":\"ImageObject\",\"inLanguage\":\"es\",\"@id\":\"https:\\\/\\\/quehacerpolitico.mx\\\/?p=80358#primaryimage\",\"url\":\"https:\\\/\\\/quehacerpolitico.mx\\\/wp-content\\\/uploads\\\/2021\\\/05\\\/80963AB6-ECA9-479C-9BAC-F0D55D2EF024.jpeg\",\"contentUrl\":\"https:\\\/\\\/quehacerpolitico.mx\\\/wp-content\\\/uploads\\\/2021\\\/05\\\/80963AB6-ECA9-479C-9BAC-F0D55D2EF024.jpeg\",\"width\":1280,\"height\":993},{\"@type\":\"BreadcrumbList\",\"@id\":\"https:\\\/\\\/quehacerpolitico.mx\\\/?p=80358#breadcrumb\",\"itemListElement\":[{\"@type\":\"ListItem\",\"position\":1,\"name\":\"Inicio\",\"item\":\"https:\\\/\\\/quehacerpolitico.mx\\\/\"},{\"@type\":\"ListItem\",\"position\":2,\"name\":\"REGRESA REFORZADA LA PROTECTORA DE LA MOVILIDAD MH: ROMO\"}]},{\"@type\":\"WebSite\",\"@id\":\"https:\\\/\\\/quehacerpolitico.mx\\\/#website\",\"url\":\"https:\\\/\\\/quehacerpolitico.mx\\\/\",\"name\":\"\",\"description\":\"\",\"potentialAction\":[{\"@type\":\"SearchAction\",\"target\":{\"@type\":\"EntryPoint\",\"urlTemplate\":\"https:\\\/\\\/quehacerpolitico.mx\\\/?s={search_term_string}\"},\"query-input\":{\"@type\":\"PropertyValueSpecification\",\"valueRequired\":true,\"valueName\":\"search_term_string\"}}],\"inLanguage\":\"es\"},{\"@type\":\"Person\",\"@id\":\"https:\\\/\\\/quehacerpolitico.mx\\\/#\\\/schema\\\/person\\\/496d8ad2d1d3f8036101dca7ee39e585\",\"name\":\"Redacci\u00f3n QP\",\"image\":{\"@type\":\"ImageObject\",\"inLanguage\":\"es\",\"@id\":\"https:\\\/\\\/secure.gravatar.com\\\/avatar\\\/c7164ed6fdec453195284ad24a5ae5b6e1eed2b848477fa2a4787ba9adf39a41?s=96&d=mm&r=g\",\"url\":\"https:\\\/\\\/secure.gravatar.com\\\/avatar\\\/c7164ed6fdec453195284ad24a5ae5b6e1eed2b848477fa2a4787ba9adf39a41?s=96&d=mm&r=g\",\"contentUrl\":\"https:\\\/\\\/secure.gravatar.com\\\/avatar\\\/c7164ed6fdec453195284ad24a5ae5b6e1eed2b848477fa2a4787ba9adf39a41?s=96&d=mm&r=g\",\"caption\":\"Redacci\u00f3n QP\"},\"url\":\"https:\\\/\\\/quehacerpolitico.mx\\\/?author=2\"}]}<\/script>\n<!-- \/ Yoast SEO plugin. -->","yoast_head_json":{"title":"REGRESA REFORZADA LA PROTECTORA DE LA MOVILIDAD MH: ROMO -","robots":{"index":"index","follow":"follow","max-snippet":"max-snippet:-1","max-image-preview":"max-image-preview:large","max-video-preview":"max-video-preview:-1"},"canonical":"https:\/\/quehacerpolitico.mx\/?p=80358","og_locale":"es_MX","og_type":"article","og_title":"REGRESA REFORZADA LA PROTECTORA DE LA MOVILIDAD MH: ROMO -","og_description":"REGRESA REFORZADA LA PROTECTORA DE LA MOVILIDAD MH: ROMO Por Redacci\u00f3n QP &#8211; Se entregar\u00e1n...","og_url":"https:\/\/quehacerpolitico.mx\/?p=80358","article_published_time":"2021-05-02T19:23:23+00:00","og_image":[{"width":1280,"height":993,"url":"https:\/\/quehacerpolitico.mx\/wp-content\/uploads\/2021\/05\/80963AB6-ECA9-479C-9BAC-F0D55D2EF024.jpeg","type":"image\/jpeg"}],"author":"Redacci\u00f3n QP","twitter_card":"summary_large_image","twitter_misc":{"Escrito por":"Redacci\u00f3n QP","Tiempo de lectura":"5 minutos"},"schema":{"@context":"https:\/\/schema.org","@graph":[{"@type":"Article","@id":"https:\/\/quehacerpolitico.mx\/?p=80358#article","isPartOf":{"@id":"https:\/\/quehacerpolitico.mx\/?p=80358"},"author":{"name":"Redacci\u00f3n QP","@id":"https:\/\/quehacerpolitico.mx\/#\/schema\/person\/496d8ad2d1d3f8036101dca7ee39e585"},"headline":"REGRESA REFORZADA LA PROTECTORA DE LA MOVILIDAD MH: ROMO","datePublished":"2021-05-02T19:23:23+00:00","mainEntityOfPage":{"@id":"https:\/\/quehacerpolitico.mx\/?p=80358"},"wordCount":936,"commentCount":0,"image":{"@id":"https:\/\/quehacerpolitico.mx\/?p=80358#primaryimage"},"thumbnailUrl":"https:\/\/quehacerpolitico.mx\/wp-content\/uploads\/2021\/05\/80963AB6-ECA9-479C-9BAC-F0D55D2EF024.jpeg","articleSection":["CDMX"],"inLanguage":"es","potentialAction":[{"@type":"CommentAction","name":"Comment","target":["https:\/\/quehacerpolitico.mx\/?p=80358#respond"]}]},{"@type":"WebPage","@id":"https:\/\/quehacerpolitico.mx\/?p=80358","url":"https:\/\/quehacerpolitico.mx\/?p=80358","name":"REGRESA REFORZADA LA PROTECTORA DE LA MOVILIDAD MH: ROMO -","isPartOf":{"@id":"https:\/\/quehacerpolitico.mx\/#website"},"primaryImageOfPage":{"@id":"https:\/\/quehacerpolitico.mx\/?p=80358#primaryimage"},"image":{"@id":"https:\/\/quehacerpolitico.mx\/?p=80358#primaryimage"},"thumbnailUrl":"https:\/\/quehacerpolitico.mx\/wp-content\/uploads\/2021\/05\/80963AB6-ECA9-479C-9BAC-F0D55D2EF024.jpeg","datePublished":"2021-05-02T19:23:23+00:00","author":{"@id":"https:\/\/quehacerpolitico.mx\/#\/schema\/person\/496d8ad2d1d3f8036101dca7ee39e585"},"breadcrumb":{"@id":"https:\/\/quehacerpolitico.mx\/?p=80358#breadcrumb"},"inLanguage":"es","potentialAction":[{"@type":"ReadAction","target":["https:\/\/quehacerpolitico.mx\/?p=80358"]}]},{"@type":"ImageObject","inLanguage":"es","@id":"https:\/\/quehacerpolitico.mx\/?p=80358#primaryimage","url":"https:\/\/quehacerpolitico.mx\/wp-content\/uploads\/2021\/05\/80963AB6-ECA9-479C-9BAC-F0D55D2EF024.jpeg","contentUrl":"https:\/\/quehacerpolitico.mx\/wp-content\/uploads\/2021\/05\/80963AB6-ECA9-479C-9BAC-F0D55D2EF024.jpeg","width":1280,"height":993},{"@type":"BreadcrumbList","@id":"https:\/\/quehacerpolitico.mx\/?p=80358#breadcrumb","itemListElement":[{"@type":"ListItem","position":1,"name":"Inicio","item":"https:\/\/quehacerpolitico.mx\/"},{"@type":"ListItem","position":2,"name":"REGRESA REFORZADA LA PROTECTORA DE LA MOVILIDAD MH: ROMO"}]},{"@type":"WebSite","@id":"https:\/\/quehacerpolitico.mx\/#website","url":"https:\/\/quehacerpolitico.mx\/","name":"","description":"","potentialAction":[{"@type":"SearchAction","target":{"@type":"EntryPoint","urlTemplate":"https:\/\/quehacerpolitico.mx\/?s={search_term_string}"},"query-input":{"@type":"PropertyValueSpecification","valueRequired":true,"valueName":"search_term_string"}}],"inLanguage":"es"},{"@type":"Person","@id":"https:\/\/quehacerpolitico.mx\/#\/schema\/person\/496d8ad2d1d3f8036101dca7ee39e585","name":"Redacci\u00f3n QP","image":{"@type":"ImageObject","inLanguage":"es","@id":"https:\/\/secure.gravatar.com\/avatar\/c7164ed6fdec453195284ad24a5ae5b6e1eed2b848477fa2a4787ba9adf39a41?s=96&d=mm&r=g","url":"https:\/\/secure.gravatar.com\/avatar\/c7164ed6fdec453195284ad24a5ae5b6e1eed2b848477fa2a4787ba9adf39a41?s=96&d=mm&r=g","contentUrl":"https:\/\/secure.gravatar.com\/avatar\/c7164ed6fdec453195284ad24a5ae5b6e1eed2b848477fa2a4787ba9adf39a41?s=96&d=mm&r=g","caption":"Redacci\u00f3n QP"},"url":"https:\/\/quehacerpolitico.mx\/?author=2"}]}},"featured_image_urls":{"full":["https:\/\/quehacerpolitico.mx\/wp-content\/uploads\/2021\/05\/80963AB6-ECA9-479C-9BAC-F0D55D2EF024.jpeg",1280,993,false],"thumbnail":["https:\/\/quehacerpolitico.mx\/wp-content\/uploads\/2021\/05\/80963AB6-ECA9-479C-9BAC-F0D55D2EF024-150x150.jpeg",150,150,true],"medium":["https:\/\/quehacerpolitico.mx\/wp-content\/uploads\/2021\/05\/80963AB6-ECA9-479C-9BAC-F0D55D2EF024-300x233.jpeg",300,233,true],"medium_large":["https:\/\/quehacerpolitico.mx\/wp-content\/uploads\/2021\/05\/80963AB6-ECA9-479C-9BAC-F0D55D2EF024-768x596.jpeg",640,497,true],"large":["https:\/\/quehacerpolitico.mx\/wp-content\/uploads\/2021\/05\/80963AB6-ECA9-479C-9BAC-F0D55D2EF024-1024x794.jpeg",640,496,true],"1536x1536":["https:\/\/quehacerpolitico.mx\/wp-content\/uploads\/2021\/05\/80963AB6-ECA9-479C-9BAC-F0D55D2EF024.jpeg",1280,993,false],"2048x2048":["https:\/\/quehacerpolitico.mx\/wp-content\/uploads\/2021\/05\/80963AB6-ECA9-479C-9BAC-F0D55D2EF024.jpeg",1280,993,false],"covernews-featured":["https:\/\/quehacerpolitico.mx\/wp-content\/uploads\/2021\/05\/80963AB6-ECA9-479C-9BAC-F0D55D2EF024.jpeg",1024,794,false],"covernews-medium":["https:\/\/quehacerpolitico.mx\/wp-content\/uploads\/2021\/05\/80963AB6-ECA9-479C-9BAC-F0D55D2EF024.jpeg",438,340,false]},"author_info":{"display_name":"Redacci\u00f3n QP","author_link":"https:\/\/quehacerpolitico.mx\/?author=2"},"category_info":"<a href=\"https:\/\/quehacerpolitico.mx\/?cat=55\" rel=\"category\">CDMX<\/a>","tag_info":"CDMX","comment_count":"0","_links":{"self":[{"href":"https:\/\/quehacerpolitico.mx\/index.php?rest_route=\/wp\/v2\/posts\/80358","targetHints":{"allow":["GET"]}}],"collection":[{"href":"https:\/\/quehacerpolitico.mx\/index.php?rest_route=\/wp\/v2\/posts"}],"about":[{"href":"https:\/\/quehacerpolitico.mx\/index.php?rest_route=\/wp\/v2\/types\/post"}],"author":[{"embeddable":true,"href":"https:\/\/quehacerpolitico.mx\/index.php?rest_route=\/wp\/v2\/users\/2"}],"replies":[{"embeddable":true,"href":"https:\/\/quehacerpolitico.mx\/index.php?rest_route=%2Fwp%2Fv2%2Fcomments&post=80358"}],"version-history":[{"count":0,"href":"https:\/\/quehacerpolitico.mx\/index.php?rest_route=\/wp\/v2\/posts\/80358\/revisions"}],"wp:featuredmedia":[{"embeddable":true,"href":"https:\/\/quehacerpolitico.mx\/index.php?rest_route=\/wp\/v2\/media\/80359"}],"wp:attachment":[{"href":"https:\/\/quehacerpolitico.mx\/index.php?rest_route=%2Fwp%2Fv2%2Fmedia&parent=80358"}],"wp:term":[{"taxonomy":"category","embeddable":true,"href":"https:\/\/quehacerpolitico.mx\/index.php?rest_route=%2Fwp%2Fv2%2Fcategories&post=80358"},{"taxonomy":"post_tag","embeddable":true,"href":"https:\/\/quehacerpolitico.mx\/index.php?rest_route=%2Fwp%2Fv2%2Ftags&post=80358"}],"curies":[{"name":"wp","href":"https:\/\/api.w.org\/{rel}","templated":true}]}}