{"id":80163,"date":"2021-04-29T18:14:16","date_gmt":"2021-04-29T18:14:16","guid":{"rendered":"https:\/\/quehacerpolitico.mx\/?p=80163"},"modified":"2021-04-29T18:14:16","modified_gmt":"2021-04-29T18:14:16","slug":"fronteras-de-la-ciencia-fernando-fuentes-investigadores-y-academicos-logran-dialogo-con-ministros-de-la-scjn","status":"publish","type":"post","link":"https:\/\/quehacerpolitico.mx\/?p=80163","title":{"rendered":"Fronteras de la Ciencia\/\/\/Fernando Fuentes\/\/\/Investigadores y acad\u00e9micos, logran di\u00e1logo con ministros de la SCJN"},"content":{"rendered":"<p class=\"s3\"><span class=\"s2\"><span class=\"bumpedFont15\">FRONTERAS DE LA CIENCIA<\/span><\/span><\/p>\n<p class=\"s3\"><span class=\"s2\"><span class=\"bumpedFont15\">Investigadores y acad\u00e9micos,\u00a0<\/span><\/span><span class=\"s2\"><span class=\"bumpedFont15\">logran di<\/span><\/span><span class=\"s2\"><span class=\"bumpedFont15\">\u00e1l<\/span><\/span><span class=\"s2\"><span class=\"bumpedFont15\">ogo con<\/span><\/span><span class=\"s2\"><span class=\"bumpedFont15\"> ministros de<\/span><\/span><span class=\"s2\"><span class=\"bumpedFont15\"> la SCJN<\/span><\/span><\/p>\n<p class=\"s3\"><span class=\"s2\"><span class=\"bumpedFont15\">Por Fernando Fuentes<\/span><\/span><\/p>\n<p class=\"s5\"><span class=\"s4\"><span class=\"bumpedFont15\">La <\/span><\/span><span class=\"s2\"><span class=\"bumpedFont15\">Suprema Corte de Justicia de la Naci\u00f3n (SCJN), <\/span><\/span><span class=\"s4\"><span class=\"bumpedFont15\">ha decido posponer la discusi\u00f3n del dictamen de revisi\u00f3n de la <\/span><\/span><span class=\"s2\"><span class=\"bumpedFont15\">Jurisprudencia <\/span><\/span><span class=\"s2\"><span class=\"bumpedFont15\">P\/J.<\/span><\/span><span class=\"s2\"><span class=\"bumpedFont15\">1\/96<\/span><\/span><span class=\"s4\"><span class=\"bumpedFont15\">, <\/span><\/span><span class=\"s4\"><span class=\"bumpedFont15\">para darse tiempo de seguir analizando el tema.<\/span><\/span> <span class=\"s4\"><span class=\"bumpedFont15\">Ya no se discutir\u00e1<\/span><\/span><span class=\"s4\"><span class=\"bumpedFont15\">el d\u00eda<\/span><\/span><span class=\"s4\"><span class=\"bumpedFont15\"> hoy <\/span><\/span><span class=\"s4\"><span class=\"bumpedFont15\">en el <\/span><\/span><span class=\"s4\"><span class=\"bumpedFont15\">P<\/span><\/span><span class=\"s4\"><span class=\"bumpedFont15\">leno de la <\/span><\/span><span class=\"s4\"><span class=\"bumpedFont15\">C<\/span><\/span><span class=\"s4\"><span class=\"bumpedFont15\">orte<\/span><\/span><span class=\"s4\"><span class=\"bumpedFont15\">,<\/span><\/span> <span class=\"s4\"><span class=\"bumpedFont15\">como se ten\u00eda previsto por parte de los ministros, pero tampoco se dio a conocer una nueva fecha<\/span><\/span><span class=\"s4\"><span class=\"bumpedFont15\"> para su revisi\u00f3n<\/span><\/span><span class=\"s4\"><span class=\"bumpedFont15\">, <\/span><\/span><span class=\"s4\"><span class=\"bumpedFont15\">la cual<\/span><\/span><span class=\"s4\"><span class=\"bumpedFont15\">pretende pasar del <\/span><\/span><span class=\"s4\"><span class=\"bumpedFont15\">a<\/span><\/span><span class=\"s4\"><span class=\"bumpedFont15\">partado A al <\/span><\/span><span class=\"s4\"><span class=\"bumpedFont15\">a<\/span><\/span><span class=\"s4\"><span class=\"bumpedFont15\">partado B<\/span><\/span><span class=\"s4\"><span class=\"bumpedFont15\">, <\/span><\/span><span class=\"s4\"><span class=\"bumpedFont15\">a los investigadores, profesores, t\u00e9cnicos y administrativos que se encuentran laborando en <\/span><\/span><span class=\"s4\"><span class=\"bumpedFont15\">los Centros de Investigaci\u00f3n del pa\u00eds<\/span><\/span><span class=\"s4\"><span class=\"bumpedFont15\">, afectando con ello su situaci\u00f3n laboral. <\/span><\/span><\/p>\n<p class=\"s5\"><span class=\"s4\"><span class=\"bumpedFont15\">Despu\u00e9s de importantes <\/span><\/span><span class=\"s4\"><span class=\"bumpedFont15\">acercamientos<\/span><\/span><span class=\"s4\"><span class=\"bumpedFont15\">, <\/span><\/span><span class=\"s4\"><span class=\"bumpedFont15\">con<\/span><\/span> <span class=\"s2\"><span class=\"bumpedFont15\">Yasm\u00edn Esquivel <\/span><\/span><span class=\"s2\"><span class=\"bumpedFont15\">Mossa<\/span><\/span><span class=\"s4\"><span class=\"bumpedFont15\"> y <\/span><\/span><span class=\"s2\"><span class=\"bumpedFont15\">Javier Laynez Potisek <\/span><\/span><span class=\"s4\"><span class=\"bumpedFont15\">ministros de la Corte,<\/span><\/span><span class=\"s4\"><span class=\"bumpedFont15\"> que han mostrado apertura y dialogo,<\/span><\/span><span class=\"s4\"><span class=\"bumpedFont15\"> con la <\/span><\/span><span class=\"s4\"><span class=\"bumpedFont15\">comisi\u00f3n negociadora de la Federaci\u00f3n de Investigadores<\/span><\/span><span class=\"s4\"><span class=\"bumpedFont15\">,<\/span><\/span><span class=\"s4\"><span class=\"bumpedFont15\"> la cual est\u00e1 <\/span><\/span><span class=\"s4\"><span class=\"bumpedFont15\">integrada por <\/span><\/span><span class=\"s2\"><span class=\"bumpedFont15\">Ximena Medell\u00edn<\/span><\/span><span class=\"s2\"><span class=\"bumpedFont15\"> Urquiaga<\/span><\/span><span class=\"s2\"><span class=\"bumpedFont15\">, Investigadora de<\/span><\/span><span class=\"s2\"><span class=\"bumpedFont15\">l<\/span><\/span><span class=\"s2\"><span class=\"bumpedFont15\"> CIDE;<\/span><\/span><span class=\"s2\"><span class=\"bumpedFont15\"> Anita S\u00e1nchez Castro, diputada federal por Morena;<\/span><\/span><span class=\"s2\"><span class=\"bumpedFont15\">Arturo Alcalde, asesor jur\u00eddico; y Manuel Escobar Aguilar<\/span><\/span><span class=\"s4\"><span class=\"bumpedFont15\">, coordinador general de la Federaci\u00f3n Nacional de Sindicatos del sector de Ciencia y Tecnolog\u00eda y secretario general del Sindicato \u00danico de Trabajadores del Instituto Nacional de Astrof\u00edsica, \u00d3ptica y Electr\u00f3nica<\/span><\/span><span class=\"s4\"><span class=\"bumpedFont15\">, <\/span><\/span><span class=\"s4\"><span class=\"bumpedFont15\">para conocer de viva voz,<\/span><\/span><span class=\"s4\"><span class=\"bumpedFont15\"> las afectaciones que tendr\u00edan los trabajadores del sector de ciencia y tecnolog\u00eda, <\/span><\/span><span class=\"s4\"><span class=\"bumpedFont15\">a<\/span><\/span><span class=\"s4\"><span class=\"bumpedFont15\">l<\/span><\/span><span class=\"s4\"><span class=\"bumpedFont15\"> pretender<\/span><\/span><span class=\"s4\"><span class=\"bumpedFont15\"> modificar su r\u00e9gimen laboral<\/span><\/span><span class=\"s4\"><span class=\"bumpedFont15\">.<\/span><\/span><span class=\"s4\"><span class=\"bumpedFont15\"> \u00a0<\/span><\/span><\/p>\n<p class=\"s5\"><span class=\"s4\"><span class=\"bumpedFont15\">En este proceso de lucha de los trabajadores de este sector de ciencia y tecnolog\u00eda, miembros del <\/span><\/span><span class=\"s2\"><span class=\"bumpedFont15\">Sistema Nacional Investigadores (SNI),<\/span><\/span> <span class=\"s4\"><span class=\"bumpedFont15\">secretarios generales de<\/span><\/span><span class=\"s4\"><span class=\"bumpedFont15\"> los sindicatos de <\/span><\/span><span class=\"s4\"><span class=\"bumpedFont15\">los centros de investigaci\u00f3n y miembros que componen a la federaci\u00f3n<\/span><\/span><span class=\"s4\"><span class=\"bumpedFont15\"> nacional<\/span><\/span><span class=\"s4\"><span class=\"bumpedFont15\"> de sindicatos<\/span><\/span><span class=\"s4\"><span class=\"bumpedFont15\"> han participado en diversos foros informativos<\/span><\/span><span class=\"s4\"><span class=\"bumpedFont15\">, en las C\u00e1maras de Diputados y de Senadores,<\/span><\/span><span class=\"s4\"><span class=\"bumpedFont15\"> para difundir a la sociedad en general y dar a conocer la problem\u00e1tica y las repercusiones que podr\u00eda darse, como perder el derecho asociarse en sindicatos, libertad de catedra e investigaci\u00f3n<\/span><\/span><span class=\"s4\"><span class=\"bumpedFont15\">, entre otras afectaciones<\/span><\/span><span class=\"s4\"><span class=\"bumpedFont15\"> para los trabajadores de este sector<\/span><\/span><span class=\"s4\"><span class=\"bumpedFont15\">.<\/span><\/span><\/p>\n<p class=\"s5\"><span class=\"s4\"><span class=\"bumpedFont15\">En d\u00edas recientes, los trabajadores afectados del sector de ciencia y tecnolog\u00eda, \u00a0han mandado una nueva carta<\/span><\/span><span class=\"s4\"><span class=\"bumpedFont15\"> con 10 puntos a tratar,<\/span><\/span><span class=\"s4\"><span class=\"bumpedFont15\"> al<\/span><\/span> <span class=\"s2\"><span class=\"bumpedFont15\">Ministros Arturo Zald\u00edvar Lelo De Larrea, presidente de la Suprema Corte de Justicia de la Naci\u00f3n<\/span><\/span><span class=\"s2\"><span class=\"bumpedFont15\"> (SCJN)<\/span><\/span><span class=\"s2\"><span class=\"bumpedFont15\">,<\/span><\/span><span class=\"s4\"><span class=\"bumpedFont15\">para <\/span><\/span><span class=\"s4\"><span class=\"bumpedFont15\">expresar<\/span><\/span><span class=\"s4\"><span class=\"bumpedFont15\">le<\/span><\/span> <span class=\"s4\"><span class=\"bumpedFont15\">su<\/span><\/span><span class=\"s4\"><span class=\"bumpedFont15\"> profunda preocupaci\u00f3n por el hecho de que se asuma una decisi\u00f3n con base en premisas equivocadas y en informaci\u00f3n incompleta sobre la realidad que existe en el r\u00e9gimen laboral de las y los trabajadores a quienes se aplica la jurisprudencia 1\/96<\/span><\/span><span class=\"s4\"><span class=\"bumpedFont15\">.<\/span><\/span><span class=\"s4\"><span class=\"bumpedFont15\"> A continuaci\u00f3n la carta integra: <\/span><\/span><\/p>\n<p class=\"s5\"><span class=\"s4\"><span class=\"bumpedFont15\">Ciudad de M\u00e9xico, 27 de abril de 2021<\/span><\/span><span class=\"s4\"><span class=\"bumpedFont15\">\/<\/span><\/span><span class=\"s4\"><span class=\"bumpedFont15\">FEN\/034\/2021<\/span><\/span><\/p>\n<p class=\"s5\"><span class=\"s4\"><span class=\"bumpedFont15\">Asunto: Memor\u00e1ndum urgente en relaci\u00f3n<\/span><\/span><\/p>\n<p class=\"s5\"><span class=\"s4\"><span class=\"bumpedFont15\">a la votaci\u00f3n sobre la Jurisprudencia 1\/96<\/span><\/span><\/p>\n<p class=\"s5\"><span class=\"s4\"><span class=\"bumpedFont15\">MINISTRO ARTURO ZALD\u00cdVAR LELO DE LARREA<\/span><\/span><\/p>\n<p class=\"s5\"><span class=\"s4\"><span class=\"bumpedFont15\">PRESIDENTE DE LA SUPREMA CORTE DE JUSTICIA DE LA NACI\u00d3N<\/span><\/span><\/p>\n<p class=\"s5\"><span class=\"s4\"><span class=\"bumpedFont15\">Estimado Se\u00f1or Presidente Arturo Zald\u00edvar;<\/span><\/span><\/p>\n<p class=\"s5\"><span class=\"s4\"><span class=\"bumpedFont15\">Deseamos expresar nuestra profunda preocupaci\u00f3n por el hecho de que se asuma una decisi\u00f3n con base en premisas equivocadas y en informaci\u00f3n incompleta sobre la realidad que existe en el r\u00e9gimen laboral de las y los trabajadores a quienes se aplica la jurisprudencia 1\/96. Nos preocupa en especial lo que expresamos en los siguientes puntos:<\/span><\/span><\/p>\n<p class=\"s5\"><span class=\"s4\"><span class=\"bumpedFont15\">1. Se parte de la consideraci\u00f3n equivocada de que existe un gran desorden en la aplicaci\u00f3n de la jurisprudencia, que ha generado da\u00f1os al erario p\u00fablico.<\/span><\/span> <span class=\"s4\"><span class=\"bumpedFont15\">Atendiendo a la evidencia, el desorden existente deriva de la diferente interpretaci\u00f3n que algunos Tribunales Colegiados asumieron respecto a la jurisprudencia, no porque la misma lo provocara. Tambi\u00e9n del inter\u00e9s de algunas dependencias por mantener a las y los trabajadores en el r\u00e9gimen burocr\u00e1tico, con la finalidad de que no ejercieran sus derechos colectivos, no porque los trabajadores estuvieran conformes en ese r\u00e9gimen de excepci\u00f3n. <\/span><\/span><\/p>\n<p class=\"s5\"><span class=\"s4\"><span class=\"bumpedFont15\">Para evitar el cambio se les suele amenazar con que perder\u00edan sus derechos adquiridos en el ISSSTE y sus prestaciones que son superiores a las establecidas en la Ley Federal del Trabajo.<\/span><\/span><\/p>\n<p class=\"s5\"><span class=\"s4\"><span class=\"bumpedFont15\">2. Un argumento central para sustentar el cambio de jurisprudencia se apoya en el r\u00e9gimen de seguridad social. Se parte de la premisa equivocada de que pasando del Apartado B al A, las y los trabajadores deber\u00edan regirse por el Instituto Mexicano del Seguro Social y, en consecuencia, ver\u00edan afectados sus fondos pensionarios adquiridos en el ISSSTE<\/span><\/span><\/p>\n<p class=\"s5\"><span class=\"s4\"><span class=\"bumpedFont15\">3. Se pasa por alto que el ISSSTE es una Instituci\u00f3n de seguridad social para las y los servidores p\u00fablicos en general, no s\u00f3lo para aqu\u00e9llos que se rigen por la Ley Burocr\u00e1tica. En el ISSSTE<\/span><\/span> <span class=\"s4\"><span class=\"bumpedFont15\">est\u00e1n los trabajadores al servicio de las instituciones de educaci\u00f3n superior aut\u00f3nomas por ley, como la UNAM y la UAM, y su relaci\u00f3n laboral se rige por el Apartado A, incluso por disposici\u00f3n constitucional, as\u00ed tambi\u00e9n los trabajadores del Colegio de Bachilleres o los miles de trabajadores del propio ISSSTE. <\/span><\/span><\/p>\n<p class=\"s5\"><span class=\"s4\"><span class=\"bumpedFont15\">En el ISSSTE est\u00e1n todos los organismos descentralizados que han transitado del apartado B al apartado A, sin que se vea afectado su sistema de seguridad social. En realidad no hay Ju\u00e1rez 87, Col. Tlalpan Centro, C.P. 14090 \/ Tel. 5554873600 ext. 1179<\/span><\/span> <span class=\"s4\"><span class=\"bumpedFont15\">antecedente que sustente este supuesto conflicto. Todo parte de la percepci\u00f3n equivocada de que el ISSSTE pertenece al Apartado B y el IMSS al del <\/span><\/span><span class=\"s4\"><span class=\"bumpedFont15\">apartado A. En efecto, el ISSSTE es un organismo de seguridad social de servidores p\u00fablicos en un sentido amplio, entre los cuales se incluyen a los que se rigen por la Ley burocr\u00e1tica, pero tambi\u00e9n puede incluir a los que se rigen por la Ley Federal del Trabajo. Por esta raz\u00f3n no ha habido conflicto cuando se transita del apartado B al apartado A. Suele utilizarse como argumento que hay un riesgo inminente de que otros organismos numerosos, al pasar del apartado B al A, tenga consecuencias funestas. Este temor deriva del mismo error de apreciaci\u00f3n y del desconocimiento de la realidad laboral de estos organismos. <\/span><\/span><\/p>\n<p class=\"s5\"><span class=\"s4\"><span class=\"bumpedFont15\">4. Se sostiene que es necesario el cambio de jurisprudencia porque se han generado muchos abusos por parte de trabajadores que al pasar al apartado A pretenden mejorar sus prestaciones. Esta afirmaci\u00f3n tambi\u00e9n carece de fundamento en t\u00e9rminos generales; es cierto que ha habido algunos conflictos relacionados con la prima de antig\u00fcedad, pero no son significativos, considerando que el monto que la Ley Federal del Trabajo establece, es muy bajo, \u201c12 d\u00edas por a\u00f1o con el tope del doble del salario m\u00ednimo\u201d. <\/span><\/span><\/p>\n<p class=\"s5\"><span class=\"s4\"><span class=\"bumpedFont15\">Se pierde de vista que en el \u00e1mbito del sector burocr\u00e1tico, las prestaciones son mayores que en el Apartado A. Por ejemplo, si hacemos la comparaci\u00f3n de la prestaci\u00f3n de 40 d\u00edas de aguinaldo frente a 15 d\u00edas del Apartado A; \u00f3 20 d\u00edas de vacaciones frente a 6 d\u00edas de vacaciones por el primer a\u00f1o, que se incrementan en raz\u00f3n de la antig\u00fcedad. Conforme a la evidencia, los abusos no est\u00e1n acreditados. Tambi\u00e9n se soslaya que en el sector p\u00fablico, este modelo de prestaciones superiores a la Ley Federal del Trabajo, es independiente de si se est\u00e1 en el ap<\/span><\/span><span class=\"s4\"><span class=\"bumpedFont15\">arta<\/span><\/span><span class=\"s4\"><span class=\"bumpedFont15\">do<\/span><\/span><span class=\"s4\"><span class=\"bumpedFont15\">,<\/span><\/span><span class=\"s4\"><span class=\"bumpedFont15\"> A o B.<\/span><\/span><\/p>\n<p class=\"s5\"><span class=\"s4\"><span class=\"bumpedFont15\">5. Se asevera que con el cambio de jurisprudencia va a haber m\u00e1s orden procesal, cuando la verdad es lo contrario, ya que en el futuro los trabajadores tendr\u00edan que acudir al Tribunal Burocr\u00e1tico, mientras que el resto de los trabajadores, se dividir\u00e1n entre aqu\u00e9llos que llevan sus juicios ante la las Juntas Federales de Conciliaci\u00f3n y Arbitraje, y en el futuro, algunos ante los nuevos jueces orales de trabajo. <\/span><\/span><\/p>\n<p class=\"s5\"><span class=\"s4\"><span class=\"bumpedFont15\">6. Se aduce que el problema se resuelve en virtud de que el nuevo criterio no tiene efectos retroactivos. La verdad es que se va a generar un gran desorden con los organismos que se creen en el futuro, y tambi\u00e9n con aqu\u00e9llos que hoy no tienen contrataci\u00f3n colectiva o sindicatos registrados. Se actualizar\u00eda un escenario de discriminaci\u00f3n y de conflicto institucional. Por ejemplo, en el CONACYT habr\u00eda unos centros con un r\u00e9gimen laboral y otros con uno diverso. La definici\u00f3n de cu\u00e1les son las fronteras entre el viejo y nuevo r\u00e9gimen laboral, esto es, la aplicaci\u00f3n futura del nuevo criterio, y el anterior al que supuestamente le respetan sus derechos adquiridos.<\/span><\/span><\/p>\n<p class=\"s5\"><span class=\"s4\"><span class=\"bumpedFont15\">7. Se soslaya un asunto importante con relaci\u00f3n al modelo de ingreso, promoci\u00f3n y permanencia que est\u00e1 vigente en buena parte de los organismos descentralizados, no s\u00f3lo del sector educativo y de investigaci\u00f3n, sino tambi\u00e9n en los centros de salud de alta especialidad y hospitales p\u00fablicos. Este modelo est\u00e1 sustentado en el <\/span><\/span><span class=\"s4\"><span class=\"bumpedFont15\">Apartado A y naci\u00f3 Ju\u00e1rez 87, Col. Tlalpan Centro, C.P. 14090 \/ Tel. 5554873600 ext. 1179<\/span><\/span> <span class=\"s4\"><span class=\"bumpedFont15\">desde la reforma al art\u00edculo 3 Constitucional en 1980 con motivo de la definici\u00f3n del status de las Universidades Aut\u00f3nomas por Ley. <\/span><\/span><\/p>\n<p class=\"s5\"><span class=\"s4\"><span class=\"bumpedFont15\">Cambiar el r\u00e9gimen laboral trastoca no s\u00f3lo los derechos de quienes prestan servicios sino tambi\u00e9n se orienta en contra de las instituciones, en virtud de que se actualizar\u00eda un escenario de inestabilidad laboral propia del art\u00edculo 5 de la Ley Burocr\u00e1tica.<\/span><\/span><\/p>\n<p class=\"s5\"><span class=\"s4\"><span class=\"bumpedFont15\">8. A las anteriores consideraciones se agrega la lesi\u00f3n que trae consigo el hecho de que los investigadores en la Ley Burocr\u00e1tica son considerados personal de confianza y, adem\u00e1s de carecer de estabilidad laboral, tienen prohibido formar parte de sindicatos y participar en la negociaci\u00f3n colectiva. Actualmente, en el crecimiento del sindicalismo que se ha dado en los dos \u00faltimos a\u00f1os, ser\u00eda un golpe en sentido contrario a la propia realidad y a la reforma constitucional de 2011 por su car\u00e1cter regresivo, as\u00ed como al Convenio 98 de la OIT y a la profunda transformaci\u00f3n laboral que en distintos \u00e1mbitos se desarrolla en nuestro pa\u00eds. <\/span><\/span><\/p>\n<p class=\"s5\"><span class=\"s4\"><span class=\"bumpedFont15\">9. La distinci\u00f3n derivada de si se realizan o no actividades comerciales, y con base en ello hacer el deslinde laboral, carece de sustento en la realidad presupuestal actual, toda vez que en las dependencias la fuente de recursos de orden laboral deviene del presupuesto y no de los recursos propios, adem\u00e1s de que no se generan presiones al presupuesto por ser parte del Apartado A, como lo acredita el hecho de que no ha existido una sola huelga dentro de los<\/span><\/span> <span class=\"s4\"><span class=\"bumpedFont15\">Centros P\u00fablicos de Investigaci\u00f3n de CONACYT o del sector salud, y aquellos conflictos que se han generado en otras dependencias, no son representativos. <\/span><\/span><\/p>\n<p class=\"s5\"><span class=\"s4\"><span class=\"bumpedFont15\">10. Entendemos que la jurisprudencia 1\/96 quiz\u00e1 no logr\u00f3 la claridad debida, sin embargo, durante veinticinco a\u00f1os se fue posicionando como la mejor opci\u00f3n para la soluci\u00f3n de los conflictos. Tambi\u00e9n es importante el establecer algunos lineamientos para evitar confusiones en la debida aplicaci\u00f3n de la jurisprudencia, sin embargo en este momento consideramos que es fundamental poner en la balanza cu\u00e1les son las desventajas ciertas de un cambio de rumbo, frente a las ventajas no confirmadas con la realidad. <\/span><\/span><\/p>\n<p class=\"s5\"><span class=\"s4\"><span class=\"bumpedFont15\">Son m\u00faltiples las voces que hemos solicitado respetuosamente a este Alto Tribunal hacer un impase para realizar un diagn\u00f3stico objetivo de las consecuencias de una decisi\u00f3n tan importante que, aunque no sea retroactiva, definir\u00e1 el futuro de las y los trabajadores y de las instituciones que son fundamentales para el pa\u00eds.<\/span><\/span><\/p>\n<p class=\"s5\"><span class=\"s4\"><span class=\"bumpedFont15\">Sin m\u00e1s por el momento quedamos atentos, a esta tan importante decisi\u00f3n.<\/span><\/span><\/p>\n<p class=\"s5\"><span class=\"s4\"><span class=\"bumpedFont15\">FEDERACI\u00d3N NACIONAL DE SINDICATOS DEL SECTOR DE CIENCIA Y TECNOLOG\u00cdA, FENASSCYT<\/span><\/span><\/p>\n<p class=\"s5\"><span class=\"s2\"><span class=\"bumpedFont15\">Premio Nacional de Periodismo 2008 y 2016. Premio Nacional de Locuci\u00f3n 2017. Premio M\u00e9xico de Periodismo 2013. <\/span><\/span><a href=\"mailto:ferfuentesmty@hotmail.com\"><span class=\"s6\"><span class=\"bumpedFont15\">ferfuentesmty@hotmail.com<\/span><\/span><\/a><span class=\"s2\"><span class=\"bumpedFont15\"> \u00a0 \u00a0 Twitter: @ferfuentesmty<\/span><\/span><\/p>\n","protected":false},"excerpt":{"rendered":"<p>FRONTERAS DE LA CIENCIA Investigadores y acad\u00e9micos,\u00a0logran di\u00e1logo con ministros de la SCJN Por Fernando&#8230;<\/p>\n","protected":false},"author":2,"featured_media":80165,"comment_status":"open","ping_status":"open","sticky":false,"template":"","format":"standard","meta":{"_monsterinsights_skip_tracking":false,"_monsterinsights_sitenote_active":false,"_monsterinsights_sitenote_note":"","_monsterinsights_sitenote_category":0,"footnotes":""},"categories":[2],"tags":[],"class_list":["post-80163","post","type-post","status-publish","format-standard","has-post-thumbnail","hentry","category-noticias"],"yoast_head":"<!-- This site is optimized with the Yoast SEO plugin v27.3 - https:\/\/yoast.com\/product\/yoast-seo-wordpress\/ -->\n<title>Fronteras de la Ciencia\/\/\/Fernando Fuentes\/\/\/Investigadores y acad\u00e9micos, logran di\u00e1logo con ministros de la SCJN -<\/title>\n<meta name=\"robots\" content=\"index, follow, max-snippet:-1, max-image-preview:large, max-video-preview:-1\" \/>\n<link rel=\"canonical\" href=\"https:\/\/quehacerpolitico.mx\/?p=80163\" \/>\n<meta property=\"og:locale\" content=\"es_MX\" \/>\n<meta property=\"og:type\" content=\"article\" \/>\n<meta property=\"og:title\" content=\"Fronteras de la Ciencia\/\/\/Fernando Fuentes\/\/\/Investigadores y acad\u00e9micos, logran di\u00e1logo con ministros de la SCJN -\" \/>\n<meta property=\"og:description\" content=\"FRONTERAS DE LA CIENCIA Investigadores y acad\u00e9micos,\u00a0logran di\u00e1logo con ministros de la SCJN Por Fernando...\" \/>\n<meta property=\"og:url\" content=\"https:\/\/quehacerpolitico.mx\/?p=80163\" \/>\n<meta property=\"article:published_time\" content=\"2021-04-29T18:14:16+00:00\" \/>\n<meta property=\"og:image\" content=\"https:\/\/quehacerpolitico.mx\/wp-content\/uploads\/2021\/04\/814A17BD-086D-47E3-8439-22FEABC9062F.jpeg\" \/>\n\t<meta property=\"og:image:width\" content=\"1242\" \/>\n\t<meta property=\"og:image:height\" content=\"655\" \/>\n\t<meta property=\"og:image:type\" content=\"image\/jpeg\" \/>\n<meta name=\"author\" content=\"Redacci\u00f3n QP\" \/>\n<meta name=\"twitter:card\" content=\"summary_large_image\" \/>\n<meta name=\"twitter:label1\" content=\"Escrito por\" \/>\n\t<meta name=\"twitter:data1\" content=\"Redacci\u00f3n QP\" \/>\n\t<meta name=\"twitter:label2\" content=\"Tiempo de lectura\" \/>\n\t<meta name=\"twitter:data2\" content=\"10 minutos\" \/>\n<script type=\"application\/ld+json\" class=\"yoast-schema-graph\">{\"@context\":\"https:\\\/\\\/schema.org\",\"@graph\":[{\"@type\":\"Article\",\"@id\":\"https:\\\/\\\/quehacerpolitico.mx\\\/?p=80163#article\",\"isPartOf\":{\"@id\":\"https:\\\/\\\/quehacerpolitico.mx\\\/?p=80163\"},\"author\":{\"name\":\"Redacci\u00f3n QP\",\"@id\":\"https:\\\/\\\/quehacerpolitico.mx\\\/#\\\/schema\\\/person\\\/496d8ad2d1d3f8036101dca7ee39e585\"},\"headline\":\"Fronteras de la Ciencia\\\/\\\/\\\/Fernando Fuentes\\\/\\\/\\\/Investigadores y acad\u00e9micos, logran di\u00e1logo con ministros de la SCJN\",\"datePublished\":\"2021-04-29T18:14:16+00:00\",\"mainEntityOfPage\":{\"@id\":\"https:\\\/\\\/quehacerpolitico.mx\\\/?p=80163\"},\"wordCount\":1989,\"commentCount\":0,\"image\":{\"@id\":\"https:\\\/\\\/quehacerpolitico.mx\\\/?p=80163#primaryimage\"},\"thumbnailUrl\":\"https:\\\/\\\/quehacerpolitico.mx\\\/wp-content\\\/uploads\\\/2021\\\/04\\\/814A17BD-086D-47E3-8439-22FEABC9062F.jpeg\",\"articleSection\":[\"Noticias\"],\"inLanguage\":\"es\",\"potentialAction\":[{\"@type\":\"CommentAction\",\"name\":\"Comment\",\"target\":[\"https:\\\/\\\/quehacerpolitico.mx\\\/?p=80163#respond\"]}]},{\"@type\":\"WebPage\",\"@id\":\"https:\\\/\\\/quehacerpolitico.mx\\\/?p=80163\",\"url\":\"https:\\\/\\\/quehacerpolitico.mx\\\/?p=80163\",\"name\":\"Fronteras de la Ciencia\\\/\\\/\\\/Fernando Fuentes\\\/\\\/\\\/Investigadores y acad\u00e9micos, logran di\u00e1logo con ministros de la SCJN -\",\"isPartOf\":{\"@id\":\"https:\\\/\\\/quehacerpolitico.mx\\\/#website\"},\"primaryImageOfPage\":{\"@id\":\"https:\\\/\\\/quehacerpolitico.mx\\\/?p=80163#primaryimage\"},\"image\":{\"@id\":\"https:\\\/\\\/quehacerpolitico.mx\\\/?p=80163#primaryimage\"},\"thumbnailUrl\":\"https:\\\/\\\/quehacerpolitico.mx\\\/wp-content\\\/uploads\\\/2021\\\/04\\\/814A17BD-086D-47E3-8439-22FEABC9062F.jpeg\",\"datePublished\":\"2021-04-29T18:14:16+00:00\",\"author\":{\"@id\":\"https:\\\/\\\/quehacerpolitico.mx\\\/#\\\/schema\\\/person\\\/496d8ad2d1d3f8036101dca7ee39e585\"},\"breadcrumb\":{\"@id\":\"https:\\\/\\\/quehacerpolitico.mx\\\/?p=80163#breadcrumb\"},\"inLanguage\":\"es\",\"potentialAction\":[{\"@type\":\"ReadAction\",\"target\":[\"https:\\\/\\\/quehacerpolitico.mx\\\/?p=80163\"]}]},{\"@type\":\"ImageObject\",\"inLanguage\":\"es\",\"@id\":\"https:\\\/\\\/quehacerpolitico.mx\\\/?p=80163#primaryimage\",\"url\":\"https:\\\/\\\/quehacerpolitico.mx\\\/wp-content\\\/uploads\\\/2021\\\/04\\\/814A17BD-086D-47E3-8439-22FEABC9062F.jpeg\",\"contentUrl\":\"https:\\\/\\\/quehacerpolitico.mx\\\/wp-content\\\/uploads\\\/2021\\\/04\\\/814A17BD-086D-47E3-8439-22FEABC9062F.jpeg\",\"width\":1242,\"height\":655,\"caption\":\"{\\\"source_sid\\\":\\\"E8FF0313-F245-444C-A8A8-7174F016DF54_1619719293522\\\",\\\"subsource\\\":\\\"done_button\\\",\\\"uid\\\":\\\"E8FF0313-F245-444C-A8A8-7174F016DF54_1619719293498\\\",\\\"source\\\":\\\"other\\\",\\\"origin\\\":\\\"gallery\\\"}\"},{\"@type\":\"BreadcrumbList\",\"@id\":\"https:\\\/\\\/quehacerpolitico.mx\\\/?p=80163#breadcrumb\",\"itemListElement\":[{\"@type\":\"ListItem\",\"position\":1,\"name\":\"Inicio\",\"item\":\"https:\\\/\\\/quehacerpolitico.mx\\\/\"},{\"@type\":\"ListItem\",\"position\":2,\"name\":\"Fronteras de la Ciencia\\\/\\\/\\\/Fernando Fuentes\\\/\\\/\\\/Investigadores y acad\u00e9micos, logran di\u00e1logo con ministros de la SCJN\"}]},{\"@type\":\"WebSite\",\"@id\":\"https:\\\/\\\/quehacerpolitico.mx\\\/#website\",\"url\":\"https:\\\/\\\/quehacerpolitico.mx\\\/\",\"name\":\"\",\"description\":\"\",\"potentialAction\":[{\"@type\":\"SearchAction\",\"target\":{\"@type\":\"EntryPoint\",\"urlTemplate\":\"https:\\\/\\\/quehacerpolitico.mx\\\/?s={search_term_string}\"},\"query-input\":{\"@type\":\"PropertyValueSpecification\",\"valueRequired\":true,\"valueName\":\"search_term_string\"}}],\"inLanguage\":\"es\"},{\"@type\":\"Person\",\"@id\":\"https:\\\/\\\/quehacerpolitico.mx\\\/#\\\/schema\\\/person\\\/496d8ad2d1d3f8036101dca7ee39e585\",\"name\":\"Redacci\u00f3n QP\",\"image\":{\"@type\":\"ImageObject\",\"inLanguage\":\"es\",\"@id\":\"https:\\\/\\\/secure.gravatar.com\\\/avatar\\\/c7164ed6fdec453195284ad24a5ae5b6e1eed2b848477fa2a4787ba9adf39a41?s=96&d=mm&r=g\",\"url\":\"https:\\\/\\\/secure.gravatar.com\\\/avatar\\\/c7164ed6fdec453195284ad24a5ae5b6e1eed2b848477fa2a4787ba9adf39a41?s=96&d=mm&r=g\",\"contentUrl\":\"https:\\\/\\\/secure.gravatar.com\\\/avatar\\\/c7164ed6fdec453195284ad24a5ae5b6e1eed2b848477fa2a4787ba9adf39a41?s=96&d=mm&r=g\",\"caption\":\"Redacci\u00f3n QP\"},\"url\":\"https:\\\/\\\/quehacerpolitico.mx\\\/?author=2\"}]}<\/script>\n<!-- \/ Yoast SEO plugin. -->","yoast_head_json":{"title":"Fronteras de la Ciencia\/\/\/Fernando Fuentes\/\/\/Investigadores y acad\u00e9micos, logran di\u00e1logo con ministros de la SCJN -","robots":{"index":"index","follow":"follow","max-snippet":"max-snippet:-1","max-image-preview":"max-image-preview:large","max-video-preview":"max-video-preview:-1"},"canonical":"https:\/\/quehacerpolitico.mx\/?p=80163","og_locale":"es_MX","og_type":"article","og_title":"Fronteras de la Ciencia\/\/\/Fernando Fuentes\/\/\/Investigadores y acad\u00e9micos, logran di\u00e1logo con ministros de la SCJN -","og_description":"FRONTERAS DE LA CIENCIA Investigadores y acad\u00e9micos,\u00a0logran di\u00e1logo con ministros de la SCJN Por Fernando...","og_url":"https:\/\/quehacerpolitico.mx\/?p=80163","article_published_time":"2021-04-29T18:14:16+00:00","og_image":[{"width":1242,"height":655,"url":"https:\/\/quehacerpolitico.mx\/wp-content\/uploads\/2021\/04\/814A17BD-086D-47E3-8439-22FEABC9062F.jpeg","type":"image\/jpeg"}],"author":"Redacci\u00f3n QP","twitter_card":"summary_large_image","twitter_misc":{"Escrito por":"Redacci\u00f3n QP","Tiempo de lectura":"10 minutos"},"schema":{"@context":"https:\/\/schema.org","@graph":[{"@type":"Article","@id":"https:\/\/quehacerpolitico.mx\/?p=80163#article","isPartOf":{"@id":"https:\/\/quehacerpolitico.mx\/?p=80163"},"author":{"name":"Redacci\u00f3n QP","@id":"https:\/\/quehacerpolitico.mx\/#\/schema\/person\/496d8ad2d1d3f8036101dca7ee39e585"},"headline":"Fronteras de la Ciencia\/\/\/Fernando Fuentes\/\/\/Investigadores y acad\u00e9micos, logran di\u00e1logo con ministros de la SCJN","datePublished":"2021-04-29T18:14:16+00:00","mainEntityOfPage":{"@id":"https:\/\/quehacerpolitico.mx\/?p=80163"},"wordCount":1989,"commentCount":0,"image":{"@id":"https:\/\/quehacerpolitico.mx\/?p=80163#primaryimage"},"thumbnailUrl":"https:\/\/quehacerpolitico.mx\/wp-content\/uploads\/2021\/04\/814A17BD-086D-47E3-8439-22FEABC9062F.jpeg","articleSection":["Noticias"],"inLanguage":"es","potentialAction":[{"@type":"CommentAction","name":"Comment","target":["https:\/\/quehacerpolitico.mx\/?p=80163#respond"]}]},{"@type":"WebPage","@id":"https:\/\/quehacerpolitico.mx\/?p=80163","url":"https:\/\/quehacerpolitico.mx\/?p=80163","name":"Fronteras de la Ciencia\/\/\/Fernando Fuentes\/\/\/Investigadores y acad\u00e9micos, logran di\u00e1logo con ministros de la SCJN -","isPartOf":{"@id":"https:\/\/quehacerpolitico.mx\/#website"},"primaryImageOfPage":{"@id":"https:\/\/quehacerpolitico.mx\/?p=80163#primaryimage"},"image":{"@id":"https:\/\/quehacerpolitico.mx\/?p=80163#primaryimage"},"thumbnailUrl":"https:\/\/quehacerpolitico.mx\/wp-content\/uploads\/2021\/04\/814A17BD-086D-47E3-8439-22FEABC9062F.jpeg","datePublished":"2021-04-29T18:14:16+00:00","author":{"@id":"https:\/\/quehacerpolitico.mx\/#\/schema\/person\/496d8ad2d1d3f8036101dca7ee39e585"},"breadcrumb":{"@id":"https:\/\/quehacerpolitico.mx\/?p=80163#breadcrumb"},"inLanguage":"es","potentialAction":[{"@type":"ReadAction","target":["https:\/\/quehacerpolitico.mx\/?p=80163"]}]},{"@type":"ImageObject","inLanguage":"es","@id":"https:\/\/quehacerpolitico.mx\/?p=80163#primaryimage","url":"https:\/\/quehacerpolitico.mx\/wp-content\/uploads\/2021\/04\/814A17BD-086D-47E3-8439-22FEABC9062F.jpeg","contentUrl":"https:\/\/quehacerpolitico.mx\/wp-content\/uploads\/2021\/04\/814A17BD-086D-47E3-8439-22FEABC9062F.jpeg","width":1242,"height":655,"caption":"{\"source_sid\":\"E8FF0313-F245-444C-A8A8-7174F016DF54_1619719293522\",\"subsource\":\"done_button\",\"uid\":\"E8FF0313-F245-444C-A8A8-7174F016DF54_1619719293498\",\"source\":\"other\",\"origin\":\"gallery\"}"},{"@type":"BreadcrumbList","@id":"https:\/\/quehacerpolitico.mx\/?p=80163#breadcrumb","itemListElement":[{"@type":"ListItem","position":1,"name":"Inicio","item":"https:\/\/quehacerpolitico.mx\/"},{"@type":"ListItem","position":2,"name":"Fronteras de la Ciencia\/\/\/Fernando Fuentes\/\/\/Investigadores y acad\u00e9micos, logran di\u00e1logo con ministros de la SCJN"}]},{"@type":"WebSite","@id":"https:\/\/quehacerpolitico.mx\/#website","url":"https:\/\/quehacerpolitico.mx\/","name":"","description":"","potentialAction":[{"@type":"SearchAction","target":{"@type":"EntryPoint","urlTemplate":"https:\/\/quehacerpolitico.mx\/?s={search_term_string}"},"query-input":{"@type":"PropertyValueSpecification","valueRequired":true,"valueName":"search_term_string"}}],"inLanguage":"es"},{"@type":"Person","@id":"https:\/\/quehacerpolitico.mx\/#\/schema\/person\/496d8ad2d1d3f8036101dca7ee39e585","name":"Redacci\u00f3n QP","image":{"@type":"ImageObject","inLanguage":"es","@id":"https:\/\/secure.gravatar.com\/avatar\/c7164ed6fdec453195284ad24a5ae5b6e1eed2b848477fa2a4787ba9adf39a41?s=96&d=mm&r=g","url":"https:\/\/secure.gravatar.com\/avatar\/c7164ed6fdec453195284ad24a5ae5b6e1eed2b848477fa2a4787ba9adf39a41?s=96&d=mm&r=g","contentUrl":"https:\/\/secure.gravatar.com\/avatar\/c7164ed6fdec453195284ad24a5ae5b6e1eed2b848477fa2a4787ba9adf39a41?s=96&d=mm&r=g","caption":"Redacci\u00f3n QP"},"url":"https:\/\/quehacerpolitico.mx\/?author=2"}]}},"featured_image_urls":{"full":["https:\/\/quehacerpolitico.mx\/wp-content\/uploads\/2021\/04\/814A17BD-086D-47E3-8439-22FEABC9062F.jpeg",1242,655,false],"thumbnail":["https:\/\/quehacerpolitico.mx\/wp-content\/uploads\/2021\/04\/814A17BD-086D-47E3-8439-22FEABC9062F-150x150.jpeg",150,150,true],"medium":["https:\/\/quehacerpolitico.mx\/wp-content\/uploads\/2021\/04\/814A17BD-086D-47E3-8439-22FEABC9062F-300x158.jpeg",300,158,true],"medium_large":["https:\/\/quehacerpolitico.mx\/wp-content\/uploads\/2021\/04\/814A17BD-086D-47E3-8439-22FEABC9062F-768x405.jpeg",640,338,true],"large":["https:\/\/quehacerpolitico.mx\/wp-content\/uploads\/2021\/04\/814A17BD-086D-47E3-8439-22FEABC9062F-1024x540.jpeg",640,338,true],"1536x1536":["https:\/\/quehacerpolitico.mx\/wp-content\/uploads\/2021\/04\/814A17BD-086D-47E3-8439-22FEABC9062F.jpeg",1242,655,false],"2048x2048":["https:\/\/quehacerpolitico.mx\/wp-content\/uploads\/2021\/04\/814A17BD-086D-47E3-8439-22FEABC9062F.jpeg",1242,655,false],"covernews-featured":["https:\/\/quehacerpolitico.mx\/wp-content\/uploads\/2021\/04\/814A17BD-086D-47E3-8439-22FEABC9062F.jpeg",1024,540,false],"covernews-medium":["https:\/\/quehacerpolitico.mx\/wp-content\/uploads\/2021\/04\/814A17BD-086D-47E3-8439-22FEABC9062F.jpeg",540,285,false]},"author_info":{"display_name":"Redacci\u00f3n QP","author_link":"https:\/\/quehacerpolitico.mx\/?author=2"},"category_info":"<a href=\"https:\/\/quehacerpolitico.mx\/?cat=2\" rel=\"category\">Noticias<\/a>","tag_info":"Noticias","comment_count":"0","_links":{"self":[{"href":"https:\/\/quehacerpolitico.mx\/index.php?rest_route=\/wp\/v2\/posts\/80163","targetHints":{"allow":["GET"]}}],"collection":[{"href":"https:\/\/quehacerpolitico.mx\/index.php?rest_route=\/wp\/v2\/posts"}],"about":[{"href":"https:\/\/quehacerpolitico.mx\/index.php?rest_route=\/wp\/v2\/types\/post"}],"author":[{"embeddable":true,"href":"https:\/\/quehacerpolitico.mx\/index.php?rest_route=\/wp\/v2\/users\/2"}],"replies":[{"embeddable":true,"href":"https:\/\/quehacerpolitico.mx\/index.php?rest_route=%2Fwp%2Fv2%2Fcomments&post=80163"}],"version-history":[{"count":0,"href":"https:\/\/quehacerpolitico.mx\/index.php?rest_route=\/wp\/v2\/posts\/80163\/revisions"}],"wp:featuredmedia":[{"embeddable":true,"href":"https:\/\/quehacerpolitico.mx\/index.php?rest_route=\/wp\/v2\/media\/80165"}],"wp:attachment":[{"href":"https:\/\/quehacerpolitico.mx\/index.php?rest_route=%2Fwp%2Fv2%2Fmedia&parent=80163"}],"wp:term":[{"taxonomy":"category","embeddable":true,"href":"https:\/\/quehacerpolitico.mx\/index.php?rest_route=%2Fwp%2Fv2%2Fcategories&post=80163"},{"taxonomy":"post_tag","embeddable":true,"href":"https:\/\/quehacerpolitico.mx\/index.php?rest_route=%2Fwp%2Fv2%2Ftags&post=80163"}],"curies":[{"name":"wp","href":"https:\/\/api.w.org\/{rel}","templated":true}]}}