{"id":80158,"date":"2021-04-29T17:49:30","date_gmt":"2021-04-29T17:49:30","guid":{"rendered":"https:\/\/quehacerpolitico.mx\/?p=80158"},"modified":"2021-04-29T17:49:30","modified_gmt":"2021-04-29T17:49:30","slug":"menor-abusado-por-el-diputado-saul-huerta-teme-por-vida-de-sus-papas","status":"publish","type":"post","link":"https:\/\/quehacerpolitico.mx\/?p=80158","title":{"rendered":"Menor abusado por el diputado Sa\u00fal Huerta teme por vida de sus pap\u00e1s"},"content":{"rendered":"<h1 class=\"article_title\">Menor abusado por el diputado Sa\u00fal Huerta teme por vida de sus pap\u00e1s<br \/>\nPor Redacci\u00f3n QP<\/h1>\n<div class=\"article_heading\">\n<p>La madre del menor dijo que su hijo est\u00e1 mal por lo que le hizo el diputado, por lo que fue ingresado a un hospital psiqui\u00e1trico<\/p>\n<p>Familiares del <strong>menor<\/strong> que sufri\u00f3 <strong>abuso sexual<\/strong> por parte del <strong>diputado Sa\u00fal Huerta<\/strong>dijeron en <em><strong>\u2018Despierta\u2019<\/strong><\/em> que el joven, de 15 a\u00f1os de edad, teme por la vida de sus pap\u00e1s.<\/p>\n<p>Entrevistada por Danielle Dithurbide, los se\u00f1ora Mar\u00eda, madre del menor de edad, dijo que su hijo est\u00e1 mal por lo que le hizo el diputado, por lo que fue ingresado al hospital psiqui\u00e1trico<\/p>\n<p>Sobre las amenazas de muerte a la madre del menor\u00a0Ra\u00fal, padre del joven, se\u00f1al\u00f3 que han recibido llamadas de n\u00fameros desconocidos y dijo que no han tenido contacto con alguien del partido del diputado.<\/p>\n<p>\u201cPor la violaci\u00f3n que cometi\u00f3 el diputado Sa\u00fal mi hijo se encuentra mal, hemos recibido amenazas de n\u00fameros desconocidos, que desistamos de la demanda, que no lo hagamos en grande, ese tipo de amenazas que nos han dado y no hemos tenido contacto con ning\u00fan de alguien de su partido\u201d.<\/p>\n<p><iframe loading=\"lazy\" title=\"Entrevista I Familiares de menor que sufri\u00f3 abuso por diputado Sa\u00fal Huerta - Despierta\" width=\"640\" height=\"360\" src=\"https:\/\/www.youtube.com\/embed\/VjnfamcsBi4?feature=oembed\" frameborder=\"0\" allow=\"accelerometer; autoplay; clipboard-write; encrypted-media; gyroscope; picture-in-picture; web-share\" referrerpolicy=\"strict-origin-when-cross-origin\" allowfullscreen><\/iframe><\/p>\n<p>El doctor Fausto Rams\u00e9s, quien atendi\u00f3 al menor en primera instancia, detall\u00f3 que su paciente presenta angustia y depresi\u00f3n, adem\u00e1s agreg\u00f3 que los especialistas que atienden al joven actualmente son quienes van a valorar los elementos para tipificar este delito.<\/p>\n<blockquote><p>\u201cSe le dio la atenci\u00f3n primaria, conmigo lleg\u00f3 con un diagn\u00f3stico de crisis, de angustia y depresi\u00f3n y ahorita los especialistas en el \u00e1rea en el hospital son los que se van a encargar de tipificar realmente el diagn\u00f3stico, de entrada esta en unos de los mejores hospitales\u201d.<\/p><\/blockquote>\n<p>La mam\u00e1 del joven destac\u00f3 que no han podido ver la carpeta de la investigaci\u00f3n y destac\u00f3 que han recibido malos tratos en la Fiscal\u00eda de la Ciudad de M\u00e9xico.<\/p>\n<blockquote><p>\u201cNo hemos podido ver la carpeta, nos han tratado mal, no nos creen, no conf\u00edo en la Fiscal\u00eda por todo lo que hab\u00edan dicho empezamos a ver que ya hab\u00eda salido el diputado, y a nosotros todav\u00eda ni nos hab\u00edan tomado la declaraci\u00f3n de mi hijo\u201d.<\/p><\/blockquote>\n<p>Los padres del joven de 15 a\u00f1os se refirieron a la decisi\u00f3n de la C\u00e1mara de Diputados de archivar el proceso de desafuero contra el diputado Saul Huerta<\/p>\n<blockquote><p>\u201cNos sentimos frustrados, nos sentimos mal, necesitan ver c\u00f3mo est\u00e1 mi hijo, en qu\u00e9 condiciones, porque tuvo que estar en un hospital psiqui\u00e1trico, que fue violado por el diputado. Es triste ver, que ya no podemos confiar porque han sido muchas anomal\u00edas\u201d, puntualiz\u00f3 la madre del menor.<\/p><\/blockquote>\n<p><em>Con informaci\u00f3n de Despierta\u00a0<\/em><\/p>\n<\/div>\n","protected":false},"excerpt":{"rendered":"<p>Menor abusado por el diputado Sa\u00fal Huerta teme por vida de sus pap\u00e1s Por Redacci\u00f3n&#8230;<\/p>\n","protected":false},"author":2,"featured_media":79978,"comment_status":"open","ping_status":"open","sticky":false,"template":"","format":"standard","meta":{"_monsterinsights_skip_tracking":false,"_monsterinsights_sitenote_active":false,"_monsterinsights_sitenote_note":"","_monsterinsights_sitenote_category":0,"footnotes":""},"categories":[2],"tags":[],"class_list":["post-80158","post","type-post","status-publish","format-standard","has-post-thumbnail","hentry","category-noticias"],"yoast_head":"<!-- This site is optimized with the Yoast SEO plugin v27.3 - https:\/\/yoast.com\/product\/yoast-seo-wordpress\/ -->\n<title>Menor abusado por el diputado Sa\u00fal Huerta teme por vida de sus pap\u00e1s -<\/title>\n<meta name=\"robots\" content=\"index, follow, max-snippet:-1, max-image-preview:large, max-video-preview:-1\" \/>\n<link rel=\"canonical\" href=\"https:\/\/quehacerpolitico.mx\/?p=80158\" \/>\n<meta property=\"og:locale\" content=\"es_MX\" \/>\n<meta property=\"og:type\" content=\"article\" \/>\n<meta property=\"og:title\" content=\"Menor abusado por el diputado Sa\u00fal Huerta teme por vida de sus pap\u00e1s -\" \/>\n<meta property=\"og:description\" content=\"Menor abusado por el diputado Sa\u00fal Huerta teme por vida de sus pap\u00e1s Por Redacci\u00f3n...\" \/>\n<meta property=\"og:url\" content=\"https:\/\/quehacerpolitico.mx\/?p=80158\" \/>\n<meta property=\"article:published_time\" content=\"2021-04-29T17:49:30+00:00\" \/>\n<meta property=\"og:image\" content=\"https:\/\/quehacerpolitico.mx\/wp-content\/uploads\/2021\/04\/9E709B22-ED12-48C4-9379-94E4A5775D30.jpeg\" \/>\n\t<meta property=\"og:image:width\" content=\"968\" \/>\n\t<meta property=\"og:image:height\" content=\"544\" \/>\n\t<meta property=\"og:image:type\" content=\"image\/jpeg\" \/>\n<meta name=\"author\" content=\"Redacci\u00f3n QP\" \/>\n<meta name=\"twitter:card\" content=\"summary_large_image\" \/>\n<meta name=\"twitter:label1\" content=\"Escrito por\" \/>\n\t<meta name=\"twitter:data1\" content=\"Redacci\u00f3n QP\" \/>\n\t<meta name=\"twitter:label2\" content=\"Tiempo de lectura\" \/>\n\t<meta name=\"twitter:data2\" content=\"2 minutos\" \/>\n<script type=\"application\/ld+json\" class=\"yoast-schema-graph\">{\"@context\":\"https:\\\/\\\/schema.org\",\"@graph\":[{\"@type\":\"Article\",\"@id\":\"https:\\\/\\\/quehacerpolitico.mx\\\/?p=80158#article\",\"isPartOf\":{\"@id\":\"https:\\\/\\\/quehacerpolitico.mx\\\/?p=80158\"},\"author\":{\"name\":\"Redacci\u00f3n QP\",\"@id\":\"https:\\\/\\\/quehacerpolitico.mx\\\/#\\\/schema\\\/person\\\/496d8ad2d1d3f8036101dca7ee39e585\"},\"headline\":\"Menor abusado por el diputado Sa\u00fal Huerta teme por vida de sus pap\u00e1s\",\"datePublished\":\"2021-04-29T17:49:30+00:00\",\"mainEntityOfPage\":{\"@id\":\"https:\\\/\\\/quehacerpolitico.mx\\\/?p=80158\"},\"wordCount\":491,\"commentCount\":0,\"image\":{\"@id\":\"https:\\\/\\\/quehacerpolitico.mx\\\/?p=80158#primaryimage\"},\"thumbnailUrl\":\"https:\\\/\\\/quehacerpolitico.mx\\\/wp-content\\\/uploads\\\/2021\\\/04\\\/9E709B22-ED12-48C4-9379-94E4A5775D30.jpeg\",\"articleSection\":[\"Noticias\"],\"inLanguage\":\"es\",\"potentialAction\":[{\"@type\":\"CommentAction\",\"name\":\"Comment\",\"target\":[\"https:\\\/\\\/quehacerpolitico.mx\\\/?p=80158#respond\"]}]},{\"@type\":\"WebPage\",\"@id\":\"https:\\\/\\\/quehacerpolitico.mx\\\/?p=80158\",\"url\":\"https:\\\/\\\/quehacerpolitico.mx\\\/?p=80158\",\"name\":\"Menor abusado por el diputado Sa\u00fal Huerta teme por vida de sus pap\u00e1s -\",\"isPartOf\":{\"@id\":\"https:\\\/\\\/quehacerpolitico.mx\\\/#website\"},\"primaryImageOfPage\":{\"@id\":\"https:\\\/\\\/quehacerpolitico.mx\\\/?p=80158#primaryimage\"},\"image\":{\"@id\":\"https:\\\/\\\/quehacerpolitico.mx\\\/?p=80158#primaryimage\"},\"thumbnailUrl\":\"https:\\\/\\\/quehacerpolitico.mx\\\/wp-content\\\/uploads\\\/2021\\\/04\\\/9E709B22-ED12-48C4-9379-94E4A5775D30.jpeg\",\"datePublished\":\"2021-04-29T17:49:30+00:00\",\"author\":{\"@id\":\"https:\\\/\\\/quehacerpolitico.mx\\\/#\\\/schema\\\/person\\\/496d8ad2d1d3f8036101dca7ee39e585\"},\"breadcrumb\":{\"@id\":\"https:\\\/\\\/quehacerpolitico.mx\\\/?p=80158#breadcrumb\"},\"inLanguage\":\"es\",\"potentialAction\":[{\"@type\":\"ReadAction\",\"target\":[\"https:\\\/\\\/quehacerpolitico.mx\\\/?p=80158\"]}]},{\"@type\":\"ImageObject\",\"inLanguage\":\"es\",\"@id\":\"https:\\\/\\\/quehacerpolitico.mx\\\/?p=80158#primaryimage\",\"url\":\"https:\\\/\\\/quehacerpolitico.mx\\\/wp-content\\\/uploads\\\/2021\\\/04\\\/9E709B22-ED12-48C4-9379-94E4A5775D30.jpeg\",\"contentUrl\":\"https:\\\/\\\/quehacerpolitico.mx\\\/wp-content\\\/uploads\\\/2021\\\/04\\\/9E709B22-ED12-48C4-9379-94E4A5775D30.jpeg\",\"width\":968,\"height\":544},{\"@type\":\"BreadcrumbList\",\"@id\":\"https:\\\/\\\/quehacerpolitico.mx\\\/?p=80158#breadcrumb\",\"itemListElement\":[{\"@type\":\"ListItem\",\"position\":1,\"name\":\"Inicio\",\"item\":\"https:\\\/\\\/quehacerpolitico.mx\\\/\"},{\"@type\":\"ListItem\",\"position\":2,\"name\":\"Menor abusado por el diputado Sa\u00fal Huerta teme por vida de sus pap\u00e1s\"}]},{\"@type\":\"WebSite\",\"@id\":\"https:\\\/\\\/quehacerpolitico.mx\\\/#website\",\"url\":\"https:\\\/\\\/quehacerpolitico.mx\\\/\",\"name\":\"\",\"description\":\"\",\"potentialAction\":[{\"@type\":\"SearchAction\",\"target\":{\"@type\":\"EntryPoint\",\"urlTemplate\":\"https:\\\/\\\/quehacerpolitico.mx\\\/?s={search_term_string}\"},\"query-input\":{\"@type\":\"PropertyValueSpecification\",\"valueRequired\":true,\"valueName\":\"search_term_string\"}}],\"inLanguage\":\"es\"},{\"@type\":\"Person\",\"@id\":\"https:\\\/\\\/quehacerpolitico.mx\\\/#\\\/schema\\\/person\\\/496d8ad2d1d3f8036101dca7ee39e585\",\"name\":\"Redacci\u00f3n QP\",\"image\":{\"@type\":\"ImageObject\",\"inLanguage\":\"es\",\"@id\":\"https:\\\/\\\/secure.gravatar.com\\\/avatar\\\/c7164ed6fdec453195284ad24a5ae5b6e1eed2b848477fa2a4787ba9adf39a41?s=96&d=mm&r=g\",\"url\":\"https:\\\/\\\/secure.gravatar.com\\\/avatar\\\/c7164ed6fdec453195284ad24a5ae5b6e1eed2b848477fa2a4787ba9adf39a41?s=96&d=mm&r=g\",\"contentUrl\":\"https:\\\/\\\/secure.gravatar.com\\\/avatar\\\/c7164ed6fdec453195284ad24a5ae5b6e1eed2b848477fa2a4787ba9adf39a41?s=96&d=mm&r=g\",\"caption\":\"Redacci\u00f3n QP\"},\"url\":\"https:\\\/\\\/quehacerpolitico.mx\\\/?author=2\"}]}<\/script>\n<!-- \/ Yoast SEO plugin. -->","yoast_head_json":{"title":"Menor abusado por el diputado Sa\u00fal Huerta teme por vida de sus pap\u00e1s -","robots":{"index":"index","follow":"follow","max-snippet":"max-snippet:-1","max-image-preview":"max-image-preview:large","max-video-preview":"max-video-preview:-1"},"canonical":"https:\/\/quehacerpolitico.mx\/?p=80158","og_locale":"es_MX","og_type":"article","og_title":"Menor abusado por el diputado Sa\u00fal Huerta teme por vida de sus pap\u00e1s -","og_description":"Menor abusado por el diputado Sa\u00fal Huerta teme por vida de sus pap\u00e1s Por Redacci\u00f3n...","og_url":"https:\/\/quehacerpolitico.mx\/?p=80158","article_published_time":"2021-04-29T17:49:30+00:00","og_image":[{"width":968,"height":544,"url":"https:\/\/quehacerpolitico.mx\/wp-content\/uploads\/2021\/04\/9E709B22-ED12-48C4-9379-94E4A5775D30.jpeg","type":"image\/jpeg"}],"author":"Redacci\u00f3n QP","twitter_card":"summary_large_image","twitter_misc":{"Escrito por":"Redacci\u00f3n QP","Tiempo de lectura":"2 minutos"},"schema":{"@context":"https:\/\/schema.org","@graph":[{"@type":"Article","@id":"https:\/\/quehacerpolitico.mx\/?p=80158#article","isPartOf":{"@id":"https:\/\/quehacerpolitico.mx\/?p=80158"},"author":{"name":"Redacci\u00f3n QP","@id":"https:\/\/quehacerpolitico.mx\/#\/schema\/person\/496d8ad2d1d3f8036101dca7ee39e585"},"headline":"Menor abusado por el diputado Sa\u00fal Huerta teme por vida de sus pap\u00e1s","datePublished":"2021-04-29T17:49:30+00:00","mainEntityOfPage":{"@id":"https:\/\/quehacerpolitico.mx\/?p=80158"},"wordCount":491,"commentCount":0,"image":{"@id":"https:\/\/quehacerpolitico.mx\/?p=80158#primaryimage"},"thumbnailUrl":"https:\/\/quehacerpolitico.mx\/wp-content\/uploads\/2021\/04\/9E709B22-ED12-48C4-9379-94E4A5775D30.jpeg","articleSection":["Noticias"],"inLanguage":"es","potentialAction":[{"@type":"CommentAction","name":"Comment","target":["https:\/\/quehacerpolitico.mx\/?p=80158#respond"]}]},{"@type":"WebPage","@id":"https:\/\/quehacerpolitico.mx\/?p=80158","url":"https:\/\/quehacerpolitico.mx\/?p=80158","name":"Menor abusado por el diputado Sa\u00fal Huerta teme por vida de sus pap\u00e1s -","isPartOf":{"@id":"https:\/\/quehacerpolitico.mx\/#website"},"primaryImageOfPage":{"@id":"https:\/\/quehacerpolitico.mx\/?p=80158#primaryimage"},"image":{"@id":"https:\/\/quehacerpolitico.mx\/?p=80158#primaryimage"},"thumbnailUrl":"https:\/\/quehacerpolitico.mx\/wp-content\/uploads\/2021\/04\/9E709B22-ED12-48C4-9379-94E4A5775D30.jpeg","datePublished":"2021-04-29T17:49:30+00:00","author":{"@id":"https:\/\/quehacerpolitico.mx\/#\/schema\/person\/496d8ad2d1d3f8036101dca7ee39e585"},"breadcrumb":{"@id":"https:\/\/quehacerpolitico.mx\/?p=80158#breadcrumb"},"inLanguage":"es","potentialAction":[{"@type":"ReadAction","target":["https:\/\/quehacerpolitico.mx\/?p=80158"]}]},{"@type":"ImageObject","inLanguage":"es","@id":"https:\/\/quehacerpolitico.mx\/?p=80158#primaryimage","url":"https:\/\/quehacerpolitico.mx\/wp-content\/uploads\/2021\/04\/9E709B22-ED12-48C4-9379-94E4A5775D30.jpeg","contentUrl":"https:\/\/quehacerpolitico.mx\/wp-content\/uploads\/2021\/04\/9E709B22-ED12-48C4-9379-94E4A5775D30.jpeg","width":968,"height":544},{"@type":"BreadcrumbList","@id":"https:\/\/quehacerpolitico.mx\/?p=80158#breadcrumb","itemListElement":[{"@type":"ListItem","position":1,"name":"Inicio","item":"https:\/\/quehacerpolitico.mx\/"},{"@type":"ListItem","position":2,"name":"Menor abusado por el diputado Sa\u00fal Huerta teme por vida de sus pap\u00e1s"}]},{"@type":"WebSite","@id":"https:\/\/quehacerpolitico.mx\/#website","url":"https:\/\/quehacerpolitico.mx\/","name":"","description":"","potentialAction":[{"@type":"SearchAction","target":{"@type":"EntryPoint","urlTemplate":"https:\/\/quehacerpolitico.mx\/?s={search_term_string}"},"query-input":{"@type":"PropertyValueSpecification","valueRequired":true,"valueName":"search_term_string"}}],"inLanguage":"es"},{"@type":"Person","@id":"https:\/\/quehacerpolitico.mx\/#\/schema\/person\/496d8ad2d1d3f8036101dca7ee39e585","name":"Redacci\u00f3n QP","image":{"@type":"ImageObject","inLanguage":"es","@id":"https:\/\/secure.gravatar.com\/avatar\/c7164ed6fdec453195284ad24a5ae5b6e1eed2b848477fa2a4787ba9adf39a41?s=96&d=mm&r=g","url":"https:\/\/secure.gravatar.com\/avatar\/c7164ed6fdec453195284ad24a5ae5b6e1eed2b848477fa2a4787ba9adf39a41?s=96&d=mm&r=g","contentUrl":"https:\/\/secure.gravatar.com\/avatar\/c7164ed6fdec453195284ad24a5ae5b6e1eed2b848477fa2a4787ba9adf39a41?s=96&d=mm&r=g","caption":"Redacci\u00f3n QP"},"url":"https:\/\/quehacerpolitico.mx\/?author=2"}]}},"featured_image_urls":{"full":["https:\/\/quehacerpolitico.mx\/wp-content\/uploads\/2021\/04\/9E709B22-ED12-48C4-9379-94E4A5775D30.jpeg",968,544,false],"thumbnail":["https:\/\/quehacerpolitico.mx\/wp-content\/uploads\/2021\/04\/9E709B22-ED12-48C4-9379-94E4A5775D30-150x150.jpeg",150,150,true],"medium":["https:\/\/quehacerpolitico.mx\/wp-content\/uploads\/2021\/04\/9E709B22-ED12-48C4-9379-94E4A5775D30-300x169.jpeg",300,169,true],"medium_large":["https:\/\/quehacerpolitico.mx\/wp-content\/uploads\/2021\/04\/9E709B22-ED12-48C4-9379-94E4A5775D30-768x432.jpeg",640,360,true],"large":["https:\/\/quehacerpolitico.mx\/wp-content\/uploads\/2021\/04\/9E709B22-ED12-48C4-9379-94E4A5775D30.jpeg",640,360,false],"1536x1536":["https:\/\/quehacerpolitico.mx\/wp-content\/uploads\/2021\/04\/9E709B22-ED12-48C4-9379-94E4A5775D30.jpeg",968,544,false],"2048x2048":["https:\/\/quehacerpolitico.mx\/wp-content\/uploads\/2021\/04\/9E709B22-ED12-48C4-9379-94E4A5775D30.jpeg",968,544,false],"covernews-featured":["https:\/\/quehacerpolitico.mx\/wp-content\/uploads\/2021\/04\/9E709B22-ED12-48C4-9379-94E4A5775D30.jpeg",968,544,false],"covernews-medium":["https:\/\/quehacerpolitico.mx\/wp-content\/uploads\/2021\/04\/9E709B22-ED12-48C4-9379-94E4A5775D30.jpeg",540,303,false]},"author_info":{"display_name":"Redacci\u00f3n QP","author_link":"https:\/\/quehacerpolitico.mx\/?author=2"},"category_info":"<a href=\"https:\/\/quehacerpolitico.mx\/?cat=2\" rel=\"category\">Noticias<\/a>","tag_info":"Noticias","comment_count":"0","_links":{"self":[{"href":"https:\/\/quehacerpolitico.mx\/index.php?rest_route=\/wp\/v2\/posts\/80158","targetHints":{"allow":["GET"]}}],"collection":[{"href":"https:\/\/quehacerpolitico.mx\/index.php?rest_route=\/wp\/v2\/posts"}],"about":[{"href":"https:\/\/quehacerpolitico.mx\/index.php?rest_route=\/wp\/v2\/types\/post"}],"author":[{"embeddable":true,"href":"https:\/\/quehacerpolitico.mx\/index.php?rest_route=\/wp\/v2\/users\/2"}],"replies":[{"embeddable":true,"href":"https:\/\/quehacerpolitico.mx\/index.php?rest_route=%2Fwp%2Fv2%2Fcomments&post=80158"}],"version-history":[{"count":0,"href":"https:\/\/quehacerpolitico.mx\/index.php?rest_route=\/wp\/v2\/posts\/80158\/revisions"}],"wp:featuredmedia":[{"embeddable":true,"href":"https:\/\/quehacerpolitico.mx\/index.php?rest_route=\/wp\/v2\/media\/79978"}],"wp:attachment":[{"href":"https:\/\/quehacerpolitico.mx\/index.php?rest_route=%2Fwp%2Fv2%2Fmedia&parent=80158"}],"wp:term":[{"taxonomy":"category","embeddable":true,"href":"https:\/\/quehacerpolitico.mx\/index.php?rest_route=%2Fwp%2Fv2%2Fcategories&post=80158"},{"taxonomy":"post_tag","embeddable":true,"href":"https:\/\/quehacerpolitico.mx\/index.php?rest_route=%2Fwp%2Fv2%2Ftags&post=80158"}],"curies":[{"name":"wp","href":"https:\/\/api.w.org\/{rel}","templated":true}]}}