{"id":80147,"date":"2021-04-29T16:50:27","date_gmt":"2021-04-29T16:50:27","guid":{"rendered":"https:\/\/quehacerpolitico.mx\/?p=80147"},"modified":"2021-04-29T16:50:27","modified_gmt":"2021-04-29T16:50:27","slug":"amlo-anuncia-que-presentara-reforma-electoral-tras-cancelacion-de-candidatos","status":"publish","type":"post","link":"https:\/\/quehacerpolitico.mx\/?p=80147","title":{"rendered":"AMLO anuncia que presentar\u00e1 reforma electoral tras cancelaci\u00f3n de candidatos"},"content":{"rendered":"<h1 class=\"article_title\">AMLO anuncia que presentar\u00e1 reforma electoral tras cancelaci\u00f3n de candidatos<br \/>\nPor Redacci\u00f3n QP<\/h1>\n<p>AMLO acus\u00f3 al TEPFJ y INE de &#8220;violar los derechos&#8221; de los candidatos a gobernadores Ra\u00fal Mor\u00f3n y F\u00e9lix Salgado Macedonio<\/p>\n<p>El presidente de M\u00e9xico, Andres Manuel L\u00f3pez Obrador, inform\u00f3 que presentar\u00e1 una reforma electoral despu\u00e9s de que los \u00f3rganos aut\u00f3nomos cancelaron el registro de dos candidatos del partido Movimiento Regeneraci\u00f3n Nacional (Morena) para laa elecciones 2021 en Mexico<\/p>\n<p>En conferencia de prensa matutina, el mandatario acus\u00f3 al Tribunal Electoral del Poder Judicial de la Federaci\u00f3n (TEPFJ) y al Instituto Nacional Electoral (INE) de \u201cviolar los derechos\u201d de <strong>Ra\u00fal Mor\u00f3n<\/strong>, quien quer\u00eda ser gobernador de Michoac\u00e1n, y <strong>F\u00e9lix Salgado Macedonio<\/strong>, aspirante a gobernador de Guerrero, acusado de violaci\u00f3n sexual.<\/p>\n<blockquote class=\"twitter-tweet\" data-width=\"550\" data-dnt=\"true\">\n<p lang=\"es\" dir=\"ltr\">Al presidente no le gust\u00f3 que cancelaran las candidaturas de Salgado Macedonio y Ra\u00fal Mor\u00f3n y se fue contra el <a href=\"https:\/\/twitter.com\/INEMexico?ref_src=twsrc%5Etfw\">@INEMexico<\/a> y el <a href=\"https:\/\/twitter.com\/TEPJF_informa?ref_src=twsrc%5Etfw\">@TEPJF_informa<\/a> <\/p>\n<p>Dijo que conspiran contra la democracia. <a href=\"https:\/\/t.co\/619JsfaT9t\">pic.twitter.com\/619JsfaT9t<\/a><\/p>\n<p>&mdash; Ruido en la Red (@RuidoEnLaRed) <a href=\"https:\/\/twitter.com\/RuidoEnLaRed\/status\/1387633492549279748?ref_src=twsrc%5Etfw\">April 29, 2021<\/a><\/p><\/blockquote>\n<p><script async src=\"https:\/\/platform.twitter.com\/widgets.js\" charset=\"utf-8\"><\/script><\/p>\n<blockquote><p>\u201cS\u00ed, la voy a presentar (la reforma) porque, por ejemplo, se quedan en estado de indefensi\u00f3n, es una violaci\u00f3n constitucional, violaci\u00f3n a sus derechos, podr\u00edan ir a instancias internacionales y estoy seguro de que les dar\u00edan la raz\u00f3n, \u00bfpero cu\u00e1nto lleva ese tr\u00e1mite?\u201d, expres\u00f3.<\/p><\/blockquote>\n<p>El presidente reiter\u00f3 as\u00ed sus comentarios sobre el INE y el TEPJPF, que el martes cancel\u00f3 de forma definitiva las candidaturas de ambos pol\u00edticos por no presentar sus informes de precampa\u00f1a, como establece la ley electoral.<\/p>\n<p>El caso de Salgado Macedonio, senador con licencia, causa pol\u00e9mica desde diciembre pasado porque est\u00e1 acusado de violaci\u00f3n o <strong>abuso sexual<\/strong> por cinco mujeres, seg\u00fan las propias integrantes de Morena, lo que ha desatado decenas de protestas feministas.<\/p>\n<p>Aun as\u00ed, L\u00f3pez Obrador insisti\u00f3 que la remoci\u00f3n de las candidaturas \u201cno se justifica\u201d y que \u201cel pueblo debe decidir\u201d.<\/p>\n<blockquote><p>\u201cFue un golpe a la democracia y creo que estos \u00f3rganos no tienen como misi\u00f3n garantizar la democracia, sino impedir que haya democracia\u201d, sostuvo.<\/p><\/blockquote>\n<p>La pugna entre el presidente y los organismos electorales arrecia antes de las elecciones m\u00e1s grandes de la historia de M\u00e9xico el 6 de junio, cuando casi 93.5 millones est\u00e1n llamados a votar por los 500 diputados federales, 15 de 32 gobernadores estatales, 30 congresos locales y 1.900 ayuntamientos.<\/p>\n<p>El mandatario y <strong>Morena<\/strong> han acusado a los \u00e1rbitros de comportarse como oposici\u00f3n contra sus candidatos.<\/p>\n<blockquote><p>\u201c\u00bfC\u00f3mo descalificar desde arriba con \u00f3rganos facciosos que fueron integrados por componendas de partidos que est\u00e1n al servicio de grupos de intereses creados, pol\u00edticos y econ\u00f3micos?, cuestion\u00f3 L\u00f3pez Obrador.<\/p><\/blockquote>\n<p>El presidente apoy\u00f3 a Salgado Macedonio, quien anunci\u00f3 el mi\u00e9rcoles que llevar\u00e1 el tema ante la <strong>Corte Interamericana de Derechos Humanos<\/strong> (CorteIDH).<\/p>\n<blockquote><p>\u201cS\u00ed, tiene que revisarse y si es un asunto constitucional que intervenga hasta la (Suprema) Corte (de M\u00e9xico) y el derecho de amparo. \u00bfPor qu\u00e9 aqu\u00ed no procede?\u201d, apunt\u00f3.<\/p><\/blockquote>\n<p>Morena ya sustituy\u00f3 a Ra\u00fal Mor\u00f3n con Alfredo Ram\u00edrez Bedolla, exdiputado local de Michoac\u00e1n, pero no ha reemplazado a Salgado Macedonio, quien el mi\u00e9rcoles asegur\u00f3 que \u00e9l \u201cser\u00e1 el gobernador de Guerrero\u201d pese al fallo.<\/p>\n<p>Esto ha aumentado los rumores de que Morena postular\u00e1 a una de sus hijas o una mujer cercana para que \u00e9l despu\u00e9s asuma el poder en una estrategia conocida como \u201clas Juanitas\u201d.<\/p>\n<p>L\u00f3pez Obrador rechaz\u00f3 pronunciarse sobre el hecho, pero acus\u00f3 a los organismos de \u201cestar al servicio del partido conservador\u201d.<\/p>\n<blockquote><p>\u201c\u00bfQui\u00e9nes van a ser los candidatos sustitutos en <strong>Michoac\u00e1n<\/strong> y en Guerrero? Pues no les van a gustar tampoco porque el prop\u00f3sito es que no haya democracia, hay fobia\u201d, dijo.<\/p><\/blockquote>\n<p>Con informaci\u00f3n de EFE.<\/p>\n","protected":false},"excerpt":{"rendered":"<p>AMLO anuncia que presentar\u00e1 reforma electoral tras cancelaci\u00f3n de candidatos Por Redacci\u00f3n QP AMLO acus\u00f3&#8230;<\/p>\n","protected":false},"author":2,"featured_media":80153,"comment_status":"open","ping_status":"open","sticky":false,"template":"","format":"standard","meta":{"_monsterinsights_skip_tracking":false,"_monsterinsights_sitenote_active":false,"_monsterinsights_sitenote_note":"","_monsterinsights_sitenote_category":0,"footnotes":""},"categories":[2],"tags":[],"class_list":["post-80147","post","type-post","status-publish","format-standard","has-post-thumbnail","hentry","category-noticias"],"yoast_head":"<!-- This site is optimized with the Yoast SEO plugin v27.3 - https:\/\/yoast.com\/product\/yoast-seo-wordpress\/ -->\n<title>AMLO anuncia que presentar\u00e1 reforma electoral tras cancelaci\u00f3n de candidatos -<\/title>\n<meta name=\"robots\" content=\"index, follow, max-snippet:-1, max-image-preview:large, max-video-preview:-1\" \/>\n<link rel=\"canonical\" href=\"https:\/\/quehacerpolitico.mx\/?p=80147\" \/>\n<meta property=\"og:locale\" content=\"es_MX\" \/>\n<meta property=\"og:type\" content=\"article\" \/>\n<meta property=\"og:title\" content=\"AMLO anuncia que presentar\u00e1 reforma electoral tras cancelaci\u00f3n de candidatos -\" \/>\n<meta property=\"og:description\" content=\"AMLO anuncia que presentar\u00e1 reforma electoral tras cancelaci\u00f3n de candidatos Por Redacci\u00f3n QP AMLO acus\u00f3...\" \/>\n<meta property=\"og:url\" content=\"https:\/\/quehacerpolitico.mx\/?p=80147\" \/>\n<meta property=\"article:published_time\" content=\"2021-04-29T16:50:27+00:00\" \/>\n<meta property=\"og:image\" content=\"https:\/\/quehacerpolitico.mx\/wp-content\/uploads\/2021\/04\/6EEDC679-C437-4955-9F61-2040442DE286.jpeg\" \/>\n\t<meta property=\"og:image:width\" content=\"1242\" \/>\n\t<meta property=\"og:image:height\" content=\"675\" \/>\n\t<meta property=\"og:image:type\" content=\"image\/jpeg\" \/>\n<meta name=\"author\" content=\"Redacci\u00f3n QP\" \/>\n<meta name=\"twitter:card\" content=\"summary_large_image\" \/>\n<meta name=\"twitter:label1\" content=\"Escrito por\" \/>\n\t<meta name=\"twitter:data1\" content=\"Redacci\u00f3n QP\" \/>\n\t<meta name=\"twitter:label2\" content=\"Tiempo de lectura\" \/>\n\t<meta name=\"twitter:data2\" content=\"3 minutos\" \/>\n<script type=\"application\/ld+json\" class=\"yoast-schema-graph\">{\"@context\":\"https:\\\/\\\/schema.org\",\"@graph\":[{\"@type\":\"Article\",\"@id\":\"https:\\\/\\\/quehacerpolitico.mx\\\/?p=80147#article\",\"isPartOf\":{\"@id\":\"https:\\\/\\\/quehacerpolitico.mx\\\/?p=80147\"},\"author\":{\"name\":\"Redacci\u00f3n QP\",\"@id\":\"https:\\\/\\\/quehacerpolitico.mx\\\/#\\\/schema\\\/person\\\/496d8ad2d1d3f8036101dca7ee39e585\"},\"headline\":\"AMLO anuncia que presentar\u00e1 reforma electoral tras cancelaci\u00f3n de candidatos\",\"datePublished\":\"2021-04-29T16:50:27+00:00\",\"mainEntityOfPage\":{\"@id\":\"https:\\\/\\\/quehacerpolitico.mx\\\/?p=80147\"},\"wordCount\":613,\"commentCount\":0,\"image\":{\"@id\":\"https:\\\/\\\/quehacerpolitico.mx\\\/?p=80147#primaryimage\"},\"thumbnailUrl\":\"https:\\\/\\\/quehacerpolitico.mx\\\/wp-content\\\/uploads\\\/2021\\\/04\\\/6EEDC679-C437-4955-9F61-2040442DE286.jpeg\",\"articleSection\":[\"Noticias\"],\"inLanguage\":\"es\",\"potentialAction\":[{\"@type\":\"CommentAction\",\"name\":\"Comment\",\"target\":[\"https:\\\/\\\/quehacerpolitico.mx\\\/?p=80147#respond\"]}]},{\"@type\":\"WebPage\",\"@id\":\"https:\\\/\\\/quehacerpolitico.mx\\\/?p=80147\",\"url\":\"https:\\\/\\\/quehacerpolitico.mx\\\/?p=80147\",\"name\":\"AMLO anuncia que presentar\u00e1 reforma electoral tras cancelaci\u00f3n de candidatos -\",\"isPartOf\":{\"@id\":\"https:\\\/\\\/quehacerpolitico.mx\\\/#website\"},\"primaryImageOfPage\":{\"@id\":\"https:\\\/\\\/quehacerpolitico.mx\\\/?p=80147#primaryimage\"},\"image\":{\"@id\":\"https:\\\/\\\/quehacerpolitico.mx\\\/?p=80147#primaryimage\"},\"thumbnailUrl\":\"https:\\\/\\\/quehacerpolitico.mx\\\/wp-content\\\/uploads\\\/2021\\\/04\\\/6EEDC679-C437-4955-9F61-2040442DE286.jpeg\",\"datePublished\":\"2021-04-29T16:50:27+00:00\",\"author\":{\"@id\":\"https:\\\/\\\/quehacerpolitico.mx\\\/#\\\/schema\\\/person\\\/496d8ad2d1d3f8036101dca7ee39e585\"},\"breadcrumb\":{\"@id\":\"https:\\\/\\\/quehacerpolitico.mx\\\/?p=80147#breadcrumb\"},\"inLanguage\":\"es\",\"potentialAction\":[{\"@type\":\"ReadAction\",\"target\":[\"https:\\\/\\\/quehacerpolitico.mx\\\/?p=80147\"]}]},{\"@type\":\"ImageObject\",\"inLanguage\":\"es\",\"@id\":\"https:\\\/\\\/quehacerpolitico.mx\\\/?p=80147#primaryimage\",\"url\":\"https:\\\/\\\/quehacerpolitico.mx\\\/wp-content\\\/uploads\\\/2021\\\/04\\\/6EEDC679-C437-4955-9F61-2040442DE286.jpeg\",\"contentUrl\":\"https:\\\/\\\/quehacerpolitico.mx\\\/wp-content\\\/uploads\\\/2021\\\/04\\\/6EEDC679-C437-4955-9F61-2040442DE286.jpeg\",\"width\":1242,\"height\":675},{\"@type\":\"BreadcrumbList\",\"@id\":\"https:\\\/\\\/quehacerpolitico.mx\\\/?p=80147#breadcrumb\",\"itemListElement\":[{\"@type\":\"ListItem\",\"position\":1,\"name\":\"Inicio\",\"item\":\"https:\\\/\\\/quehacerpolitico.mx\\\/\"},{\"@type\":\"ListItem\",\"position\":2,\"name\":\"AMLO anuncia que presentar\u00e1 reforma electoral tras cancelaci\u00f3n de candidatos\"}]},{\"@type\":\"WebSite\",\"@id\":\"https:\\\/\\\/quehacerpolitico.mx\\\/#website\",\"url\":\"https:\\\/\\\/quehacerpolitico.mx\\\/\",\"name\":\"\",\"description\":\"\",\"potentialAction\":[{\"@type\":\"SearchAction\",\"target\":{\"@type\":\"EntryPoint\",\"urlTemplate\":\"https:\\\/\\\/quehacerpolitico.mx\\\/?s={search_term_string}\"},\"query-input\":{\"@type\":\"PropertyValueSpecification\",\"valueRequired\":true,\"valueName\":\"search_term_string\"}}],\"inLanguage\":\"es\"},{\"@type\":\"Person\",\"@id\":\"https:\\\/\\\/quehacerpolitico.mx\\\/#\\\/schema\\\/person\\\/496d8ad2d1d3f8036101dca7ee39e585\",\"name\":\"Redacci\u00f3n QP\",\"image\":{\"@type\":\"ImageObject\",\"inLanguage\":\"es\",\"@id\":\"https:\\\/\\\/secure.gravatar.com\\\/avatar\\\/c7164ed6fdec453195284ad24a5ae5b6e1eed2b848477fa2a4787ba9adf39a41?s=96&d=mm&r=g\",\"url\":\"https:\\\/\\\/secure.gravatar.com\\\/avatar\\\/c7164ed6fdec453195284ad24a5ae5b6e1eed2b848477fa2a4787ba9adf39a41?s=96&d=mm&r=g\",\"contentUrl\":\"https:\\\/\\\/secure.gravatar.com\\\/avatar\\\/c7164ed6fdec453195284ad24a5ae5b6e1eed2b848477fa2a4787ba9adf39a41?s=96&d=mm&r=g\",\"caption\":\"Redacci\u00f3n QP\"},\"url\":\"https:\\\/\\\/quehacerpolitico.mx\\\/?author=2\"}]}<\/script>\n<!-- \/ Yoast SEO plugin. -->","yoast_head_json":{"title":"AMLO anuncia que presentar\u00e1 reforma electoral tras cancelaci\u00f3n de candidatos -","robots":{"index":"index","follow":"follow","max-snippet":"max-snippet:-1","max-image-preview":"max-image-preview:large","max-video-preview":"max-video-preview:-1"},"canonical":"https:\/\/quehacerpolitico.mx\/?p=80147","og_locale":"es_MX","og_type":"article","og_title":"AMLO anuncia que presentar\u00e1 reforma electoral tras cancelaci\u00f3n de candidatos -","og_description":"AMLO anuncia que presentar\u00e1 reforma electoral tras cancelaci\u00f3n de candidatos Por Redacci\u00f3n QP AMLO acus\u00f3...","og_url":"https:\/\/quehacerpolitico.mx\/?p=80147","article_published_time":"2021-04-29T16:50:27+00:00","og_image":[{"width":1242,"height":675,"url":"https:\/\/quehacerpolitico.mx\/wp-content\/uploads\/2021\/04\/6EEDC679-C437-4955-9F61-2040442DE286.jpeg","type":"image\/jpeg"}],"author":"Redacci\u00f3n QP","twitter_card":"summary_large_image","twitter_misc":{"Escrito por":"Redacci\u00f3n QP","Tiempo de lectura":"3 minutos"},"schema":{"@context":"https:\/\/schema.org","@graph":[{"@type":"Article","@id":"https:\/\/quehacerpolitico.mx\/?p=80147#article","isPartOf":{"@id":"https:\/\/quehacerpolitico.mx\/?p=80147"},"author":{"name":"Redacci\u00f3n QP","@id":"https:\/\/quehacerpolitico.mx\/#\/schema\/person\/496d8ad2d1d3f8036101dca7ee39e585"},"headline":"AMLO anuncia que presentar\u00e1 reforma electoral tras cancelaci\u00f3n de candidatos","datePublished":"2021-04-29T16:50:27+00:00","mainEntityOfPage":{"@id":"https:\/\/quehacerpolitico.mx\/?p=80147"},"wordCount":613,"commentCount":0,"image":{"@id":"https:\/\/quehacerpolitico.mx\/?p=80147#primaryimage"},"thumbnailUrl":"https:\/\/quehacerpolitico.mx\/wp-content\/uploads\/2021\/04\/6EEDC679-C437-4955-9F61-2040442DE286.jpeg","articleSection":["Noticias"],"inLanguage":"es","potentialAction":[{"@type":"CommentAction","name":"Comment","target":["https:\/\/quehacerpolitico.mx\/?p=80147#respond"]}]},{"@type":"WebPage","@id":"https:\/\/quehacerpolitico.mx\/?p=80147","url":"https:\/\/quehacerpolitico.mx\/?p=80147","name":"AMLO anuncia que presentar\u00e1 reforma electoral tras cancelaci\u00f3n de candidatos -","isPartOf":{"@id":"https:\/\/quehacerpolitico.mx\/#website"},"primaryImageOfPage":{"@id":"https:\/\/quehacerpolitico.mx\/?p=80147#primaryimage"},"image":{"@id":"https:\/\/quehacerpolitico.mx\/?p=80147#primaryimage"},"thumbnailUrl":"https:\/\/quehacerpolitico.mx\/wp-content\/uploads\/2021\/04\/6EEDC679-C437-4955-9F61-2040442DE286.jpeg","datePublished":"2021-04-29T16:50:27+00:00","author":{"@id":"https:\/\/quehacerpolitico.mx\/#\/schema\/person\/496d8ad2d1d3f8036101dca7ee39e585"},"breadcrumb":{"@id":"https:\/\/quehacerpolitico.mx\/?p=80147#breadcrumb"},"inLanguage":"es","potentialAction":[{"@type":"ReadAction","target":["https:\/\/quehacerpolitico.mx\/?p=80147"]}]},{"@type":"ImageObject","inLanguage":"es","@id":"https:\/\/quehacerpolitico.mx\/?p=80147#primaryimage","url":"https:\/\/quehacerpolitico.mx\/wp-content\/uploads\/2021\/04\/6EEDC679-C437-4955-9F61-2040442DE286.jpeg","contentUrl":"https:\/\/quehacerpolitico.mx\/wp-content\/uploads\/2021\/04\/6EEDC679-C437-4955-9F61-2040442DE286.jpeg","width":1242,"height":675},{"@type":"BreadcrumbList","@id":"https:\/\/quehacerpolitico.mx\/?p=80147#breadcrumb","itemListElement":[{"@type":"ListItem","position":1,"name":"Inicio","item":"https:\/\/quehacerpolitico.mx\/"},{"@type":"ListItem","position":2,"name":"AMLO anuncia que presentar\u00e1 reforma electoral tras cancelaci\u00f3n de candidatos"}]},{"@type":"WebSite","@id":"https:\/\/quehacerpolitico.mx\/#website","url":"https:\/\/quehacerpolitico.mx\/","name":"","description":"","potentialAction":[{"@type":"SearchAction","target":{"@type":"EntryPoint","urlTemplate":"https:\/\/quehacerpolitico.mx\/?s={search_term_string}"},"query-input":{"@type":"PropertyValueSpecification","valueRequired":true,"valueName":"search_term_string"}}],"inLanguage":"es"},{"@type":"Person","@id":"https:\/\/quehacerpolitico.mx\/#\/schema\/person\/496d8ad2d1d3f8036101dca7ee39e585","name":"Redacci\u00f3n QP","image":{"@type":"ImageObject","inLanguage":"es","@id":"https:\/\/secure.gravatar.com\/avatar\/c7164ed6fdec453195284ad24a5ae5b6e1eed2b848477fa2a4787ba9adf39a41?s=96&d=mm&r=g","url":"https:\/\/secure.gravatar.com\/avatar\/c7164ed6fdec453195284ad24a5ae5b6e1eed2b848477fa2a4787ba9adf39a41?s=96&d=mm&r=g","contentUrl":"https:\/\/secure.gravatar.com\/avatar\/c7164ed6fdec453195284ad24a5ae5b6e1eed2b848477fa2a4787ba9adf39a41?s=96&d=mm&r=g","caption":"Redacci\u00f3n QP"},"url":"https:\/\/quehacerpolitico.mx\/?author=2"}]}},"featured_image_urls":{"full":["https:\/\/quehacerpolitico.mx\/wp-content\/uploads\/2021\/04\/6EEDC679-C437-4955-9F61-2040442DE286.jpeg",1242,675,false],"thumbnail":["https:\/\/quehacerpolitico.mx\/wp-content\/uploads\/2021\/04\/6EEDC679-C437-4955-9F61-2040442DE286-150x150.jpeg",150,150,true],"medium":["https:\/\/quehacerpolitico.mx\/wp-content\/uploads\/2021\/04\/6EEDC679-C437-4955-9F61-2040442DE286-300x163.jpeg",300,163,true],"medium_large":["https:\/\/quehacerpolitico.mx\/wp-content\/uploads\/2021\/04\/6EEDC679-C437-4955-9F61-2040442DE286-768x417.jpeg",640,348,true],"large":["https:\/\/quehacerpolitico.mx\/wp-content\/uploads\/2021\/04\/6EEDC679-C437-4955-9F61-2040442DE286-1024x557.jpeg",640,348,true],"1536x1536":["https:\/\/quehacerpolitico.mx\/wp-content\/uploads\/2021\/04\/6EEDC679-C437-4955-9F61-2040442DE286.jpeg",1242,675,false],"2048x2048":["https:\/\/quehacerpolitico.mx\/wp-content\/uploads\/2021\/04\/6EEDC679-C437-4955-9F61-2040442DE286.jpeg",1242,675,false],"covernews-featured":["https:\/\/quehacerpolitico.mx\/wp-content\/uploads\/2021\/04\/6EEDC679-C437-4955-9F61-2040442DE286.jpeg",1024,557,false],"covernews-medium":["https:\/\/quehacerpolitico.mx\/wp-content\/uploads\/2021\/04\/6EEDC679-C437-4955-9F61-2040442DE286.jpeg",540,293,false]},"author_info":{"display_name":"Redacci\u00f3n QP","author_link":"https:\/\/quehacerpolitico.mx\/?author=2"},"category_info":"<a href=\"https:\/\/quehacerpolitico.mx\/?cat=2\" rel=\"category\">Noticias<\/a>","tag_info":"Noticias","comment_count":"0","_links":{"self":[{"href":"https:\/\/quehacerpolitico.mx\/index.php?rest_route=\/wp\/v2\/posts\/80147","targetHints":{"allow":["GET"]}}],"collection":[{"href":"https:\/\/quehacerpolitico.mx\/index.php?rest_route=\/wp\/v2\/posts"}],"about":[{"href":"https:\/\/quehacerpolitico.mx\/index.php?rest_route=\/wp\/v2\/types\/post"}],"author":[{"embeddable":true,"href":"https:\/\/quehacerpolitico.mx\/index.php?rest_route=\/wp\/v2\/users\/2"}],"replies":[{"embeddable":true,"href":"https:\/\/quehacerpolitico.mx\/index.php?rest_route=%2Fwp%2Fv2%2Fcomments&post=80147"}],"version-history":[{"count":0,"href":"https:\/\/quehacerpolitico.mx\/index.php?rest_route=\/wp\/v2\/posts\/80147\/revisions"}],"wp:featuredmedia":[{"embeddable":true,"href":"https:\/\/quehacerpolitico.mx\/index.php?rest_route=\/wp\/v2\/media\/80153"}],"wp:attachment":[{"href":"https:\/\/quehacerpolitico.mx\/index.php?rest_route=%2Fwp%2Fv2%2Fmedia&parent=80147"}],"wp:term":[{"taxonomy":"category","embeddable":true,"href":"https:\/\/quehacerpolitico.mx\/index.php?rest_route=%2Fwp%2Fv2%2Fcategories&post=80147"},{"taxonomy":"post_tag","embeddable":true,"href":"https:\/\/quehacerpolitico.mx\/index.php?rest_route=%2Fwp%2Fv2%2Ftags&post=80147"}],"curies":[{"name":"wp","href":"https:\/\/api.w.org\/{rel}","templated":true}]}}